{"id":140347,"date":"2023-02-27T05:56:50","date_gmt":"2023-02-27T09:56:50","guid":{"rendered":"https:\/\/www.eldiario.net\/portal\/?p=140347"},"modified":"2023-02-27T05:56:50","modified_gmt":"2023-02-27T09:56:50","slug":"critican-gestion-economica-del-gobierno-y-proyectan-crisis-en-el-mediano-plazo","status":"publish","type":"post","link":"https:\/\/www.eldiario.net\/portal\/2023\/02\/27\/critican-gestion-economica-del-gobierno-y-proyectan-crisis-en-el-mediano-plazo\/","title":{"rendered":"Critican gesti\u00f3n econ\u00f3mica del Gobierno y proyectan crisis en el mediano plazo"},"content":{"rendered":"<p>La ca\u00edda de las Reservas Internacionales, el aumento en el gasto corriente e inversiones poco eficientes provocar\u00e1n, en el mediano plazo, una crisis, presionar\u00e1n para cambiar el modelo econ\u00f3mico de la actual administraci\u00f3n de gobierno, si es que no se quiere repetir situaciones similares a los a\u00f1os 80 e historias de pa\u00edses vecinos, seg\u00fan analistas econ\u00f3micos. Mientras tanto, el Gobierno asegura que la reconstrucci\u00f3n de la econom\u00eda avanza, que las reservas est\u00e1n estables y que el sistema financiero es solvente.<br \/>\nEn el programa de Erbol la Ma\u00f1ana en Directo, el economista y exautoridad, Ronald Maclean, habl\u00f3 sobre la situaci\u00f3n de las Reservas Internacionales, dijo que el gobierno disimula la ca\u00edda \u201cestrepitosa\u201d del ahorro de los bolivianos.<br \/>\nUna se\u00f1al en el mercado es el precio, si es caro es porque escasea la divisa y si es barato porque hay en abundancia, pero o cierto es que el d\u00f3lar es cada vez m\u00e1s escaso, opin\u00f3 Macelan a tiempo de recordar que la exportaci\u00f3n genera d\u00f3lares, y hace unos atr\u00e1s, en la bonanza del precio del gas, Bolivia registr\u00f3 en Reservas 15.000 millones de d\u00f3lares en 2025, y ten\u00eda espalda para importar, pero ahora la situaci\u00f3n cambi\u00f3.<br \/>\nSe\u00f1ala que el d\u00f3lar est\u00e1 subvaluado, cuesta mucho m\u00e1s en el mercado libre, a pesar del tipo de cambio fijo implementado hace m\u00e1s de ocho a\u00f1os.<br \/>\nLa bonanza de los precios altos del petr\u00f3leo en el mercado internacional gener\u00f3 ingresos significativos para el gobierno del Movimiento Al Socialismo (MAS), y se alcanz\u00f3 una exportaci\u00f3n significativa por la venta de gas natural a Brasil y Argentina.<br \/>\nEn la d\u00e9cada de los 90 se alcanz\u00f3 la firma de contrato para la venta de gas, y se invit\u00f3 a las empresas privadas a invertir, cuyos resultados fueron positivos y se subi\u00f3 la producci\u00f3n, as\u00ed como las reservas.<br \/>\n\u201cEncontramos gas con plata ajena\u201d, dijo Maclean a tiempo de indicar que la reducci\u00f3n de las Reservas Internacionales \u201cva a reventar\u201d, debido a las subvenciones a hidrocarburos, y la plata no alcanza, debido a que el costo est\u00e1 en alrededor de 1.000 millones de d\u00f3lares.<br \/>\nSe\u00f1al\u00f3 que las medidas implementadas por el gobierno s\u00f3lo son para disimilar la ca\u00edda estrepitosa de nuestros ahorros, y ahora con las joyas de la abuela, que esta guardada, la herencia, buscan venderlo.<br \/>\nEl economista coincide con su similar de la Universidad Cat\u00f3lica Boliviana, Gonzalo Ch\u00e1vez, por separado, sobre el colch\u00f3n bank, donde la gente guarda sus ahorros en d\u00f3lares, pues sabe que no se deval\u00faa.<br \/>\nMientras en las redes sociales, el economista de Per\u00fa Rafael Celis, explica la situaci\u00f3n que pas\u00f3 su pa\u00eds, con los mismos pasos que da Bolivia en materia de subsidio, tipo de cambio y el gasto de las reservas, que llevaron a la vecina naci\u00f3n a una hiperinflaci\u00f3n en la d\u00e9cada de los 80 y 90.<br \/>\nDijo que en 1990 el Per\u00fa se qued\u00f3 sin reservas, debido a que lo dilapido en subsidiar alimentos, combustible, servicios, as\u00ed como manejar un tipo de cambio fijo.<br \/>\nSe\u00f1al\u00f3 que cuando te comes tus ahorros, la situaci\u00f3n es insostenible, a pesar del endeudamiento, tuvo que devaluar su moneda, levantar subsidios, en consecuencia lleg\u00f3 a la hiperinflaci\u00f3n, y las reservas se redujeron a 2.500 millones de d\u00f3lares.<br \/>\n\u201cBolivia si sigue agotando sus reservas, utilizada en subsidios e inversiones en empresas p\u00fablicas, va a terminar en hiperinflaci\u00f3n\u201d, se pregunt\u00f3 Celis y a\u00f1adi\u00f3 que no necesariamente si toma medidas estructurales.<br \/>\nEs decir dejar la inversi\u00f3n en manos privadas e ir devaluando su moneda, retirar el subsidio poco a poco, y Bolivia puede evitar una hiperinflaci\u00f3n.<br \/>\nSin embargo, si contin\u00faa con razones no racionales sino m\u00e1s bien pol\u00edticas, se agudizar\u00e1 la pobreza, advirti\u00f3.<br \/>\nPor su parte, Ch\u00e1vez dijo, en las redes sociales, que se debe cuidar la estabilidad, con un primer paso, un ba\u00f1o de humildad, y reconocer que la econom\u00eda boliviana tiene problemas.<br \/>\nPlantea eliminar el Impuesto a las Transacciones Financieras (ITF), remunerar las cuentas que est\u00e1n en d\u00f3lares, comprar oro de aquellos sectores formales y que cumplan la normativa ambiental.<br \/>\nRecomienda pagar en bolivianos pero solo se deber permitir que hasta el 30% lo conviertan despu\u00e9s en d\u00f3lares.<br \/>\nTambi\u00e9n sugiere que se aceleren los pr\u00e9stamos internacionales, eliminar todas las restricciones a las exportaciones, conviertan los derechos especiales de giro del Fondo Monetario Internacional en d\u00f3lares.<br \/>\n\u201c(..) pero sobre todo, y esto es lo m\u00e1s importante, anuncien un corte de propaganda y gasto p\u00fablico, reduzcan el gasto p\u00fablico, racionalicen las inversi\u00f3n p\u00fablica y h\u00e1ganla complementaria a la inversi\u00f3n privada y promuevan una reforma tributaria. Solo as\u00ed vamos a revertir las expectativas negativas sobre la econom\u00eda\u201d, finaliz\u00f3.<br \/>\nLa semana pasada el presidente del Banco Central de Bolivia (BCB), en la presentaci\u00f3n de las remesas 2022, dijo que a las reservas se las debe tomar como un todo, no separarlas, las mismas est\u00e1n acorde a est\u00e1ndares internacionales y que el pa\u00eds ten\u00eda recursos para importar.<br \/>\nEl pasado 10 de febrero de la presente gesti\u00f3n, el ministro de Econom\u00eda y Finanzas P\u00fablicas, Marcelo Montenegro, destac\u00f3 la reducci\u00f3n del d\u00e9ficit fiscal, el crecimiento econ\u00f3mico y la inflaci\u00f3n m\u00e1s baja de la regi\u00f3n, en la Rendici\u00f3n P\u00fablica de Cuentas Final 2022.<br \/>\nAl tercer trimestre de 2022 se registr\u00f3 un crecimiento del PIB de 4,3%, el d\u00e9ficit fiscal a fin de per\u00edodo de 2022 baj\u00f3 a 7,2%, incluso por debajo de las proyecciones del Gobierno, se disminuy\u00f3 la pobreza extrema y moderada en un contexto internacional adverso con amenazas de recesi\u00f3n econ\u00f3mica, se\u00f1ala la nota de prensa del Ministerio de Econom\u00eda.<br \/>\nEn el marco de la Rendici\u00f3n de Cuentas, le preguntaron al Ministro sobre notas que circulan en algunos medios de comunicaci\u00f3n y redes sociales respecto a la \u00abinminente subida del precio del d\u00f3lar y la probabilidad de subida de los precios de los hidrocarburos\u00bb, el Ministro lament\u00f3 que algunos medios trabajan con la psicolog\u00eda del miedo, donde al parecer los titulares de algunos medios expresan sus deseos y los hacen parecer como si fuera verdad, indica el Ministerio de Econom\u00eda.<br \/>\nEn ese sentido, subray\u00f3 que no se modificar\u00e1 la pol\u00edtica cambiara y explic\u00f3 que se est\u00e1 trabajando para estabilizar las Reservas Internacionales Netas (RIN) en el marco de las competencias de las pol\u00edticas monetarias.<br \/>\n\u00abSe debe dejar al Gobierno Nacional operar en t\u00e9rminos de la pol\u00edtica econ\u00f3mica. Si no dejan que el Gobierno Nacional pueda usar todos los instrumentos de pol\u00edticas a su disposici\u00f3n pues tambi\u00e9n hay una suerte de sabotaje que se est\u00e1 haciendo con el trabajo de la parte econ\u00f3mica del pa\u00eds y eso el pueblo boliviano no lo va a permitir\u00bb, declar\u00f3 el Ministro.<br \/>\nAsegur\u00f3 que el proceso de recuperaci\u00f3n econ\u00f3mica se logr\u00f3 en un contexto internacional adverso donde muchas econ\u00f3micas est\u00e1n ingresando en recesi\u00f3n por las pol\u00edticas ortodoxas aplicadas en perjuicio de la mayor\u00eda de la poblaci\u00f3n.<br \/>\nEn cuanto a los avances sociales, la autoridad gubernamental resalt\u00f3 la reducci\u00f3n el desempleo luego de un per\u00edodo complicado que dej\u00f3 la pandemia del covid-19. La tasa de desocupaci\u00f3n baj\u00f3 de 6,3% en 2021 a 4,2% en 2022.<br \/>\nLa pobreza moderada disminuy\u00f3 de 39% en 2020 a 36,4% en 2021, mientras que la pobreza extrema cay\u00f3 de 13,7% a 11,1% durante el per\u00edodo se\u00f1alado.<br \/>\nEn esa oportunidad dej\u00f3 en claro que seguir\u00e1n con su modelo econ\u00f3mico, basado en el mercado interno y el gasto, sin embargo los recursos se van reduciendo.<br \/>\nSistema financiero<br \/>\nPor otra parte, los dep\u00f3sitos en el sistema financiero representan el 86% en la divisa nacional, el 92% de las cuentas \u201cest\u00e1n expresadas en bolivianos\u201d y el 99% de los cr\u00e9ditos son, tambi\u00e9n, en bolivianos, inform\u00f3 el director de la Autoridad de Supervisi\u00f3n del Sistema Financiero (Asfi), Reynaldo Yujra.<br \/>\nDe acuerdo con el ejecutivo, en t\u00e9rminos de los dep\u00f3sitos se ha superado los 224.000 millones de bolivianos, con una tasa de crecimiento de 6,1%, que ha permitido financiar proyectos y una serie de actividades productivas.<\/p>\n","protected":false},"excerpt":{"rendered":"<p>La ca\u00edda de las Reservas Internacionales, el aumento en el gasto corriente e inversiones poco eficientes provocar\u00e1n, en el mediano plazo, una crisis, presionar\u00e1n para cambiar el modelo econ\u00f3mico de la actual administraci\u00f3n de gobierno, si es que no se quiere repetir situaciones similares a los a\u00f1os 80 e historias de pa\u00edses vecinos, seg\u00fan analistas [&hellip;]<\/p>\n","protected":false},"author":1,"featured_media":140348,"comment_status":"closed","ping_status":"closed","sticky":false,"template":"","format":"standard","meta":{"_acf_changed":false,"footnotes":""},"categories":[7],"tags":[],"class_list":["post-140347","post","type-post","status-publish","format-standard","has-post-thumbnail","category-economia"],"acf":{"antetitulo":""},"yoast_head":"<!-- This site is optimized with the Yoast SEO plugin v28.3 - https:\/\/yoast.com\/product\/yoast-seo-wordpress\/ -->\n<title>Critican gesti\u00f3n econ\u00f3mica del Gobierno y proyectan crisis en el mediano plazo - El Diario - Bolivia<\/title>\n<meta name=\"robots\" content=\"index, follow, max-snippet:-1, max-image-preview:large, max-video-preview:-1\" \/>\n<link rel=\"canonical\" href=\"https:\/\/www.eldiario.net\/portal\/2023\/02\/27\/critican-gestion-economica-del-gobierno-y-proyectan-crisis-en-el-mediano-plazo\/\" \/>\n<meta property=\"og:locale\" content=\"es_ES\" \/>\n<meta property=\"og:type\" content=\"article\" \/>\n<meta property=\"og:title\" content=\"Critican gesti\u00f3n econ\u00f3mica del Gobierno y proyectan crisis en el mediano plazo - El Diario - Bolivia\" \/>\n<meta property=\"og:description\" content=\"La ca\u00edda de las Reservas Internacionales, el aumento en el gasto corriente e inversiones poco eficientes provocar\u00e1n, en el mediano plazo, una crisis, presionar\u00e1n para cambiar el modelo econ\u00f3mico de la actual administraci\u00f3n de gobierno, si es que no se quiere repetir situaciones similares a los a\u00f1os 80 e historias de pa\u00edses vecinos, seg\u00fan analistas [&hellip;]\" \/>\n<meta property=\"og:url\" content=\"https:\/\/www.eldiario.net\/portal\/2023\/02\/27\/critican-gestion-economica-del-gobierno-y-proyectan-crisis-en-el-mediano-plazo\/\" \/>\n<meta property=\"og:site_name\" content=\"El Diario - Bolivia\" \/>\n<meta property=\"article:publisher\" content=\"https:\/\/www.facebook.com\/eldiario.bolivia\/\" \/>\n<meta property=\"article:published_time\" content=\"2023-02-27T09:56:50+00:00\" \/>\n<meta name=\"author\" content=\"Jeanette\" \/>\n<meta name=\"twitter:card\" content=\"summary_large_image\" \/>\n<meta name=\"twitter:creator\" content=\"@eldiario_net\" \/>\n<meta name=\"twitter:site\" content=\"@eldiario_net\" \/>\n<meta name=\"twitter:label1\" content=\"Escrito por\" \/>\n\t<meta name=\"twitter:data1\" content=\"Jeanette\" \/>\n\t<meta name=\"twitter:label2\" content=\"Tiempo de lectura\" \/>\n\t<meta name=\"twitter:data2\" content=\"6 minutos\" \/>\n<script type=\"application\/ld+json\" class=\"yoast-schema-graph\">{\"@context\":\"https:\\\/\\\/schema.org\",\"@graph\":[{\"@type\":\"Article\",\"@id\":\"https:\\\/\\\/www.eldiario.net\\\/portal\\\/2023\\\/02\\\/27\\\/critican-gestion-economica-del-gobierno-y-proyectan-crisis-en-el-mediano-plazo\\\/#article\",\"isPartOf\":{\"@id\":\"https:\\\/\\\/www.eldiario.net\\\/portal\\\/2023\\\/02\\\/27\\\/critican-gestion-economica-del-gobierno-y-proyectan-crisis-en-el-mediano-plazo\\\/\"},\"author\":{\"name\":\"Jeanette\",\"@id\":\"https:\\\/\\\/www.eldiario.net\\\/portal\\\/#\\\/schema\\\/person\\\/f46445640444750d7d753ccd04ae01b7\"},\"headline\":\"Critican gesti\u00f3n econ\u00f3mica del Gobierno y proyectan crisis en el mediano plazo\",\"datePublished\":\"2023-02-27T09:56:50+00:00\",\"mainEntityOfPage\":{\"@id\":\"https:\\\/\\\/www.eldiario.net\\\/portal\\\/2023\\\/02\\\/27\\\/critican-gestion-economica-del-gobierno-y-proyectan-crisis-en-el-mediano-plazo\\\/\"},\"wordCount\":1413,\"publisher\":{\"@id\":\"https:\\\/\\\/www.eldiario.net\\\/portal\\\/#organization\"},\"image\":{\"@id\":\"https:\\\/\\\/www.eldiario.net\\\/portal\\\/2023\\\/02\\\/27\\\/critican-gestion-economica-del-gobierno-y-proyectan-crisis-en-el-mediano-plazo\\\/#primaryimage\"},\"thumbnailUrl\":\"\",\"articleSection\":[\"Econom\u00eda\"],\"inLanguage\":\"es\"},{\"@type\":\"WebPage\",\"@id\":\"https:\\\/\\\/www.eldiario.net\\\/portal\\\/2023\\\/02\\\/27\\\/critican-gestion-economica-del-gobierno-y-proyectan-crisis-en-el-mediano-plazo\\\/\",\"url\":\"https:\\\/\\\/www.eldiario.net\\\/portal\\\/2023\\\/02\\\/27\\\/critican-gestion-economica-del-gobierno-y-proyectan-crisis-en-el-mediano-plazo\\\/\",\"name\":\"Critican gesti\u00f3n econ\u00f3mica del Gobierno y proyectan crisis en el mediano plazo - El Diario - Bolivia\",\"isPartOf\":{\"@id\":\"https:\\\/\\\/www.eldiario.net\\\/portal\\\/#website\"},\"primaryImageOfPage\":{\"@id\":\"https:\\\/\\\/www.eldiario.net\\\/portal\\\/2023\\\/02\\\/27\\\/critican-gestion-economica-del-gobierno-y-proyectan-crisis-en-el-mediano-plazo\\\/#primaryimage\"},\"image\":{\"@id\":\"https:\\\/\\\/www.eldiario.net\\\/portal\\\/2023\\\/02\\\/27\\\/critican-gestion-economica-del-gobierno-y-proyectan-crisis-en-el-mediano-plazo\\\/#primaryimage\"},\"thumbnailUrl\":\"\",\"datePublished\":\"2023-02-27T09:56:50+00:00\",\"breadcrumb\":{\"@id\":\"https:\\\/\\\/www.eldiario.net\\\/portal\\\/2023\\\/02\\\/27\\\/critican-gestion-economica-del-gobierno-y-proyectan-crisis-en-el-mediano-plazo\\\/#breadcrumb\"},\"inLanguage\":\"es\",\"potentialAction\":[{\"@type\":\"ReadAction\",\"target\":[\"https:\\\/\\\/www.eldiario.net\\\/portal\\\/2023\\\/02\\\/27\\\/critican-gestion-economica-del-gobierno-y-proyectan-crisis-en-el-mediano-plazo\\\/\"]}]},{\"@type\":\"ImageObject\",\"inLanguage\":\"es\",\"@id\":\"https:\\\/\\\/www.eldiario.net\\\/portal\\\/2023\\\/02\\\/27\\\/critican-gestion-economica-del-gobierno-y-proyectan-crisis-en-el-mediano-plazo\\\/#primaryimage\",\"url\":\"\",\"contentUrl\":\"\"},{\"@type\":\"BreadcrumbList\",\"@id\":\"https:\\\/\\\/www.eldiario.net\\\/portal\\\/2023\\\/02\\\/27\\\/critican-gestion-economica-del-gobierno-y-proyectan-crisis-en-el-mediano-plazo\\\/#breadcrumb\",\"itemListElement\":[{\"@type\":\"ListItem\",\"position\":1,\"name\":\"Portada\",\"item\":\"https:\\\/\\\/www.eldiario.net\\\/portal\\\/\"},{\"@type\":\"ListItem\",\"position\":2,\"name\":\"Critican gesti\u00f3n econ\u00f3mica del Gobierno y proyectan crisis en el mediano plazo\"}]},{\"@type\":\"WebSite\",\"@id\":\"https:\\\/\\\/www.eldiario.net\\\/portal\\\/#website\",\"url\":\"https:\\\/\\\/www.eldiario.net\\\/portal\\\/\",\"name\":\"El Diario - Decano de la prensa nacional\",\"description\":\"El Diario - Decano de la prensa nacional\",\"publisher\":{\"@id\":\"https:\\\/\\\/www.eldiario.net\\\/portal\\\/#organization\"},\"potentialAction\":[{\"@type\":\"SearchAction\",\"target\":{\"@type\":\"EntryPoint\",\"urlTemplate\":\"https:\\\/\\\/www.eldiario.net\\\/portal\\\/?s={search_term_string}\"},\"query-input\":{\"@type\":\"PropertyValueSpecification\",\"valueRequired\":true,\"valueName\":\"search_term_string\"}}],\"inLanguage\":\"es\"},{\"@type\":\"Organization\",\"@id\":\"https:\\\/\\\/www.eldiario.net\\\/portal\\\/#organization\",\"name\":\"El Diario - Decano de la prensa nacional\",\"url\":\"https:\\\/\\\/www.eldiario.net\\\/portal\\\/\",\"logo\":{\"@type\":\"ImageObject\",\"inLanguage\":\"es\",\"@id\":\"https:\\\/\\\/www.eldiario.net\\\/portal\\\/#\\\/schema\\\/logo\\\/image\\\/\",\"url\":\"https:\\\/\\\/www.eldiario.net\\\/portal\\\/wp-content\\\/uploads\\\/2023\\\/07\\\/logo_ED.jpg\",\"contentUrl\":\"https:\\\/\\\/www.eldiario.net\\\/portal\\\/wp-content\\\/uploads\\\/2023\\\/07\\\/logo_ED.jpg\",\"width\":272,\"height\":52,\"caption\":\"El Diario - Decano de la prensa nacional\"},\"image\":{\"@id\":\"https:\\\/\\\/www.eldiario.net\\\/portal\\\/#\\\/schema\\\/logo\\\/image\\\/\"},\"sameAs\":[\"https:\\\/\\\/www.facebook.com\\\/eldiario.bolivia\\\/\",\"https:\\\/\\\/x.com\\\/eldiario_net\"]},{\"@type\":\"Person\",\"@id\":\"https:\\\/\\\/www.eldiario.net\\\/portal\\\/#\\\/schema\\\/person\\\/f46445640444750d7d753ccd04ae01b7\",\"name\":\"Jeanette\",\"image\":{\"@type\":\"ImageObject\",\"inLanguage\":\"es\",\"@id\":\"https:\\\/\\\/secure.gravatar.com\\\/avatar\\\/3ea2118a5f7dad2b7138b1187a6b7ee55f160b9968b66013c3a3ef39dd7e5798?s=96&d=mm&r=g\",\"url\":\"https:\\\/\\\/secure.gravatar.com\\\/avatar\\\/3ea2118a5f7dad2b7138b1187a6b7ee55f160b9968b66013c3a3ef39dd7e5798?s=96&d=mm&r=g\",\"contentUrl\":\"https:\\\/\\\/secure.gravatar.com\\\/avatar\\\/3ea2118a5f7dad2b7138b1187a6b7ee55f160b9968b66013c3a3ef39dd7e5798?s=96&d=mm&r=g\",\"caption\":\"Jeanette\"},\"sameAs\":[\"https:\\\/\\\/www.eldiario.net\\\/portal\"],\"url\":\"https:\\\/\\\/www.eldiario.net\\\/portal\\\/author\\\/jeanette\\\/\"}]}<\/script>\n<!-- \/ Yoast SEO plugin. -->","yoast_head_json":{"title":"Critican gesti\u00f3n econ\u00f3mica del Gobierno y proyectan crisis en el mediano plazo - El Diario - Bolivia","robots":{"index":"index","follow":"follow","max-snippet":"max-snippet:-1","max-image-preview":"max-image-preview:large","max-video-preview":"max-video-preview:-1"},"canonical":"https:\/\/www.eldiario.net\/portal\/2023\/02\/27\/critican-gestion-economica-del-gobierno-y-proyectan-crisis-en-el-mediano-plazo\/","og_locale":"es_ES","og_type":"article","og_title":"Critican gesti\u00f3n econ\u00f3mica del Gobierno y proyectan crisis en el mediano plazo - El Diario - Bolivia","og_description":"La ca\u00edda de las Reservas Internacionales, el aumento en el gasto corriente e inversiones poco eficientes provocar\u00e1n, en el mediano plazo, una crisis, presionar\u00e1n para cambiar el modelo econ\u00f3mico de la actual administraci\u00f3n de gobierno, si es que no se quiere repetir situaciones similares a los a\u00f1os 80 e historias de pa\u00edses vecinos, seg\u00fan analistas [&hellip;]","og_url":"https:\/\/www.eldiario.net\/portal\/2023\/02\/27\/critican-gestion-economica-del-gobierno-y-proyectan-crisis-en-el-mediano-plazo\/","og_site_name":"El Diario - Bolivia","article_publisher":"https:\/\/www.facebook.com\/eldiario.bolivia\/","article_published_time":"2023-02-27T09:56:50+00:00","author":"Jeanette","twitter_card":"summary_large_image","twitter_creator":"@eldiario_net","twitter_site":"@eldiario_net","twitter_misc":{"Escrito por":"Jeanette","Tiempo de lectura":"6 minutos"},"schema":{"@context":"https:\/\/schema.org","@graph":[{"@type":"Article","@id":"https:\/\/www.eldiario.net\/portal\/2023\/02\/27\/critican-gestion-economica-del-gobierno-y-proyectan-crisis-en-el-mediano-plazo\/#article","isPartOf":{"@id":"https:\/\/www.eldiario.net\/portal\/2023\/02\/27\/critican-gestion-economica-del-gobierno-y-proyectan-crisis-en-el-mediano-plazo\/"},"author":{"name":"Jeanette","@id":"https:\/\/www.eldiario.net\/portal\/#\/schema\/person\/f46445640444750d7d753ccd04ae01b7"},"headline":"Critican gesti\u00f3n econ\u00f3mica del Gobierno y proyectan crisis en el mediano plazo","datePublished":"2023-02-27T09:56:50+00:00","mainEntityOfPage":{"@id":"https:\/\/www.eldiario.net\/portal\/2023\/02\/27\/critican-gestion-economica-del-gobierno-y-proyectan-crisis-en-el-mediano-plazo\/"},"wordCount":1413,"publisher":{"@id":"https:\/\/www.eldiario.net\/portal\/#organization"},"image":{"@id":"https:\/\/www.eldiario.net\/portal\/2023\/02\/27\/critican-gestion-economica-del-gobierno-y-proyectan-crisis-en-el-mediano-plazo\/#primaryimage"},"thumbnailUrl":"","articleSection":["Econom\u00eda"],"inLanguage":"es"},{"@type":"WebPage","@id":"https:\/\/www.eldiario.net\/portal\/2023\/02\/27\/critican-gestion-economica-del-gobierno-y-proyectan-crisis-en-el-mediano-plazo\/","url":"https:\/\/www.eldiario.net\/portal\/2023\/02\/27\/critican-gestion-economica-del-gobierno-y-proyectan-crisis-en-el-mediano-plazo\/","name":"Critican gesti\u00f3n econ\u00f3mica del Gobierno y proyectan crisis en el mediano plazo - El Diario - Bolivia","isPartOf":{"@id":"https:\/\/www.eldiario.net\/portal\/#website"},"primaryImageOfPage":{"@id":"https:\/\/www.eldiario.net\/portal\/2023\/02\/27\/critican-gestion-economica-del-gobierno-y-proyectan-crisis-en-el-mediano-plazo\/#primaryimage"},"image":{"@id":"https:\/\/www.eldiario.net\/portal\/2023\/02\/27\/critican-gestion-economica-del-gobierno-y-proyectan-crisis-en-el-mediano-plazo\/#primaryimage"},"thumbnailUrl":"","datePublished":"2023-02-27T09:56:50+00:00","breadcrumb":{"@id":"https:\/\/www.eldiario.net\/portal\/2023\/02\/27\/critican-gestion-economica-del-gobierno-y-proyectan-crisis-en-el-mediano-plazo\/#breadcrumb"},"inLanguage":"es","potentialAction":[{"@type":"ReadAction","target":["https:\/\/www.eldiario.net\/portal\/2023\/02\/27\/critican-gestion-economica-del-gobierno-y-proyectan-crisis-en-el-mediano-plazo\/"]}]},{"@type":"ImageObject","inLanguage":"es","@id":"https:\/\/www.eldiario.net\/portal\/2023\/02\/27\/critican-gestion-economica-del-gobierno-y-proyectan-crisis-en-el-mediano-plazo\/#primaryimage","url":"","contentUrl":""},{"@type":"BreadcrumbList","@id":"https:\/\/www.eldiario.net\/portal\/2023\/02\/27\/critican-gestion-economica-del-gobierno-y-proyectan-crisis-en-el-mediano-plazo\/#breadcrumb","itemListElement":[{"@type":"ListItem","position":1,"name":"Portada","item":"https:\/\/www.eldiario.net\/portal\/"},{"@type":"ListItem","position":2,"name":"Critican gesti\u00f3n econ\u00f3mica del Gobierno y proyectan crisis en el mediano plazo"}]},{"@type":"WebSite","@id":"https:\/\/www.eldiario.net\/portal\/#website","url":"https:\/\/www.eldiario.net\/portal\/","name":"El Diario - Decano de la prensa nacional","description":"El Diario - Decano de la prensa nacional","publisher":{"@id":"https:\/\/www.eldiario.net\/portal\/#organization"},"potentialAction":[{"@type":"SearchAction","target":{"@type":"EntryPoint","urlTemplate":"https:\/\/www.eldiario.net\/portal\/?s={search_term_string}"},"query-input":{"@type":"PropertyValueSpecification","valueRequired":true,"valueName":"search_term_string"}}],"inLanguage":"es"},{"@type":"Organization","@id":"https:\/\/www.eldiario.net\/portal\/#organization","name":"El Diario - Decano de la prensa nacional","url":"https:\/\/www.eldiario.net\/portal\/","logo":{"@type":"ImageObject","inLanguage":"es","@id":"https:\/\/www.eldiario.net\/portal\/#\/schema\/logo\/image\/","url":"https:\/\/www.eldiario.net\/portal\/wp-content\/uploads\/2023\/07\/logo_ED.jpg","contentUrl":"https:\/\/www.eldiario.net\/portal\/wp-content\/uploads\/2023\/07\/logo_ED.jpg","width":272,"height":52,"caption":"El Diario - Decano de la prensa nacional"},"image":{"@id":"https:\/\/www.eldiario.net\/portal\/#\/schema\/logo\/image\/"},"sameAs":["https:\/\/www.facebook.com\/eldiario.bolivia\/","https:\/\/x.com\/eldiario_net"]},{"@type":"Person","@id":"https:\/\/www.eldiario.net\/portal\/#\/schema\/person\/f46445640444750d7d753ccd04ae01b7","name":"Jeanette","image":{"@type":"ImageObject","inLanguage":"es","@id":"https:\/\/secure.gravatar.com\/avatar\/3ea2118a5f7dad2b7138b1187a6b7ee55f160b9968b66013c3a3ef39dd7e5798?s=96&d=mm&r=g","url":"https:\/\/secure.gravatar.com\/avatar\/3ea2118a5f7dad2b7138b1187a6b7ee55f160b9968b66013c3a3ef39dd7e5798?s=96&d=mm&r=g","contentUrl":"https:\/\/secure.gravatar.com\/avatar\/3ea2118a5f7dad2b7138b1187a6b7ee55f160b9968b66013c3a3ef39dd7e5798?s=96&d=mm&r=g","caption":"Jeanette"},"sameAs":["https:\/\/www.eldiario.net\/portal"],"url":"https:\/\/www.eldiario.net\/portal\/author\/jeanette\/"}]}},"_links":{"self":[{"href":"https:\/\/www.eldiario.net\/portal\/wp-json\/wp\/v2\/posts\/140347","targetHints":{"allow":["GET"]}}],"collection":[{"href":"https:\/\/www.eldiario.net\/portal\/wp-json\/wp\/v2\/posts"}],"about":[{"href":"https:\/\/www.eldiario.net\/portal\/wp-json\/wp\/v2\/types\/post"}],"author":[{"embeddable":true,"href":"https:\/\/www.eldiario.net\/portal\/wp-json\/wp\/v2\/users\/1"}],"replies":[{"embeddable":true,"href":"https:\/\/www.eldiario.net\/portal\/wp-json\/wp\/v2\/comments?post=140347"}],"version-history":[{"count":0,"href":"https:\/\/www.eldiario.net\/portal\/wp-json\/wp\/v2\/posts\/140347\/revisions"}],"wp:attachment":[{"href":"https:\/\/www.eldiario.net\/portal\/wp-json\/wp\/v2\/media?parent=140347"}],"wp:term":[{"taxonomy":"category","embeddable":true,"href":"https:\/\/www.eldiario.net\/portal\/wp-json\/wp\/v2\/categories?post=140347"},{"taxonomy":"post_tag","embeddable":true,"href":"https:\/\/www.eldiario.net\/portal\/wp-json\/wp\/v2\/tags?post=140347"}],"curies":[{"name":"wp","href":"https:\/\/api.w.org\/{rel}","templated":true}]}}