{"id":140188,"date":"2023-02-26T05:47:59","date_gmt":"2023-02-26T09:47:59","guid":{"rendered":"https:\/\/www.eldiario.net\/portal\/?p=140188"},"modified":"2023-02-26T05:47:59","modified_gmt":"2023-02-26T09:47:59","slug":"policia-herido-en-fuga-de-reo-revela-que-no-estaba-armado","status":"publish","type":"post","link":"https:\/\/www.eldiario.net\/portal\/2023\/02\/26\/policia-herido-en-fuga-de-reo-revela-que-no-estaba-armado\/","title":{"rendered":"Polic\u00eda herido en fuga de reo  revela que no estaba armado"},"content":{"rendered":"<p>El sargento de la Polic\u00eda que fue herido el 31 de enero de 2023, en una balacera que se registr\u00f3 en el hospital de Cl\u00ednicas de La Paz, cuando un reo brasile\u00f1o fug\u00f3, pidi\u00f3 ayuda porque corre el riesgo de no volver a caminar. El uniformado revel\u00f3 que ese d\u00eda fue enca\u00f1onado y que no estaba armado.<br \/>\nEl uniformado que fue herido por un arma de fuego en la regi\u00f3n abdominal durante la fuga del brasilero Felipe M., cont\u00f3 que recibi\u00f3 dos impactos de bala y uno a\u00fan est\u00e1 dentro de su cuerpo. El efectivo, postrado desde la cama del hospital, implor\u00f3 por ayuda.<br \/>\n\u201cDos balas he recibido en el abdomen, uno est\u00e1 dentro todav\u00eda\u201d, manifest\u00f3 Choque a la ANF. Esta bala estar\u00eda cerca de la columna por ello si lo operan es de alto riesgo porque no podr\u00eda volver caminar.<br \/>\n\u201cHable sobre eso con mi familia, no hable muy bien con los m\u00e9dicos, tengo que esperar si lo expulso a otro lado, si es as\u00ed me puedo operar, pero no es seguro tendr\u00e9 que estar as\u00ed\u201d, lament\u00f3 el polic\u00eda.<br \/>\nEl pasado 31 de enero una balacera se registr\u00f3 en el hospital de Cl\u00ednicas de La Paz, dos polic\u00edas fueron emboscados con arma de fuego cuando custodiaban al reo brasile\u00f1o. Los dos uniformados resultaron heridos de gravedad, el sargento Domingo Ch\u00e1vez falleci\u00f3.<br \/>\n\u201cLlamo a mis superiores a que puedan ayudarme. Yo trabajaba en Chonchocoro\u201d, suplic\u00f3 el uniformado que permanece internado en el Hospital Obrero.<\/p>\n<p>ENCA\u00d1ONADO Y SIN ARMA<br \/>\nEl polic\u00eda relato que el reo ingres\u00f3 al ba\u00f1o y de repente entre otras personas lo arrinconaron y lo enca\u00f1onaron. \u201cEl brasile\u00f1o directamente me ha arrinconado a m\u00ed, como ya me han apuntado con tres armas yo ten\u00eda que desmanillar, he sido presionado\u201d, se\u00f1al\u00f3.<br \/>\n\u201cAdentro del ba\u00f1o me han enca\u00f1onado, el otro se qued\u00f3 afuera. Yo no ten\u00eda arma y la balacera fue afuera, dijeron \u2018hay que matarle con su propia arma a este polic\u00eda\u2019, yo no ten\u00eda arma me han buscado de pies a cabeza. Me qued\u00e9 en el ba\u00f1o y dos viejos me han obstruido el paso, no me dejaron salir r\u00e1pido\u201d, continu\u00f3.<br \/>\nSeg\u00fan el uniformado, eran seis las personas que estaban involucradas para que el brasile\u00f1o escape, sin embargo, afirm\u00f3 que no los puede reconocer.<br \/>\n\u201cEscuch\u00e9 los disparos y r\u00e1pido sal\u00ed, solo vi a mi camarada tirado ya, luego saco el arma de mi camarada y disparo ah\u00ed tambi\u00e9n me disparan a m\u00ed. Con mi camarada se han disparado, mientras a m\u00ed me estaban obstruyendo para salir, a m\u00ed me dispara el que ten\u00eda el arma grande, no me dispara el brasile\u00f1o\u201d, record\u00f3.<br \/>\nAl ser consultado sobre la persona que sale por la puerta de emergencia indica que es el brasile\u00f1o.<br \/>\nAdem\u00e1s, a lo que pudo ver, las personas que ayudaron a la fuga del reo tra\u00edan pelucas. \u201cOtros estaban con pelucas, no s\u00e9 si era brasile\u00f1os, estaban con armas, estaban de rojo o rosado, a mi camarada (le dispararon) y salieron corriendo afuera, eso ocurri\u00f3 en el ba\u00f1o\u201d.<br \/>\nUn familiar del uniformado, relat\u00f3 que quer\u00edan mandarle solo con el reo al hospital de Cl\u00ednicas. \u201cEspero que no le culpen a Nelson debido a que buscan echarle la culpa por salir en una movilidad, adem\u00e1s \u00e9l lucho para que salgan entre dos (polic\u00edas)\u201d, relat\u00f3. (ANF).<\/p>\n","protected":false},"excerpt":{"rendered":"<p>El sargento de la Polic\u00eda que fue herido el 31 de enero de 2023, en una balacera que se registr\u00f3 en el hospital de Cl\u00ednicas de La Paz, cuando un reo brasile\u00f1o fug\u00f3, pidi\u00f3 ayuda porque corre el riesgo de no volver a caminar. El uniformado revel\u00f3 que ese d\u00eda fue enca\u00f1onado y que no [&hellip;]<\/p>\n","protected":false},"author":1,"featured_media":140189,"comment_status":"closed","ping_status":"closed","sticky":false,"template":"","format":"standard","meta":{"_acf_changed":false,"footnotes":""},"categories":[39],"tags":[],"class_list":["post-140188","post","type-post","status-publish","format-standard","has-post-thumbnail","category-sociedad"],"acf":{"antetitulo":""},"yoast_head":"<!-- This site is optimized with the Yoast SEO plugin v28.3 - https:\/\/yoast.com\/product\/yoast-seo-wordpress\/ -->\n<title>Polic\u00eda herido en fuga de reo revela que no estaba armado - El Diario - Bolivia<\/title>\n<meta name=\"robots\" content=\"index, follow, max-snippet:-1, max-image-preview:large, max-video-preview:-1\" \/>\n<link rel=\"canonical\" href=\"https:\/\/www.eldiario.net\/portal\/2023\/02\/26\/policia-herido-en-fuga-de-reo-revela-que-no-estaba-armado\/\" \/>\n<meta property=\"og:locale\" content=\"es_ES\" \/>\n<meta property=\"og:type\" content=\"article\" \/>\n<meta property=\"og:title\" content=\"Polic\u00eda herido en fuga de reo revela que no estaba armado - El Diario - Bolivia\" \/>\n<meta property=\"og:description\" content=\"El sargento de la Polic\u00eda que fue herido el 31 de enero de 2023, en una balacera que se registr\u00f3 en el hospital de Cl\u00ednicas de La Paz, cuando un reo brasile\u00f1o fug\u00f3, pidi\u00f3 ayuda porque corre el riesgo de no volver a caminar. El uniformado revel\u00f3 que ese d\u00eda fue enca\u00f1onado y que no [&hellip;]\" \/>\n<meta property=\"og:url\" content=\"https:\/\/www.eldiario.net\/portal\/2023\/02\/26\/policia-herido-en-fuga-de-reo-revela-que-no-estaba-armado\/\" \/>\n<meta property=\"og:site_name\" content=\"El Diario - Bolivia\" \/>\n<meta property=\"article:publisher\" content=\"https:\/\/www.facebook.com\/eldiario.bolivia\/\" \/>\n<meta property=\"article:published_time\" content=\"2023-02-26T09:47:59+00:00\" \/>\n<meta name=\"author\" content=\"Jeanette\" \/>\n<meta name=\"twitter:card\" content=\"summary_large_image\" \/>\n<meta name=\"twitter:creator\" content=\"@eldiario_net\" \/>\n<meta name=\"twitter:site\" content=\"@eldiario_net\" \/>\n<meta name=\"twitter:label1\" content=\"Escrito por\" \/>\n\t<meta name=\"twitter:data1\" content=\"Jeanette\" \/>\n\t<meta name=\"twitter:label2\" content=\"Tiempo de lectura\" \/>\n\t<meta name=\"twitter:data2\" content=\"3 minutos\" \/>\n<script type=\"application\/ld+json\" class=\"yoast-schema-graph\">{\"@context\":\"https:\\\/\\\/schema.org\",\"@graph\":[{\"@type\":\"Article\",\"@id\":\"https:\\\/\\\/www.eldiario.net\\\/portal\\\/2023\\\/02\\\/26\\\/policia-herido-en-fuga-de-reo-revela-que-no-estaba-armado\\\/#article\",\"isPartOf\":{\"@id\":\"https:\\\/\\\/www.eldiario.net\\\/portal\\\/2023\\\/02\\\/26\\\/policia-herido-en-fuga-de-reo-revela-que-no-estaba-armado\\\/\"},\"author\":{\"name\":\"Jeanette\",\"@id\":\"https:\\\/\\\/www.eldiario.net\\\/portal\\\/#\\\/schema\\\/person\\\/f46445640444750d7d753ccd04ae01b7\"},\"headline\":\"Polic\u00eda herido en fuga de reo revela que no estaba armado\",\"datePublished\":\"2023-02-26T09:47:59+00:00\",\"mainEntityOfPage\":{\"@id\":\"https:\\\/\\\/www.eldiario.net\\\/portal\\\/2023\\\/02\\\/26\\\/policia-herido-en-fuga-de-reo-revela-que-no-estaba-armado\\\/\"},\"wordCount\":600,\"publisher\":{\"@id\":\"https:\\\/\\\/www.eldiario.net\\\/portal\\\/#organization\"},\"image\":{\"@id\":\"https:\\\/\\\/www.eldiario.net\\\/portal\\\/2023\\\/02\\\/26\\\/policia-herido-en-fuga-de-reo-revela-que-no-estaba-armado\\\/#primaryimage\"},\"thumbnailUrl\":\"\",\"articleSection\":[\"Sociedad - Seguridad\"],\"inLanguage\":\"es\"},{\"@type\":\"WebPage\",\"@id\":\"https:\\\/\\\/www.eldiario.net\\\/portal\\\/2023\\\/02\\\/26\\\/policia-herido-en-fuga-de-reo-revela-que-no-estaba-armado\\\/\",\"url\":\"https:\\\/\\\/www.eldiario.net\\\/portal\\\/2023\\\/02\\\/26\\\/policia-herido-en-fuga-de-reo-revela-que-no-estaba-armado\\\/\",\"name\":\"Polic\u00eda herido en fuga de reo revela que no estaba armado - El Diario - Bolivia\",\"isPartOf\":{\"@id\":\"https:\\\/\\\/www.eldiario.net\\\/portal\\\/#website\"},\"primaryImageOfPage\":{\"@id\":\"https:\\\/\\\/www.eldiario.net\\\/portal\\\/2023\\\/02\\\/26\\\/policia-herido-en-fuga-de-reo-revela-que-no-estaba-armado\\\/#primaryimage\"},\"image\":{\"@id\":\"https:\\\/\\\/www.eldiario.net\\\/portal\\\/2023\\\/02\\\/26\\\/policia-herido-en-fuga-de-reo-revela-que-no-estaba-armado\\\/#primaryimage\"},\"thumbnailUrl\":\"\",\"datePublished\":\"2023-02-26T09:47:59+00:00\",\"breadcrumb\":{\"@id\":\"https:\\\/\\\/www.eldiario.net\\\/portal\\\/2023\\\/02\\\/26\\\/policia-herido-en-fuga-de-reo-revela-que-no-estaba-armado\\\/#breadcrumb\"},\"inLanguage\":\"es\",\"potentialAction\":[{\"@type\":\"ReadAction\",\"target\":[\"https:\\\/\\\/www.eldiario.net\\\/portal\\\/2023\\\/02\\\/26\\\/policia-herido-en-fuga-de-reo-revela-que-no-estaba-armado\\\/\"]}]},{\"@type\":\"ImageObject\",\"inLanguage\":\"es\",\"@id\":\"https:\\\/\\\/www.eldiario.net\\\/portal\\\/2023\\\/02\\\/26\\\/policia-herido-en-fuga-de-reo-revela-que-no-estaba-armado\\\/#primaryimage\",\"url\":\"\",\"contentUrl\":\"\"},{\"@type\":\"BreadcrumbList\",\"@id\":\"https:\\\/\\\/www.eldiario.net\\\/portal\\\/2023\\\/02\\\/26\\\/policia-herido-en-fuga-de-reo-revela-que-no-estaba-armado\\\/#breadcrumb\",\"itemListElement\":[{\"@type\":\"ListItem\",\"position\":1,\"name\":\"Portada\",\"item\":\"https:\\\/\\\/www.eldiario.net\\\/portal\\\/\"},{\"@type\":\"ListItem\",\"position\":2,\"name\":\"Polic\u00eda herido en fuga de reo revela que no estaba armado\"}]},{\"@type\":\"WebSite\",\"@id\":\"https:\\\/\\\/www.eldiario.net\\\/portal\\\/#website\",\"url\":\"https:\\\/\\\/www.eldiario.net\\\/portal\\\/\",\"name\":\"El Diario - Decano de la prensa nacional\",\"description\":\"El Diario - Decano de la prensa nacional\",\"publisher\":{\"@id\":\"https:\\\/\\\/www.eldiario.net\\\/portal\\\/#organization\"},\"potentialAction\":[{\"@type\":\"SearchAction\",\"target\":{\"@type\":\"EntryPoint\",\"urlTemplate\":\"https:\\\/\\\/www.eldiario.net\\\/portal\\\/?s={search_term_string}\"},\"query-input\":{\"@type\":\"PropertyValueSpecification\",\"valueRequired\":true,\"valueName\":\"search_term_string\"}}],\"inLanguage\":\"es\"},{\"@type\":\"Organization\",\"@id\":\"https:\\\/\\\/www.eldiario.net\\\/portal\\\/#organization\",\"name\":\"El Diario - Decano de la prensa nacional\",\"url\":\"https:\\\/\\\/www.eldiario.net\\\/portal\\\/\",\"logo\":{\"@type\":\"ImageObject\",\"inLanguage\":\"es\",\"@id\":\"https:\\\/\\\/www.eldiario.net\\\/portal\\\/#\\\/schema\\\/logo\\\/image\\\/\",\"url\":\"https:\\\/\\\/www.eldiario.net\\\/portal\\\/wp-content\\\/uploads\\\/2023\\\/07\\\/logo_ED.jpg\",\"contentUrl\":\"https:\\\/\\\/www.eldiario.net\\\/portal\\\/wp-content\\\/uploads\\\/2023\\\/07\\\/logo_ED.jpg\",\"width\":272,\"height\":52,\"caption\":\"El Diario - Decano de la prensa nacional\"},\"image\":{\"@id\":\"https:\\\/\\\/www.eldiario.net\\\/portal\\\/#\\\/schema\\\/logo\\\/image\\\/\"},\"sameAs\":[\"https:\\\/\\\/www.facebook.com\\\/eldiario.bolivia\\\/\",\"https:\\\/\\\/x.com\\\/eldiario_net\"]},{\"@type\":\"Person\",\"@id\":\"https:\\\/\\\/www.eldiario.net\\\/portal\\\/#\\\/schema\\\/person\\\/f46445640444750d7d753ccd04ae01b7\",\"name\":\"Jeanette\",\"image\":{\"@type\":\"ImageObject\",\"inLanguage\":\"es\",\"@id\":\"https:\\\/\\\/secure.gravatar.com\\\/avatar\\\/3ea2118a5f7dad2b7138b1187a6b7ee55f160b9968b66013c3a3ef39dd7e5798?s=96&d=mm&r=g\",\"url\":\"https:\\\/\\\/secure.gravatar.com\\\/avatar\\\/3ea2118a5f7dad2b7138b1187a6b7ee55f160b9968b66013c3a3ef39dd7e5798?s=96&d=mm&r=g\",\"contentUrl\":\"https:\\\/\\\/secure.gravatar.com\\\/avatar\\\/3ea2118a5f7dad2b7138b1187a6b7ee55f160b9968b66013c3a3ef39dd7e5798?s=96&d=mm&r=g\",\"caption\":\"Jeanette\"},\"sameAs\":[\"https:\\\/\\\/www.eldiario.net\\\/portal\"],\"url\":\"https:\\\/\\\/www.eldiario.net\\\/portal\\\/author\\\/jeanette\\\/\"}]}<\/script>\n<!-- \/ Yoast SEO plugin. -->","yoast_head_json":{"title":"Polic\u00eda herido en fuga de reo revela que no estaba armado - El Diario - Bolivia","robots":{"index":"index","follow":"follow","max-snippet":"max-snippet:-1","max-image-preview":"max-image-preview:large","max-video-preview":"max-video-preview:-1"},"canonical":"https:\/\/www.eldiario.net\/portal\/2023\/02\/26\/policia-herido-en-fuga-de-reo-revela-que-no-estaba-armado\/","og_locale":"es_ES","og_type":"article","og_title":"Polic\u00eda herido en fuga de reo revela que no estaba armado - El Diario - Bolivia","og_description":"El sargento de la Polic\u00eda que fue herido el 31 de enero de 2023, en una balacera que se registr\u00f3 en el hospital de Cl\u00ednicas de La Paz, cuando un reo brasile\u00f1o fug\u00f3, pidi\u00f3 ayuda porque corre el riesgo de no volver a caminar. El uniformado revel\u00f3 que ese d\u00eda fue enca\u00f1onado y que no [&hellip;]","og_url":"https:\/\/www.eldiario.net\/portal\/2023\/02\/26\/policia-herido-en-fuga-de-reo-revela-que-no-estaba-armado\/","og_site_name":"El Diario - Bolivia","article_publisher":"https:\/\/www.facebook.com\/eldiario.bolivia\/","article_published_time":"2023-02-26T09:47:59+00:00","author":"Jeanette","twitter_card":"summary_large_image","twitter_creator":"@eldiario_net","twitter_site":"@eldiario_net","twitter_misc":{"Escrito por":"Jeanette","Tiempo de lectura":"3 minutos"},"schema":{"@context":"https:\/\/schema.org","@graph":[{"@type":"Article","@id":"https:\/\/www.eldiario.net\/portal\/2023\/02\/26\/policia-herido-en-fuga-de-reo-revela-que-no-estaba-armado\/#article","isPartOf":{"@id":"https:\/\/www.eldiario.net\/portal\/2023\/02\/26\/policia-herido-en-fuga-de-reo-revela-que-no-estaba-armado\/"},"author":{"name":"Jeanette","@id":"https:\/\/www.eldiario.net\/portal\/#\/schema\/person\/f46445640444750d7d753ccd04ae01b7"},"headline":"Polic\u00eda herido en fuga de reo revela que no estaba armado","datePublished":"2023-02-26T09:47:59+00:00","mainEntityOfPage":{"@id":"https:\/\/www.eldiario.net\/portal\/2023\/02\/26\/policia-herido-en-fuga-de-reo-revela-que-no-estaba-armado\/"},"wordCount":600,"publisher":{"@id":"https:\/\/www.eldiario.net\/portal\/#organization"},"image":{"@id":"https:\/\/www.eldiario.net\/portal\/2023\/02\/26\/policia-herido-en-fuga-de-reo-revela-que-no-estaba-armado\/#primaryimage"},"thumbnailUrl":"","articleSection":["Sociedad - Seguridad"],"inLanguage":"es"},{"@type":"WebPage","@id":"https:\/\/www.eldiario.net\/portal\/2023\/02\/26\/policia-herido-en-fuga-de-reo-revela-que-no-estaba-armado\/","url":"https:\/\/www.eldiario.net\/portal\/2023\/02\/26\/policia-herido-en-fuga-de-reo-revela-que-no-estaba-armado\/","name":"Polic\u00eda herido en fuga de reo revela que no estaba armado - El Diario - Bolivia","isPartOf":{"@id":"https:\/\/www.eldiario.net\/portal\/#website"},"primaryImageOfPage":{"@id":"https:\/\/www.eldiario.net\/portal\/2023\/02\/26\/policia-herido-en-fuga-de-reo-revela-que-no-estaba-armado\/#primaryimage"},"image":{"@id":"https:\/\/www.eldiario.net\/portal\/2023\/02\/26\/policia-herido-en-fuga-de-reo-revela-que-no-estaba-armado\/#primaryimage"},"thumbnailUrl":"","datePublished":"2023-02-26T09:47:59+00:00","breadcrumb":{"@id":"https:\/\/www.eldiario.net\/portal\/2023\/02\/26\/policia-herido-en-fuga-de-reo-revela-que-no-estaba-armado\/#breadcrumb"},"inLanguage":"es","potentialAction":[{"@type":"ReadAction","target":["https:\/\/www.eldiario.net\/portal\/2023\/02\/26\/policia-herido-en-fuga-de-reo-revela-que-no-estaba-armado\/"]}]},{"@type":"ImageObject","inLanguage":"es","@id":"https:\/\/www.eldiario.net\/portal\/2023\/02\/26\/policia-herido-en-fuga-de-reo-revela-que-no-estaba-armado\/#primaryimage","url":"","contentUrl":""},{"@type":"BreadcrumbList","@id":"https:\/\/www.eldiario.net\/portal\/2023\/02\/26\/policia-herido-en-fuga-de-reo-revela-que-no-estaba-armado\/#breadcrumb","itemListElement":[{"@type":"ListItem","position":1,"name":"Portada","item":"https:\/\/www.eldiario.net\/portal\/"},{"@type":"ListItem","position":2,"name":"Polic\u00eda herido en fuga de reo revela que no estaba armado"}]},{"@type":"WebSite","@id":"https:\/\/www.eldiario.net\/portal\/#website","url":"https:\/\/www.eldiario.net\/portal\/","name":"El Diario - Decano de la prensa nacional","description":"El Diario - Decano de la prensa nacional","publisher":{"@id":"https:\/\/www.eldiario.net\/portal\/#organization"},"potentialAction":[{"@type":"SearchAction","target":{"@type":"EntryPoint","urlTemplate":"https:\/\/www.eldiario.net\/portal\/?s={search_term_string}"},"query-input":{"@type":"PropertyValueSpecification","valueRequired":true,"valueName":"search_term_string"}}],"inLanguage":"es"},{"@type":"Organization","@id":"https:\/\/www.eldiario.net\/portal\/#organization","name":"El Diario - Decano de la prensa nacional","url":"https:\/\/www.eldiario.net\/portal\/","logo":{"@type":"ImageObject","inLanguage":"es","@id":"https:\/\/www.eldiario.net\/portal\/#\/schema\/logo\/image\/","url":"https:\/\/www.eldiario.net\/portal\/wp-content\/uploads\/2023\/07\/logo_ED.jpg","contentUrl":"https:\/\/www.eldiario.net\/portal\/wp-content\/uploads\/2023\/07\/logo_ED.jpg","width":272,"height":52,"caption":"El Diario - Decano de la prensa nacional"},"image":{"@id":"https:\/\/www.eldiario.net\/portal\/#\/schema\/logo\/image\/"},"sameAs":["https:\/\/www.facebook.com\/eldiario.bolivia\/","https:\/\/x.com\/eldiario_net"]},{"@type":"Person","@id":"https:\/\/www.eldiario.net\/portal\/#\/schema\/person\/f46445640444750d7d753ccd04ae01b7","name":"Jeanette","image":{"@type":"ImageObject","inLanguage":"es","@id":"https:\/\/secure.gravatar.com\/avatar\/3ea2118a5f7dad2b7138b1187a6b7ee55f160b9968b66013c3a3ef39dd7e5798?s=96&d=mm&r=g","url":"https:\/\/secure.gravatar.com\/avatar\/3ea2118a5f7dad2b7138b1187a6b7ee55f160b9968b66013c3a3ef39dd7e5798?s=96&d=mm&r=g","contentUrl":"https:\/\/secure.gravatar.com\/avatar\/3ea2118a5f7dad2b7138b1187a6b7ee55f160b9968b66013c3a3ef39dd7e5798?s=96&d=mm&r=g","caption":"Jeanette"},"sameAs":["https:\/\/www.eldiario.net\/portal"],"url":"https:\/\/www.eldiario.net\/portal\/author\/jeanette\/"}]}},"_links":{"self":[{"href":"https:\/\/www.eldiario.net\/portal\/wp-json\/wp\/v2\/posts\/140188","targetHints":{"allow":["GET"]}}],"collection":[{"href":"https:\/\/www.eldiario.net\/portal\/wp-json\/wp\/v2\/posts"}],"about":[{"href":"https:\/\/www.eldiario.net\/portal\/wp-json\/wp\/v2\/types\/post"}],"author":[{"embeddable":true,"href":"https:\/\/www.eldiario.net\/portal\/wp-json\/wp\/v2\/users\/1"}],"replies":[{"embeddable":true,"href":"https:\/\/www.eldiario.net\/portal\/wp-json\/wp\/v2\/comments?post=140188"}],"version-history":[{"count":0,"href":"https:\/\/www.eldiario.net\/portal\/wp-json\/wp\/v2\/posts\/140188\/revisions"}],"wp:attachment":[{"href":"https:\/\/www.eldiario.net\/portal\/wp-json\/wp\/v2\/media?parent=140188"}],"wp:term":[{"taxonomy":"category","embeddable":true,"href":"https:\/\/www.eldiario.net\/portal\/wp-json\/wp\/v2\/categories?post=140188"},{"taxonomy":"post_tag","embeddable":true,"href":"https:\/\/www.eldiario.net\/portal\/wp-json\/wp\/v2\/tags?post=140188"}],"curies":[{"name":"wp","href":"https:\/\/api.w.org\/{rel}","templated":true}]}}