{"id":140186,"date":"2023-02-26T05:47:03","date_gmt":"2023-02-26T09:47:03","guid":{"rendered":"https:\/\/www.eldiario.net\/portal\/?p=140186"},"modified":"2023-02-26T05:47:03","modified_gmt":"2023-02-26T09:47:03","slug":"juez-deniega-accion-de-libertad-a-cocalero","status":"publish","type":"post","link":"https:\/\/www.eldiario.net\/portal\/2023\/02\/26\/juez-deniega-accion-de-libertad-a-cocalero\/","title":{"rendered":"Juez deniega Acci\u00f3n  de Libertad a cocalero"},"content":{"rendered":"<p>El juez D\u00e9cimo Quinto de Sentencia, Enrique Cadena, deneg\u00f3 ayer la Acci\u00f3n de Libertad, que interpuso el abogado Jorge Valda que asesora a la Asamblea Permanente de Derechos Humanos de Bolivia (Apdhb). Con este acto jur\u00eddico se buscaba garantizar el derecho a la salud del dirigente cocalero C\u00e9sar Apaza.<br \/>\n\u201cEs suscrito Juez D\u00e9cimo Quinto de Sentencia, con las facultades otorgadas por la Constituci\u00f3n Pol\u00edtica del Estado, deniega la Acci\u00f3n de Libertad accionada por en representaci\u00f3n de C\u00e9sar Apaza\u201d, determin\u00f3 Cadena.<br \/>\nDespu\u00e9s de la audiencia, Valda explic\u00f3 que el dirigente cocalero no podr\u00e1 ser retirado del hospital de Cl\u00ednicas hasta que una junta m\u00e9dica emita un informe correspondiente y el alta m\u00e9dica, si fuera el caso.<br \/>\n\u201cPese a que el juez constitucional neg\u00f3 responsabilidad de autoridades de Gobierno, \u00e9stas, ya no podr\u00e1n sacarlo por la fuerza y llevarlo a Chonchocoro como era su intenci\u00f3n. Ahora es el sistema de salud y no el sistema penitenciario quien tiene el deber de brindarle todas las atenciones m\u00e9dicas\u201d, apunt\u00f3 el jurista.<br \/>\nEn ese marco aclar\u00f3 que desde ayer, C\u00e9sar Apaza est\u00e1 formalmente internado en el hospital de Cl\u00ednicas de La Paz.<br \/>\nPor otro lado, en la audiencia que se extendi\u00f3 por m\u00e1s de cuatro horas, la abogada Evelyn Cos\u00edo, que patrocina al cocalero, denunci\u00f3 una serie de vulneraciones a la salud de su patrocinado. Afirm\u00f3 que se le neg\u00f3 una atenci\u00f3n m\u00e9dica pronta y oportuna, no obstante funcionarios de R\u00e9gimen Penitenciario negaron esos extremos.<br \/>\nEl martes 14 de febrero, el dirigente habr\u00eda sufrido una embolia, motivo por el cual fue trasladado hasta el hospital de Cl\u00ednicas. Por disposici\u00f3n de R\u00e9gimen Penitenciario, permaneci\u00f3 con un grillete en el pie para evitar una posible fuga, a pesar que tiene la mitad de su cuerpo paralizado.<\/p>\n","protected":false},"excerpt":{"rendered":"<p>El juez D\u00e9cimo Quinto de Sentencia, Enrique Cadena, deneg\u00f3 ayer la Acci\u00f3n de Libertad, que interpuso el abogado Jorge Valda que asesora a la Asamblea Permanente de Derechos Humanos de Bolivia (Apdhb). Con este acto jur\u00eddico se buscaba garantizar el derecho a la salud del dirigente cocalero C\u00e9sar Apaza. \u201cEs suscrito Juez D\u00e9cimo Quinto de [&hellip;]<\/p>\n","protected":false},"author":1,"featured_media":0,"comment_status":"closed","ping_status":"closed","sticky":false,"template":"","format":"standard","meta":{"_acf_changed":false,"footnotes":""},"categories":[39],"tags":[],"class_list":["post-140186","post","type-post","status-publish","format-standard","category-sociedad"],"acf":{"antetitulo":""},"yoast_head":"<!-- This site is optimized with the Yoast SEO plugin v28.3 - https:\/\/yoast.com\/product\/yoast-seo-wordpress\/ -->\n<title>Juez deniega Acci\u00f3n de Libertad a cocalero - El Diario - Bolivia<\/title>\n<meta name=\"robots\" content=\"index, follow, max-snippet:-1, max-image-preview:large, max-video-preview:-1\" \/>\n<link rel=\"canonical\" href=\"https:\/\/www.eldiario.net\/portal\/2023\/02\/26\/juez-deniega-accion-de-libertad-a-cocalero\/\" \/>\n<meta property=\"og:locale\" content=\"es_ES\" \/>\n<meta property=\"og:type\" content=\"article\" \/>\n<meta property=\"og:title\" content=\"Juez deniega Acci\u00f3n de Libertad a cocalero - El Diario - Bolivia\" \/>\n<meta property=\"og:description\" content=\"El juez D\u00e9cimo Quinto de Sentencia, Enrique Cadena, deneg\u00f3 ayer la Acci\u00f3n de Libertad, que interpuso el abogado Jorge Valda que asesora a la Asamblea Permanente de Derechos Humanos de Bolivia (Apdhb). Con este acto jur\u00eddico se buscaba garantizar el derecho a la salud del dirigente cocalero C\u00e9sar Apaza. \u201cEs suscrito Juez D\u00e9cimo Quinto de [&hellip;]\" \/>\n<meta property=\"og:url\" content=\"https:\/\/www.eldiario.net\/portal\/2023\/02\/26\/juez-deniega-accion-de-libertad-a-cocalero\/\" \/>\n<meta property=\"og:site_name\" content=\"El Diario - Bolivia\" \/>\n<meta property=\"article:publisher\" content=\"https:\/\/www.facebook.com\/eldiario.bolivia\/\" \/>\n<meta property=\"article:published_time\" content=\"2023-02-26T09:47:03+00:00\" \/>\n<meta name=\"author\" content=\"Jeanette\" \/>\n<meta name=\"twitter:card\" content=\"summary_large_image\" \/>\n<meta name=\"twitter:creator\" content=\"@eldiario_net\" \/>\n<meta name=\"twitter:site\" content=\"@eldiario_net\" \/>\n<meta name=\"twitter:label1\" content=\"Escrito por\" \/>\n\t<meta name=\"twitter:data1\" content=\"Jeanette\" \/>\n\t<meta name=\"twitter:label2\" content=\"Tiempo de lectura\" \/>\n\t<meta name=\"twitter:data2\" content=\"2 minutos\" \/>\n<script type=\"application\/ld+json\" class=\"yoast-schema-graph\">{\"@context\":\"https:\\\/\\\/schema.org\",\"@graph\":[{\"@type\":\"Article\",\"@id\":\"https:\\\/\\\/www.eldiario.net\\\/portal\\\/2023\\\/02\\\/26\\\/juez-deniega-accion-de-libertad-a-cocalero\\\/#article\",\"isPartOf\":{\"@id\":\"https:\\\/\\\/www.eldiario.net\\\/portal\\\/2023\\\/02\\\/26\\\/juez-deniega-accion-de-libertad-a-cocalero\\\/\"},\"author\":{\"name\":\"Jeanette\",\"@id\":\"https:\\\/\\\/www.eldiario.net\\\/portal\\\/#\\\/schema\\\/person\\\/f46445640444750d7d753ccd04ae01b7\"},\"headline\":\"Juez deniega Acci\u00f3n de Libertad a cocalero\",\"datePublished\":\"2023-02-26T09:47:03+00:00\",\"mainEntityOfPage\":{\"@id\":\"https:\\\/\\\/www.eldiario.net\\\/portal\\\/2023\\\/02\\\/26\\\/juez-deniega-accion-de-libertad-a-cocalero\\\/\"},\"wordCount\":324,\"publisher\":{\"@id\":\"https:\\\/\\\/www.eldiario.net\\\/portal\\\/#organization\"},\"articleSection\":[\"Sociedad - Seguridad\"],\"inLanguage\":\"es\"},{\"@type\":\"WebPage\",\"@id\":\"https:\\\/\\\/www.eldiario.net\\\/portal\\\/2023\\\/02\\\/26\\\/juez-deniega-accion-de-libertad-a-cocalero\\\/\",\"url\":\"https:\\\/\\\/www.eldiario.net\\\/portal\\\/2023\\\/02\\\/26\\\/juez-deniega-accion-de-libertad-a-cocalero\\\/\",\"name\":\"Juez deniega Acci\u00f3n de Libertad a cocalero - El Diario - Bolivia\",\"isPartOf\":{\"@id\":\"https:\\\/\\\/www.eldiario.net\\\/portal\\\/#website\"},\"datePublished\":\"2023-02-26T09:47:03+00:00\",\"breadcrumb\":{\"@id\":\"https:\\\/\\\/www.eldiario.net\\\/portal\\\/2023\\\/02\\\/26\\\/juez-deniega-accion-de-libertad-a-cocalero\\\/#breadcrumb\"},\"inLanguage\":\"es\",\"potentialAction\":[{\"@type\":\"ReadAction\",\"target\":[\"https:\\\/\\\/www.eldiario.net\\\/portal\\\/2023\\\/02\\\/26\\\/juez-deniega-accion-de-libertad-a-cocalero\\\/\"]}]},{\"@type\":\"BreadcrumbList\",\"@id\":\"https:\\\/\\\/www.eldiario.net\\\/portal\\\/2023\\\/02\\\/26\\\/juez-deniega-accion-de-libertad-a-cocalero\\\/#breadcrumb\",\"itemListElement\":[{\"@type\":\"ListItem\",\"position\":1,\"name\":\"Portada\",\"item\":\"https:\\\/\\\/www.eldiario.net\\\/portal\\\/\"},{\"@type\":\"ListItem\",\"position\":2,\"name\":\"Juez deniega Acci\u00f3n de Libertad a cocalero\"}]},{\"@type\":\"WebSite\",\"@id\":\"https:\\\/\\\/www.eldiario.net\\\/portal\\\/#website\",\"url\":\"https:\\\/\\\/www.eldiario.net\\\/portal\\\/\",\"name\":\"El Diario - Decano de la prensa nacional\",\"description\":\"El Diario - Decano de la prensa nacional\",\"publisher\":{\"@id\":\"https:\\\/\\\/www.eldiario.net\\\/portal\\\/#organization\"},\"potentialAction\":[{\"@type\":\"SearchAction\",\"target\":{\"@type\":\"EntryPoint\",\"urlTemplate\":\"https:\\\/\\\/www.eldiario.net\\\/portal\\\/?s={search_term_string}\"},\"query-input\":{\"@type\":\"PropertyValueSpecification\",\"valueRequired\":true,\"valueName\":\"search_term_string\"}}],\"inLanguage\":\"es\"},{\"@type\":\"Organization\",\"@id\":\"https:\\\/\\\/www.eldiario.net\\\/portal\\\/#organization\",\"name\":\"El Diario - Decano de la prensa nacional\",\"url\":\"https:\\\/\\\/www.eldiario.net\\\/portal\\\/\",\"logo\":{\"@type\":\"ImageObject\",\"inLanguage\":\"es\",\"@id\":\"https:\\\/\\\/www.eldiario.net\\\/portal\\\/#\\\/schema\\\/logo\\\/image\\\/\",\"url\":\"https:\\\/\\\/www.eldiario.net\\\/portal\\\/wp-content\\\/uploads\\\/2023\\\/07\\\/logo_ED.jpg\",\"contentUrl\":\"https:\\\/\\\/www.eldiario.net\\\/portal\\\/wp-content\\\/uploads\\\/2023\\\/07\\\/logo_ED.jpg\",\"width\":272,\"height\":52,\"caption\":\"El Diario - Decano de la prensa nacional\"},\"image\":{\"@id\":\"https:\\\/\\\/www.eldiario.net\\\/portal\\\/#\\\/schema\\\/logo\\\/image\\\/\"},\"sameAs\":[\"https:\\\/\\\/www.facebook.com\\\/eldiario.bolivia\\\/\",\"https:\\\/\\\/x.com\\\/eldiario_net\"]},{\"@type\":\"Person\",\"@id\":\"https:\\\/\\\/www.eldiario.net\\\/portal\\\/#\\\/schema\\\/person\\\/f46445640444750d7d753ccd04ae01b7\",\"name\":\"Jeanette\",\"image\":{\"@type\":\"ImageObject\",\"inLanguage\":\"es\",\"@id\":\"https:\\\/\\\/secure.gravatar.com\\\/avatar\\\/3ea2118a5f7dad2b7138b1187a6b7ee55f160b9968b66013c3a3ef39dd7e5798?s=96&d=mm&r=g\",\"url\":\"https:\\\/\\\/secure.gravatar.com\\\/avatar\\\/3ea2118a5f7dad2b7138b1187a6b7ee55f160b9968b66013c3a3ef39dd7e5798?s=96&d=mm&r=g\",\"contentUrl\":\"https:\\\/\\\/secure.gravatar.com\\\/avatar\\\/3ea2118a5f7dad2b7138b1187a6b7ee55f160b9968b66013c3a3ef39dd7e5798?s=96&d=mm&r=g\",\"caption\":\"Jeanette\"},\"sameAs\":[\"https:\\\/\\\/www.eldiario.net\\\/portal\"],\"url\":\"https:\\\/\\\/www.eldiario.net\\\/portal\\\/author\\\/jeanette\\\/\"}]}<\/script>\n<!-- \/ Yoast SEO plugin. -->","yoast_head_json":{"title":"Juez deniega Acci\u00f3n de Libertad a cocalero - El Diario - Bolivia","robots":{"index":"index","follow":"follow","max-snippet":"max-snippet:-1","max-image-preview":"max-image-preview:large","max-video-preview":"max-video-preview:-1"},"canonical":"https:\/\/www.eldiario.net\/portal\/2023\/02\/26\/juez-deniega-accion-de-libertad-a-cocalero\/","og_locale":"es_ES","og_type":"article","og_title":"Juez deniega Acci\u00f3n de Libertad a cocalero - El Diario - Bolivia","og_description":"El juez D\u00e9cimo Quinto de Sentencia, Enrique Cadena, deneg\u00f3 ayer la Acci\u00f3n de Libertad, que interpuso el abogado Jorge Valda que asesora a la Asamblea Permanente de Derechos Humanos de Bolivia (Apdhb). Con este acto jur\u00eddico se buscaba garantizar el derecho a la salud del dirigente cocalero C\u00e9sar Apaza. \u201cEs suscrito Juez D\u00e9cimo Quinto de [&hellip;]","og_url":"https:\/\/www.eldiario.net\/portal\/2023\/02\/26\/juez-deniega-accion-de-libertad-a-cocalero\/","og_site_name":"El Diario - Bolivia","article_publisher":"https:\/\/www.facebook.com\/eldiario.bolivia\/","article_published_time":"2023-02-26T09:47:03+00:00","author":"Jeanette","twitter_card":"summary_large_image","twitter_creator":"@eldiario_net","twitter_site":"@eldiario_net","twitter_misc":{"Escrito por":"Jeanette","Tiempo de lectura":"2 minutos"},"schema":{"@context":"https:\/\/schema.org","@graph":[{"@type":"Article","@id":"https:\/\/www.eldiario.net\/portal\/2023\/02\/26\/juez-deniega-accion-de-libertad-a-cocalero\/#article","isPartOf":{"@id":"https:\/\/www.eldiario.net\/portal\/2023\/02\/26\/juez-deniega-accion-de-libertad-a-cocalero\/"},"author":{"name":"Jeanette","@id":"https:\/\/www.eldiario.net\/portal\/#\/schema\/person\/f46445640444750d7d753ccd04ae01b7"},"headline":"Juez deniega Acci\u00f3n de Libertad a cocalero","datePublished":"2023-02-26T09:47:03+00:00","mainEntityOfPage":{"@id":"https:\/\/www.eldiario.net\/portal\/2023\/02\/26\/juez-deniega-accion-de-libertad-a-cocalero\/"},"wordCount":324,"publisher":{"@id":"https:\/\/www.eldiario.net\/portal\/#organization"},"articleSection":["Sociedad - Seguridad"],"inLanguage":"es"},{"@type":"WebPage","@id":"https:\/\/www.eldiario.net\/portal\/2023\/02\/26\/juez-deniega-accion-de-libertad-a-cocalero\/","url":"https:\/\/www.eldiario.net\/portal\/2023\/02\/26\/juez-deniega-accion-de-libertad-a-cocalero\/","name":"Juez deniega Acci\u00f3n de Libertad a cocalero - El Diario - Bolivia","isPartOf":{"@id":"https:\/\/www.eldiario.net\/portal\/#website"},"datePublished":"2023-02-26T09:47:03+00:00","breadcrumb":{"@id":"https:\/\/www.eldiario.net\/portal\/2023\/02\/26\/juez-deniega-accion-de-libertad-a-cocalero\/#breadcrumb"},"inLanguage":"es","potentialAction":[{"@type":"ReadAction","target":["https:\/\/www.eldiario.net\/portal\/2023\/02\/26\/juez-deniega-accion-de-libertad-a-cocalero\/"]}]},{"@type":"BreadcrumbList","@id":"https:\/\/www.eldiario.net\/portal\/2023\/02\/26\/juez-deniega-accion-de-libertad-a-cocalero\/#breadcrumb","itemListElement":[{"@type":"ListItem","position":1,"name":"Portada","item":"https:\/\/www.eldiario.net\/portal\/"},{"@type":"ListItem","position":2,"name":"Juez deniega Acci\u00f3n de Libertad a cocalero"}]},{"@type":"WebSite","@id":"https:\/\/www.eldiario.net\/portal\/#website","url":"https:\/\/www.eldiario.net\/portal\/","name":"El Diario - Decano de la prensa nacional","description":"El Diario - Decano de la prensa nacional","publisher":{"@id":"https:\/\/www.eldiario.net\/portal\/#organization"},"potentialAction":[{"@type":"SearchAction","target":{"@type":"EntryPoint","urlTemplate":"https:\/\/www.eldiario.net\/portal\/?s={search_term_string}"},"query-input":{"@type":"PropertyValueSpecification","valueRequired":true,"valueName":"search_term_string"}}],"inLanguage":"es"},{"@type":"Organization","@id":"https:\/\/www.eldiario.net\/portal\/#organization","name":"El Diario - Decano de la prensa nacional","url":"https:\/\/www.eldiario.net\/portal\/","logo":{"@type":"ImageObject","inLanguage":"es","@id":"https:\/\/www.eldiario.net\/portal\/#\/schema\/logo\/image\/","url":"https:\/\/www.eldiario.net\/portal\/wp-content\/uploads\/2023\/07\/logo_ED.jpg","contentUrl":"https:\/\/www.eldiario.net\/portal\/wp-content\/uploads\/2023\/07\/logo_ED.jpg","width":272,"height":52,"caption":"El Diario - Decano de la prensa nacional"},"image":{"@id":"https:\/\/www.eldiario.net\/portal\/#\/schema\/logo\/image\/"},"sameAs":["https:\/\/www.facebook.com\/eldiario.bolivia\/","https:\/\/x.com\/eldiario_net"]},{"@type":"Person","@id":"https:\/\/www.eldiario.net\/portal\/#\/schema\/person\/f46445640444750d7d753ccd04ae01b7","name":"Jeanette","image":{"@type":"ImageObject","inLanguage":"es","@id":"https:\/\/secure.gravatar.com\/avatar\/3ea2118a5f7dad2b7138b1187a6b7ee55f160b9968b66013c3a3ef39dd7e5798?s=96&d=mm&r=g","url":"https:\/\/secure.gravatar.com\/avatar\/3ea2118a5f7dad2b7138b1187a6b7ee55f160b9968b66013c3a3ef39dd7e5798?s=96&d=mm&r=g","contentUrl":"https:\/\/secure.gravatar.com\/avatar\/3ea2118a5f7dad2b7138b1187a6b7ee55f160b9968b66013c3a3ef39dd7e5798?s=96&d=mm&r=g","caption":"Jeanette"},"sameAs":["https:\/\/www.eldiario.net\/portal"],"url":"https:\/\/www.eldiario.net\/portal\/author\/jeanette\/"}]}},"_links":{"self":[{"href":"https:\/\/www.eldiario.net\/portal\/wp-json\/wp\/v2\/posts\/140186","targetHints":{"allow":["GET"]}}],"collection":[{"href":"https:\/\/www.eldiario.net\/portal\/wp-json\/wp\/v2\/posts"}],"about":[{"href":"https:\/\/www.eldiario.net\/portal\/wp-json\/wp\/v2\/types\/post"}],"author":[{"embeddable":true,"href":"https:\/\/www.eldiario.net\/portal\/wp-json\/wp\/v2\/users\/1"}],"replies":[{"embeddable":true,"href":"https:\/\/www.eldiario.net\/portal\/wp-json\/wp\/v2\/comments?post=140186"}],"version-history":[{"count":0,"href":"https:\/\/www.eldiario.net\/portal\/wp-json\/wp\/v2\/posts\/140186\/revisions"}],"wp:attachment":[{"href":"https:\/\/www.eldiario.net\/portal\/wp-json\/wp\/v2\/media?parent=140186"}],"wp:term":[{"taxonomy":"category","embeddable":true,"href":"https:\/\/www.eldiario.net\/portal\/wp-json\/wp\/v2\/categories?post=140186"},{"taxonomy":"post_tag","embeddable":true,"href":"https:\/\/www.eldiario.net\/portal\/wp-json\/wp\/v2\/tags?post=140186"}],"curies":[{"name":"wp","href":"https:\/\/api.w.org\/{rel}","templated":true}]}}