{"id":140182,"date":"2023-02-26T05:46:23","date_gmt":"2023-02-26T09:46:23","guid":{"rendered":"https:\/\/www.eldiario.net\/portal\/?p=140182"},"modified":"2023-02-26T05:46:23","modified_gmt":"2023-02-26T09:46:23","slug":"primera-entrada-de-chutas-y-pepinos-cumple-25-anos","status":"publish","type":"post","link":"https:\/\/www.eldiario.net\/portal\/2023\/02\/26\/primera-entrada-de-chutas-y-pepinos-cumple-25-anos\/","title":{"rendered":"Primera Entrada de Ch\u2019utas  y Pepinos cumple 25 a\u00f1os"},"content":{"rendered":"<p>Fue hace 25 a\u00f1os, en 1998, cuando El\u00edas Illanes Pat\u00f3n junto a su directiva dieron legalidad a la entonces cacharpaya de Domingo de Tentaci\u00f3n para organizar la primera Entrada de Ch\u2019utas y Pepinos. Con el tiempo, tambi\u00e9n se implement\u00f3 el denominado Entierro del Pepino y ambas actividades, en la actualidad, forman parte de la tradici\u00f3n pace\u00f1a para despedir el Carnaval.<br \/>\nEn la actualidad alrededor de una veintena de comparsas forman parte de la entrada y participan con la Asociaci\u00f3n de Comparsas del Carnaval Pace\u00f1o (ACCP) que hoy se concentrar\u00e1n a las 11:00 horas en cercan\u00edas de la plaza Garita de Lima, desde donde subir\u00e1n por la avenida Baptista hasta llegar a la puerta del Cementerio General, recorrer la avenida Kollasuyo y llegar a la cancha El Tejar para desconcentrarse.<br \/>\nOtro grupo lleva desde el centro pace\u00f1o el f\u00e9retro del pepino hasta el camposanto pace\u00f1o y realizan un acto simb\u00f3lico emulando el entierro del personaje que retornar\u00e1 la siguiente gesti\u00f3n cargado de alegr\u00eda y travesuras.<br \/>\nEn entrevista con EL DIARIO, Illanes, relat\u00f3 que la participaci\u00f3n de la poblaci\u00f3n, antes de 1998, \u201ceran grupos de disfrazados que sal\u00edan rumbo a la cancha El Tejar y le dec\u00edan cacharpaya. Los bailarines llegaban desde diferentes zonas y se concentraban dentro la cancha, la gente miraba desde las grader\u00edas\u201d, record\u00f3.<br \/>\nCon documentos en mano, cont\u00f3 que luego de asumir como presidente de la Federaci\u00f3n Folkl\u00f3rica Departamental de La Paz (1997), al a\u00f1o siguiente (1998) de la que entonces se llamaba Chuquiago Anata nace la entrada de ch\u2019utas y pepinos de Domingo de Tentaci\u00f3n, con seis fraternidades: Ch\u2019utas Aljeris de La Paz, Ch\u2019utas Coquetos y sus Lindas Joyitas, Ch\u2019utas Fan\u00e1ticos del Folclore, Ch\u2019utas Choleros de La Paz, Ch\u2019utas Choleros y sus Lindas Mamis y los Ch\u2019utas Alegres Verdaderos Intocables.<br \/>\n\u201cAsum\u00ed el cargo de dirigente de la Federaci\u00f3n Folcl\u00f3rica del Departamento de La Paz el a\u00f1o 1997 y cre\u00e9 la primera entrada del Domingo de Tentaci\u00f3n o el Entierro del Pepino, en 1998, con el fin de agrandar la cultura\u201d, asegur\u00f3.<br \/>\nTodo era mejor organizado, afirm\u00f3, incluso contaron con un palco ubicado frente a la puerta principal del Cementerio General y contaban con la participaci\u00f3n de jurados. En esa ocasi\u00f3n, estuvieron el director de Culturas y Patrimonio, Manuel Monrroy Chazarreta; el oficial mayor de Cultura, Jaime Mart\u00ednez y representantes de conjuntos folkl\u00f3ricos de zonas y villas de las ciudades de La Paz y El Alto.<br \/>\nMientras muestra fotograf\u00edas de ese tiempo, con las primeras entradas oficiales, con esas autoridades municipales, don El\u00edas reconoce que llegaron otras personas y modificaron \u201cen algo\u201d la entrada, como la inclusi\u00f3n de dramatizaciones del entierro en la que participan la viudas y lo depositan en el camposanto.<br \/>\nAMBULANCIAS<br \/>\nHoy, miles de bailarines acompa\u00f1ar\u00e1n al personaje pace\u00f1o rumbo a El Tejar y luego del Entierro del Pepino las comparsas de ch\u2019utas y pepinos subir\u00e1n desde la plaza Garita de Lima, para la ocasi\u00f3n la comuna pace\u00f1a dispuso de dos ambulancias que atender\u00e1n casos de emergencia y aplicar\u00e1n pruebas ant\u00edgeno nasal, de esa manera se podr\u00e1 identificar posibles contagios de coronavirus.<br \/>\n\u201cSe va a desplazar dos ambulancias. Cada unidad va a estar compuesta por m\u00e9dicos y param\u00e9dicos y su conductor, van a ser tres personas por ambulancia que van a desplazarse durante el recorrido\u201d, inform\u00f3 el coordinador del Sistema Municipal de Atenci\u00f3n Prehospitalaria y de Emergencias Auxilio La Paz 167, Miguel Collao.<br \/>\nLas ambulancias acompa\u00f1ar\u00e1n el recorrido de las comparsas participantes, una ir\u00e1 por delante y otra al final. Posteriormente, tomar\u00e1n posiciones estrat\u00e9gicas para brindar la atenci\u00f3n m\u00e9dica cuando se requiera.<br \/>\nEn caso de ser necesario, los pacientes ser\u00e1n derivados a uno de los hospitales municipales de segundo nivel, como La Merced, Los Pinos, Cotahuma, La Portada o La Paz.<br \/>\nDesde la Alcald\u00eda de La Paz se inform\u00f3 que, en el trayecto del recorrido, se habilitar\u00e1n pasos peatonales, ba\u00f1os, puntos de control y un punto de la Defensor\u00eda Municipal.<\/p>\n\n","protected":false},"excerpt":{"rendered":"<p>Fue hace 25 a\u00f1os, en 1998, cuando El\u00edas Illanes Pat\u00f3n junto a su directiva dieron legalidad a la entonces cacharpaya de Domingo de Tentaci\u00f3n para organizar la primera Entrada de Ch\u2019utas y Pepinos. Con el tiempo, tambi\u00e9n se implement\u00f3 el denominado Entierro del Pepino y ambas actividades, en la actualidad, forman parte de la tradici\u00f3n [&hellip;]<\/p>\n","protected":false},"author":1,"featured_media":140183,"comment_status":"closed","ping_status":"closed","sticky":false,"template":"","format":"standard","meta":{"_acf_changed":false,"footnotes":""},"categories":[12],"tags":[],"class_list":["post-140182","post","type-post","status-publish","format-standard","has-post-thumbnail","category-nacional"],"acf":{"antetitulo":""},"yoast_head":"<!-- This site is optimized with the Yoast SEO plugin v28.3 - https:\/\/yoast.com\/product\/yoast-seo-wordpress\/ -->\n<title>Primera Entrada de Ch\u2019utas y Pepinos cumple 25 a\u00f1os - El Diario - Bolivia<\/title>\n<meta name=\"robots\" content=\"index, follow, max-snippet:-1, max-image-preview:large, max-video-preview:-1\" \/>\n<link rel=\"canonical\" href=\"https:\/\/www.eldiario.net\/portal\/2023\/02\/26\/primera-entrada-de-chutas-y-pepinos-cumple-25-anos\/\" \/>\n<meta property=\"og:locale\" content=\"es_ES\" \/>\n<meta property=\"og:type\" content=\"article\" \/>\n<meta property=\"og:title\" content=\"Primera Entrada de Ch\u2019utas y Pepinos cumple 25 a\u00f1os - El Diario - Bolivia\" \/>\n<meta property=\"og:description\" content=\"Fue hace 25 a\u00f1os, en 1998, cuando El\u00edas Illanes Pat\u00f3n junto a su directiva dieron legalidad a la entonces cacharpaya de Domingo de Tentaci\u00f3n para organizar la primera Entrada de Ch\u2019utas y Pepinos. Con el tiempo, tambi\u00e9n se implement\u00f3 el denominado Entierro del Pepino y ambas actividades, en la actualidad, forman parte de la tradici\u00f3n [&hellip;]\" \/>\n<meta property=\"og:url\" content=\"https:\/\/www.eldiario.net\/portal\/2023\/02\/26\/primera-entrada-de-chutas-y-pepinos-cumple-25-anos\/\" \/>\n<meta property=\"og:site_name\" content=\"El Diario - Bolivia\" \/>\n<meta property=\"article:publisher\" content=\"https:\/\/www.facebook.com\/eldiario.bolivia\/\" \/>\n<meta property=\"article:published_time\" content=\"2023-02-26T09:46:23+00:00\" \/>\n<meta name=\"author\" content=\"Jeanette\" \/>\n<meta name=\"twitter:card\" content=\"summary_large_image\" \/>\n<meta name=\"twitter:creator\" content=\"@eldiario_net\" \/>\n<meta name=\"twitter:site\" content=\"@eldiario_net\" \/>\n<meta name=\"twitter:label1\" content=\"Escrito por\" \/>\n\t<meta name=\"twitter:data1\" content=\"Jeanette\" \/>\n\t<meta name=\"twitter:label2\" content=\"Tiempo de lectura\" \/>\n\t<meta name=\"twitter:data2\" content=\"3 minutos\" \/>\n<script type=\"application\/ld+json\" class=\"yoast-schema-graph\">{\"@context\":\"https:\\\/\\\/schema.org\",\"@graph\":[{\"@type\":\"Article\",\"@id\":\"https:\\\/\\\/www.eldiario.net\\\/portal\\\/2023\\\/02\\\/26\\\/primera-entrada-de-chutas-y-pepinos-cumple-25-anos\\\/#article\",\"isPartOf\":{\"@id\":\"https:\\\/\\\/www.eldiario.net\\\/portal\\\/2023\\\/02\\\/26\\\/primera-entrada-de-chutas-y-pepinos-cumple-25-anos\\\/\"},\"author\":{\"name\":\"Jeanette\",\"@id\":\"https:\\\/\\\/www.eldiario.net\\\/portal\\\/#\\\/schema\\\/person\\\/f46445640444750d7d753ccd04ae01b7\"},\"headline\":\"Primera Entrada de Ch\u2019utas y Pepinos cumple 25 a\u00f1os\",\"datePublished\":\"2023-02-26T09:46:23+00:00\",\"mainEntityOfPage\":{\"@id\":\"https:\\\/\\\/www.eldiario.net\\\/portal\\\/2023\\\/02\\\/26\\\/primera-entrada-de-chutas-y-pepinos-cumple-25-anos\\\/\"},\"wordCount\":721,\"publisher\":{\"@id\":\"https:\\\/\\\/www.eldiario.net\\\/portal\\\/#organization\"},\"image\":{\"@id\":\"https:\\\/\\\/www.eldiario.net\\\/portal\\\/2023\\\/02\\\/26\\\/primera-entrada-de-chutas-y-pepinos-cumple-25-anos\\\/#primaryimage\"},\"thumbnailUrl\":\"\",\"articleSection\":[\"Nacional\"],\"inLanguage\":\"es\"},{\"@type\":\"WebPage\",\"@id\":\"https:\\\/\\\/www.eldiario.net\\\/portal\\\/2023\\\/02\\\/26\\\/primera-entrada-de-chutas-y-pepinos-cumple-25-anos\\\/\",\"url\":\"https:\\\/\\\/www.eldiario.net\\\/portal\\\/2023\\\/02\\\/26\\\/primera-entrada-de-chutas-y-pepinos-cumple-25-anos\\\/\",\"name\":\"Primera Entrada de Ch\u2019utas y Pepinos cumple 25 a\u00f1os - El Diario - Bolivia\",\"isPartOf\":{\"@id\":\"https:\\\/\\\/www.eldiario.net\\\/portal\\\/#website\"},\"primaryImageOfPage\":{\"@id\":\"https:\\\/\\\/www.eldiario.net\\\/portal\\\/2023\\\/02\\\/26\\\/primera-entrada-de-chutas-y-pepinos-cumple-25-anos\\\/#primaryimage\"},\"image\":{\"@id\":\"https:\\\/\\\/www.eldiario.net\\\/portal\\\/2023\\\/02\\\/26\\\/primera-entrada-de-chutas-y-pepinos-cumple-25-anos\\\/#primaryimage\"},\"thumbnailUrl\":\"\",\"datePublished\":\"2023-02-26T09:46:23+00:00\",\"breadcrumb\":{\"@id\":\"https:\\\/\\\/www.eldiario.net\\\/portal\\\/2023\\\/02\\\/26\\\/primera-entrada-de-chutas-y-pepinos-cumple-25-anos\\\/#breadcrumb\"},\"inLanguage\":\"es\",\"potentialAction\":[{\"@type\":\"ReadAction\",\"target\":[\"https:\\\/\\\/www.eldiario.net\\\/portal\\\/2023\\\/02\\\/26\\\/primera-entrada-de-chutas-y-pepinos-cumple-25-anos\\\/\"]}]},{\"@type\":\"ImageObject\",\"inLanguage\":\"es\",\"@id\":\"https:\\\/\\\/www.eldiario.net\\\/portal\\\/2023\\\/02\\\/26\\\/primera-entrada-de-chutas-y-pepinos-cumple-25-anos\\\/#primaryimage\",\"url\":\"\",\"contentUrl\":\"\"},{\"@type\":\"BreadcrumbList\",\"@id\":\"https:\\\/\\\/www.eldiario.net\\\/portal\\\/2023\\\/02\\\/26\\\/primera-entrada-de-chutas-y-pepinos-cumple-25-anos\\\/#breadcrumb\",\"itemListElement\":[{\"@type\":\"ListItem\",\"position\":1,\"name\":\"Portada\",\"item\":\"https:\\\/\\\/www.eldiario.net\\\/portal\\\/\"},{\"@type\":\"ListItem\",\"position\":2,\"name\":\"Primera Entrada de Ch\u2019utas y Pepinos cumple 25 a\u00f1os\"}]},{\"@type\":\"WebSite\",\"@id\":\"https:\\\/\\\/www.eldiario.net\\\/portal\\\/#website\",\"url\":\"https:\\\/\\\/www.eldiario.net\\\/portal\\\/\",\"name\":\"El Diario - Decano de la prensa nacional\",\"description\":\"El Diario - Decano de la prensa nacional\",\"publisher\":{\"@id\":\"https:\\\/\\\/www.eldiario.net\\\/portal\\\/#organization\"},\"potentialAction\":[{\"@type\":\"SearchAction\",\"target\":{\"@type\":\"EntryPoint\",\"urlTemplate\":\"https:\\\/\\\/www.eldiario.net\\\/portal\\\/?s={search_term_string}\"},\"query-input\":{\"@type\":\"PropertyValueSpecification\",\"valueRequired\":true,\"valueName\":\"search_term_string\"}}],\"inLanguage\":\"es\"},{\"@type\":\"Organization\",\"@id\":\"https:\\\/\\\/www.eldiario.net\\\/portal\\\/#organization\",\"name\":\"El Diario - Decano de la prensa nacional\",\"url\":\"https:\\\/\\\/www.eldiario.net\\\/portal\\\/\",\"logo\":{\"@type\":\"ImageObject\",\"inLanguage\":\"es\",\"@id\":\"https:\\\/\\\/www.eldiario.net\\\/portal\\\/#\\\/schema\\\/logo\\\/image\\\/\",\"url\":\"https:\\\/\\\/www.eldiario.net\\\/portal\\\/wp-content\\\/uploads\\\/2023\\\/07\\\/logo_ED.jpg\",\"contentUrl\":\"https:\\\/\\\/www.eldiario.net\\\/portal\\\/wp-content\\\/uploads\\\/2023\\\/07\\\/logo_ED.jpg\",\"width\":272,\"height\":52,\"caption\":\"El Diario - Decano de la prensa nacional\"},\"image\":{\"@id\":\"https:\\\/\\\/www.eldiario.net\\\/portal\\\/#\\\/schema\\\/logo\\\/image\\\/\"},\"sameAs\":[\"https:\\\/\\\/www.facebook.com\\\/eldiario.bolivia\\\/\",\"https:\\\/\\\/x.com\\\/eldiario_net\"]},{\"@type\":\"Person\",\"@id\":\"https:\\\/\\\/www.eldiario.net\\\/portal\\\/#\\\/schema\\\/person\\\/f46445640444750d7d753ccd04ae01b7\",\"name\":\"Jeanette\",\"image\":{\"@type\":\"ImageObject\",\"inLanguage\":\"es\",\"@id\":\"https:\\\/\\\/secure.gravatar.com\\\/avatar\\\/3ea2118a5f7dad2b7138b1187a6b7ee55f160b9968b66013c3a3ef39dd7e5798?s=96&d=mm&r=g\",\"url\":\"https:\\\/\\\/secure.gravatar.com\\\/avatar\\\/3ea2118a5f7dad2b7138b1187a6b7ee55f160b9968b66013c3a3ef39dd7e5798?s=96&d=mm&r=g\",\"contentUrl\":\"https:\\\/\\\/secure.gravatar.com\\\/avatar\\\/3ea2118a5f7dad2b7138b1187a6b7ee55f160b9968b66013c3a3ef39dd7e5798?s=96&d=mm&r=g\",\"caption\":\"Jeanette\"},\"sameAs\":[\"https:\\\/\\\/www.eldiario.net\\\/portal\"],\"url\":\"https:\\\/\\\/www.eldiario.net\\\/portal\\\/author\\\/jeanette\\\/\"}]}<\/script>\n<!-- \/ Yoast SEO plugin. -->","yoast_head_json":{"title":"Primera Entrada de Ch\u2019utas y Pepinos cumple 25 a\u00f1os - El Diario - Bolivia","robots":{"index":"index","follow":"follow","max-snippet":"max-snippet:-1","max-image-preview":"max-image-preview:large","max-video-preview":"max-video-preview:-1"},"canonical":"https:\/\/www.eldiario.net\/portal\/2023\/02\/26\/primera-entrada-de-chutas-y-pepinos-cumple-25-anos\/","og_locale":"es_ES","og_type":"article","og_title":"Primera Entrada de Ch\u2019utas y Pepinos cumple 25 a\u00f1os - El Diario - Bolivia","og_description":"Fue hace 25 a\u00f1os, en 1998, cuando El\u00edas Illanes Pat\u00f3n junto a su directiva dieron legalidad a la entonces cacharpaya de Domingo de Tentaci\u00f3n para organizar la primera Entrada de Ch\u2019utas y Pepinos. Con el tiempo, tambi\u00e9n se implement\u00f3 el denominado Entierro del Pepino y ambas actividades, en la actualidad, forman parte de la tradici\u00f3n [&hellip;]","og_url":"https:\/\/www.eldiario.net\/portal\/2023\/02\/26\/primera-entrada-de-chutas-y-pepinos-cumple-25-anos\/","og_site_name":"El Diario - Bolivia","article_publisher":"https:\/\/www.facebook.com\/eldiario.bolivia\/","article_published_time":"2023-02-26T09:46:23+00:00","author":"Jeanette","twitter_card":"summary_large_image","twitter_creator":"@eldiario_net","twitter_site":"@eldiario_net","twitter_misc":{"Escrito por":"Jeanette","Tiempo de lectura":"3 minutos"},"schema":{"@context":"https:\/\/schema.org","@graph":[{"@type":"Article","@id":"https:\/\/www.eldiario.net\/portal\/2023\/02\/26\/primera-entrada-de-chutas-y-pepinos-cumple-25-anos\/#article","isPartOf":{"@id":"https:\/\/www.eldiario.net\/portal\/2023\/02\/26\/primera-entrada-de-chutas-y-pepinos-cumple-25-anos\/"},"author":{"name":"Jeanette","@id":"https:\/\/www.eldiario.net\/portal\/#\/schema\/person\/f46445640444750d7d753ccd04ae01b7"},"headline":"Primera Entrada de Ch\u2019utas y Pepinos cumple 25 a\u00f1os","datePublished":"2023-02-26T09:46:23+00:00","mainEntityOfPage":{"@id":"https:\/\/www.eldiario.net\/portal\/2023\/02\/26\/primera-entrada-de-chutas-y-pepinos-cumple-25-anos\/"},"wordCount":721,"publisher":{"@id":"https:\/\/www.eldiario.net\/portal\/#organization"},"image":{"@id":"https:\/\/www.eldiario.net\/portal\/2023\/02\/26\/primera-entrada-de-chutas-y-pepinos-cumple-25-anos\/#primaryimage"},"thumbnailUrl":"","articleSection":["Nacional"],"inLanguage":"es"},{"@type":"WebPage","@id":"https:\/\/www.eldiario.net\/portal\/2023\/02\/26\/primera-entrada-de-chutas-y-pepinos-cumple-25-anos\/","url":"https:\/\/www.eldiario.net\/portal\/2023\/02\/26\/primera-entrada-de-chutas-y-pepinos-cumple-25-anos\/","name":"Primera Entrada de Ch\u2019utas y Pepinos cumple 25 a\u00f1os - El Diario - Bolivia","isPartOf":{"@id":"https:\/\/www.eldiario.net\/portal\/#website"},"primaryImageOfPage":{"@id":"https:\/\/www.eldiario.net\/portal\/2023\/02\/26\/primera-entrada-de-chutas-y-pepinos-cumple-25-anos\/#primaryimage"},"image":{"@id":"https:\/\/www.eldiario.net\/portal\/2023\/02\/26\/primera-entrada-de-chutas-y-pepinos-cumple-25-anos\/#primaryimage"},"thumbnailUrl":"","datePublished":"2023-02-26T09:46:23+00:00","breadcrumb":{"@id":"https:\/\/www.eldiario.net\/portal\/2023\/02\/26\/primera-entrada-de-chutas-y-pepinos-cumple-25-anos\/#breadcrumb"},"inLanguage":"es","potentialAction":[{"@type":"ReadAction","target":["https:\/\/www.eldiario.net\/portal\/2023\/02\/26\/primera-entrada-de-chutas-y-pepinos-cumple-25-anos\/"]}]},{"@type":"ImageObject","inLanguage":"es","@id":"https:\/\/www.eldiario.net\/portal\/2023\/02\/26\/primera-entrada-de-chutas-y-pepinos-cumple-25-anos\/#primaryimage","url":"","contentUrl":""},{"@type":"BreadcrumbList","@id":"https:\/\/www.eldiario.net\/portal\/2023\/02\/26\/primera-entrada-de-chutas-y-pepinos-cumple-25-anos\/#breadcrumb","itemListElement":[{"@type":"ListItem","position":1,"name":"Portada","item":"https:\/\/www.eldiario.net\/portal\/"},{"@type":"ListItem","position":2,"name":"Primera Entrada de Ch\u2019utas y Pepinos cumple 25 a\u00f1os"}]},{"@type":"WebSite","@id":"https:\/\/www.eldiario.net\/portal\/#website","url":"https:\/\/www.eldiario.net\/portal\/","name":"El Diario - Decano de la prensa nacional","description":"El Diario - Decano de la prensa nacional","publisher":{"@id":"https:\/\/www.eldiario.net\/portal\/#organization"},"potentialAction":[{"@type":"SearchAction","target":{"@type":"EntryPoint","urlTemplate":"https:\/\/www.eldiario.net\/portal\/?s={search_term_string}"},"query-input":{"@type":"PropertyValueSpecification","valueRequired":true,"valueName":"search_term_string"}}],"inLanguage":"es"},{"@type":"Organization","@id":"https:\/\/www.eldiario.net\/portal\/#organization","name":"El Diario - Decano de la prensa nacional","url":"https:\/\/www.eldiario.net\/portal\/","logo":{"@type":"ImageObject","inLanguage":"es","@id":"https:\/\/www.eldiario.net\/portal\/#\/schema\/logo\/image\/","url":"https:\/\/www.eldiario.net\/portal\/wp-content\/uploads\/2023\/07\/logo_ED.jpg","contentUrl":"https:\/\/www.eldiario.net\/portal\/wp-content\/uploads\/2023\/07\/logo_ED.jpg","width":272,"height":52,"caption":"El Diario - Decano de la prensa nacional"},"image":{"@id":"https:\/\/www.eldiario.net\/portal\/#\/schema\/logo\/image\/"},"sameAs":["https:\/\/www.facebook.com\/eldiario.bolivia\/","https:\/\/x.com\/eldiario_net"]},{"@type":"Person","@id":"https:\/\/www.eldiario.net\/portal\/#\/schema\/person\/f46445640444750d7d753ccd04ae01b7","name":"Jeanette","image":{"@type":"ImageObject","inLanguage":"es","@id":"https:\/\/secure.gravatar.com\/avatar\/3ea2118a5f7dad2b7138b1187a6b7ee55f160b9968b66013c3a3ef39dd7e5798?s=96&d=mm&r=g","url":"https:\/\/secure.gravatar.com\/avatar\/3ea2118a5f7dad2b7138b1187a6b7ee55f160b9968b66013c3a3ef39dd7e5798?s=96&d=mm&r=g","contentUrl":"https:\/\/secure.gravatar.com\/avatar\/3ea2118a5f7dad2b7138b1187a6b7ee55f160b9968b66013c3a3ef39dd7e5798?s=96&d=mm&r=g","caption":"Jeanette"},"sameAs":["https:\/\/www.eldiario.net\/portal"],"url":"https:\/\/www.eldiario.net\/portal\/author\/jeanette\/"}]}},"_links":{"self":[{"href":"https:\/\/www.eldiario.net\/portal\/wp-json\/wp\/v2\/posts\/140182","targetHints":{"allow":["GET"]}}],"collection":[{"href":"https:\/\/www.eldiario.net\/portal\/wp-json\/wp\/v2\/posts"}],"about":[{"href":"https:\/\/www.eldiario.net\/portal\/wp-json\/wp\/v2\/types\/post"}],"author":[{"embeddable":true,"href":"https:\/\/www.eldiario.net\/portal\/wp-json\/wp\/v2\/users\/1"}],"replies":[{"embeddable":true,"href":"https:\/\/www.eldiario.net\/portal\/wp-json\/wp\/v2\/comments?post=140182"}],"version-history":[{"count":0,"href":"https:\/\/www.eldiario.net\/portal\/wp-json\/wp\/v2\/posts\/140182\/revisions"}],"wp:attachment":[{"href":"https:\/\/www.eldiario.net\/portal\/wp-json\/wp\/v2\/media?parent=140182"}],"wp:term":[{"taxonomy":"category","embeddable":true,"href":"https:\/\/www.eldiario.net\/portal\/wp-json\/wp\/v2\/categories?post=140182"},{"taxonomy":"post_tag","embeddable":true,"href":"https:\/\/www.eldiario.net\/portal\/wp-json\/wp\/v2\/tags?post=140182"}],"curies":[{"name":"wp","href":"https:\/\/api.w.org\/{rel}","templated":true}]}}