{"id":140179,"date":"2023-02-26T05:44:42","date_gmt":"2023-02-26T09:44:42","guid":{"rendered":"https:\/\/www.eldiario.net\/portal\/?p=140179"},"modified":"2023-02-26T05:44:42","modified_gmt":"2023-02-26T09:44:42","slug":"capturan-a-tres-implicados-mas-en-atraco-a-dos-casas-de-cambio","status":"publish","type":"post","link":"https:\/\/www.eldiario.net\/portal\/2023\/02\/26\/capturan-a-tres-implicados-mas-en-atraco-a-dos-casas-de-cambio\/","title":{"rendered":"Capturan a tres implicados m\u00e1s en atraco a dos casas de cambio"},"content":{"rendered":"<p>Luego de diferentes operativos policiales, se dio con el paradero de tres implicados m\u00e1s en el atraco a dos casas de cambio; \u201cRigomar\u201d y \u201cBiyuyo\u201d, en la zona Extranca R\u00edo Seco, El Alto. El hecho ocurrido el 16 de febrero dej\u00f3 tres heridos de bala. Entre los capturados est\u00e1n dos varones y una mujer, uno de ellos tiene antecedentes policiales.<br \/>\nEl ministro de Gobierno, Eduardo Del Castillo, record\u00f3 que durante el atraco los delincuentes utilizaron armas de fuego y se llevaron m\u00e1s de Bs 200 mil y que por este hecho ya fueron aprehendidas otras cinco personas, por lo que a la fecha se tiene a ocho involucrados tras las rejas.<br \/>\nPresent\u00f3 a Roberto Fabi\u00e1n B. G., alias \u201cEl Gaucho\u201d, de 33 a\u00f1os, quien ser\u00eda el chofer del auto robado que sirvi\u00f3 para darse a la fuga despu\u00e9s de cometer el delito. Este sujeto fue detenido el viernes cerca de las 22:00, en la ciudad de Oruro y en poder de armas de fuego, cuchillos tipo bayoneta, adem\u00e1s de proyectiles de fuego y 13 paquetes de una sustancia parecida a la marihuana.<br \/>\n\u201cEste hombre ser\u00eda el conductor del veh\u00edculo robado, donde arribaron (los atracadores) y posteriormente se dieron a la fuga. Veh\u00edculo que fue recuperado d\u00edas atr\u00e1s por parte de la Polic\u00eda Boliviana\u201d, argument\u00f3 el ministro.<br \/>\nDetall\u00f3 que entre los elementos decomisados est\u00e1n dos celulares y en grabaciones que ten\u00edan esos aparatos se hallaron conversaciones en las que \u201cEl Gaucho\u201d confiesa haber sido part\u00edcipe del aquel hecho, adem\u00e1s el acusado tiene antecedentes penales por robo y lesiones graves.<br \/>\nOtro de los aprehendidos, esta vez en la zona Alianza de la ciudad de El Alto, es Reynaldo M. M. (47) alias \u201cEl Chivo\u201d quien ser\u00eda el conductor que trajo a los atracadores peruanos involucrados en el hecho, desde la localidad peruana de Kasani hasta El Alto, d\u00edas antes al 16 de febrero.<br \/>\nLa tercera capturada es Yola Q.Ch. alias \u201cLa Yane\u201d quien acogi\u00f3 en su domicilio a dos ciudadanos peruanos en la zona Santiago Segundo calle 10 de la ciudad de El Alto.<br \/>\nDel Castillo asegur\u00f3 que aprehender\u00e1n a todas las personas que coadyuvaron en la comisi\u00f3n de estos delitos y advirti\u00f3 que cualquier ciudadano extranjero que llegue al pa\u00eds para cometer alg\u00fan delito, no debe subestimar a la Polic\u00eda Boliviana pues ser\u00e1 detenido.<br \/>\n\u201cTodas aquellas personas que han coadyuvado de alguna u otra manera en la comisi\u00f3n de estos delitos, como coautores, en la comisi\u00f3n de los delitos investigados, queremos manifestar que van a hacer aprehendidas\u201d, a\u00f1adi\u00f3.<br \/>\nEl pasado 16 de febrero, un grupo de personas asalt\u00f3 de forma violenta dos casas de cambio: \u201cBiyuyo\u201d y \u201cRigomar\u201d, en la zona de R\u00edo Seco en El Alto. Estaban armados y encapuchados, se llevaron el dinero del lugar, hirieron de gravedad al propietario del lugar y mientras escapaban tambi\u00e9n dispararon contra dos efectivos de la Polic\u00eda, todos fueron auxiliados a centros m\u00e9dicos. Los antisociales huyeron en una vagoneta Ford Explorer.<br \/>\nAl d\u00eda siguiente, el 17 de febrero, se captur\u00f3 a cinco personas; tres varones y dos mujeres. Uno de ellos, Marco Antonio A. con antecedentes penales y que estuvo recluido unas cinco veces por distintos delitos. Todos fueron enviados a la c\u00e1rcel con detenci\u00f3n preventiva por seis y tres meses.<\/p>\n","protected":false},"excerpt":{"rendered":"<p>Luego de diferentes operativos policiales, se dio con el paradero de tres implicados m\u00e1s en el atraco a dos casas de cambio; \u201cRigomar\u201d y \u201cBiyuyo\u201d, en la zona Extranca R\u00edo Seco, El Alto. El hecho ocurrido el 16 de febrero dej\u00f3 tres heridos de bala. Entre los capturados est\u00e1n dos varones y una mujer, uno [&hellip;]<\/p>\n","protected":false},"author":1,"featured_media":140180,"comment_status":"closed","ping_status":"closed","sticky":false,"template":"","format":"standard","meta":{"_acf_changed":false,"footnotes":""},"categories":[12],"tags":[],"class_list":["post-140179","post","type-post","status-publish","format-standard","has-post-thumbnail","category-nacional"],"acf":{"antetitulo":""},"yoast_head":"<!-- This site is optimized with the Yoast SEO plugin v28.3 - https:\/\/yoast.com\/product\/yoast-seo-wordpress\/ -->\n<title>Capturan a tres implicados m\u00e1s en atraco a dos casas de cambio - El Diario - Bolivia<\/title>\n<meta name=\"robots\" content=\"index, follow, max-snippet:-1, max-image-preview:large, max-video-preview:-1\" \/>\n<link rel=\"canonical\" href=\"https:\/\/www.eldiario.net\/portal\/2023\/02\/26\/capturan-a-tres-implicados-mas-en-atraco-a-dos-casas-de-cambio\/\" \/>\n<meta property=\"og:locale\" content=\"es_ES\" \/>\n<meta property=\"og:type\" content=\"article\" \/>\n<meta property=\"og:title\" content=\"Capturan a tres implicados m\u00e1s en atraco a dos casas de cambio - El Diario - Bolivia\" \/>\n<meta property=\"og:description\" content=\"Luego de diferentes operativos policiales, se dio con el paradero de tres implicados m\u00e1s en el atraco a dos casas de cambio; \u201cRigomar\u201d y \u201cBiyuyo\u201d, en la zona Extranca R\u00edo Seco, El Alto. El hecho ocurrido el 16 de febrero dej\u00f3 tres heridos de bala. Entre los capturados est\u00e1n dos varones y una mujer, uno [&hellip;]\" \/>\n<meta property=\"og:url\" content=\"https:\/\/www.eldiario.net\/portal\/2023\/02\/26\/capturan-a-tres-implicados-mas-en-atraco-a-dos-casas-de-cambio\/\" \/>\n<meta property=\"og:site_name\" content=\"El Diario - Bolivia\" \/>\n<meta property=\"article:publisher\" content=\"https:\/\/www.facebook.com\/eldiario.bolivia\/\" \/>\n<meta property=\"article:published_time\" content=\"2023-02-26T09:44:42+00:00\" \/>\n<meta name=\"author\" content=\"Jeanette\" \/>\n<meta name=\"twitter:card\" content=\"summary_large_image\" \/>\n<meta name=\"twitter:creator\" content=\"@eldiario_net\" \/>\n<meta name=\"twitter:site\" content=\"@eldiario_net\" \/>\n<meta name=\"twitter:label1\" content=\"Escrito por\" \/>\n\t<meta name=\"twitter:data1\" content=\"Jeanette\" \/>\n\t<meta name=\"twitter:label2\" content=\"Tiempo de lectura\" \/>\n\t<meta name=\"twitter:data2\" content=\"3 minutos\" \/>\n<script type=\"application\/ld+json\" class=\"yoast-schema-graph\">{\"@context\":\"https:\\\/\\\/schema.org\",\"@graph\":[{\"@type\":\"Article\",\"@id\":\"https:\\\/\\\/www.eldiario.net\\\/portal\\\/2023\\\/02\\\/26\\\/capturan-a-tres-implicados-mas-en-atraco-a-dos-casas-de-cambio\\\/#article\",\"isPartOf\":{\"@id\":\"https:\\\/\\\/www.eldiario.net\\\/portal\\\/2023\\\/02\\\/26\\\/capturan-a-tres-implicados-mas-en-atraco-a-dos-casas-de-cambio\\\/\"},\"author\":{\"name\":\"Jeanette\",\"@id\":\"https:\\\/\\\/www.eldiario.net\\\/portal\\\/#\\\/schema\\\/person\\\/f46445640444750d7d753ccd04ae01b7\"},\"headline\":\"Capturan a tres implicados m\u00e1s en atraco a dos casas de cambio\",\"datePublished\":\"2023-02-26T09:44:42+00:00\",\"mainEntityOfPage\":{\"@id\":\"https:\\\/\\\/www.eldiario.net\\\/portal\\\/2023\\\/02\\\/26\\\/capturan-a-tres-implicados-mas-en-atraco-a-dos-casas-de-cambio\\\/\"},\"wordCount\":578,\"publisher\":{\"@id\":\"https:\\\/\\\/www.eldiario.net\\\/portal\\\/#organization\"},\"image\":{\"@id\":\"https:\\\/\\\/www.eldiario.net\\\/portal\\\/2023\\\/02\\\/26\\\/capturan-a-tres-implicados-mas-en-atraco-a-dos-casas-de-cambio\\\/#primaryimage\"},\"thumbnailUrl\":\"\",\"articleSection\":[\"Nacional\"],\"inLanguage\":\"es\"},{\"@type\":\"WebPage\",\"@id\":\"https:\\\/\\\/www.eldiario.net\\\/portal\\\/2023\\\/02\\\/26\\\/capturan-a-tres-implicados-mas-en-atraco-a-dos-casas-de-cambio\\\/\",\"url\":\"https:\\\/\\\/www.eldiario.net\\\/portal\\\/2023\\\/02\\\/26\\\/capturan-a-tres-implicados-mas-en-atraco-a-dos-casas-de-cambio\\\/\",\"name\":\"Capturan a tres implicados m\u00e1s en atraco a dos casas de cambio - El Diario - Bolivia\",\"isPartOf\":{\"@id\":\"https:\\\/\\\/www.eldiario.net\\\/portal\\\/#website\"},\"primaryImageOfPage\":{\"@id\":\"https:\\\/\\\/www.eldiario.net\\\/portal\\\/2023\\\/02\\\/26\\\/capturan-a-tres-implicados-mas-en-atraco-a-dos-casas-de-cambio\\\/#primaryimage\"},\"image\":{\"@id\":\"https:\\\/\\\/www.eldiario.net\\\/portal\\\/2023\\\/02\\\/26\\\/capturan-a-tres-implicados-mas-en-atraco-a-dos-casas-de-cambio\\\/#primaryimage\"},\"thumbnailUrl\":\"\",\"datePublished\":\"2023-02-26T09:44:42+00:00\",\"breadcrumb\":{\"@id\":\"https:\\\/\\\/www.eldiario.net\\\/portal\\\/2023\\\/02\\\/26\\\/capturan-a-tres-implicados-mas-en-atraco-a-dos-casas-de-cambio\\\/#breadcrumb\"},\"inLanguage\":\"es\",\"potentialAction\":[{\"@type\":\"ReadAction\",\"target\":[\"https:\\\/\\\/www.eldiario.net\\\/portal\\\/2023\\\/02\\\/26\\\/capturan-a-tres-implicados-mas-en-atraco-a-dos-casas-de-cambio\\\/\"]}]},{\"@type\":\"ImageObject\",\"inLanguage\":\"es\",\"@id\":\"https:\\\/\\\/www.eldiario.net\\\/portal\\\/2023\\\/02\\\/26\\\/capturan-a-tres-implicados-mas-en-atraco-a-dos-casas-de-cambio\\\/#primaryimage\",\"url\":\"\",\"contentUrl\":\"\"},{\"@type\":\"BreadcrumbList\",\"@id\":\"https:\\\/\\\/www.eldiario.net\\\/portal\\\/2023\\\/02\\\/26\\\/capturan-a-tres-implicados-mas-en-atraco-a-dos-casas-de-cambio\\\/#breadcrumb\",\"itemListElement\":[{\"@type\":\"ListItem\",\"position\":1,\"name\":\"Portada\",\"item\":\"https:\\\/\\\/www.eldiario.net\\\/portal\\\/\"},{\"@type\":\"ListItem\",\"position\":2,\"name\":\"Capturan a tres implicados m\u00e1s en atraco a dos casas de cambio\"}]},{\"@type\":\"WebSite\",\"@id\":\"https:\\\/\\\/www.eldiario.net\\\/portal\\\/#website\",\"url\":\"https:\\\/\\\/www.eldiario.net\\\/portal\\\/\",\"name\":\"El Diario - Decano de la prensa nacional\",\"description\":\"El Diario - Decano de la prensa nacional\",\"publisher\":{\"@id\":\"https:\\\/\\\/www.eldiario.net\\\/portal\\\/#organization\"},\"potentialAction\":[{\"@type\":\"SearchAction\",\"target\":{\"@type\":\"EntryPoint\",\"urlTemplate\":\"https:\\\/\\\/www.eldiario.net\\\/portal\\\/?s={search_term_string}\"},\"query-input\":{\"@type\":\"PropertyValueSpecification\",\"valueRequired\":true,\"valueName\":\"search_term_string\"}}],\"inLanguage\":\"es\"},{\"@type\":\"Organization\",\"@id\":\"https:\\\/\\\/www.eldiario.net\\\/portal\\\/#organization\",\"name\":\"El Diario - Decano de la prensa nacional\",\"url\":\"https:\\\/\\\/www.eldiario.net\\\/portal\\\/\",\"logo\":{\"@type\":\"ImageObject\",\"inLanguage\":\"es\",\"@id\":\"https:\\\/\\\/www.eldiario.net\\\/portal\\\/#\\\/schema\\\/logo\\\/image\\\/\",\"url\":\"https:\\\/\\\/www.eldiario.net\\\/portal\\\/wp-content\\\/uploads\\\/2023\\\/07\\\/logo_ED.jpg\",\"contentUrl\":\"https:\\\/\\\/www.eldiario.net\\\/portal\\\/wp-content\\\/uploads\\\/2023\\\/07\\\/logo_ED.jpg\",\"width\":272,\"height\":52,\"caption\":\"El Diario - Decano de la prensa nacional\"},\"image\":{\"@id\":\"https:\\\/\\\/www.eldiario.net\\\/portal\\\/#\\\/schema\\\/logo\\\/image\\\/\"},\"sameAs\":[\"https:\\\/\\\/www.facebook.com\\\/eldiario.bolivia\\\/\",\"https:\\\/\\\/x.com\\\/eldiario_net\"]},{\"@type\":\"Person\",\"@id\":\"https:\\\/\\\/www.eldiario.net\\\/portal\\\/#\\\/schema\\\/person\\\/f46445640444750d7d753ccd04ae01b7\",\"name\":\"Jeanette\",\"image\":{\"@type\":\"ImageObject\",\"inLanguage\":\"es\",\"@id\":\"https:\\\/\\\/secure.gravatar.com\\\/avatar\\\/3ea2118a5f7dad2b7138b1187a6b7ee55f160b9968b66013c3a3ef39dd7e5798?s=96&d=mm&r=g\",\"url\":\"https:\\\/\\\/secure.gravatar.com\\\/avatar\\\/3ea2118a5f7dad2b7138b1187a6b7ee55f160b9968b66013c3a3ef39dd7e5798?s=96&d=mm&r=g\",\"contentUrl\":\"https:\\\/\\\/secure.gravatar.com\\\/avatar\\\/3ea2118a5f7dad2b7138b1187a6b7ee55f160b9968b66013c3a3ef39dd7e5798?s=96&d=mm&r=g\",\"caption\":\"Jeanette\"},\"sameAs\":[\"https:\\\/\\\/www.eldiario.net\\\/portal\"],\"url\":\"https:\\\/\\\/www.eldiario.net\\\/portal\\\/author\\\/jeanette\\\/\"}]}<\/script>\n<!-- \/ Yoast SEO plugin. -->","yoast_head_json":{"title":"Capturan a tres implicados m\u00e1s en atraco a dos casas de cambio - El Diario - Bolivia","robots":{"index":"index","follow":"follow","max-snippet":"max-snippet:-1","max-image-preview":"max-image-preview:large","max-video-preview":"max-video-preview:-1"},"canonical":"https:\/\/www.eldiario.net\/portal\/2023\/02\/26\/capturan-a-tres-implicados-mas-en-atraco-a-dos-casas-de-cambio\/","og_locale":"es_ES","og_type":"article","og_title":"Capturan a tres implicados m\u00e1s en atraco a dos casas de cambio - El Diario - Bolivia","og_description":"Luego de diferentes operativos policiales, se dio con el paradero de tres implicados m\u00e1s en el atraco a dos casas de cambio; \u201cRigomar\u201d y \u201cBiyuyo\u201d, en la zona Extranca R\u00edo Seco, El Alto. El hecho ocurrido el 16 de febrero dej\u00f3 tres heridos de bala. Entre los capturados est\u00e1n dos varones y una mujer, uno [&hellip;]","og_url":"https:\/\/www.eldiario.net\/portal\/2023\/02\/26\/capturan-a-tres-implicados-mas-en-atraco-a-dos-casas-de-cambio\/","og_site_name":"El Diario - Bolivia","article_publisher":"https:\/\/www.facebook.com\/eldiario.bolivia\/","article_published_time":"2023-02-26T09:44:42+00:00","author":"Jeanette","twitter_card":"summary_large_image","twitter_creator":"@eldiario_net","twitter_site":"@eldiario_net","twitter_misc":{"Escrito por":"Jeanette","Tiempo de lectura":"3 minutos"},"schema":{"@context":"https:\/\/schema.org","@graph":[{"@type":"Article","@id":"https:\/\/www.eldiario.net\/portal\/2023\/02\/26\/capturan-a-tres-implicados-mas-en-atraco-a-dos-casas-de-cambio\/#article","isPartOf":{"@id":"https:\/\/www.eldiario.net\/portal\/2023\/02\/26\/capturan-a-tres-implicados-mas-en-atraco-a-dos-casas-de-cambio\/"},"author":{"name":"Jeanette","@id":"https:\/\/www.eldiario.net\/portal\/#\/schema\/person\/f46445640444750d7d753ccd04ae01b7"},"headline":"Capturan a tres implicados m\u00e1s en atraco a dos casas de cambio","datePublished":"2023-02-26T09:44:42+00:00","mainEntityOfPage":{"@id":"https:\/\/www.eldiario.net\/portal\/2023\/02\/26\/capturan-a-tres-implicados-mas-en-atraco-a-dos-casas-de-cambio\/"},"wordCount":578,"publisher":{"@id":"https:\/\/www.eldiario.net\/portal\/#organization"},"image":{"@id":"https:\/\/www.eldiario.net\/portal\/2023\/02\/26\/capturan-a-tres-implicados-mas-en-atraco-a-dos-casas-de-cambio\/#primaryimage"},"thumbnailUrl":"","articleSection":["Nacional"],"inLanguage":"es"},{"@type":"WebPage","@id":"https:\/\/www.eldiario.net\/portal\/2023\/02\/26\/capturan-a-tres-implicados-mas-en-atraco-a-dos-casas-de-cambio\/","url":"https:\/\/www.eldiario.net\/portal\/2023\/02\/26\/capturan-a-tres-implicados-mas-en-atraco-a-dos-casas-de-cambio\/","name":"Capturan a tres implicados m\u00e1s en atraco a dos casas de cambio - El Diario - Bolivia","isPartOf":{"@id":"https:\/\/www.eldiario.net\/portal\/#website"},"primaryImageOfPage":{"@id":"https:\/\/www.eldiario.net\/portal\/2023\/02\/26\/capturan-a-tres-implicados-mas-en-atraco-a-dos-casas-de-cambio\/#primaryimage"},"image":{"@id":"https:\/\/www.eldiario.net\/portal\/2023\/02\/26\/capturan-a-tres-implicados-mas-en-atraco-a-dos-casas-de-cambio\/#primaryimage"},"thumbnailUrl":"","datePublished":"2023-02-26T09:44:42+00:00","breadcrumb":{"@id":"https:\/\/www.eldiario.net\/portal\/2023\/02\/26\/capturan-a-tres-implicados-mas-en-atraco-a-dos-casas-de-cambio\/#breadcrumb"},"inLanguage":"es","potentialAction":[{"@type":"ReadAction","target":["https:\/\/www.eldiario.net\/portal\/2023\/02\/26\/capturan-a-tres-implicados-mas-en-atraco-a-dos-casas-de-cambio\/"]}]},{"@type":"ImageObject","inLanguage":"es","@id":"https:\/\/www.eldiario.net\/portal\/2023\/02\/26\/capturan-a-tres-implicados-mas-en-atraco-a-dos-casas-de-cambio\/#primaryimage","url":"","contentUrl":""},{"@type":"BreadcrumbList","@id":"https:\/\/www.eldiario.net\/portal\/2023\/02\/26\/capturan-a-tres-implicados-mas-en-atraco-a-dos-casas-de-cambio\/#breadcrumb","itemListElement":[{"@type":"ListItem","position":1,"name":"Portada","item":"https:\/\/www.eldiario.net\/portal\/"},{"@type":"ListItem","position":2,"name":"Capturan a tres implicados m\u00e1s en atraco a dos casas de cambio"}]},{"@type":"WebSite","@id":"https:\/\/www.eldiario.net\/portal\/#website","url":"https:\/\/www.eldiario.net\/portal\/","name":"El Diario - Decano de la prensa nacional","description":"El Diario - Decano de la prensa nacional","publisher":{"@id":"https:\/\/www.eldiario.net\/portal\/#organization"},"potentialAction":[{"@type":"SearchAction","target":{"@type":"EntryPoint","urlTemplate":"https:\/\/www.eldiario.net\/portal\/?s={search_term_string}"},"query-input":{"@type":"PropertyValueSpecification","valueRequired":true,"valueName":"search_term_string"}}],"inLanguage":"es"},{"@type":"Organization","@id":"https:\/\/www.eldiario.net\/portal\/#organization","name":"El Diario - Decano de la prensa nacional","url":"https:\/\/www.eldiario.net\/portal\/","logo":{"@type":"ImageObject","inLanguage":"es","@id":"https:\/\/www.eldiario.net\/portal\/#\/schema\/logo\/image\/","url":"https:\/\/www.eldiario.net\/portal\/wp-content\/uploads\/2023\/07\/logo_ED.jpg","contentUrl":"https:\/\/www.eldiario.net\/portal\/wp-content\/uploads\/2023\/07\/logo_ED.jpg","width":272,"height":52,"caption":"El Diario - Decano de la prensa nacional"},"image":{"@id":"https:\/\/www.eldiario.net\/portal\/#\/schema\/logo\/image\/"},"sameAs":["https:\/\/www.facebook.com\/eldiario.bolivia\/","https:\/\/x.com\/eldiario_net"]},{"@type":"Person","@id":"https:\/\/www.eldiario.net\/portal\/#\/schema\/person\/f46445640444750d7d753ccd04ae01b7","name":"Jeanette","image":{"@type":"ImageObject","inLanguage":"es","@id":"https:\/\/secure.gravatar.com\/avatar\/3ea2118a5f7dad2b7138b1187a6b7ee55f160b9968b66013c3a3ef39dd7e5798?s=96&d=mm&r=g","url":"https:\/\/secure.gravatar.com\/avatar\/3ea2118a5f7dad2b7138b1187a6b7ee55f160b9968b66013c3a3ef39dd7e5798?s=96&d=mm&r=g","contentUrl":"https:\/\/secure.gravatar.com\/avatar\/3ea2118a5f7dad2b7138b1187a6b7ee55f160b9968b66013c3a3ef39dd7e5798?s=96&d=mm&r=g","caption":"Jeanette"},"sameAs":["https:\/\/www.eldiario.net\/portal"],"url":"https:\/\/www.eldiario.net\/portal\/author\/jeanette\/"}]}},"_links":{"self":[{"href":"https:\/\/www.eldiario.net\/portal\/wp-json\/wp\/v2\/posts\/140179","targetHints":{"allow":["GET"]}}],"collection":[{"href":"https:\/\/www.eldiario.net\/portal\/wp-json\/wp\/v2\/posts"}],"about":[{"href":"https:\/\/www.eldiario.net\/portal\/wp-json\/wp\/v2\/types\/post"}],"author":[{"embeddable":true,"href":"https:\/\/www.eldiario.net\/portal\/wp-json\/wp\/v2\/users\/1"}],"replies":[{"embeddable":true,"href":"https:\/\/www.eldiario.net\/portal\/wp-json\/wp\/v2\/comments?post=140179"}],"version-history":[{"count":0,"href":"https:\/\/www.eldiario.net\/portal\/wp-json\/wp\/v2\/posts\/140179\/revisions"}],"wp:attachment":[{"href":"https:\/\/www.eldiario.net\/portal\/wp-json\/wp\/v2\/media?parent=140179"}],"wp:term":[{"taxonomy":"category","embeddable":true,"href":"https:\/\/www.eldiario.net\/portal\/wp-json\/wp\/v2\/categories?post=140179"},{"taxonomy":"post_tag","embeddable":true,"href":"https:\/\/www.eldiario.net\/portal\/wp-json\/wp\/v2\/tags?post=140179"}],"curies":[{"name":"wp","href":"https:\/\/api.w.org\/{rel}","templated":true}]}}