{"id":139855,"date":"2023-02-24T06:14:16","date_gmt":"2023-02-24T10:14:16","guid":{"rendered":"https:\/\/www.eldiario.net\/portal\/?p=139855"},"modified":"2023-02-24T06:14:16","modified_gmt":"2023-02-24T10:14:16","slug":"creemos-necesita-apoyo-de-bancada-indigena-para-garantizar-continuidad-de-camacho","status":"publish","type":"post","link":"https:\/\/www.eldiario.net\/portal\/2023\/02\/24\/creemos-necesita-apoyo-de-bancada-indigena-para-garantizar-continuidad-de-camacho\/","title":{"rendered":"Creemos necesita apoyo de bancada ind\u00edgena  para garantizar continuidad de Camacho"},"content":{"rendered":"<p>Despu\u00e9s que los vocales de la Sala Constitucional Tercera conminaron a la Asamblea Departamental de Santa Cruz, a pronunciarse sobre el caso de la \u201causencia temporal\u201d del gobernador Luis Fernando Camacho, detenido en la c\u00e1rcel de Chonchocoro, desde el 30 de diciembre de 2022, analistas consultados por EL DIARIO manifestaron que Creemos debe buscar el apoyo de la bancada ind\u00edgena para garantizar continuidad de la autoridad electa.<br \/>\n\u201cLa Sala Constitucional Tercera del Tribunal Departamental de Justicia de Santa Cruz resuelve: conceder la tutela solicitada, resolviendo que la Asamblea Legislativa Departamental (ALD) en uso de sus competencias y atribuciones establecidas en la Constituci\u00f3n Pol\u00edtica del Estado (CPE), a partir del art. 277 y el Estatuto Auton\u00f3mico de Santa Cruz, se pronuncie v\u00eda declaraci\u00f3n o v\u00eda ley, respecto a los casos de ausencia temporal que puedan ser aplicados de acuerdo a la solicitudes hechas por el accionante\u201d, se\u00f1al\u00f3 el vocal Alain N\u00fa\u00f1ez, en audiencia.<br \/>\nEl analista Iv\u00e1n Rada, manifest\u00f3 que al haberse dejado en manos de la ALD la definici\u00f3n del cargo del gobernador, la alianza Creemos tendr\u00e1 que hacer valer su mayor\u00eda y trabajar \u201cmano a mano con la bancada ind\u00edgena y esperar el respaldo de la poblaci\u00f3n cruce\u00f1a\u201d.<br \/>\n\u201cNi el estatuto auton\u00f3mico ni la CPE exigen que gobierne dentro de un delimitado espacio territorial a letra muerta, y si Camacho coordina y firma documentos desde su despacho celda, est\u00e1 ejerciendo plenamente el cargo al cual fue electo\u201d, apunt\u00f3.<\/p>\n<p>ACCI\u00d3N DE CUMPLIMIENTO<br \/>\nEn semanas pasadas, asamble\u00edstas del Movimiento al Socialismo (MAS), presentaron una Acci\u00f3n de Cumplimiento para que la justicia obligue a la ALD cruce\u00f1a a que \u201cdespoje del ejercicio del cargo a Luis Fernando Camacho como gobernador del departamento\u201d.<br \/>\nA criterio del MAS, Camacho debe ser apartado debido a que est\u00e1 impedido de ejercer el cargo a ra\u00edz de la detenci\u00f3n preventiva que cumple en el penal de Chonchocoro, en La Paz, desde el 30 de diciembre de 2022.<br \/>\nArgumentan que mientras que gobernador permanezca detenido en la c\u00e1rcel, el vicegobernador debe asumir la conducci\u00f3n del Gobierno Departamental de Santa Cruz.<br \/>\nEl vocal Alain N\u00fa\u00f1ez afirm\u00f3 que ning\u00fan fallo judicial debe estar por encima de la voluntad del pueblo.<br \/>\n\u201cEste tribunal ni ning\u00fan tribunal de justicia debe en ning\u00fan momento arrebatar -a trav\u00e9s de un fallo judicial- lo que se ha ganado en las urnas a trav\u00e9s del voto del pueblo\u201d, dijo el vocal, en declaraciones recogidas por Unitel.<\/p>\n<p>RESPETO AL VOTO<br \/>\nEn su intervenci\u00f3n en la audiencia virtual, Camacho, desde el penal de m\u00e1xima seguridad Chonchocoro, pidi\u00f3 a los administradores de justicia que respeten el voto de los cruce\u00f1os que lo eligieron como autoridad departamental.<br \/>\n\u201cEste es un momento bastante cr\u00edtico para el pueblo cruce\u00f1o (&#8230;) porque tenemos que respetar el voto del mandato de lo que ha decidido un pueblo. El pueblo siempre va a estar por encima del poder constituido. Lo que yo quiero es que se respete el voto de los cruce\u00f1os, que se respete esa situaci\u00f3n\u201d, dijo Camacho.<br \/>\n\u201cEn sus manos est\u00e1 para que el pueblo cruce\u00f1o pueda retomar la confianza en la justicia, pueda tomar la confianza en la verdad, en sus autoridades, de lo que dicen afuera de palacio, Dios ali\u00f1\u00e9 al hombre para que este ejemplo se haga justica, est\u00e1 en sus manos, la fe, la democracia, y el voto del pueblo\u201d, apunt\u00f3.<br \/>\nA su turno, el presidente de la ADL de Santa Cruz, Zvonko Matkovic, record\u00f3 que a Camacho le privaron solo su libertad de locomoci\u00f3n y no perdi\u00f3 sus derechos pol\u00edticos. Record\u00f3 que el entonces alcalde de Warnes, Mario Cronembol, estuvo recluido nueve meses y no fue apartado del cargo.<br \/>\nDespu\u00e9s de la audiencia, el diputado opositor, Walthy Eguez, manifest\u00f3 que los asamble\u00edstas tienen la responsabilidad de hacer respetar su decisi\u00f3n y la elecci\u00f3n de sus autoridades.<br \/>\n\u201cTienen que hacer respetar la decisi\u00f3n soberana que se ejerci\u00f3 con el voto para la elecci\u00f3n de gobernador y el gobernador de este departamento es Luis Fernando Camacho\u201d, se\u00f1al\u00f3.<br \/>\nEl legislador advirti\u00f3 que los vocales se \u201clavaron las manos y han pateado la pelota a la Asamblea Departamental\u201d, cuando lo que correspond\u00eda es que esa petici\u00f3n del MAS no sea admitida porque ha puesto en tela de juicio el voto del ciudadano cruce\u00f1o.<br \/>\n\u201cNo estamos conformes, esta Sala no debi\u00f3 admitir esta acci\u00f3n, pero sin embargo han pateado la pelota para la asamblea, la asamblea ser\u00e1 la encargada de hacer respetar el voto del ciudadano cruce\u00f1o\u201d, concluy\u00f3.<\/p>\n<p>DECISI\u00d3N CORRECTA<br \/>\nA su turno, el diputado Erwin Baz\u00e1n calific\u00f3 como correcta la decisi\u00f3n judicial tomada por los vocales Juan Jos\u00e9 Subieta y Alain N\u00fa\u00f1ez.<br \/>\n\u201cUn fallo que en nuestro criterio es correcto. El sistema judicial, en este caso dos vocales, no pueden ponerse por encima del voto popular, por encima de la democracia que ha elegido a trav\u00e9s de las urnas a una autoridad para que sea su gobernador\u201d, apunt\u00f3.<br \/>\nA decir de Baz\u00e1n, la tutela concedida por los vocales de la Sala Constitucional Tercera, permitir\u00e1 al pueblo cruce\u00f1o dejar sentado el respeto al voto democr\u00e1tico y a sus autoridades electas.<br \/>\nPuntualiz\u00f3 que el Estatuto Auton\u00f3mico de Santa Cruz establece con claridad que el Gobernador \u201cno est\u00e1 ausente\u201d, tiene las condiciones para continuar en el mando departamental.<br \/>\n\u201cEl gobernador no est\u00e1 ausente, est\u00e1 en Chonchocoro, tiene las facultades, las condiciones y la capacidad de seguir administrando el gobierno aut\u00f3nomo de Santa Cruz\u201d, puntualiz\u00f3.<\/p>\n<p>ALD DE SANTA CRUZ<br \/>\nLa Asamblea Legislativa Departamental de Santa Cruz est\u00e1 formada por 28 asamble\u00edstas, al amparo de lo establecido por el Par\u00e1grafo I, Art\u00edculo 12 del Estatuto Auton\u00f3mico Departamental.<br \/>\nOchos asamble\u00edstas partidarios por poblaci\u00f3n o plurinominales, electos por sufragio universal. 15 asamble\u00edstas partidarios por territorio o uninominales, uno por provincia, electos por sufragio universal, cinco representantes no partidarios de las Naciones y Pueblos Ind\u00edgena Originario Campesinos ayoreo, chiquitano, guaran\u00ed, guarayo y yuracar\u00e9 moje\u00f1o; electos por normas y procedimientos propios.<br \/>\nDe los 23 asamble\u00edstas uninominales y plurinominales 11 son de Creemos, 11 del MAS y uno de Asip. De los cinco legisladores ind\u00edgenas, cuatro responden a Camacho.<\/p>\n\n","protected":false},"excerpt":{"rendered":"<p>Despu\u00e9s que los vocales de la Sala Constitucional Tercera conminaron a la Asamblea Departamental de Santa Cruz, a pronunciarse sobre el caso de la \u201causencia temporal\u201d del gobernador Luis Fernando Camacho, detenido en la c\u00e1rcel de Chonchocoro, desde el 30 de diciembre de 2022, analistas consultados por EL DIARIO manifestaron que Creemos debe buscar el [&hellip;]<\/p>\n","protected":false},"author":1,"featured_media":139858,"comment_status":"closed","ping_status":"closed","sticky":false,"template":"","format":"standard","meta":{"_acf_changed":false,"footnotes":""},"categories":[39],"tags":[],"class_list":["post-139855","post","type-post","status-publish","format-standard","has-post-thumbnail","category-sociedad"],"acf":{"antetitulo":""},"yoast_head":"<!-- This site is optimized with the Yoast SEO plugin v28.4 - https:\/\/yoast.com\/product\/yoast-seo-wordpress\/ -->\n<title>Creemos necesita apoyo de bancada ind\u00edgena para garantizar continuidad de Camacho - El Diario - Bolivia<\/title>\n<meta name=\"robots\" content=\"index, follow, max-snippet:-1, max-image-preview:large, max-video-preview:-1\" \/>\n<link rel=\"canonical\" href=\"https:\/\/www.eldiario.net\/portal\/2023\/02\/24\/creemos-necesita-apoyo-de-bancada-indigena-para-garantizar-continuidad-de-camacho\/\" \/>\n<meta property=\"og:locale\" content=\"es_ES\" \/>\n<meta property=\"og:type\" content=\"article\" \/>\n<meta property=\"og:title\" content=\"Creemos necesita apoyo de bancada ind\u00edgena para garantizar continuidad de Camacho - El Diario - Bolivia\" \/>\n<meta property=\"og:description\" content=\"Despu\u00e9s que los vocales de la Sala Constitucional Tercera conminaron a la Asamblea Departamental de Santa Cruz, a pronunciarse sobre el caso de la \u201causencia temporal\u201d del gobernador Luis Fernando Camacho, detenido en la c\u00e1rcel de Chonchocoro, desde el 30 de diciembre de 2022, analistas consultados por EL DIARIO manifestaron que Creemos debe buscar el [&hellip;]\" \/>\n<meta property=\"og:url\" content=\"https:\/\/www.eldiario.net\/portal\/2023\/02\/24\/creemos-necesita-apoyo-de-bancada-indigena-para-garantizar-continuidad-de-camacho\/\" \/>\n<meta property=\"og:site_name\" content=\"El Diario - Bolivia\" \/>\n<meta property=\"article:publisher\" content=\"https:\/\/www.facebook.com\/eldiario.bolivia\/\" \/>\n<meta property=\"article:published_time\" content=\"2023-02-24T10:14:16+00:00\" \/>\n<meta name=\"author\" content=\"Jeanette\" \/>\n<meta name=\"twitter:card\" content=\"summary_large_image\" \/>\n<meta name=\"twitter:creator\" content=\"@eldiario_net\" \/>\n<meta name=\"twitter:site\" content=\"@eldiario_net\" \/>\n<meta name=\"twitter:label1\" content=\"Escrito por\" \/>\n\t<meta name=\"twitter:data1\" content=\"Jeanette\" \/>\n\t<meta name=\"twitter:label2\" content=\"Tiempo de lectura\" \/>\n\t<meta name=\"twitter:data2\" content=\"5 minutos\" \/>\n<script type=\"application\/ld+json\" class=\"yoast-schema-graph\">{\"@context\":\"https:\\\/\\\/schema.org\",\"@graph\":[{\"@type\":\"Article\",\"@id\":\"https:\\\/\\\/www.eldiario.net\\\/portal\\\/2023\\\/02\\\/24\\\/creemos-necesita-apoyo-de-bancada-indigena-para-garantizar-continuidad-de-camacho\\\/#article\",\"isPartOf\":{\"@id\":\"https:\\\/\\\/www.eldiario.net\\\/portal\\\/2023\\\/02\\\/24\\\/creemos-necesita-apoyo-de-bancada-indigena-para-garantizar-continuidad-de-camacho\\\/\"},\"author\":{\"name\":\"Jeanette\",\"@id\":\"https:\\\/\\\/www.eldiario.net\\\/portal\\\/#\\\/schema\\\/person\\\/2c57cf2b7a7ae032e449e4c9b1019eac\"},\"headline\":\"Creemos necesita apoyo de bancada ind\u00edgena para garantizar continuidad de Camacho\",\"datePublished\":\"2023-02-24T10:14:16+00:00\",\"mainEntityOfPage\":{\"@id\":\"https:\\\/\\\/www.eldiario.net\\\/portal\\\/2023\\\/02\\\/24\\\/creemos-necesita-apoyo-de-bancada-indigena-para-garantizar-continuidad-de-camacho\\\/\"},\"wordCount\":1075,\"publisher\":{\"@id\":\"https:\\\/\\\/www.eldiario.net\\\/portal\\\/#organization\"},\"image\":{\"@id\":\"https:\\\/\\\/www.eldiario.net\\\/portal\\\/2023\\\/02\\\/24\\\/creemos-necesita-apoyo-de-bancada-indigena-para-garantizar-continuidad-de-camacho\\\/#primaryimage\"},\"thumbnailUrl\":\"\",\"articleSection\":[\"Sociedad - Seguridad\"],\"inLanguage\":\"es\"},{\"@type\":\"WebPage\",\"@id\":\"https:\\\/\\\/www.eldiario.net\\\/portal\\\/2023\\\/02\\\/24\\\/creemos-necesita-apoyo-de-bancada-indigena-para-garantizar-continuidad-de-camacho\\\/\",\"url\":\"https:\\\/\\\/www.eldiario.net\\\/portal\\\/2023\\\/02\\\/24\\\/creemos-necesita-apoyo-de-bancada-indigena-para-garantizar-continuidad-de-camacho\\\/\",\"name\":\"Creemos necesita apoyo de bancada ind\u00edgena para garantizar continuidad de Camacho - El Diario - Bolivia\",\"isPartOf\":{\"@id\":\"https:\\\/\\\/www.eldiario.net\\\/portal\\\/#website\"},\"primaryImageOfPage\":{\"@id\":\"https:\\\/\\\/www.eldiario.net\\\/portal\\\/2023\\\/02\\\/24\\\/creemos-necesita-apoyo-de-bancada-indigena-para-garantizar-continuidad-de-camacho\\\/#primaryimage\"},\"image\":{\"@id\":\"https:\\\/\\\/www.eldiario.net\\\/portal\\\/2023\\\/02\\\/24\\\/creemos-necesita-apoyo-de-bancada-indigena-para-garantizar-continuidad-de-camacho\\\/#primaryimage\"},\"thumbnailUrl\":\"\",\"datePublished\":\"2023-02-24T10:14:16+00:00\",\"breadcrumb\":{\"@id\":\"https:\\\/\\\/www.eldiario.net\\\/portal\\\/2023\\\/02\\\/24\\\/creemos-necesita-apoyo-de-bancada-indigena-para-garantizar-continuidad-de-camacho\\\/#breadcrumb\"},\"inLanguage\":\"es\",\"potentialAction\":[{\"@type\":\"ReadAction\",\"target\":[\"https:\\\/\\\/www.eldiario.net\\\/portal\\\/2023\\\/02\\\/24\\\/creemos-necesita-apoyo-de-bancada-indigena-para-garantizar-continuidad-de-camacho\\\/\"]}]},{\"@type\":\"ImageObject\",\"inLanguage\":\"es\",\"@id\":\"https:\\\/\\\/www.eldiario.net\\\/portal\\\/2023\\\/02\\\/24\\\/creemos-necesita-apoyo-de-bancada-indigena-para-garantizar-continuidad-de-camacho\\\/#primaryimage\",\"url\":\"\",\"contentUrl\":\"\"},{\"@type\":\"BreadcrumbList\",\"@id\":\"https:\\\/\\\/www.eldiario.net\\\/portal\\\/2023\\\/02\\\/24\\\/creemos-necesita-apoyo-de-bancada-indigena-para-garantizar-continuidad-de-camacho\\\/#breadcrumb\",\"itemListElement\":[{\"@type\":\"ListItem\",\"position\":1,\"name\":\"Portada\",\"item\":\"https:\\\/\\\/www.eldiario.net\\\/portal\\\/\"},{\"@type\":\"ListItem\",\"position\":2,\"name\":\"Creemos necesita apoyo de bancada ind\u00edgena para garantizar continuidad de Camacho\"}]},{\"@type\":\"WebSite\",\"@id\":\"https:\\\/\\\/www.eldiario.net\\\/portal\\\/#website\",\"url\":\"https:\\\/\\\/www.eldiario.net\\\/portal\\\/\",\"name\":\"El Diario - Decano de la prensa nacional\",\"description\":\"El Diario - Decano de la prensa nacional\",\"publisher\":{\"@id\":\"https:\\\/\\\/www.eldiario.net\\\/portal\\\/#organization\"},\"potentialAction\":[{\"@type\":\"SearchAction\",\"target\":{\"@type\":\"EntryPoint\",\"urlTemplate\":\"https:\\\/\\\/www.eldiario.net\\\/portal\\\/?s={search_term_string}\"},\"query-input\":{\"@type\":\"PropertyValueSpecification\",\"valueRequired\":true,\"valueName\":\"search_term_string\"}}],\"inLanguage\":\"es\"},{\"@type\":\"Organization\",\"@id\":\"https:\\\/\\\/www.eldiario.net\\\/portal\\\/#organization\",\"name\":\"El Diario - Decano de la prensa nacional\",\"url\":\"https:\\\/\\\/www.eldiario.net\\\/portal\\\/\",\"logo\":{\"@type\":\"ImageObject\",\"inLanguage\":\"es\",\"@id\":\"https:\\\/\\\/www.eldiario.net\\\/portal\\\/#\\\/schema\\\/logo\\\/image\\\/\",\"url\":\"https:\\\/\\\/www.eldiario.net\\\/portal\\\/wp-content\\\/uploads\\\/2023\\\/07\\\/logo_ED.jpg\",\"contentUrl\":\"https:\\\/\\\/www.eldiario.net\\\/portal\\\/wp-content\\\/uploads\\\/2023\\\/07\\\/logo_ED.jpg\",\"width\":272,\"height\":52,\"caption\":\"El Diario - Decano de la prensa nacional\"},\"image\":{\"@id\":\"https:\\\/\\\/www.eldiario.net\\\/portal\\\/#\\\/schema\\\/logo\\\/image\\\/\"},\"sameAs\":[\"https:\\\/\\\/www.facebook.com\\\/eldiario.bolivia\\\/\",\"https:\\\/\\\/x.com\\\/eldiario_net\"]},{\"@type\":\"Person\",\"@id\":\"https:\\\/\\\/www.eldiario.net\\\/portal\\\/#\\\/schema\\\/person\\\/2c57cf2b7a7ae032e449e4c9b1019eac\",\"name\":\"Jeanette\",\"image\":{\"@type\":\"ImageObject\",\"inLanguage\":\"es\",\"@id\":\"https:\\\/\\\/secure.gravatar.com\\\/avatar\\\/3ea2118a5f7dad2b7138b1187a6b7ee55f160b9968b66013c3a3ef39dd7e5798?s=96&d=mm&r=g\",\"url\":\"https:\\\/\\\/secure.gravatar.com\\\/avatar\\\/3ea2118a5f7dad2b7138b1187a6b7ee55f160b9968b66013c3a3ef39dd7e5798?s=96&d=mm&r=g\",\"contentUrl\":\"https:\\\/\\\/secure.gravatar.com\\\/avatar\\\/3ea2118a5f7dad2b7138b1187a6b7ee55f160b9968b66013c3a3ef39dd7e5798?s=96&d=mm&r=g\",\"caption\":\"Jeanette\"},\"sameAs\":[\"https:\\\/\\\/www.eldiario.net\\\/portal\"],\"url\":\"https:\\\/\\\/www.eldiario.net\\\/portal\\\/author\\\/jeanette\\\/\"}]}<\/script>\n<!-- \/ Yoast SEO plugin. -->","yoast_head_json":{"title":"Creemos necesita apoyo de bancada ind\u00edgena para garantizar continuidad de Camacho - El Diario - Bolivia","robots":{"index":"index","follow":"follow","max-snippet":"max-snippet:-1","max-image-preview":"max-image-preview:large","max-video-preview":"max-video-preview:-1"},"canonical":"https:\/\/www.eldiario.net\/portal\/2023\/02\/24\/creemos-necesita-apoyo-de-bancada-indigena-para-garantizar-continuidad-de-camacho\/","og_locale":"es_ES","og_type":"article","og_title":"Creemos necesita apoyo de bancada ind\u00edgena para garantizar continuidad de Camacho - El Diario - Bolivia","og_description":"Despu\u00e9s que los vocales de la Sala Constitucional Tercera conminaron a la Asamblea Departamental de Santa Cruz, a pronunciarse sobre el caso de la \u201causencia temporal\u201d del gobernador Luis Fernando Camacho, detenido en la c\u00e1rcel de Chonchocoro, desde el 30 de diciembre de 2022, analistas consultados por EL DIARIO manifestaron que Creemos debe buscar el [&hellip;]","og_url":"https:\/\/www.eldiario.net\/portal\/2023\/02\/24\/creemos-necesita-apoyo-de-bancada-indigena-para-garantizar-continuidad-de-camacho\/","og_site_name":"El Diario - Bolivia","article_publisher":"https:\/\/www.facebook.com\/eldiario.bolivia\/","article_published_time":"2023-02-24T10:14:16+00:00","author":"Jeanette","twitter_card":"summary_large_image","twitter_creator":"@eldiario_net","twitter_site":"@eldiario_net","twitter_misc":{"Escrito por":"Jeanette","Tiempo de lectura":"5 minutos"},"schema":{"@context":"https:\/\/schema.org","@graph":[{"@type":"Article","@id":"https:\/\/www.eldiario.net\/portal\/2023\/02\/24\/creemos-necesita-apoyo-de-bancada-indigena-para-garantizar-continuidad-de-camacho\/#article","isPartOf":{"@id":"https:\/\/www.eldiario.net\/portal\/2023\/02\/24\/creemos-necesita-apoyo-de-bancada-indigena-para-garantizar-continuidad-de-camacho\/"},"author":{"name":"Jeanette","@id":"https:\/\/www.eldiario.net\/portal\/#\/schema\/person\/2c57cf2b7a7ae032e449e4c9b1019eac"},"headline":"Creemos necesita apoyo de bancada ind\u00edgena para garantizar continuidad de Camacho","datePublished":"2023-02-24T10:14:16+00:00","mainEntityOfPage":{"@id":"https:\/\/www.eldiario.net\/portal\/2023\/02\/24\/creemos-necesita-apoyo-de-bancada-indigena-para-garantizar-continuidad-de-camacho\/"},"wordCount":1075,"publisher":{"@id":"https:\/\/www.eldiario.net\/portal\/#organization"},"image":{"@id":"https:\/\/www.eldiario.net\/portal\/2023\/02\/24\/creemos-necesita-apoyo-de-bancada-indigena-para-garantizar-continuidad-de-camacho\/#primaryimage"},"thumbnailUrl":"","articleSection":["Sociedad - Seguridad"],"inLanguage":"es"},{"@type":"WebPage","@id":"https:\/\/www.eldiario.net\/portal\/2023\/02\/24\/creemos-necesita-apoyo-de-bancada-indigena-para-garantizar-continuidad-de-camacho\/","url":"https:\/\/www.eldiario.net\/portal\/2023\/02\/24\/creemos-necesita-apoyo-de-bancada-indigena-para-garantizar-continuidad-de-camacho\/","name":"Creemos necesita apoyo de bancada ind\u00edgena para garantizar continuidad de Camacho - El Diario - Bolivia","isPartOf":{"@id":"https:\/\/www.eldiario.net\/portal\/#website"},"primaryImageOfPage":{"@id":"https:\/\/www.eldiario.net\/portal\/2023\/02\/24\/creemos-necesita-apoyo-de-bancada-indigena-para-garantizar-continuidad-de-camacho\/#primaryimage"},"image":{"@id":"https:\/\/www.eldiario.net\/portal\/2023\/02\/24\/creemos-necesita-apoyo-de-bancada-indigena-para-garantizar-continuidad-de-camacho\/#primaryimage"},"thumbnailUrl":"","datePublished":"2023-02-24T10:14:16+00:00","breadcrumb":{"@id":"https:\/\/www.eldiario.net\/portal\/2023\/02\/24\/creemos-necesita-apoyo-de-bancada-indigena-para-garantizar-continuidad-de-camacho\/#breadcrumb"},"inLanguage":"es","potentialAction":[{"@type":"ReadAction","target":["https:\/\/www.eldiario.net\/portal\/2023\/02\/24\/creemos-necesita-apoyo-de-bancada-indigena-para-garantizar-continuidad-de-camacho\/"]}]},{"@type":"ImageObject","inLanguage":"es","@id":"https:\/\/www.eldiario.net\/portal\/2023\/02\/24\/creemos-necesita-apoyo-de-bancada-indigena-para-garantizar-continuidad-de-camacho\/#primaryimage","url":"","contentUrl":""},{"@type":"BreadcrumbList","@id":"https:\/\/www.eldiario.net\/portal\/2023\/02\/24\/creemos-necesita-apoyo-de-bancada-indigena-para-garantizar-continuidad-de-camacho\/#breadcrumb","itemListElement":[{"@type":"ListItem","position":1,"name":"Portada","item":"https:\/\/www.eldiario.net\/portal\/"},{"@type":"ListItem","position":2,"name":"Creemos necesita apoyo de bancada ind\u00edgena para garantizar continuidad de Camacho"}]},{"@type":"WebSite","@id":"https:\/\/www.eldiario.net\/portal\/#website","url":"https:\/\/www.eldiario.net\/portal\/","name":"El Diario - Decano de la prensa nacional","description":"El Diario - Decano de la prensa nacional","publisher":{"@id":"https:\/\/www.eldiario.net\/portal\/#organization"},"potentialAction":[{"@type":"SearchAction","target":{"@type":"EntryPoint","urlTemplate":"https:\/\/www.eldiario.net\/portal\/?s={search_term_string}"},"query-input":{"@type":"PropertyValueSpecification","valueRequired":true,"valueName":"search_term_string"}}],"inLanguage":"es"},{"@type":"Organization","@id":"https:\/\/www.eldiario.net\/portal\/#organization","name":"El Diario - Decano de la prensa nacional","url":"https:\/\/www.eldiario.net\/portal\/","logo":{"@type":"ImageObject","inLanguage":"es","@id":"https:\/\/www.eldiario.net\/portal\/#\/schema\/logo\/image\/","url":"https:\/\/www.eldiario.net\/portal\/wp-content\/uploads\/2023\/07\/logo_ED.jpg","contentUrl":"https:\/\/www.eldiario.net\/portal\/wp-content\/uploads\/2023\/07\/logo_ED.jpg","width":272,"height":52,"caption":"El Diario - Decano de la prensa nacional"},"image":{"@id":"https:\/\/www.eldiario.net\/portal\/#\/schema\/logo\/image\/"},"sameAs":["https:\/\/www.facebook.com\/eldiario.bolivia\/","https:\/\/x.com\/eldiario_net"]},{"@type":"Person","@id":"https:\/\/www.eldiario.net\/portal\/#\/schema\/person\/2c57cf2b7a7ae032e449e4c9b1019eac","name":"Jeanette","image":{"@type":"ImageObject","inLanguage":"es","@id":"https:\/\/secure.gravatar.com\/avatar\/3ea2118a5f7dad2b7138b1187a6b7ee55f160b9968b66013c3a3ef39dd7e5798?s=96&d=mm&r=g","url":"https:\/\/secure.gravatar.com\/avatar\/3ea2118a5f7dad2b7138b1187a6b7ee55f160b9968b66013c3a3ef39dd7e5798?s=96&d=mm&r=g","contentUrl":"https:\/\/secure.gravatar.com\/avatar\/3ea2118a5f7dad2b7138b1187a6b7ee55f160b9968b66013c3a3ef39dd7e5798?s=96&d=mm&r=g","caption":"Jeanette"},"sameAs":["https:\/\/www.eldiario.net\/portal"],"url":"https:\/\/www.eldiario.net\/portal\/author\/jeanette\/"}]}},"_links":{"self":[{"href":"https:\/\/www.eldiario.net\/portal\/wp-json\/wp\/v2\/posts\/139855","targetHints":{"allow":["GET"]}}],"collection":[{"href":"https:\/\/www.eldiario.net\/portal\/wp-json\/wp\/v2\/posts"}],"about":[{"href":"https:\/\/www.eldiario.net\/portal\/wp-json\/wp\/v2\/types\/post"}],"author":[{"embeddable":true,"href":"https:\/\/www.eldiario.net\/portal\/wp-json\/wp\/v2\/users\/1"}],"replies":[{"embeddable":true,"href":"https:\/\/www.eldiario.net\/portal\/wp-json\/wp\/v2\/comments?post=139855"}],"version-history":[{"count":0,"href":"https:\/\/www.eldiario.net\/portal\/wp-json\/wp\/v2\/posts\/139855\/revisions"}],"wp:attachment":[{"href":"https:\/\/www.eldiario.net\/portal\/wp-json\/wp\/v2\/media?parent=139855"}],"wp:term":[{"taxonomy":"category","embeddable":true,"href":"https:\/\/www.eldiario.net\/portal\/wp-json\/wp\/v2\/categories?post=139855"},{"taxonomy":"post_tag","embeddable":true,"href":"https:\/\/www.eldiario.net\/portal\/wp-json\/wp\/v2\/tags?post=139855"}],"curies":[{"name":"wp","href":"https:\/\/api.w.org\/{rel}","templated":true}]}}