{"id":139852,"date":"2023-02-24T06:12:55","date_gmt":"2023-02-24T10:12:55","guid":{"rendered":"https:\/\/www.eldiario.net\/portal\/?p=139852"},"modified":"2023-02-24T06:12:55","modified_gmt":"2023-02-24T10:12:55","slug":"dirigente-cocalero-es-evaluado-por-especialistas","status":"publish","type":"post","link":"https:\/\/www.eldiario.net\/portal\/2023\/02\/24\/dirigente-cocalero-es-evaluado-por-especialistas\/","title":{"rendered":"Dirigente cocalero es  evaluado por especialistas"},"content":{"rendered":"<p>El presidente del Comit\u00e9 de Autodefensa de la Asociaci\u00f3n Departamental de Productores de Coca (Adepcoca), C\u00e9sar Apaza, es evaluado por especialistas y los resultados ser\u00e1n difundidos hoy en conferencia de prensa, manifest\u00f3 a EL DIARIO el director del hospital de Cl\u00ednicas de La Paz, Jhonny Ayll\u00f3n. En tanto, la abogada Evelin Coss\u00edo advirti\u00f3 que no hay mejoras en la salud del productor.<br \/>\n\u201cM\u00e9dicos especialistas est\u00e1n requiriendo informes para tener un criterio m\u00e1s exacto\u201d, dijo Ayll\u00f3n.<br \/>\nCoss\u00edo, que patrocina a Apaza, precis\u00f3 que a las 09.13 de ayer, se instal\u00f3 una junta m\u00e9dica con galenos de la instituci\u00f3n, a la que tambi\u00e9n asistieron un abogado y un m\u00e9dico de la Defensor\u00eda del Pueblo.<br \/>\nLa jurista advirti\u00f3 que ella y los familiares de Apaza fueron desalojados cuando pretendieron entrar a la junta, por lo que cree que es muy probable que la conclusi\u00f3n sea que su cliente sea dado de alta y as\u00ed volver al penal de Chonchocoro.<br \/>\n\u201cNo sabemos cu\u00e1les son los resultados porque no nos permitieron que estemos presentes porque nos han dicho que la junta era netamente m\u00e9dica. Nosotros sabemos bien que el resultado de esta junta m\u00e9dica va a resolver dar de alta, que est\u00e1 bien de salud y en las pr\u00f3ximas horas lo que van a hacer es trasladarlo al penal de Chonchocoro\u201d, dijo Coss\u00edo a EL DIARIO.<br \/>\nLa jurista record\u00f3 que el mi\u00e9rcoles 22 de febrero de 2023, el director de R\u00e9gimen Penitenciario, Juan Carlos Limpias, manifest\u00f3 que solo la abogada y la familia de Apaza sostienen que est\u00e1 delicado de salud.<br \/>\n\u201cLos de R\u00e9gimen Penitenciario ya han dado su diagn\u00f3stico, ha dicho que si por \u00e9l fuera, ya le hubiera dado de alta de manera inmediata porque para \u00e9l est\u00e1 bien. A nueve d\u00edas de su internaci\u00f3n, ninguno nos da un informe certero, m\u00e1s bien hay contradicciones, en primera instancia un m\u00e9dico nos dijo que ten\u00eda embolia y que a consecuencia toda la parte de su cuerpo derecho estaba paralizado, el viernes sale otro doctor y nos dice que no tiene nada y que es solo un problema psicol\u00f3gico y ayer (mi\u00e9rcoles) otro doctor nos dijo que tiene peque\u00f1as trombosis en la cabeza y que por eso no ha salido nada en las tomograf\u00edas y por eso ha ordenado que se haga una resonancia magn\u00e9tica\u201d, explic\u00f3 la jurista.<\/p>\n<p>DATOS<br \/>\nApaza fue aprehendido violentamente, despu\u00e9s torturado durante la madrugada del 22 de septiembre de 2022, luego la justicia decidi\u00f3 imputarlo y enviarlo con detenci\u00f3n preventiva al penal de San Pedro; pero, de manera sorpresiva, el 17 de enero fue trasladado al penal de m\u00e1xima seguridad de Chonchocoro.<br \/>\n\u201cEste traslado ha llevado al deterioro de la salud del se\u00f1or Cesar Apaza, quien anteriormente habr\u00eda denunciado que fue v\u00edctima de torturas, extremo que fue declarado oficialmente por la juez Constitucional Lorena Camacho en un fallo que al presente se encuentra en revisi\u00f3n ante el Tribunal Constitucional\u201d, asegur\u00f3 el abogado Jorge Valda.<br \/>\nEn ese marco, Valda dijo que no es menos preocupante la situaci\u00f3n de Apaza que tuvo que ser trasladado de Chonchocoro hasta el hospital de Cl\u00ednicas.<br \/>\n\u201cLas \u00faltimas 72 horas, no solamente los m\u00e9dicos del hospital de Cl\u00ednicas de la unidad de Emergencias, sino los familiares del se\u00f1or Cesar Apaza, la esposa, los hijos, la hermana, han sentido la presi\u00f3n, las amenazas\u201d, lament\u00f3 Valda.<br \/>\nPor otro lado, la abogada Coss\u00edo asever\u00f3 que desde que Apaza fue encarcelado, solicitaron a la Fiscal\u00eda en m\u00e1s de cinco oportunidades para que su cliente sea atendido en un centro de salud, pero en ninguna oportunidad tuvieron respuesta.<br \/>\nEn ese marco lament\u00f3 que la Defensor\u00eda del Pueblo no tenga imparcialidad, ya que ellos nunca actuaron ante la vulneraci\u00f3n de derechos en contra de socios productores de la hoja de coca.<\/p>\n<p>&nbsp;<\/p>\n","protected":false},"excerpt":{"rendered":"<p>El presidente del Comit\u00e9 de Autodefensa de la Asociaci\u00f3n Departamental de Productores de Coca (Adepcoca), C\u00e9sar Apaza, es evaluado por especialistas y los resultados ser\u00e1n difundidos hoy en conferencia de prensa, manifest\u00f3 a EL DIARIO el director del hospital de Cl\u00ednicas de La Paz, Jhonny Ayll\u00f3n. En tanto, la abogada Evelin Coss\u00edo advirti\u00f3 que no [&hellip;]<\/p>\n","protected":false},"author":1,"featured_media":139853,"comment_status":"closed","ping_status":"closed","sticky":false,"template":"","format":"standard","meta":{"_acf_changed":false,"footnotes":""},"categories":[39],"tags":[],"class_list":["post-139852","post","type-post","status-publish","format-standard","has-post-thumbnail","category-sociedad"],"acf":{"antetitulo":""},"yoast_head":"<!-- This site is optimized with the Yoast SEO plugin v28.4 - https:\/\/yoast.com\/product\/yoast-seo-wordpress\/ -->\n<title>Dirigente cocalero es evaluado por especialistas - El Diario - Bolivia<\/title>\n<meta name=\"robots\" content=\"index, follow, max-snippet:-1, max-image-preview:large, max-video-preview:-1\" \/>\n<link rel=\"canonical\" href=\"https:\/\/www.eldiario.net\/portal\/2023\/02\/24\/dirigente-cocalero-es-evaluado-por-especialistas\/\" \/>\n<meta property=\"og:locale\" content=\"es_ES\" \/>\n<meta property=\"og:type\" content=\"article\" \/>\n<meta property=\"og:title\" content=\"Dirigente cocalero es evaluado por especialistas - El Diario - Bolivia\" \/>\n<meta property=\"og:description\" content=\"El presidente del Comit\u00e9 de Autodefensa de la Asociaci\u00f3n Departamental de Productores de Coca (Adepcoca), C\u00e9sar Apaza, es evaluado por especialistas y los resultados ser\u00e1n difundidos hoy en conferencia de prensa, manifest\u00f3 a EL DIARIO el director del hospital de Cl\u00ednicas de La Paz, Jhonny Ayll\u00f3n. En tanto, la abogada Evelin Coss\u00edo advirti\u00f3 que no [&hellip;]\" \/>\n<meta property=\"og:url\" content=\"https:\/\/www.eldiario.net\/portal\/2023\/02\/24\/dirigente-cocalero-es-evaluado-por-especialistas\/\" \/>\n<meta property=\"og:site_name\" content=\"El Diario - Bolivia\" \/>\n<meta property=\"article:publisher\" content=\"https:\/\/www.facebook.com\/eldiario.bolivia\/\" \/>\n<meta property=\"article:published_time\" content=\"2023-02-24T10:12:55+00:00\" \/>\n<meta name=\"author\" content=\"Jeanette\" \/>\n<meta name=\"twitter:card\" content=\"summary_large_image\" \/>\n<meta name=\"twitter:creator\" content=\"@eldiario_net\" \/>\n<meta name=\"twitter:site\" content=\"@eldiario_net\" \/>\n<meta name=\"twitter:label1\" content=\"Escrito por\" \/>\n\t<meta name=\"twitter:data1\" content=\"Jeanette\" \/>\n\t<meta name=\"twitter:label2\" content=\"Tiempo de lectura\" \/>\n\t<meta name=\"twitter:data2\" content=\"3 minutos\" \/>\n<script type=\"application\/ld+json\" class=\"yoast-schema-graph\">{\"@context\":\"https:\\\/\\\/schema.org\",\"@graph\":[{\"@type\":\"Article\",\"@id\":\"https:\\\/\\\/www.eldiario.net\\\/portal\\\/2023\\\/02\\\/24\\\/dirigente-cocalero-es-evaluado-por-especialistas\\\/#article\",\"isPartOf\":{\"@id\":\"https:\\\/\\\/www.eldiario.net\\\/portal\\\/2023\\\/02\\\/24\\\/dirigente-cocalero-es-evaluado-por-especialistas\\\/\"},\"author\":{\"name\":\"Jeanette\",\"@id\":\"https:\\\/\\\/www.eldiario.net\\\/portal\\\/#\\\/schema\\\/person\\\/2c57cf2b7a7ae032e449e4c9b1019eac\"},\"headline\":\"Dirigente cocalero es evaluado por especialistas\",\"datePublished\":\"2023-02-24T10:12:55+00:00\",\"mainEntityOfPage\":{\"@id\":\"https:\\\/\\\/www.eldiario.net\\\/portal\\\/2023\\\/02\\\/24\\\/dirigente-cocalero-es-evaluado-por-especialistas\\\/\"},\"wordCount\":672,\"publisher\":{\"@id\":\"https:\\\/\\\/www.eldiario.net\\\/portal\\\/#organization\"},\"image\":{\"@id\":\"https:\\\/\\\/www.eldiario.net\\\/portal\\\/2023\\\/02\\\/24\\\/dirigente-cocalero-es-evaluado-por-especialistas\\\/#primaryimage\"},\"thumbnailUrl\":\"\",\"articleSection\":[\"Sociedad - Seguridad\"],\"inLanguage\":\"es\"},{\"@type\":\"WebPage\",\"@id\":\"https:\\\/\\\/www.eldiario.net\\\/portal\\\/2023\\\/02\\\/24\\\/dirigente-cocalero-es-evaluado-por-especialistas\\\/\",\"url\":\"https:\\\/\\\/www.eldiario.net\\\/portal\\\/2023\\\/02\\\/24\\\/dirigente-cocalero-es-evaluado-por-especialistas\\\/\",\"name\":\"Dirigente cocalero es evaluado por especialistas - El Diario - Bolivia\",\"isPartOf\":{\"@id\":\"https:\\\/\\\/www.eldiario.net\\\/portal\\\/#website\"},\"primaryImageOfPage\":{\"@id\":\"https:\\\/\\\/www.eldiario.net\\\/portal\\\/2023\\\/02\\\/24\\\/dirigente-cocalero-es-evaluado-por-especialistas\\\/#primaryimage\"},\"image\":{\"@id\":\"https:\\\/\\\/www.eldiario.net\\\/portal\\\/2023\\\/02\\\/24\\\/dirigente-cocalero-es-evaluado-por-especialistas\\\/#primaryimage\"},\"thumbnailUrl\":\"\",\"datePublished\":\"2023-02-24T10:12:55+00:00\",\"breadcrumb\":{\"@id\":\"https:\\\/\\\/www.eldiario.net\\\/portal\\\/2023\\\/02\\\/24\\\/dirigente-cocalero-es-evaluado-por-especialistas\\\/#breadcrumb\"},\"inLanguage\":\"es\",\"potentialAction\":[{\"@type\":\"ReadAction\",\"target\":[\"https:\\\/\\\/www.eldiario.net\\\/portal\\\/2023\\\/02\\\/24\\\/dirigente-cocalero-es-evaluado-por-especialistas\\\/\"]}]},{\"@type\":\"ImageObject\",\"inLanguage\":\"es\",\"@id\":\"https:\\\/\\\/www.eldiario.net\\\/portal\\\/2023\\\/02\\\/24\\\/dirigente-cocalero-es-evaluado-por-especialistas\\\/#primaryimage\",\"url\":\"\",\"contentUrl\":\"\"},{\"@type\":\"BreadcrumbList\",\"@id\":\"https:\\\/\\\/www.eldiario.net\\\/portal\\\/2023\\\/02\\\/24\\\/dirigente-cocalero-es-evaluado-por-especialistas\\\/#breadcrumb\",\"itemListElement\":[{\"@type\":\"ListItem\",\"position\":1,\"name\":\"Portada\",\"item\":\"https:\\\/\\\/www.eldiario.net\\\/portal\\\/\"},{\"@type\":\"ListItem\",\"position\":2,\"name\":\"Dirigente cocalero es evaluado por especialistas\"}]},{\"@type\":\"WebSite\",\"@id\":\"https:\\\/\\\/www.eldiario.net\\\/portal\\\/#website\",\"url\":\"https:\\\/\\\/www.eldiario.net\\\/portal\\\/\",\"name\":\"El Diario - Decano de la prensa nacional\",\"description\":\"El Diario - Decano de la prensa nacional\",\"publisher\":{\"@id\":\"https:\\\/\\\/www.eldiario.net\\\/portal\\\/#organization\"},\"potentialAction\":[{\"@type\":\"SearchAction\",\"target\":{\"@type\":\"EntryPoint\",\"urlTemplate\":\"https:\\\/\\\/www.eldiario.net\\\/portal\\\/?s={search_term_string}\"},\"query-input\":{\"@type\":\"PropertyValueSpecification\",\"valueRequired\":true,\"valueName\":\"search_term_string\"}}],\"inLanguage\":\"es\"},{\"@type\":\"Organization\",\"@id\":\"https:\\\/\\\/www.eldiario.net\\\/portal\\\/#organization\",\"name\":\"El Diario - Decano de la prensa nacional\",\"url\":\"https:\\\/\\\/www.eldiario.net\\\/portal\\\/\",\"logo\":{\"@type\":\"ImageObject\",\"inLanguage\":\"es\",\"@id\":\"https:\\\/\\\/www.eldiario.net\\\/portal\\\/#\\\/schema\\\/logo\\\/image\\\/\",\"url\":\"https:\\\/\\\/www.eldiario.net\\\/portal\\\/wp-content\\\/uploads\\\/2023\\\/07\\\/logo_ED.jpg\",\"contentUrl\":\"https:\\\/\\\/www.eldiario.net\\\/portal\\\/wp-content\\\/uploads\\\/2023\\\/07\\\/logo_ED.jpg\",\"width\":272,\"height\":52,\"caption\":\"El Diario - Decano de la prensa nacional\"},\"image\":{\"@id\":\"https:\\\/\\\/www.eldiario.net\\\/portal\\\/#\\\/schema\\\/logo\\\/image\\\/\"},\"sameAs\":[\"https:\\\/\\\/www.facebook.com\\\/eldiario.bolivia\\\/\",\"https:\\\/\\\/x.com\\\/eldiario_net\"]},{\"@type\":\"Person\",\"@id\":\"https:\\\/\\\/www.eldiario.net\\\/portal\\\/#\\\/schema\\\/person\\\/2c57cf2b7a7ae032e449e4c9b1019eac\",\"name\":\"Jeanette\",\"image\":{\"@type\":\"ImageObject\",\"inLanguage\":\"es\",\"@id\":\"https:\\\/\\\/secure.gravatar.com\\\/avatar\\\/3ea2118a5f7dad2b7138b1187a6b7ee55f160b9968b66013c3a3ef39dd7e5798?s=96&d=mm&r=g\",\"url\":\"https:\\\/\\\/secure.gravatar.com\\\/avatar\\\/3ea2118a5f7dad2b7138b1187a6b7ee55f160b9968b66013c3a3ef39dd7e5798?s=96&d=mm&r=g\",\"contentUrl\":\"https:\\\/\\\/secure.gravatar.com\\\/avatar\\\/3ea2118a5f7dad2b7138b1187a6b7ee55f160b9968b66013c3a3ef39dd7e5798?s=96&d=mm&r=g\",\"caption\":\"Jeanette\"},\"sameAs\":[\"https:\\\/\\\/www.eldiario.net\\\/portal\"],\"url\":\"https:\\\/\\\/www.eldiario.net\\\/portal\\\/author\\\/jeanette\\\/\"}]}<\/script>\n<!-- \/ Yoast SEO plugin. -->","yoast_head_json":{"title":"Dirigente cocalero es evaluado por especialistas - El Diario - Bolivia","robots":{"index":"index","follow":"follow","max-snippet":"max-snippet:-1","max-image-preview":"max-image-preview:large","max-video-preview":"max-video-preview:-1"},"canonical":"https:\/\/www.eldiario.net\/portal\/2023\/02\/24\/dirigente-cocalero-es-evaluado-por-especialistas\/","og_locale":"es_ES","og_type":"article","og_title":"Dirigente cocalero es evaluado por especialistas - El Diario - Bolivia","og_description":"El presidente del Comit\u00e9 de Autodefensa de la Asociaci\u00f3n Departamental de Productores de Coca (Adepcoca), C\u00e9sar Apaza, es evaluado por especialistas y los resultados ser\u00e1n difundidos hoy en conferencia de prensa, manifest\u00f3 a EL DIARIO el director del hospital de Cl\u00ednicas de La Paz, Jhonny Ayll\u00f3n. En tanto, la abogada Evelin Coss\u00edo advirti\u00f3 que no [&hellip;]","og_url":"https:\/\/www.eldiario.net\/portal\/2023\/02\/24\/dirigente-cocalero-es-evaluado-por-especialistas\/","og_site_name":"El Diario - Bolivia","article_publisher":"https:\/\/www.facebook.com\/eldiario.bolivia\/","article_published_time":"2023-02-24T10:12:55+00:00","author":"Jeanette","twitter_card":"summary_large_image","twitter_creator":"@eldiario_net","twitter_site":"@eldiario_net","twitter_misc":{"Escrito por":"Jeanette","Tiempo de lectura":"3 minutos"},"schema":{"@context":"https:\/\/schema.org","@graph":[{"@type":"Article","@id":"https:\/\/www.eldiario.net\/portal\/2023\/02\/24\/dirigente-cocalero-es-evaluado-por-especialistas\/#article","isPartOf":{"@id":"https:\/\/www.eldiario.net\/portal\/2023\/02\/24\/dirigente-cocalero-es-evaluado-por-especialistas\/"},"author":{"name":"Jeanette","@id":"https:\/\/www.eldiario.net\/portal\/#\/schema\/person\/2c57cf2b7a7ae032e449e4c9b1019eac"},"headline":"Dirigente cocalero es evaluado por especialistas","datePublished":"2023-02-24T10:12:55+00:00","mainEntityOfPage":{"@id":"https:\/\/www.eldiario.net\/portal\/2023\/02\/24\/dirigente-cocalero-es-evaluado-por-especialistas\/"},"wordCount":672,"publisher":{"@id":"https:\/\/www.eldiario.net\/portal\/#organization"},"image":{"@id":"https:\/\/www.eldiario.net\/portal\/2023\/02\/24\/dirigente-cocalero-es-evaluado-por-especialistas\/#primaryimage"},"thumbnailUrl":"","articleSection":["Sociedad - Seguridad"],"inLanguage":"es"},{"@type":"WebPage","@id":"https:\/\/www.eldiario.net\/portal\/2023\/02\/24\/dirigente-cocalero-es-evaluado-por-especialistas\/","url":"https:\/\/www.eldiario.net\/portal\/2023\/02\/24\/dirigente-cocalero-es-evaluado-por-especialistas\/","name":"Dirigente cocalero es evaluado por especialistas - El Diario - Bolivia","isPartOf":{"@id":"https:\/\/www.eldiario.net\/portal\/#website"},"primaryImageOfPage":{"@id":"https:\/\/www.eldiario.net\/portal\/2023\/02\/24\/dirigente-cocalero-es-evaluado-por-especialistas\/#primaryimage"},"image":{"@id":"https:\/\/www.eldiario.net\/portal\/2023\/02\/24\/dirigente-cocalero-es-evaluado-por-especialistas\/#primaryimage"},"thumbnailUrl":"","datePublished":"2023-02-24T10:12:55+00:00","breadcrumb":{"@id":"https:\/\/www.eldiario.net\/portal\/2023\/02\/24\/dirigente-cocalero-es-evaluado-por-especialistas\/#breadcrumb"},"inLanguage":"es","potentialAction":[{"@type":"ReadAction","target":["https:\/\/www.eldiario.net\/portal\/2023\/02\/24\/dirigente-cocalero-es-evaluado-por-especialistas\/"]}]},{"@type":"ImageObject","inLanguage":"es","@id":"https:\/\/www.eldiario.net\/portal\/2023\/02\/24\/dirigente-cocalero-es-evaluado-por-especialistas\/#primaryimage","url":"","contentUrl":""},{"@type":"BreadcrumbList","@id":"https:\/\/www.eldiario.net\/portal\/2023\/02\/24\/dirigente-cocalero-es-evaluado-por-especialistas\/#breadcrumb","itemListElement":[{"@type":"ListItem","position":1,"name":"Portada","item":"https:\/\/www.eldiario.net\/portal\/"},{"@type":"ListItem","position":2,"name":"Dirigente cocalero es evaluado por especialistas"}]},{"@type":"WebSite","@id":"https:\/\/www.eldiario.net\/portal\/#website","url":"https:\/\/www.eldiario.net\/portal\/","name":"El Diario - Decano de la prensa nacional","description":"El Diario - Decano de la prensa nacional","publisher":{"@id":"https:\/\/www.eldiario.net\/portal\/#organization"},"potentialAction":[{"@type":"SearchAction","target":{"@type":"EntryPoint","urlTemplate":"https:\/\/www.eldiario.net\/portal\/?s={search_term_string}"},"query-input":{"@type":"PropertyValueSpecification","valueRequired":true,"valueName":"search_term_string"}}],"inLanguage":"es"},{"@type":"Organization","@id":"https:\/\/www.eldiario.net\/portal\/#organization","name":"El Diario - Decano de la prensa nacional","url":"https:\/\/www.eldiario.net\/portal\/","logo":{"@type":"ImageObject","inLanguage":"es","@id":"https:\/\/www.eldiario.net\/portal\/#\/schema\/logo\/image\/","url":"https:\/\/www.eldiario.net\/portal\/wp-content\/uploads\/2023\/07\/logo_ED.jpg","contentUrl":"https:\/\/www.eldiario.net\/portal\/wp-content\/uploads\/2023\/07\/logo_ED.jpg","width":272,"height":52,"caption":"El Diario - Decano de la prensa nacional"},"image":{"@id":"https:\/\/www.eldiario.net\/portal\/#\/schema\/logo\/image\/"},"sameAs":["https:\/\/www.facebook.com\/eldiario.bolivia\/","https:\/\/x.com\/eldiario_net"]},{"@type":"Person","@id":"https:\/\/www.eldiario.net\/portal\/#\/schema\/person\/2c57cf2b7a7ae032e449e4c9b1019eac","name":"Jeanette","image":{"@type":"ImageObject","inLanguage":"es","@id":"https:\/\/secure.gravatar.com\/avatar\/3ea2118a5f7dad2b7138b1187a6b7ee55f160b9968b66013c3a3ef39dd7e5798?s=96&d=mm&r=g","url":"https:\/\/secure.gravatar.com\/avatar\/3ea2118a5f7dad2b7138b1187a6b7ee55f160b9968b66013c3a3ef39dd7e5798?s=96&d=mm&r=g","contentUrl":"https:\/\/secure.gravatar.com\/avatar\/3ea2118a5f7dad2b7138b1187a6b7ee55f160b9968b66013c3a3ef39dd7e5798?s=96&d=mm&r=g","caption":"Jeanette"},"sameAs":["https:\/\/www.eldiario.net\/portal"],"url":"https:\/\/www.eldiario.net\/portal\/author\/jeanette\/"}]}},"_links":{"self":[{"href":"https:\/\/www.eldiario.net\/portal\/wp-json\/wp\/v2\/posts\/139852","targetHints":{"allow":["GET"]}}],"collection":[{"href":"https:\/\/www.eldiario.net\/portal\/wp-json\/wp\/v2\/posts"}],"about":[{"href":"https:\/\/www.eldiario.net\/portal\/wp-json\/wp\/v2\/types\/post"}],"author":[{"embeddable":true,"href":"https:\/\/www.eldiario.net\/portal\/wp-json\/wp\/v2\/users\/1"}],"replies":[{"embeddable":true,"href":"https:\/\/www.eldiario.net\/portal\/wp-json\/wp\/v2\/comments?post=139852"}],"version-history":[{"count":0,"href":"https:\/\/www.eldiario.net\/portal\/wp-json\/wp\/v2\/posts\/139852\/revisions"}],"wp:attachment":[{"href":"https:\/\/www.eldiario.net\/portal\/wp-json\/wp\/v2\/media?parent=139852"}],"wp:term":[{"taxonomy":"category","embeddable":true,"href":"https:\/\/www.eldiario.net\/portal\/wp-json\/wp\/v2\/categories?post=139852"},{"taxonomy":"post_tag","embeddable":true,"href":"https:\/\/www.eldiario.net\/portal\/wp-json\/wp\/v2\/tags?post=139852"}],"curies":[{"name":"wp","href":"https:\/\/api.w.org\/{rel}","templated":true}]}}