{"id":139848,"date":"2023-02-24T06:11:55","date_gmt":"2023-02-24T10:11:55","guid":{"rendered":"https:\/\/www.eldiario.net\/portal\/?p=139848"},"modified":"2023-02-24T06:11:55","modified_gmt":"2023-02-24T10:11:55","slug":"piden-identificar-a-militares-que-se-reunieron-con-morales","status":"publish","type":"post","link":"https:\/\/www.eldiario.net\/portal\/2023\/02\/24\/piden-identificar-a-militares-que-se-reunieron-con-morales\/","title":{"rendered":"Piden identificar a militares  que se reunieron con Morales"},"content":{"rendered":"<p>Mediante una nota dirigida al ministro de Defensa, Edmundo Novillo, el Comit\u00e9 Nacional de Defensa de la Democracia (Conade) pide identificar y procesar a los militares que presuntamente se reunieron con el expresidente Evo Morales para tratar el \u201cplan post bicentenario\u201d.<br \/>\nEl Conade recuerda que el 19 de febrero de 2023, a trav\u00e9s de Radio Kausachun Coca, Evo Morales dijo que junto a miembros del servicio activo y pasivo de las Fuerzas Armadas (FFAA) organizaban el \u201cplan post bicentenario\u201d.<br \/>\n\u201cEstamos organizando (un) grupo de trabajo para debatir (la) agenda del post bicentenario de las Fuerzas Armadas. No quiero que nadie se moleste. Vamos a trabajar con algunos excomandantes de las Fuerzas Armadas, como tambi\u00e9n con algunos de manera reservada, para no ser despedido, suspendido, perseguido, amenazado. Camufladamente se van a sumar para trabajar (la) agenda post bicentenario para las Fuerzas Armadas\u201d, dijo el exmandatario en radio Kawsachun Coca.<br \/>\n\u201cLa semana pasada estaba reunido con los excomandantes de las Fuerzas<br \/>\nArmadas, excomandantes en jefe, algunos generales, preocupados de la situaci\u00f3n de la patria, y (que dieron) sus recomendaciones\u201d, continu\u00f3.<br \/>\n\u201cQuiero aprovechar, p\u00fablicamente, (para decir que) estamos organizando<br \/>\n(un) grupo de trabajo para debatir (una) agenda post bicentenario para las<br \/>\nFuerzas Armadas\u201d, afirm\u00f3 en su programa Evo es pueblo, de radio<br \/>\nKawsachun Coca.<br \/>\nEn ese marco, Manuel Morales, miembro del Conade, manifest\u00f3 que por la gravedad de las declaraciones, que revelan conductas contrarias a las normas fundamentales que rigen a la misi\u00f3n de las FFAA, se debe identificar a los militares involucrados para luego ser procesados por la justicia militar.<br \/>\n\u201cEl Conade solicita a su a su autoridad inicie las investigaciones correspondientes de las declaraciones y los hechos se\u00f1alados por Evo Morales Ayma, que tendr\u00edan el agravante de seducir tropas (delito penal), crear grupos de trabajo (organizaci\u00f3n criminal); elaborar planes para las Fuerzas Armadas por fuera del rol institucional e incorporar a militares en servicio activo en actividades pol\u00edticas partidarias vinculadas a una candidatura de Evo Morales para las elecciones generales del 2025\u201d, se\u00f1ala parte de la nota enviada a Novillo.<br \/>\nSe\u00f1ala adem\u00e1s que esperan la formalizaci\u00f3n de una investigaci\u00f3n seria y transparente, as\u00ed como el procesamiento de todos los sujetos principales y c\u00f3mplices de esta \u201casonada golpista\u201d.<\/p>\n\n","protected":false},"excerpt":{"rendered":"<p>Mediante una nota dirigida al ministro de Defensa, Edmundo Novillo, el Comit\u00e9 Nacional de Defensa de la Democracia (Conade) pide identificar y procesar a los militares que presuntamente se reunieron con el expresidente Evo Morales para tratar el \u201cplan post bicentenario\u201d. El Conade recuerda que el 19 de febrero de 2023, a trav\u00e9s de Radio [&hellip;]<\/p>\n","protected":false},"author":1,"featured_media":139849,"comment_status":"closed","ping_status":"closed","sticky":false,"template":"","format":"standard","meta":{"_acf_changed":false,"footnotes":""},"categories":[39],"tags":[],"class_list":["post-139848","post","type-post","status-publish","format-standard","has-post-thumbnail","category-sociedad"],"acf":{"antetitulo":""},"yoast_head":"<!-- This site is optimized with the Yoast SEO plugin v28.4 - https:\/\/yoast.com\/product\/yoast-seo-wordpress\/ -->\n<title>Piden identificar a militares que se reunieron con Morales - El Diario - Bolivia<\/title>\n<meta name=\"robots\" content=\"index, follow, max-snippet:-1, max-image-preview:large, max-video-preview:-1\" \/>\n<link rel=\"canonical\" href=\"https:\/\/www.eldiario.net\/portal\/2023\/02\/24\/piden-identificar-a-militares-que-se-reunieron-con-morales\/\" \/>\n<meta property=\"og:locale\" content=\"es_ES\" \/>\n<meta property=\"og:type\" content=\"article\" \/>\n<meta property=\"og:title\" content=\"Piden identificar a militares que se reunieron con Morales - El Diario - Bolivia\" \/>\n<meta property=\"og:description\" content=\"Mediante una nota dirigida al ministro de Defensa, Edmundo Novillo, el Comit\u00e9 Nacional de Defensa de la Democracia (Conade) pide identificar y procesar a los militares que presuntamente se reunieron con el expresidente Evo Morales para tratar el \u201cplan post bicentenario\u201d. El Conade recuerda que el 19 de febrero de 2023, a trav\u00e9s de Radio [&hellip;]\" \/>\n<meta property=\"og:url\" content=\"https:\/\/www.eldiario.net\/portal\/2023\/02\/24\/piden-identificar-a-militares-que-se-reunieron-con-morales\/\" \/>\n<meta property=\"og:site_name\" content=\"El Diario - Bolivia\" \/>\n<meta property=\"article:publisher\" content=\"https:\/\/www.facebook.com\/eldiario.bolivia\/\" \/>\n<meta property=\"article:published_time\" content=\"2023-02-24T10:11:55+00:00\" \/>\n<meta name=\"author\" content=\"Jeanette\" \/>\n<meta name=\"twitter:card\" content=\"summary_large_image\" \/>\n<meta name=\"twitter:creator\" content=\"@eldiario_net\" \/>\n<meta name=\"twitter:site\" content=\"@eldiario_net\" \/>\n<meta name=\"twitter:label1\" content=\"Escrito por\" \/>\n\t<meta name=\"twitter:data1\" content=\"Jeanette\" \/>\n\t<meta name=\"twitter:label2\" content=\"Tiempo de lectura\" \/>\n\t<meta name=\"twitter:data2\" content=\"2 minutos\" \/>\n<script type=\"application\/ld+json\" class=\"yoast-schema-graph\">{\"@context\":\"https:\\\/\\\/schema.org\",\"@graph\":[{\"@type\":\"Article\",\"@id\":\"https:\\\/\\\/www.eldiario.net\\\/portal\\\/2023\\\/02\\\/24\\\/piden-identificar-a-militares-que-se-reunieron-con-morales\\\/#article\",\"isPartOf\":{\"@id\":\"https:\\\/\\\/www.eldiario.net\\\/portal\\\/2023\\\/02\\\/24\\\/piden-identificar-a-militares-que-se-reunieron-con-morales\\\/\"},\"author\":{\"name\":\"Jeanette\",\"@id\":\"https:\\\/\\\/www.eldiario.net\\\/portal\\\/#\\\/schema\\\/person\\\/2c57cf2b7a7ae032e449e4c9b1019eac\"},\"headline\":\"Piden identificar a militares que se reunieron con Morales\",\"datePublished\":\"2023-02-24T10:11:55+00:00\",\"mainEntityOfPage\":{\"@id\":\"https:\\\/\\\/www.eldiario.net\\\/portal\\\/2023\\\/02\\\/24\\\/piden-identificar-a-militares-que-se-reunieron-con-morales\\\/\"},\"wordCount\":391,\"publisher\":{\"@id\":\"https:\\\/\\\/www.eldiario.net\\\/portal\\\/#organization\"},\"image\":{\"@id\":\"https:\\\/\\\/www.eldiario.net\\\/portal\\\/2023\\\/02\\\/24\\\/piden-identificar-a-militares-que-se-reunieron-con-morales\\\/#primaryimage\"},\"thumbnailUrl\":\"\",\"articleSection\":[\"Sociedad - Seguridad\"],\"inLanguage\":\"es\"},{\"@type\":\"WebPage\",\"@id\":\"https:\\\/\\\/www.eldiario.net\\\/portal\\\/2023\\\/02\\\/24\\\/piden-identificar-a-militares-que-se-reunieron-con-morales\\\/\",\"url\":\"https:\\\/\\\/www.eldiario.net\\\/portal\\\/2023\\\/02\\\/24\\\/piden-identificar-a-militares-que-se-reunieron-con-morales\\\/\",\"name\":\"Piden identificar a militares que se reunieron con Morales - El Diario - Bolivia\",\"isPartOf\":{\"@id\":\"https:\\\/\\\/www.eldiario.net\\\/portal\\\/#website\"},\"primaryImageOfPage\":{\"@id\":\"https:\\\/\\\/www.eldiario.net\\\/portal\\\/2023\\\/02\\\/24\\\/piden-identificar-a-militares-que-se-reunieron-con-morales\\\/#primaryimage\"},\"image\":{\"@id\":\"https:\\\/\\\/www.eldiario.net\\\/portal\\\/2023\\\/02\\\/24\\\/piden-identificar-a-militares-que-se-reunieron-con-morales\\\/#primaryimage\"},\"thumbnailUrl\":\"\",\"datePublished\":\"2023-02-24T10:11:55+00:00\",\"breadcrumb\":{\"@id\":\"https:\\\/\\\/www.eldiario.net\\\/portal\\\/2023\\\/02\\\/24\\\/piden-identificar-a-militares-que-se-reunieron-con-morales\\\/#breadcrumb\"},\"inLanguage\":\"es\",\"potentialAction\":[{\"@type\":\"ReadAction\",\"target\":[\"https:\\\/\\\/www.eldiario.net\\\/portal\\\/2023\\\/02\\\/24\\\/piden-identificar-a-militares-que-se-reunieron-con-morales\\\/\"]}]},{\"@type\":\"ImageObject\",\"inLanguage\":\"es\",\"@id\":\"https:\\\/\\\/www.eldiario.net\\\/portal\\\/2023\\\/02\\\/24\\\/piden-identificar-a-militares-que-se-reunieron-con-morales\\\/#primaryimage\",\"url\":\"\",\"contentUrl\":\"\"},{\"@type\":\"BreadcrumbList\",\"@id\":\"https:\\\/\\\/www.eldiario.net\\\/portal\\\/2023\\\/02\\\/24\\\/piden-identificar-a-militares-que-se-reunieron-con-morales\\\/#breadcrumb\",\"itemListElement\":[{\"@type\":\"ListItem\",\"position\":1,\"name\":\"Portada\",\"item\":\"https:\\\/\\\/www.eldiario.net\\\/portal\\\/\"},{\"@type\":\"ListItem\",\"position\":2,\"name\":\"Piden identificar a militares que se reunieron con Morales\"}]},{\"@type\":\"WebSite\",\"@id\":\"https:\\\/\\\/www.eldiario.net\\\/portal\\\/#website\",\"url\":\"https:\\\/\\\/www.eldiario.net\\\/portal\\\/\",\"name\":\"El Diario - Decano de la prensa nacional\",\"description\":\"El Diario - Decano de la prensa nacional\",\"publisher\":{\"@id\":\"https:\\\/\\\/www.eldiario.net\\\/portal\\\/#organization\"},\"potentialAction\":[{\"@type\":\"SearchAction\",\"target\":{\"@type\":\"EntryPoint\",\"urlTemplate\":\"https:\\\/\\\/www.eldiario.net\\\/portal\\\/?s={search_term_string}\"},\"query-input\":{\"@type\":\"PropertyValueSpecification\",\"valueRequired\":true,\"valueName\":\"search_term_string\"}}],\"inLanguage\":\"es\"},{\"@type\":\"Organization\",\"@id\":\"https:\\\/\\\/www.eldiario.net\\\/portal\\\/#organization\",\"name\":\"El Diario - Decano de la prensa nacional\",\"url\":\"https:\\\/\\\/www.eldiario.net\\\/portal\\\/\",\"logo\":{\"@type\":\"ImageObject\",\"inLanguage\":\"es\",\"@id\":\"https:\\\/\\\/www.eldiario.net\\\/portal\\\/#\\\/schema\\\/logo\\\/image\\\/\",\"url\":\"https:\\\/\\\/www.eldiario.net\\\/portal\\\/wp-content\\\/uploads\\\/2023\\\/07\\\/logo_ED.jpg\",\"contentUrl\":\"https:\\\/\\\/www.eldiario.net\\\/portal\\\/wp-content\\\/uploads\\\/2023\\\/07\\\/logo_ED.jpg\",\"width\":272,\"height\":52,\"caption\":\"El Diario - Decano de la prensa nacional\"},\"image\":{\"@id\":\"https:\\\/\\\/www.eldiario.net\\\/portal\\\/#\\\/schema\\\/logo\\\/image\\\/\"},\"sameAs\":[\"https:\\\/\\\/www.facebook.com\\\/eldiario.bolivia\\\/\",\"https:\\\/\\\/x.com\\\/eldiario_net\"]},{\"@type\":\"Person\",\"@id\":\"https:\\\/\\\/www.eldiario.net\\\/portal\\\/#\\\/schema\\\/person\\\/2c57cf2b7a7ae032e449e4c9b1019eac\",\"name\":\"Jeanette\",\"image\":{\"@type\":\"ImageObject\",\"inLanguage\":\"es\",\"@id\":\"https:\\\/\\\/secure.gravatar.com\\\/avatar\\\/3ea2118a5f7dad2b7138b1187a6b7ee55f160b9968b66013c3a3ef39dd7e5798?s=96&d=mm&r=g\",\"url\":\"https:\\\/\\\/secure.gravatar.com\\\/avatar\\\/3ea2118a5f7dad2b7138b1187a6b7ee55f160b9968b66013c3a3ef39dd7e5798?s=96&d=mm&r=g\",\"contentUrl\":\"https:\\\/\\\/secure.gravatar.com\\\/avatar\\\/3ea2118a5f7dad2b7138b1187a6b7ee55f160b9968b66013c3a3ef39dd7e5798?s=96&d=mm&r=g\",\"caption\":\"Jeanette\"},\"sameAs\":[\"https:\\\/\\\/www.eldiario.net\\\/portal\"],\"url\":\"https:\\\/\\\/www.eldiario.net\\\/portal\\\/author\\\/jeanette\\\/\"}]}<\/script>\n<!-- \/ Yoast SEO plugin. -->","yoast_head_json":{"title":"Piden identificar a militares que se reunieron con Morales - El Diario - Bolivia","robots":{"index":"index","follow":"follow","max-snippet":"max-snippet:-1","max-image-preview":"max-image-preview:large","max-video-preview":"max-video-preview:-1"},"canonical":"https:\/\/www.eldiario.net\/portal\/2023\/02\/24\/piden-identificar-a-militares-que-se-reunieron-con-morales\/","og_locale":"es_ES","og_type":"article","og_title":"Piden identificar a militares que se reunieron con Morales - El Diario - Bolivia","og_description":"Mediante una nota dirigida al ministro de Defensa, Edmundo Novillo, el Comit\u00e9 Nacional de Defensa de la Democracia (Conade) pide identificar y procesar a los militares que presuntamente se reunieron con el expresidente Evo Morales para tratar el \u201cplan post bicentenario\u201d. El Conade recuerda que el 19 de febrero de 2023, a trav\u00e9s de Radio [&hellip;]","og_url":"https:\/\/www.eldiario.net\/portal\/2023\/02\/24\/piden-identificar-a-militares-que-se-reunieron-con-morales\/","og_site_name":"El Diario - Bolivia","article_publisher":"https:\/\/www.facebook.com\/eldiario.bolivia\/","article_published_time":"2023-02-24T10:11:55+00:00","author":"Jeanette","twitter_card":"summary_large_image","twitter_creator":"@eldiario_net","twitter_site":"@eldiario_net","twitter_misc":{"Escrito por":"Jeanette","Tiempo de lectura":"2 minutos"},"schema":{"@context":"https:\/\/schema.org","@graph":[{"@type":"Article","@id":"https:\/\/www.eldiario.net\/portal\/2023\/02\/24\/piden-identificar-a-militares-que-se-reunieron-con-morales\/#article","isPartOf":{"@id":"https:\/\/www.eldiario.net\/portal\/2023\/02\/24\/piden-identificar-a-militares-que-se-reunieron-con-morales\/"},"author":{"name":"Jeanette","@id":"https:\/\/www.eldiario.net\/portal\/#\/schema\/person\/2c57cf2b7a7ae032e449e4c9b1019eac"},"headline":"Piden identificar a militares que se reunieron con Morales","datePublished":"2023-02-24T10:11:55+00:00","mainEntityOfPage":{"@id":"https:\/\/www.eldiario.net\/portal\/2023\/02\/24\/piden-identificar-a-militares-que-se-reunieron-con-morales\/"},"wordCount":391,"publisher":{"@id":"https:\/\/www.eldiario.net\/portal\/#organization"},"image":{"@id":"https:\/\/www.eldiario.net\/portal\/2023\/02\/24\/piden-identificar-a-militares-que-se-reunieron-con-morales\/#primaryimage"},"thumbnailUrl":"","articleSection":["Sociedad - Seguridad"],"inLanguage":"es"},{"@type":"WebPage","@id":"https:\/\/www.eldiario.net\/portal\/2023\/02\/24\/piden-identificar-a-militares-que-se-reunieron-con-morales\/","url":"https:\/\/www.eldiario.net\/portal\/2023\/02\/24\/piden-identificar-a-militares-que-se-reunieron-con-morales\/","name":"Piden identificar a militares que se reunieron con Morales - El Diario - Bolivia","isPartOf":{"@id":"https:\/\/www.eldiario.net\/portal\/#website"},"primaryImageOfPage":{"@id":"https:\/\/www.eldiario.net\/portal\/2023\/02\/24\/piden-identificar-a-militares-que-se-reunieron-con-morales\/#primaryimage"},"image":{"@id":"https:\/\/www.eldiario.net\/portal\/2023\/02\/24\/piden-identificar-a-militares-que-se-reunieron-con-morales\/#primaryimage"},"thumbnailUrl":"","datePublished":"2023-02-24T10:11:55+00:00","breadcrumb":{"@id":"https:\/\/www.eldiario.net\/portal\/2023\/02\/24\/piden-identificar-a-militares-que-se-reunieron-con-morales\/#breadcrumb"},"inLanguage":"es","potentialAction":[{"@type":"ReadAction","target":["https:\/\/www.eldiario.net\/portal\/2023\/02\/24\/piden-identificar-a-militares-que-se-reunieron-con-morales\/"]}]},{"@type":"ImageObject","inLanguage":"es","@id":"https:\/\/www.eldiario.net\/portal\/2023\/02\/24\/piden-identificar-a-militares-que-se-reunieron-con-morales\/#primaryimage","url":"","contentUrl":""},{"@type":"BreadcrumbList","@id":"https:\/\/www.eldiario.net\/portal\/2023\/02\/24\/piden-identificar-a-militares-que-se-reunieron-con-morales\/#breadcrumb","itemListElement":[{"@type":"ListItem","position":1,"name":"Portada","item":"https:\/\/www.eldiario.net\/portal\/"},{"@type":"ListItem","position":2,"name":"Piden identificar a militares que se reunieron con Morales"}]},{"@type":"WebSite","@id":"https:\/\/www.eldiario.net\/portal\/#website","url":"https:\/\/www.eldiario.net\/portal\/","name":"El Diario - Decano de la prensa nacional","description":"El Diario - Decano de la prensa nacional","publisher":{"@id":"https:\/\/www.eldiario.net\/portal\/#organization"},"potentialAction":[{"@type":"SearchAction","target":{"@type":"EntryPoint","urlTemplate":"https:\/\/www.eldiario.net\/portal\/?s={search_term_string}"},"query-input":{"@type":"PropertyValueSpecification","valueRequired":true,"valueName":"search_term_string"}}],"inLanguage":"es"},{"@type":"Organization","@id":"https:\/\/www.eldiario.net\/portal\/#organization","name":"El Diario - Decano de la prensa nacional","url":"https:\/\/www.eldiario.net\/portal\/","logo":{"@type":"ImageObject","inLanguage":"es","@id":"https:\/\/www.eldiario.net\/portal\/#\/schema\/logo\/image\/","url":"https:\/\/www.eldiario.net\/portal\/wp-content\/uploads\/2023\/07\/logo_ED.jpg","contentUrl":"https:\/\/www.eldiario.net\/portal\/wp-content\/uploads\/2023\/07\/logo_ED.jpg","width":272,"height":52,"caption":"El Diario - Decano de la prensa nacional"},"image":{"@id":"https:\/\/www.eldiario.net\/portal\/#\/schema\/logo\/image\/"},"sameAs":["https:\/\/www.facebook.com\/eldiario.bolivia\/","https:\/\/x.com\/eldiario_net"]},{"@type":"Person","@id":"https:\/\/www.eldiario.net\/portal\/#\/schema\/person\/2c57cf2b7a7ae032e449e4c9b1019eac","name":"Jeanette","image":{"@type":"ImageObject","inLanguage":"es","@id":"https:\/\/secure.gravatar.com\/avatar\/3ea2118a5f7dad2b7138b1187a6b7ee55f160b9968b66013c3a3ef39dd7e5798?s=96&d=mm&r=g","url":"https:\/\/secure.gravatar.com\/avatar\/3ea2118a5f7dad2b7138b1187a6b7ee55f160b9968b66013c3a3ef39dd7e5798?s=96&d=mm&r=g","contentUrl":"https:\/\/secure.gravatar.com\/avatar\/3ea2118a5f7dad2b7138b1187a6b7ee55f160b9968b66013c3a3ef39dd7e5798?s=96&d=mm&r=g","caption":"Jeanette"},"sameAs":["https:\/\/www.eldiario.net\/portal"],"url":"https:\/\/www.eldiario.net\/portal\/author\/jeanette\/"}]}},"_links":{"self":[{"href":"https:\/\/www.eldiario.net\/portal\/wp-json\/wp\/v2\/posts\/139848","targetHints":{"allow":["GET"]}}],"collection":[{"href":"https:\/\/www.eldiario.net\/portal\/wp-json\/wp\/v2\/posts"}],"about":[{"href":"https:\/\/www.eldiario.net\/portal\/wp-json\/wp\/v2\/types\/post"}],"author":[{"embeddable":true,"href":"https:\/\/www.eldiario.net\/portal\/wp-json\/wp\/v2\/users\/1"}],"replies":[{"embeddable":true,"href":"https:\/\/www.eldiario.net\/portal\/wp-json\/wp\/v2\/comments?post=139848"}],"version-history":[{"count":0,"href":"https:\/\/www.eldiario.net\/portal\/wp-json\/wp\/v2\/posts\/139848\/revisions"}],"wp:attachment":[{"href":"https:\/\/www.eldiario.net\/portal\/wp-json\/wp\/v2\/media?parent=139848"}],"wp:term":[{"taxonomy":"category","embeddable":true,"href":"https:\/\/www.eldiario.net\/portal\/wp-json\/wp\/v2\/categories?post=139848"},{"taxonomy":"post_tag","embeddable":true,"href":"https:\/\/www.eldiario.net\/portal\/wp-json\/wp\/v2\/tags?post=139848"}],"curies":[{"name":"wp","href":"https:\/\/api.w.org\/{rel}","templated":true}]}}