{"id":139842,"date":"2023-02-24T06:10:17","date_gmt":"2023-02-24T10:10:17","guid":{"rendered":"https:\/\/www.eldiario.net\/portal\/?p=139842"},"modified":"2023-02-24T06:10:17","modified_gmt":"2023-02-24T10:10:17","slug":"asamblea-general-de-onu-aprobo-resolucion-de-cese-de-hostilidades","status":"publish","type":"post","link":"https:\/\/www.eldiario.net\/portal\/2023\/02\/24\/asamblea-general-de-onu-aprobo-resolucion-de-cese-de-hostilidades\/","title":{"rendered":"Asamblea General de ONU aprob\u00f3 resoluci\u00f3n de cese de hostilidades"},"content":{"rendered":"<p>La Asamblea General de la ONU ha aprobado ayer una resoluci\u00f3n que pide el \u201ccese de hostilidades\u201d en Ucrania y la retirada de las tropas rusas, la misma ha sido finalmente copatrocinada por 75 pa\u00edses, entre ellos todos los de la Uni\u00f3n Europea, Estados Unidos y varios latinoamericanos (Chile, Ecuador, Rep\u00fablica Dominicana y Uruguay).<br \/>\nEl resultado ha sido muy parecido a las votaciones del pasado marzo y del pasado octubre, tambi\u00e9n para poner fin a la guerra en Ucrania, y los pa\u00edses que este jueves han votado en contra han sido -como entonces- los aliados m\u00e1s firmes de Rusia en el mundo: Bielorrusia, Corea del Norte, Eritrea, Mali, Nicaragua y Siria.<br \/>\nEntre los abstencionistas se encuentran China, India, Sud\u00e1frica, Cuba y una mayor\u00eda de pa\u00edses africanos.<br \/>\nDurante los dos d\u00edas de intervenciones, muchos pa\u00edses han lanzado repetidos llamamientos a la paz de forma gen\u00e9rica y la apertura de negociaciones, pero el Alto Representante de la pol\u00edtica exterior europea, Josep Borrell, dijo que esos llamamientos eran fruto de la \u201cingenuidad\u201d, pues insisti\u00f3 en que \u201cRusia no ha mandado ni la m\u00ednima se\u00f1al de que quiere la paz\u201d.<br \/>\nLos europeos, que promovieron la resoluci\u00f3n junto con Ucrania desde el principio, hab\u00edan advertido de que la abstenci\u00f3n no servir\u00eda porque ser\u00eda inmediatamente anotada por Rusia como una postura a su favor, seg\u00fan dijo el mi\u00e9rcoles el ministro espa\u00f1ol de Exteriores, Jos\u00e9 Manuel Albares.<\/p>\n<p>INOPERANCIA DEL CONSEJO DE SEGURIDAD<br \/>\nEl punto central de la resoluci\u00f3n es el quinto, que pide a Rusia \u201cuna retirada inmediata, completa e incondicional de todas sus fuerzas militares del territorio ucraniano dentro de sus fronteras reconocidas internacionalmente\u201d, y llama luego a un \u201ccese de hostilidades\u201d.<br \/>\nAunque tambi\u00e9n pide apoyar \u201clos esfuerzos diplom\u00e1ticos para lograr una paz global, justa y duradera en Ucrania\u201d, tambi\u00e9n subraya la necesidad de que \u201cse rindan cuentas por los cr\u00edmenes m\u00e1s graves bajo la ley internacional (&#8230;) y que se persigan a nivel nacional e internacional\u201d, una frase que ha sido criticada por varios pa\u00edses.<br \/>\nLa resoluci\u00f3n parti\u00f3 de Ucrania y fue inmediatamente apadrinada por la Uni\u00f3n Europea, y terminaron sum\u00e1ndose a ella 75 pa\u00edses.<br \/>\nEn un principio recog\u00eda el llamado \u201cplan de paz de Zelenski\u201d pero fue retirado en beneficio de unos t\u00e9rminos m\u00e1s diplom\u00e1ticos o menos \u201cantirrusos\u201d, seg\u00fan han explicado fuentes europeas.<br \/>\nEl resultado de este jueves se acerca mucho al del pasado 12 de octubre, en la votaci\u00f3n de la Asamblea tras los refer\u00e9ndums de anexi\u00f3n de cuatro provincias ucranianas: entonces votaron contra la anexi\u00f3n 143 pa\u00edses, cinco lo hicieron en contra (Rusia, Bielorrusia, Corea del Norte, Nicaragua y Siria) y 38 se abstuvieron, la mayor\u00eda de ellos africanos o asi\u00e1ticos.<br \/>\nAquel resultado fue incluso m\u00e1s abultado que el conseguido el 24 de marzo, un mes despu\u00e9s de la invasi\u00f3n: aquella resoluci\u00f3n que exig\u00eda \u201cun cese inmediato de hostilidades\u201d, fue apoyada por 140 pa\u00edses, cinco votaron en contra (Rusia, Bielorrusia, Eritrea, Corea del Norte y Siria) y 38 abstenciones.<br \/>\nEl recurso a la Asamblea General (aunque sus resoluciones son simb\u00f3licas) se ha convertido en habitual desde el comienzo de la guerra ante la inoperancia del Consejo de Seguridad, lastrado por el derecho a veto de Rusia, que ha impedido que se apruebe una sola resoluci\u00f3n (que en su caso son de obligado cumplimiento).<\/p>\n<p>PROCESO DE VOTACI\u00d3N<br \/>\nEl proceso de votaci\u00f3n comenz\u00f3 primero con las enmiendas presentadas por Bielorrusia. Ambas han sido rechazadas: la primera con 94 votos en contra, once votos a favor y 56 abstenciones, mientras que la segunda ha contado con 91 votos en contra, 15 votos a favor y 52 abstenciones.<br \/>\nFinalmente, la resoluci\u00f3n presentada por Ucrania ha sido aprobada con 141 votos a favor, 32 abstenciones y siete votos en contra, entre los que se encuentran Nicaragua, Bielorrusia, Rusia, Corea del Norte, Mal\u00ed, Eritrea y Siria.<br \/>\nEl proyecto de resoluci\u00f3n exige, entre otras medidas, la retirada de las tropas rusas, el fin de los ataques en suelo ucraniano y un proceso de negociaci\u00f3n hacia la paz entre las partes. Adem\u00e1s, el texto reafirma \u201cla soberan\u00eda, la independencia, la unidad y la integridad territorial de Ucrania\u201d. (Rtve\/Europa Press).<\/p>\n","protected":false},"excerpt":{"rendered":"<p>La Asamblea General de la ONU ha aprobado ayer una resoluci\u00f3n que pide el \u201ccese de hostilidades\u201d en Ucrania y la retirada de las tropas rusas, la misma ha sido finalmente copatrocinada por 75 pa\u00edses, entre ellos todos los de la Uni\u00f3n Europea, Estados Unidos y varios latinoamericanos (Chile, Ecuador, Rep\u00fablica Dominicana y Uruguay). El [&hellip;]<\/p>\n","protected":false},"author":1,"featured_media":139843,"comment_status":"closed","ping_status":"closed","sticky":false,"template":"","format":"standard","meta":{"_acf_changed":false,"footnotes":""},"categories":[3],"tags":[],"class_list":["post-139842","post","type-post","status-publish","format-standard","has-post-thumbnail","category-internacional"],"acf":{"antetitulo":""},"yoast_head":"<!-- This site is optimized with the Yoast SEO plugin v28.4 - https:\/\/yoast.com\/product\/yoast-seo-wordpress\/ -->\n<title>Asamblea General de ONU aprob\u00f3 resoluci\u00f3n de cese de hostilidades - El Diario - Bolivia<\/title>\n<meta name=\"robots\" content=\"index, follow, max-snippet:-1, max-image-preview:large, max-video-preview:-1\" \/>\n<link rel=\"canonical\" href=\"https:\/\/www.eldiario.net\/portal\/2023\/02\/24\/asamblea-general-de-onu-aprobo-resolucion-de-cese-de-hostilidades\/\" \/>\n<meta property=\"og:locale\" content=\"es_ES\" \/>\n<meta property=\"og:type\" content=\"article\" \/>\n<meta property=\"og:title\" content=\"Asamblea General de ONU aprob\u00f3 resoluci\u00f3n de cese de hostilidades - El Diario - Bolivia\" \/>\n<meta property=\"og:description\" content=\"La Asamblea General de la ONU ha aprobado ayer una resoluci\u00f3n que pide el \u201ccese de hostilidades\u201d en Ucrania y la retirada de las tropas rusas, la misma ha sido finalmente copatrocinada por 75 pa\u00edses, entre ellos todos los de la Uni\u00f3n Europea, Estados Unidos y varios latinoamericanos (Chile, Ecuador, Rep\u00fablica Dominicana y Uruguay). El [&hellip;]\" \/>\n<meta property=\"og:url\" content=\"https:\/\/www.eldiario.net\/portal\/2023\/02\/24\/asamblea-general-de-onu-aprobo-resolucion-de-cese-de-hostilidades\/\" \/>\n<meta property=\"og:site_name\" content=\"El Diario - Bolivia\" \/>\n<meta property=\"article:publisher\" content=\"https:\/\/www.facebook.com\/eldiario.bolivia\/\" \/>\n<meta property=\"article:published_time\" content=\"2023-02-24T10:10:17+00:00\" \/>\n<meta name=\"author\" content=\"Jeanette\" \/>\n<meta name=\"twitter:card\" content=\"summary_large_image\" \/>\n<meta name=\"twitter:creator\" content=\"@eldiario_net\" \/>\n<meta name=\"twitter:site\" content=\"@eldiario_net\" \/>\n<meta name=\"twitter:label1\" content=\"Escrito por\" \/>\n\t<meta name=\"twitter:data1\" content=\"Jeanette\" \/>\n\t<meta name=\"twitter:label2\" content=\"Tiempo de lectura\" \/>\n\t<meta name=\"twitter:data2\" content=\"4 minutos\" \/>\n<script type=\"application\/ld+json\" class=\"yoast-schema-graph\">{\"@context\":\"https:\\\/\\\/schema.org\",\"@graph\":[{\"@type\":\"Article\",\"@id\":\"https:\\\/\\\/www.eldiario.net\\\/portal\\\/2023\\\/02\\\/24\\\/asamblea-general-de-onu-aprobo-resolucion-de-cese-de-hostilidades\\\/#article\",\"isPartOf\":{\"@id\":\"https:\\\/\\\/www.eldiario.net\\\/portal\\\/2023\\\/02\\\/24\\\/asamblea-general-de-onu-aprobo-resolucion-de-cese-de-hostilidades\\\/\"},\"author\":{\"name\":\"Jeanette\",\"@id\":\"https:\\\/\\\/www.eldiario.net\\\/portal\\\/#\\\/schema\\\/person\\\/2c57cf2b7a7ae032e449e4c9b1019eac\"},\"headline\":\"Asamblea General de ONU aprob\u00f3 resoluci\u00f3n de cese de hostilidades\",\"datePublished\":\"2023-02-24T10:10:17+00:00\",\"mainEntityOfPage\":{\"@id\":\"https:\\\/\\\/www.eldiario.net\\\/portal\\\/2023\\\/02\\\/24\\\/asamblea-general-de-onu-aprobo-resolucion-de-cese-de-hostilidades\\\/\"},\"wordCount\":737,\"publisher\":{\"@id\":\"https:\\\/\\\/www.eldiario.net\\\/portal\\\/#organization\"},\"image\":{\"@id\":\"https:\\\/\\\/www.eldiario.net\\\/portal\\\/2023\\\/02\\\/24\\\/asamblea-general-de-onu-aprobo-resolucion-de-cese-de-hostilidades\\\/#primaryimage\"},\"thumbnailUrl\":\"\",\"articleSection\":[\"Internacional\"],\"inLanguage\":\"es\"},{\"@type\":\"WebPage\",\"@id\":\"https:\\\/\\\/www.eldiario.net\\\/portal\\\/2023\\\/02\\\/24\\\/asamblea-general-de-onu-aprobo-resolucion-de-cese-de-hostilidades\\\/\",\"url\":\"https:\\\/\\\/www.eldiario.net\\\/portal\\\/2023\\\/02\\\/24\\\/asamblea-general-de-onu-aprobo-resolucion-de-cese-de-hostilidades\\\/\",\"name\":\"Asamblea General de ONU aprob\u00f3 resoluci\u00f3n de cese de hostilidades - El Diario - Bolivia\",\"isPartOf\":{\"@id\":\"https:\\\/\\\/www.eldiario.net\\\/portal\\\/#website\"},\"primaryImageOfPage\":{\"@id\":\"https:\\\/\\\/www.eldiario.net\\\/portal\\\/2023\\\/02\\\/24\\\/asamblea-general-de-onu-aprobo-resolucion-de-cese-de-hostilidades\\\/#primaryimage\"},\"image\":{\"@id\":\"https:\\\/\\\/www.eldiario.net\\\/portal\\\/2023\\\/02\\\/24\\\/asamblea-general-de-onu-aprobo-resolucion-de-cese-de-hostilidades\\\/#primaryimage\"},\"thumbnailUrl\":\"\",\"datePublished\":\"2023-02-24T10:10:17+00:00\",\"breadcrumb\":{\"@id\":\"https:\\\/\\\/www.eldiario.net\\\/portal\\\/2023\\\/02\\\/24\\\/asamblea-general-de-onu-aprobo-resolucion-de-cese-de-hostilidades\\\/#breadcrumb\"},\"inLanguage\":\"es\",\"potentialAction\":[{\"@type\":\"ReadAction\",\"target\":[\"https:\\\/\\\/www.eldiario.net\\\/portal\\\/2023\\\/02\\\/24\\\/asamblea-general-de-onu-aprobo-resolucion-de-cese-de-hostilidades\\\/\"]}]},{\"@type\":\"ImageObject\",\"inLanguage\":\"es\",\"@id\":\"https:\\\/\\\/www.eldiario.net\\\/portal\\\/2023\\\/02\\\/24\\\/asamblea-general-de-onu-aprobo-resolucion-de-cese-de-hostilidades\\\/#primaryimage\",\"url\":\"\",\"contentUrl\":\"\"},{\"@type\":\"BreadcrumbList\",\"@id\":\"https:\\\/\\\/www.eldiario.net\\\/portal\\\/2023\\\/02\\\/24\\\/asamblea-general-de-onu-aprobo-resolucion-de-cese-de-hostilidades\\\/#breadcrumb\",\"itemListElement\":[{\"@type\":\"ListItem\",\"position\":1,\"name\":\"Portada\",\"item\":\"https:\\\/\\\/www.eldiario.net\\\/portal\\\/\"},{\"@type\":\"ListItem\",\"position\":2,\"name\":\"Asamblea General de ONU aprob\u00f3 resoluci\u00f3n de cese de hostilidades\"}]},{\"@type\":\"WebSite\",\"@id\":\"https:\\\/\\\/www.eldiario.net\\\/portal\\\/#website\",\"url\":\"https:\\\/\\\/www.eldiario.net\\\/portal\\\/\",\"name\":\"El Diario - Decano de la prensa nacional\",\"description\":\"El Diario - Decano de la prensa nacional\",\"publisher\":{\"@id\":\"https:\\\/\\\/www.eldiario.net\\\/portal\\\/#organization\"},\"potentialAction\":[{\"@type\":\"SearchAction\",\"target\":{\"@type\":\"EntryPoint\",\"urlTemplate\":\"https:\\\/\\\/www.eldiario.net\\\/portal\\\/?s={search_term_string}\"},\"query-input\":{\"@type\":\"PropertyValueSpecification\",\"valueRequired\":true,\"valueName\":\"search_term_string\"}}],\"inLanguage\":\"es\"},{\"@type\":\"Organization\",\"@id\":\"https:\\\/\\\/www.eldiario.net\\\/portal\\\/#organization\",\"name\":\"El Diario - Decano de la prensa nacional\",\"url\":\"https:\\\/\\\/www.eldiario.net\\\/portal\\\/\",\"logo\":{\"@type\":\"ImageObject\",\"inLanguage\":\"es\",\"@id\":\"https:\\\/\\\/www.eldiario.net\\\/portal\\\/#\\\/schema\\\/logo\\\/image\\\/\",\"url\":\"https:\\\/\\\/www.eldiario.net\\\/portal\\\/wp-content\\\/uploads\\\/2023\\\/07\\\/logo_ED.jpg\",\"contentUrl\":\"https:\\\/\\\/www.eldiario.net\\\/portal\\\/wp-content\\\/uploads\\\/2023\\\/07\\\/logo_ED.jpg\",\"width\":272,\"height\":52,\"caption\":\"El Diario - Decano de la prensa nacional\"},\"image\":{\"@id\":\"https:\\\/\\\/www.eldiario.net\\\/portal\\\/#\\\/schema\\\/logo\\\/image\\\/\"},\"sameAs\":[\"https:\\\/\\\/www.facebook.com\\\/eldiario.bolivia\\\/\",\"https:\\\/\\\/x.com\\\/eldiario_net\"]},{\"@type\":\"Person\",\"@id\":\"https:\\\/\\\/www.eldiario.net\\\/portal\\\/#\\\/schema\\\/person\\\/2c57cf2b7a7ae032e449e4c9b1019eac\",\"name\":\"Jeanette\",\"image\":{\"@type\":\"ImageObject\",\"inLanguage\":\"es\",\"@id\":\"https:\\\/\\\/secure.gravatar.com\\\/avatar\\\/3ea2118a5f7dad2b7138b1187a6b7ee55f160b9968b66013c3a3ef39dd7e5798?s=96&d=mm&r=g\",\"url\":\"https:\\\/\\\/secure.gravatar.com\\\/avatar\\\/3ea2118a5f7dad2b7138b1187a6b7ee55f160b9968b66013c3a3ef39dd7e5798?s=96&d=mm&r=g\",\"contentUrl\":\"https:\\\/\\\/secure.gravatar.com\\\/avatar\\\/3ea2118a5f7dad2b7138b1187a6b7ee55f160b9968b66013c3a3ef39dd7e5798?s=96&d=mm&r=g\",\"caption\":\"Jeanette\"},\"sameAs\":[\"https:\\\/\\\/www.eldiario.net\\\/portal\"],\"url\":\"https:\\\/\\\/www.eldiario.net\\\/portal\\\/author\\\/jeanette\\\/\"}]}<\/script>\n<!-- \/ Yoast SEO plugin. -->","yoast_head_json":{"title":"Asamblea General de ONU aprob\u00f3 resoluci\u00f3n de cese de hostilidades - El Diario - Bolivia","robots":{"index":"index","follow":"follow","max-snippet":"max-snippet:-1","max-image-preview":"max-image-preview:large","max-video-preview":"max-video-preview:-1"},"canonical":"https:\/\/www.eldiario.net\/portal\/2023\/02\/24\/asamblea-general-de-onu-aprobo-resolucion-de-cese-de-hostilidades\/","og_locale":"es_ES","og_type":"article","og_title":"Asamblea General de ONU aprob\u00f3 resoluci\u00f3n de cese de hostilidades - El Diario - Bolivia","og_description":"La Asamblea General de la ONU ha aprobado ayer una resoluci\u00f3n que pide el \u201ccese de hostilidades\u201d en Ucrania y la retirada de las tropas rusas, la misma ha sido finalmente copatrocinada por 75 pa\u00edses, entre ellos todos los de la Uni\u00f3n Europea, Estados Unidos y varios latinoamericanos (Chile, Ecuador, Rep\u00fablica Dominicana y Uruguay). El [&hellip;]","og_url":"https:\/\/www.eldiario.net\/portal\/2023\/02\/24\/asamblea-general-de-onu-aprobo-resolucion-de-cese-de-hostilidades\/","og_site_name":"El Diario - Bolivia","article_publisher":"https:\/\/www.facebook.com\/eldiario.bolivia\/","article_published_time":"2023-02-24T10:10:17+00:00","author":"Jeanette","twitter_card":"summary_large_image","twitter_creator":"@eldiario_net","twitter_site":"@eldiario_net","twitter_misc":{"Escrito por":"Jeanette","Tiempo de lectura":"4 minutos"},"schema":{"@context":"https:\/\/schema.org","@graph":[{"@type":"Article","@id":"https:\/\/www.eldiario.net\/portal\/2023\/02\/24\/asamblea-general-de-onu-aprobo-resolucion-de-cese-de-hostilidades\/#article","isPartOf":{"@id":"https:\/\/www.eldiario.net\/portal\/2023\/02\/24\/asamblea-general-de-onu-aprobo-resolucion-de-cese-de-hostilidades\/"},"author":{"name":"Jeanette","@id":"https:\/\/www.eldiario.net\/portal\/#\/schema\/person\/2c57cf2b7a7ae032e449e4c9b1019eac"},"headline":"Asamblea General de ONU aprob\u00f3 resoluci\u00f3n de cese de hostilidades","datePublished":"2023-02-24T10:10:17+00:00","mainEntityOfPage":{"@id":"https:\/\/www.eldiario.net\/portal\/2023\/02\/24\/asamblea-general-de-onu-aprobo-resolucion-de-cese-de-hostilidades\/"},"wordCount":737,"publisher":{"@id":"https:\/\/www.eldiario.net\/portal\/#organization"},"image":{"@id":"https:\/\/www.eldiario.net\/portal\/2023\/02\/24\/asamblea-general-de-onu-aprobo-resolucion-de-cese-de-hostilidades\/#primaryimage"},"thumbnailUrl":"","articleSection":["Internacional"],"inLanguage":"es"},{"@type":"WebPage","@id":"https:\/\/www.eldiario.net\/portal\/2023\/02\/24\/asamblea-general-de-onu-aprobo-resolucion-de-cese-de-hostilidades\/","url":"https:\/\/www.eldiario.net\/portal\/2023\/02\/24\/asamblea-general-de-onu-aprobo-resolucion-de-cese-de-hostilidades\/","name":"Asamblea General de ONU aprob\u00f3 resoluci\u00f3n de cese de hostilidades - El Diario - Bolivia","isPartOf":{"@id":"https:\/\/www.eldiario.net\/portal\/#website"},"primaryImageOfPage":{"@id":"https:\/\/www.eldiario.net\/portal\/2023\/02\/24\/asamblea-general-de-onu-aprobo-resolucion-de-cese-de-hostilidades\/#primaryimage"},"image":{"@id":"https:\/\/www.eldiario.net\/portal\/2023\/02\/24\/asamblea-general-de-onu-aprobo-resolucion-de-cese-de-hostilidades\/#primaryimage"},"thumbnailUrl":"","datePublished":"2023-02-24T10:10:17+00:00","breadcrumb":{"@id":"https:\/\/www.eldiario.net\/portal\/2023\/02\/24\/asamblea-general-de-onu-aprobo-resolucion-de-cese-de-hostilidades\/#breadcrumb"},"inLanguage":"es","potentialAction":[{"@type":"ReadAction","target":["https:\/\/www.eldiario.net\/portal\/2023\/02\/24\/asamblea-general-de-onu-aprobo-resolucion-de-cese-de-hostilidades\/"]}]},{"@type":"ImageObject","inLanguage":"es","@id":"https:\/\/www.eldiario.net\/portal\/2023\/02\/24\/asamblea-general-de-onu-aprobo-resolucion-de-cese-de-hostilidades\/#primaryimage","url":"","contentUrl":""},{"@type":"BreadcrumbList","@id":"https:\/\/www.eldiario.net\/portal\/2023\/02\/24\/asamblea-general-de-onu-aprobo-resolucion-de-cese-de-hostilidades\/#breadcrumb","itemListElement":[{"@type":"ListItem","position":1,"name":"Portada","item":"https:\/\/www.eldiario.net\/portal\/"},{"@type":"ListItem","position":2,"name":"Asamblea General de ONU aprob\u00f3 resoluci\u00f3n de cese de hostilidades"}]},{"@type":"WebSite","@id":"https:\/\/www.eldiario.net\/portal\/#website","url":"https:\/\/www.eldiario.net\/portal\/","name":"El Diario - Decano de la prensa nacional","description":"El Diario - Decano de la prensa nacional","publisher":{"@id":"https:\/\/www.eldiario.net\/portal\/#organization"},"potentialAction":[{"@type":"SearchAction","target":{"@type":"EntryPoint","urlTemplate":"https:\/\/www.eldiario.net\/portal\/?s={search_term_string}"},"query-input":{"@type":"PropertyValueSpecification","valueRequired":true,"valueName":"search_term_string"}}],"inLanguage":"es"},{"@type":"Organization","@id":"https:\/\/www.eldiario.net\/portal\/#organization","name":"El Diario - Decano de la prensa nacional","url":"https:\/\/www.eldiario.net\/portal\/","logo":{"@type":"ImageObject","inLanguage":"es","@id":"https:\/\/www.eldiario.net\/portal\/#\/schema\/logo\/image\/","url":"https:\/\/www.eldiario.net\/portal\/wp-content\/uploads\/2023\/07\/logo_ED.jpg","contentUrl":"https:\/\/www.eldiario.net\/portal\/wp-content\/uploads\/2023\/07\/logo_ED.jpg","width":272,"height":52,"caption":"El Diario - Decano de la prensa nacional"},"image":{"@id":"https:\/\/www.eldiario.net\/portal\/#\/schema\/logo\/image\/"},"sameAs":["https:\/\/www.facebook.com\/eldiario.bolivia\/","https:\/\/x.com\/eldiario_net"]},{"@type":"Person","@id":"https:\/\/www.eldiario.net\/portal\/#\/schema\/person\/2c57cf2b7a7ae032e449e4c9b1019eac","name":"Jeanette","image":{"@type":"ImageObject","inLanguage":"es","@id":"https:\/\/secure.gravatar.com\/avatar\/3ea2118a5f7dad2b7138b1187a6b7ee55f160b9968b66013c3a3ef39dd7e5798?s=96&d=mm&r=g","url":"https:\/\/secure.gravatar.com\/avatar\/3ea2118a5f7dad2b7138b1187a6b7ee55f160b9968b66013c3a3ef39dd7e5798?s=96&d=mm&r=g","contentUrl":"https:\/\/secure.gravatar.com\/avatar\/3ea2118a5f7dad2b7138b1187a6b7ee55f160b9968b66013c3a3ef39dd7e5798?s=96&d=mm&r=g","caption":"Jeanette"},"sameAs":["https:\/\/www.eldiario.net\/portal"],"url":"https:\/\/www.eldiario.net\/portal\/author\/jeanette\/"}]}},"_links":{"self":[{"href":"https:\/\/www.eldiario.net\/portal\/wp-json\/wp\/v2\/posts\/139842","targetHints":{"allow":["GET"]}}],"collection":[{"href":"https:\/\/www.eldiario.net\/portal\/wp-json\/wp\/v2\/posts"}],"about":[{"href":"https:\/\/www.eldiario.net\/portal\/wp-json\/wp\/v2\/types\/post"}],"author":[{"embeddable":true,"href":"https:\/\/www.eldiario.net\/portal\/wp-json\/wp\/v2\/users\/1"}],"replies":[{"embeddable":true,"href":"https:\/\/www.eldiario.net\/portal\/wp-json\/wp\/v2\/comments?post=139842"}],"version-history":[{"count":0,"href":"https:\/\/www.eldiario.net\/portal\/wp-json\/wp\/v2\/posts\/139842\/revisions"}],"wp:attachment":[{"href":"https:\/\/www.eldiario.net\/portal\/wp-json\/wp\/v2\/media?parent=139842"}],"wp:term":[{"taxonomy":"category","embeddable":true,"href":"https:\/\/www.eldiario.net\/portal\/wp-json\/wp\/v2\/categories?post=139842"},{"taxonomy":"post_tag","embeddable":true,"href":"https:\/\/www.eldiario.net\/portal\/wp-json\/wp\/v2\/tags?post=139842"}],"curies":[{"name":"wp","href":"https:\/\/api.w.org\/{rel}","templated":true}]}}