{"id":139839,"date":"2023-02-24T06:09:10","date_gmt":"2023-02-24T10:09:10","guid":{"rendered":"https:\/\/www.eldiario.net\/portal\/?p=139839"},"modified":"2023-02-24T06:09:10","modified_gmt":"2023-02-24T10:09:10","slug":"lideres-de-ue-prometen-restaurar-paz-en-ucrania","status":"publish","type":"post","link":"https:\/\/www.eldiario.net\/portal\/2023\/02\/24\/lideres-de-ue-prometen-restaurar-paz-en-ucrania\/","title":{"rendered":"L\u00edderes de UE prometen  restaurar paz en Ucrania"},"content":{"rendered":"<p>Los l\u00edderes de la Uni\u00f3n Europea manifestaron ayer, en la v\u00edspera, despu\u00e9s de que la guerra en Ucrania cumple su primer a\u00f1o, el apoyo incondicional a la naci\u00f3n de Europa del Este y puntualizaron que \u201cno descansar\u00e1n\u201d hasta que se restaure la paz en el pa\u00eds.<br \/>\nLos jefes de Estado y de Gobierno europeos han mostrado en una declaraci\u00f3n su firme apoyo a la llamada \u2018F\u00f3rmula de Paz\u2019 que el presidente de Ucrania, Volodimir Zelenski, ha planteado en las \u00faltimas semanas.<br \/>\n\u201cJunto a nuestros socios internacionales, nos aseguraremos de que Ucrania prevalezca, que se respete el Derecho Internacional, que se restablezca la paz y la integridad territorial de Ucrania dentro de sus fronteras internacionales reconocidas, que Ucrania se reconstruya y que se haga justicia\u201d, asever\u00f3.<br \/>\nCon motivo del inminente primer a\u00f1o del conflicto, el Consejo Europeo ha mostrado su reconocimiento al pueblo ucraniano, que en estos doce meses ha mostrado una \u201cfuerza incre\u00edble\u201d para defender su pa\u00eds y los \u201cprincipios fundamentales del Derecho Internacional\u201d a pesar de las dificultades y \u201clos cr\u00edmenes de Rusia\u201d.<br \/>\n\u201cNing\u00fan pa\u00eds tiene derecho a invadir a su vecino o violar su soberan\u00eda e integridad territorial. Esta agresi\u00f3n es un crimen contra la paz. Viola la Carta de Naciones Unidas, los principios de la ONU y los valores de la Humanidad\u201d, enfatizaron los l\u00edderes europeos, que han incidido en no permanecer \u201cpasivos\u201d ante estos \u201ccr\u00edmenes\u201d.<br \/>\nAs\u00ed, han acusado a Rusia de convertir \u201clos alimentos y la energ\u00eda en armas\u201d, as\u00ed como de haber lanzado \u201camenazas nucleares profundamente irresponsables\u201d, a la par que ha difundido \u201cnarrativas falsas sobre la guerra\u201d. Con todo esto, consideran que las consecuencias del conflicto no solo se viven en Ucrania, sino a nivel alimenticio y econ\u00f3mico mundial.<br \/>\n\u201cLa Uni\u00f3n Europea continuar\u00e1 trabajando con socios para mitigar estos efectos y brindar asistencia a los pa\u00edses y personas m\u00e1s necesitados\u201d, reza la mencionada declaraci\u00f3n, donde adem\u00e1s los l\u00edderes de la UE han aprovechado para destacar la \u201crapidez y unidad\u201d con la que el bloque ha respondido a la invasi\u00f3n rusa.<br \/>\n\u201cSeguiremos firmes y en plena solidaridad con Ucrania y su pueblo durante el tiempo que sea necesario (&#8230;) Los ucranianos han expresado su deseo de un futuro dentro de la Uni\u00f3n Europea y lo hemos reconocido al otorgarle el estatus de pa\u00eds candidato\u201d, han remarcado desde Bruselas, ensalzando el car\u00e1cter democr\u00e1tico de Ucrania.<br \/>\nFinalmente, los jefes de Estado y de Gobierno de la Uni\u00f3n Europea han trasladado a Kiev su apoyo en t\u00e9rminos \u201cpol\u00edticos, econ\u00f3micos, humanitarios, financieros y militares\u201d, as\u00ed como de cara a la futura reconstrucci\u00f3n del pa\u00eds, que han abogado que se financie con los activos rusos incautados.<br \/>\n\u201cContinuaremos aumentando la presi\u00f3n colectiva sobre Rusia para que ponga fin a su guerra de agresi\u00f3n. Con este fin, adoptaremos un d\u00e9cimo paquete de sanciones y tomaremos medidas contra quienes intenten eludir las medidas de la Uni\u00f3n Europea\u201d, han zanjado.<\/p>\n<p>INSTITUCIONES<br \/>\nPor otro lado, la presidenta de la Comisi\u00f3n Europea, Ursula von der Leyen, inform\u00f3 en su perfil oficial de Twitter de que los edificios de las instituciones europeas se iluminar\u00e1n durante esta noche con los colores de la bandera de Ucrania. (Europa Press).<\/p>\n","protected":false},"excerpt":{"rendered":"<p>Los l\u00edderes de la Uni\u00f3n Europea manifestaron ayer, en la v\u00edspera, despu\u00e9s de que la guerra en Ucrania cumple su primer a\u00f1o, el apoyo incondicional a la naci\u00f3n de Europa del Este y puntualizaron que \u201cno descansar\u00e1n\u201d hasta que se restaure la paz en el pa\u00eds. Los jefes de Estado y de Gobierno europeos han [&hellip;]<\/p>\n","protected":false},"author":1,"featured_media":139840,"comment_status":"closed","ping_status":"closed","sticky":false,"template":"","format":"standard","meta":{"_acf_changed":false,"footnotes":""},"categories":[3],"tags":[],"class_list":["post-139839","post","type-post","status-publish","format-standard","has-post-thumbnail","category-internacional"],"acf":{"antetitulo":""},"yoast_head":"<!-- This site is optimized with the Yoast SEO plugin v28.4 - https:\/\/yoast.com\/product\/yoast-seo-wordpress\/ -->\n<title>L\u00edderes de UE prometen restaurar paz en Ucrania - El Diario - Bolivia<\/title>\n<meta name=\"robots\" content=\"index, follow, max-snippet:-1, max-image-preview:large, max-video-preview:-1\" \/>\n<link rel=\"canonical\" href=\"https:\/\/www.eldiario.net\/portal\/2023\/02\/24\/lideres-de-ue-prometen-restaurar-paz-en-ucrania\/\" \/>\n<meta property=\"og:locale\" content=\"es_ES\" \/>\n<meta property=\"og:type\" content=\"article\" \/>\n<meta property=\"og:title\" content=\"L\u00edderes de UE prometen restaurar paz en Ucrania - El Diario - Bolivia\" \/>\n<meta property=\"og:description\" content=\"Los l\u00edderes de la Uni\u00f3n Europea manifestaron ayer, en la v\u00edspera, despu\u00e9s de que la guerra en Ucrania cumple su primer a\u00f1o, el apoyo incondicional a la naci\u00f3n de Europa del Este y puntualizaron que \u201cno descansar\u00e1n\u201d hasta que se restaure la paz en el pa\u00eds. Los jefes de Estado y de Gobierno europeos han [&hellip;]\" \/>\n<meta property=\"og:url\" content=\"https:\/\/www.eldiario.net\/portal\/2023\/02\/24\/lideres-de-ue-prometen-restaurar-paz-en-ucrania\/\" \/>\n<meta property=\"og:site_name\" content=\"El Diario - Bolivia\" \/>\n<meta property=\"article:publisher\" content=\"https:\/\/www.facebook.com\/eldiario.bolivia\/\" \/>\n<meta property=\"article:published_time\" content=\"2023-02-24T10:09:10+00:00\" \/>\n<meta name=\"author\" content=\"Jeanette\" \/>\n<meta name=\"twitter:card\" content=\"summary_large_image\" \/>\n<meta name=\"twitter:creator\" content=\"@eldiario_net\" \/>\n<meta name=\"twitter:site\" content=\"@eldiario_net\" \/>\n<meta name=\"twitter:label1\" content=\"Escrito por\" \/>\n\t<meta name=\"twitter:data1\" content=\"Jeanette\" \/>\n\t<meta name=\"twitter:label2\" content=\"Tiempo de lectura\" \/>\n\t<meta name=\"twitter:data2\" content=\"3 minutos\" \/>\n<script type=\"application\/ld+json\" class=\"yoast-schema-graph\">{\"@context\":\"https:\\\/\\\/schema.org\",\"@graph\":[{\"@type\":\"Article\",\"@id\":\"https:\\\/\\\/www.eldiario.net\\\/portal\\\/2023\\\/02\\\/24\\\/lideres-de-ue-prometen-restaurar-paz-en-ucrania\\\/#article\",\"isPartOf\":{\"@id\":\"https:\\\/\\\/www.eldiario.net\\\/portal\\\/2023\\\/02\\\/24\\\/lideres-de-ue-prometen-restaurar-paz-en-ucrania\\\/\"},\"author\":{\"name\":\"Jeanette\",\"@id\":\"https:\\\/\\\/www.eldiario.net\\\/portal\\\/#\\\/schema\\\/person\\\/2c57cf2b7a7ae032e449e4c9b1019eac\"},\"headline\":\"L\u00edderes de UE prometen restaurar paz en Ucrania\",\"datePublished\":\"2023-02-24T10:09:10+00:00\",\"mainEntityOfPage\":{\"@id\":\"https:\\\/\\\/www.eldiario.net\\\/portal\\\/2023\\\/02\\\/24\\\/lideres-de-ue-prometen-restaurar-paz-en-ucrania\\\/\"},\"wordCount\":573,\"publisher\":{\"@id\":\"https:\\\/\\\/www.eldiario.net\\\/portal\\\/#organization\"},\"image\":{\"@id\":\"https:\\\/\\\/www.eldiario.net\\\/portal\\\/2023\\\/02\\\/24\\\/lideres-de-ue-prometen-restaurar-paz-en-ucrania\\\/#primaryimage\"},\"thumbnailUrl\":\"\",\"articleSection\":[\"Internacional\"],\"inLanguage\":\"es\"},{\"@type\":\"WebPage\",\"@id\":\"https:\\\/\\\/www.eldiario.net\\\/portal\\\/2023\\\/02\\\/24\\\/lideres-de-ue-prometen-restaurar-paz-en-ucrania\\\/\",\"url\":\"https:\\\/\\\/www.eldiario.net\\\/portal\\\/2023\\\/02\\\/24\\\/lideres-de-ue-prometen-restaurar-paz-en-ucrania\\\/\",\"name\":\"L\u00edderes de UE prometen restaurar paz en Ucrania - El Diario - Bolivia\",\"isPartOf\":{\"@id\":\"https:\\\/\\\/www.eldiario.net\\\/portal\\\/#website\"},\"primaryImageOfPage\":{\"@id\":\"https:\\\/\\\/www.eldiario.net\\\/portal\\\/2023\\\/02\\\/24\\\/lideres-de-ue-prometen-restaurar-paz-en-ucrania\\\/#primaryimage\"},\"image\":{\"@id\":\"https:\\\/\\\/www.eldiario.net\\\/portal\\\/2023\\\/02\\\/24\\\/lideres-de-ue-prometen-restaurar-paz-en-ucrania\\\/#primaryimage\"},\"thumbnailUrl\":\"\",\"datePublished\":\"2023-02-24T10:09:10+00:00\",\"breadcrumb\":{\"@id\":\"https:\\\/\\\/www.eldiario.net\\\/portal\\\/2023\\\/02\\\/24\\\/lideres-de-ue-prometen-restaurar-paz-en-ucrania\\\/#breadcrumb\"},\"inLanguage\":\"es\",\"potentialAction\":[{\"@type\":\"ReadAction\",\"target\":[\"https:\\\/\\\/www.eldiario.net\\\/portal\\\/2023\\\/02\\\/24\\\/lideres-de-ue-prometen-restaurar-paz-en-ucrania\\\/\"]}]},{\"@type\":\"ImageObject\",\"inLanguage\":\"es\",\"@id\":\"https:\\\/\\\/www.eldiario.net\\\/portal\\\/2023\\\/02\\\/24\\\/lideres-de-ue-prometen-restaurar-paz-en-ucrania\\\/#primaryimage\",\"url\":\"\",\"contentUrl\":\"\"},{\"@type\":\"BreadcrumbList\",\"@id\":\"https:\\\/\\\/www.eldiario.net\\\/portal\\\/2023\\\/02\\\/24\\\/lideres-de-ue-prometen-restaurar-paz-en-ucrania\\\/#breadcrumb\",\"itemListElement\":[{\"@type\":\"ListItem\",\"position\":1,\"name\":\"Portada\",\"item\":\"https:\\\/\\\/www.eldiario.net\\\/portal\\\/\"},{\"@type\":\"ListItem\",\"position\":2,\"name\":\"L\u00edderes de UE prometen restaurar paz en Ucrania\"}]},{\"@type\":\"WebSite\",\"@id\":\"https:\\\/\\\/www.eldiario.net\\\/portal\\\/#website\",\"url\":\"https:\\\/\\\/www.eldiario.net\\\/portal\\\/\",\"name\":\"El Diario - Decano de la prensa nacional\",\"description\":\"El Diario - Decano de la prensa nacional\",\"publisher\":{\"@id\":\"https:\\\/\\\/www.eldiario.net\\\/portal\\\/#organization\"},\"potentialAction\":[{\"@type\":\"SearchAction\",\"target\":{\"@type\":\"EntryPoint\",\"urlTemplate\":\"https:\\\/\\\/www.eldiario.net\\\/portal\\\/?s={search_term_string}\"},\"query-input\":{\"@type\":\"PropertyValueSpecification\",\"valueRequired\":true,\"valueName\":\"search_term_string\"}}],\"inLanguage\":\"es\"},{\"@type\":\"Organization\",\"@id\":\"https:\\\/\\\/www.eldiario.net\\\/portal\\\/#organization\",\"name\":\"El Diario - Decano de la prensa nacional\",\"url\":\"https:\\\/\\\/www.eldiario.net\\\/portal\\\/\",\"logo\":{\"@type\":\"ImageObject\",\"inLanguage\":\"es\",\"@id\":\"https:\\\/\\\/www.eldiario.net\\\/portal\\\/#\\\/schema\\\/logo\\\/image\\\/\",\"url\":\"https:\\\/\\\/www.eldiario.net\\\/portal\\\/wp-content\\\/uploads\\\/2023\\\/07\\\/logo_ED.jpg\",\"contentUrl\":\"https:\\\/\\\/www.eldiario.net\\\/portal\\\/wp-content\\\/uploads\\\/2023\\\/07\\\/logo_ED.jpg\",\"width\":272,\"height\":52,\"caption\":\"El Diario - Decano de la prensa nacional\"},\"image\":{\"@id\":\"https:\\\/\\\/www.eldiario.net\\\/portal\\\/#\\\/schema\\\/logo\\\/image\\\/\"},\"sameAs\":[\"https:\\\/\\\/www.facebook.com\\\/eldiario.bolivia\\\/\",\"https:\\\/\\\/x.com\\\/eldiario_net\"]},{\"@type\":\"Person\",\"@id\":\"https:\\\/\\\/www.eldiario.net\\\/portal\\\/#\\\/schema\\\/person\\\/2c57cf2b7a7ae032e449e4c9b1019eac\",\"name\":\"Jeanette\",\"image\":{\"@type\":\"ImageObject\",\"inLanguage\":\"es\",\"@id\":\"https:\\\/\\\/secure.gravatar.com\\\/avatar\\\/3ea2118a5f7dad2b7138b1187a6b7ee55f160b9968b66013c3a3ef39dd7e5798?s=96&d=mm&r=g\",\"url\":\"https:\\\/\\\/secure.gravatar.com\\\/avatar\\\/3ea2118a5f7dad2b7138b1187a6b7ee55f160b9968b66013c3a3ef39dd7e5798?s=96&d=mm&r=g\",\"contentUrl\":\"https:\\\/\\\/secure.gravatar.com\\\/avatar\\\/3ea2118a5f7dad2b7138b1187a6b7ee55f160b9968b66013c3a3ef39dd7e5798?s=96&d=mm&r=g\",\"caption\":\"Jeanette\"},\"sameAs\":[\"https:\\\/\\\/www.eldiario.net\\\/portal\"],\"url\":\"https:\\\/\\\/www.eldiario.net\\\/portal\\\/author\\\/jeanette\\\/\"}]}<\/script>\n<!-- \/ Yoast SEO plugin. -->","yoast_head_json":{"title":"L\u00edderes de UE prometen restaurar paz en Ucrania - El Diario - Bolivia","robots":{"index":"index","follow":"follow","max-snippet":"max-snippet:-1","max-image-preview":"max-image-preview:large","max-video-preview":"max-video-preview:-1"},"canonical":"https:\/\/www.eldiario.net\/portal\/2023\/02\/24\/lideres-de-ue-prometen-restaurar-paz-en-ucrania\/","og_locale":"es_ES","og_type":"article","og_title":"L\u00edderes de UE prometen restaurar paz en Ucrania - El Diario - Bolivia","og_description":"Los l\u00edderes de la Uni\u00f3n Europea manifestaron ayer, en la v\u00edspera, despu\u00e9s de que la guerra en Ucrania cumple su primer a\u00f1o, el apoyo incondicional a la naci\u00f3n de Europa del Este y puntualizaron que \u201cno descansar\u00e1n\u201d hasta que se restaure la paz en el pa\u00eds. Los jefes de Estado y de Gobierno europeos han [&hellip;]","og_url":"https:\/\/www.eldiario.net\/portal\/2023\/02\/24\/lideres-de-ue-prometen-restaurar-paz-en-ucrania\/","og_site_name":"El Diario - Bolivia","article_publisher":"https:\/\/www.facebook.com\/eldiario.bolivia\/","article_published_time":"2023-02-24T10:09:10+00:00","author":"Jeanette","twitter_card":"summary_large_image","twitter_creator":"@eldiario_net","twitter_site":"@eldiario_net","twitter_misc":{"Escrito por":"Jeanette","Tiempo de lectura":"3 minutos"},"schema":{"@context":"https:\/\/schema.org","@graph":[{"@type":"Article","@id":"https:\/\/www.eldiario.net\/portal\/2023\/02\/24\/lideres-de-ue-prometen-restaurar-paz-en-ucrania\/#article","isPartOf":{"@id":"https:\/\/www.eldiario.net\/portal\/2023\/02\/24\/lideres-de-ue-prometen-restaurar-paz-en-ucrania\/"},"author":{"name":"Jeanette","@id":"https:\/\/www.eldiario.net\/portal\/#\/schema\/person\/2c57cf2b7a7ae032e449e4c9b1019eac"},"headline":"L\u00edderes de UE prometen restaurar paz en Ucrania","datePublished":"2023-02-24T10:09:10+00:00","mainEntityOfPage":{"@id":"https:\/\/www.eldiario.net\/portal\/2023\/02\/24\/lideres-de-ue-prometen-restaurar-paz-en-ucrania\/"},"wordCount":573,"publisher":{"@id":"https:\/\/www.eldiario.net\/portal\/#organization"},"image":{"@id":"https:\/\/www.eldiario.net\/portal\/2023\/02\/24\/lideres-de-ue-prometen-restaurar-paz-en-ucrania\/#primaryimage"},"thumbnailUrl":"","articleSection":["Internacional"],"inLanguage":"es"},{"@type":"WebPage","@id":"https:\/\/www.eldiario.net\/portal\/2023\/02\/24\/lideres-de-ue-prometen-restaurar-paz-en-ucrania\/","url":"https:\/\/www.eldiario.net\/portal\/2023\/02\/24\/lideres-de-ue-prometen-restaurar-paz-en-ucrania\/","name":"L\u00edderes de UE prometen restaurar paz en Ucrania - El Diario - Bolivia","isPartOf":{"@id":"https:\/\/www.eldiario.net\/portal\/#website"},"primaryImageOfPage":{"@id":"https:\/\/www.eldiario.net\/portal\/2023\/02\/24\/lideres-de-ue-prometen-restaurar-paz-en-ucrania\/#primaryimage"},"image":{"@id":"https:\/\/www.eldiario.net\/portal\/2023\/02\/24\/lideres-de-ue-prometen-restaurar-paz-en-ucrania\/#primaryimage"},"thumbnailUrl":"","datePublished":"2023-02-24T10:09:10+00:00","breadcrumb":{"@id":"https:\/\/www.eldiario.net\/portal\/2023\/02\/24\/lideres-de-ue-prometen-restaurar-paz-en-ucrania\/#breadcrumb"},"inLanguage":"es","potentialAction":[{"@type":"ReadAction","target":["https:\/\/www.eldiario.net\/portal\/2023\/02\/24\/lideres-de-ue-prometen-restaurar-paz-en-ucrania\/"]}]},{"@type":"ImageObject","inLanguage":"es","@id":"https:\/\/www.eldiario.net\/portal\/2023\/02\/24\/lideres-de-ue-prometen-restaurar-paz-en-ucrania\/#primaryimage","url":"","contentUrl":""},{"@type":"BreadcrumbList","@id":"https:\/\/www.eldiario.net\/portal\/2023\/02\/24\/lideres-de-ue-prometen-restaurar-paz-en-ucrania\/#breadcrumb","itemListElement":[{"@type":"ListItem","position":1,"name":"Portada","item":"https:\/\/www.eldiario.net\/portal\/"},{"@type":"ListItem","position":2,"name":"L\u00edderes de UE prometen restaurar paz en Ucrania"}]},{"@type":"WebSite","@id":"https:\/\/www.eldiario.net\/portal\/#website","url":"https:\/\/www.eldiario.net\/portal\/","name":"El Diario - Decano de la prensa nacional","description":"El Diario - Decano de la prensa nacional","publisher":{"@id":"https:\/\/www.eldiario.net\/portal\/#organization"},"potentialAction":[{"@type":"SearchAction","target":{"@type":"EntryPoint","urlTemplate":"https:\/\/www.eldiario.net\/portal\/?s={search_term_string}"},"query-input":{"@type":"PropertyValueSpecification","valueRequired":true,"valueName":"search_term_string"}}],"inLanguage":"es"},{"@type":"Organization","@id":"https:\/\/www.eldiario.net\/portal\/#organization","name":"El Diario - Decano de la prensa nacional","url":"https:\/\/www.eldiario.net\/portal\/","logo":{"@type":"ImageObject","inLanguage":"es","@id":"https:\/\/www.eldiario.net\/portal\/#\/schema\/logo\/image\/","url":"https:\/\/www.eldiario.net\/portal\/wp-content\/uploads\/2023\/07\/logo_ED.jpg","contentUrl":"https:\/\/www.eldiario.net\/portal\/wp-content\/uploads\/2023\/07\/logo_ED.jpg","width":272,"height":52,"caption":"El Diario - Decano de la prensa nacional"},"image":{"@id":"https:\/\/www.eldiario.net\/portal\/#\/schema\/logo\/image\/"},"sameAs":["https:\/\/www.facebook.com\/eldiario.bolivia\/","https:\/\/x.com\/eldiario_net"]},{"@type":"Person","@id":"https:\/\/www.eldiario.net\/portal\/#\/schema\/person\/2c57cf2b7a7ae032e449e4c9b1019eac","name":"Jeanette","image":{"@type":"ImageObject","inLanguage":"es","@id":"https:\/\/secure.gravatar.com\/avatar\/3ea2118a5f7dad2b7138b1187a6b7ee55f160b9968b66013c3a3ef39dd7e5798?s=96&d=mm&r=g","url":"https:\/\/secure.gravatar.com\/avatar\/3ea2118a5f7dad2b7138b1187a6b7ee55f160b9968b66013c3a3ef39dd7e5798?s=96&d=mm&r=g","contentUrl":"https:\/\/secure.gravatar.com\/avatar\/3ea2118a5f7dad2b7138b1187a6b7ee55f160b9968b66013c3a3ef39dd7e5798?s=96&d=mm&r=g","caption":"Jeanette"},"sameAs":["https:\/\/www.eldiario.net\/portal"],"url":"https:\/\/www.eldiario.net\/portal\/author\/jeanette\/"}]}},"_links":{"self":[{"href":"https:\/\/www.eldiario.net\/portal\/wp-json\/wp\/v2\/posts\/139839","targetHints":{"allow":["GET"]}}],"collection":[{"href":"https:\/\/www.eldiario.net\/portal\/wp-json\/wp\/v2\/posts"}],"about":[{"href":"https:\/\/www.eldiario.net\/portal\/wp-json\/wp\/v2\/types\/post"}],"author":[{"embeddable":true,"href":"https:\/\/www.eldiario.net\/portal\/wp-json\/wp\/v2\/users\/1"}],"replies":[{"embeddable":true,"href":"https:\/\/www.eldiario.net\/portal\/wp-json\/wp\/v2\/comments?post=139839"}],"version-history":[{"count":0,"href":"https:\/\/www.eldiario.net\/portal\/wp-json\/wp\/v2\/posts\/139839\/revisions"}],"wp:attachment":[{"href":"https:\/\/www.eldiario.net\/portal\/wp-json\/wp\/v2\/media?parent=139839"}],"wp:term":[{"taxonomy":"category","embeddable":true,"href":"https:\/\/www.eldiario.net\/portal\/wp-json\/wp\/v2\/categories?post=139839"},{"taxonomy":"post_tag","embeddable":true,"href":"https:\/\/www.eldiario.net\/portal\/wp-json\/wp\/v2\/tags?post=139839"}],"curies":[{"name":"wp","href":"https:\/\/api.w.org\/{rel}","templated":true}]}}