{"id":139836,"date":"2023-02-24T06:08:19","date_gmt":"2023-02-24T10:08:19","guid":{"rendered":"https:\/\/www.eldiario.net\/portal\/?p=139836"},"modified":"2023-02-24T06:08:19","modified_gmt":"2023-02-24T10:08:19","slug":"vladimir-putin-anuncia-despliegue-de-misiles-intercontinentales-satan-ii","status":"publish","type":"post","link":"https:\/\/www.eldiario.net\/portal\/2023\/02\/24\/vladimir-putin-anuncia-despliegue-de-misiles-intercontinentales-satan-ii\/","title":{"rendered":"Vlad\u00edmir Putin anuncia despliegue de misiles intercontinentales Sat\u00e1n II"},"content":{"rendered":"<p>El presidente de Rusia, Vlad\u00edmir Putin, anunci\u00f3 ayer que tiene previsto desplegar misiles bal\u00edsticos intercontinentales \u2018Sarmat\u2019, tambi\u00e9n conocidos como \u2018Sat\u00e1n II\u2019 por su capacidad para albergar una decena de cabezas nucleares, en un intento por fortalecer la \u201ctriada nuclear\u201d rusa en el marco de la invasi\u00f3n a Ucrania.<br \/>\nSus palabras llegan tras la suspensi\u00f3n de la participaci\u00f3n rusa del Nuevo Tratado de Reducci\u00f3n de Armas Estrat\u00e9gicas (START), el \u00faltimo pacto firmado entre Rusia y Estados Unidos para la reducci\u00f3n y control de armas nucleares.<br \/>\nAs\u00ed, ha especificado que este despliegue se ver\u00e1 acompa\u00f1ado de un mayor n\u00famero de misiles hipers\u00f3nicos y nuevos submarinos nucleares, tal y como ha se\u00f1alado tras una serie de discursos pronunciados este jueves de cara al inicio de la guerra, el 24 de febrero.<br \/>\n\u201cTal y como hemos hecho en el pasado, prestaremos atenci\u00f3n al fortalecimiento de la triada nuclear\u201d, ha aseverado en relaci\u00f3n con la posibilidad de desplegar misiles nucleares en tierra, agua y aire. \u201cSeguimos con la producci\u00f3n en masa de sistemas de misiles hipers\u00f3nicos \u2018Kinzhal\u2019 de lanzamiento a\u00e9reo\u201d, ha sostenido, tal y como ha informado el Kremlin.<br \/>\nEn este sentido, ha se\u00f1alado que tambi\u00e9n est\u00e1 previsto que Rusia inicie la \u201centrega masiva\u201d de misiles de crucero hipers\u00f3nicos \u2018Zircon\u2019, que podr\u00e1n \u201cser lanzados desde el mar\u201d, seg\u00fan ha recogido la agencia de noticias Interfax.<br \/>\n\u201cCon la entrega del submarino nuclear Borey \u2018Emperador Alejandro III\u2019, la proporci\u00f3n de armas y equipos modernos alcanzar\u00e1 el cien por ciento en la Armada. En los pr\u00f3ximos a\u00f1os, la fuerza de combate de la flota se ver\u00e1 reabastecido por completo\u201d, ha zanjado.<br \/>\nEl \u2018Sarmat\u2019 tiene una fase de impulso relativamente corta, lo que dificulta su interceptaci\u00f3n al limitar el intervalo en el que puede ser rastreado por sat\u00e9lites con sensores infrarrojos, como el Sistema de Infrarrojos Basado en el Espacio de Estados Unidos. Su radio de alcance se estima entre 17.000 y 18.000 kil\u00f3metros.<br \/>\nA finales de abril de 2022, las Fuerzas Armadas de Rusia confirmaron haber probado con \u00e9xito el nuevo misil bal\u00edstico intercontinental, al tiempo que promet\u00eda ser una de las bazas de Mosc\u00fa en materia armament\u00edstica dado su alcance.<br \/>\nEn este sentido, las autoridades aseguraron que podr\u00eda alcanzar toda Europa e incluso Estados Unidos tras completar todas sus fases de vuelo, de acuerdo a la versi\u00f3n oficial. (Europa Press).<\/p>\n","protected":false},"excerpt":{"rendered":"<p>El presidente de Rusia, Vlad\u00edmir Putin, anunci\u00f3 ayer que tiene previsto desplegar misiles bal\u00edsticos intercontinentales \u2018Sarmat\u2019, tambi\u00e9n conocidos como \u2018Sat\u00e1n II\u2019 por su capacidad para albergar una decena de cabezas nucleares, en un intento por fortalecer la \u201ctriada nuclear\u201d rusa en el marco de la invasi\u00f3n a Ucrania. Sus palabras llegan tras la suspensi\u00f3n de [&hellip;]<\/p>\n","protected":false},"author":1,"featured_media":139837,"comment_status":"closed","ping_status":"closed","sticky":false,"template":"","format":"standard","meta":{"_acf_changed":false,"footnotes":""},"categories":[3],"tags":[],"class_list":["post-139836","post","type-post","status-publish","format-standard","has-post-thumbnail","category-internacional"],"acf":{"antetitulo":""},"yoast_head":"<!-- This site is optimized with the Yoast SEO plugin v28.4 - https:\/\/yoast.com\/product\/yoast-seo-wordpress\/ -->\n<title>Vlad\u00edmir Putin anuncia despliegue de misiles intercontinentales Sat\u00e1n II - El Diario - Bolivia<\/title>\n<meta name=\"robots\" content=\"index, follow, max-snippet:-1, max-image-preview:large, max-video-preview:-1\" \/>\n<link rel=\"canonical\" href=\"https:\/\/www.eldiario.net\/portal\/2023\/02\/24\/vladimir-putin-anuncia-despliegue-de-misiles-intercontinentales-satan-ii\/\" \/>\n<meta property=\"og:locale\" content=\"es_ES\" \/>\n<meta property=\"og:type\" content=\"article\" \/>\n<meta property=\"og:title\" content=\"Vlad\u00edmir Putin anuncia despliegue de misiles intercontinentales Sat\u00e1n II - El Diario - Bolivia\" \/>\n<meta property=\"og:description\" content=\"El presidente de Rusia, Vlad\u00edmir Putin, anunci\u00f3 ayer que tiene previsto desplegar misiles bal\u00edsticos intercontinentales \u2018Sarmat\u2019, tambi\u00e9n conocidos como \u2018Sat\u00e1n II\u2019 por su capacidad para albergar una decena de cabezas nucleares, en un intento por fortalecer la \u201ctriada nuclear\u201d rusa en el marco de la invasi\u00f3n a Ucrania. Sus palabras llegan tras la suspensi\u00f3n de [&hellip;]\" \/>\n<meta property=\"og:url\" content=\"https:\/\/www.eldiario.net\/portal\/2023\/02\/24\/vladimir-putin-anuncia-despliegue-de-misiles-intercontinentales-satan-ii\/\" \/>\n<meta property=\"og:site_name\" content=\"El Diario - Bolivia\" \/>\n<meta property=\"article:publisher\" content=\"https:\/\/www.facebook.com\/eldiario.bolivia\/\" \/>\n<meta property=\"article:published_time\" content=\"2023-02-24T10:08:19+00:00\" \/>\n<meta name=\"author\" content=\"Jeanette\" \/>\n<meta name=\"twitter:card\" content=\"summary_large_image\" \/>\n<meta name=\"twitter:creator\" content=\"@eldiario_net\" \/>\n<meta name=\"twitter:site\" content=\"@eldiario_net\" \/>\n<meta name=\"twitter:label1\" content=\"Escrito por\" \/>\n\t<meta name=\"twitter:data1\" content=\"Jeanette\" \/>\n\t<meta name=\"twitter:label2\" content=\"Tiempo de lectura\" \/>\n\t<meta name=\"twitter:data2\" content=\"2 minutos\" \/>\n<script type=\"application\/ld+json\" class=\"yoast-schema-graph\">{\"@context\":\"https:\\\/\\\/schema.org\",\"@graph\":[{\"@type\":\"Article\",\"@id\":\"https:\\\/\\\/www.eldiario.net\\\/portal\\\/2023\\\/02\\\/24\\\/vladimir-putin-anuncia-despliegue-de-misiles-intercontinentales-satan-ii\\\/#article\",\"isPartOf\":{\"@id\":\"https:\\\/\\\/www.eldiario.net\\\/portal\\\/2023\\\/02\\\/24\\\/vladimir-putin-anuncia-despliegue-de-misiles-intercontinentales-satan-ii\\\/\"},\"author\":{\"name\":\"Jeanette\",\"@id\":\"https:\\\/\\\/www.eldiario.net\\\/portal\\\/#\\\/schema\\\/person\\\/2c57cf2b7a7ae032e449e4c9b1019eac\"},\"headline\":\"Vlad\u00edmir Putin anuncia despliegue de misiles intercontinentales Sat\u00e1n II\",\"datePublished\":\"2023-02-24T10:08:19+00:00\",\"mainEntityOfPage\":{\"@id\":\"https:\\\/\\\/www.eldiario.net\\\/portal\\\/2023\\\/02\\\/24\\\/vladimir-putin-anuncia-despliegue-de-misiles-intercontinentales-satan-ii\\\/\"},\"wordCount\":425,\"publisher\":{\"@id\":\"https:\\\/\\\/www.eldiario.net\\\/portal\\\/#organization\"},\"image\":{\"@id\":\"https:\\\/\\\/www.eldiario.net\\\/portal\\\/2023\\\/02\\\/24\\\/vladimir-putin-anuncia-despliegue-de-misiles-intercontinentales-satan-ii\\\/#primaryimage\"},\"thumbnailUrl\":\"\",\"articleSection\":[\"Internacional\"],\"inLanguage\":\"es\"},{\"@type\":\"WebPage\",\"@id\":\"https:\\\/\\\/www.eldiario.net\\\/portal\\\/2023\\\/02\\\/24\\\/vladimir-putin-anuncia-despliegue-de-misiles-intercontinentales-satan-ii\\\/\",\"url\":\"https:\\\/\\\/www.eldiario.net\\\/portal\\\/2023\\\/02\\\/24\\\/vladimir-putin-anuncia-despliegue-de-misiles-intercontinentales-satan-ii\\\/\",\"name\":\"Vlad\u00edmir Putin anuncia despliegue de misiles intercontinentales Sat\u00e1n II - El Diario - Bolivia\",\"isPartOf\":{\"@id\":\"https:\\\/\\\/www.eldiario.net\\\/portal\\\/#website\"},\"primaryImageOfPage\":{\"@id\":\"https:\\\/\\\/www.eldiario.net\\\/portal\\\/2023\\\/02\\\/24\\\/vladimir-putin-anuncia-despliegue-de-misiles-intercontinentales-satan-ii\\\/#primaryimage\"},\"image\":{\"@id\":\"https:\\\/\\\/www.eldiario.net\\\/portal\\\/2023\\\/02\\\/24\\\/vladimir-putin-anuncia-despliegue-de-misiles-intercontinentales-satan-ii\\\/#primaryimage\"},\"thumbnailUrl\":\"\",\"datePublished\":\"2023-02-24T10:08:19+00:00\",\"breadcrumb\":{\"@id\":\"https:\\\/\\\/www.eldiario.net\\\/portal\\\/2023\\\/02\\\/24\\\/vladimir-putin-anuncia-despliegue-de-misiles-intercontinentales-satan-ii\\\/#breadcrumb\"},\"inLanguage\":\"es\",\"potentialAction\":[{\"@type\":\"ReadAction\",\"target\":[\"https:\\\/\\\/www.eldiario.net\\\/portal\\\/2023\\\/02\\\/24\\\/vladimir-putin-anuncia-despliegue-de-misiles-intercontinentales-satan-ii\\\/\"]}]},{\"@type\":\"ImageObject\",\"inLanguage\":\"es\",\"@id\":\"https:\\\/\\\/www.eldiario.net\\\/portal\\\/2023\\\/02\\\/24\\\/vladimir-putin-anuncia-despliegue-de-misiles-intercontinentales-satan-ii\\\/#primaryimage\",\"url\":\"\",\"contentUrl\":\"\"},{\"@type\":\"BreadcrumbList\",\"@id\":\"https:\\\/\\\/www.eldiario.net\\\/portal\\\/2023\\\/02\\\/24\\\/vladimir-putin-anuncia-despliegue-de-misiles-intercontinentales-satan-ii\\\/#breadcrumb\",\"itemListElement\":[{\"@type\":\"ListItem\",\"position\":1,\"name\":\"Portada\",\"item\":\"https:\\\/\\\/www.eldiario.net\\\/portal\\\/\"},{\"@type\":\"ListItem\",\"position\":2,\"name\":\"Vlad\u00edmir Putin anuncia despliegue de misiles intercontinentales Sat\u00e1n II\"}]},{\"@type\":\"WebSite\",\"@id\":\"https:\\\/\\\/www.eldiario.net\\\/portal\\\/#website\",\"url\":\"https:\\\/\\\/www.eldiario.net\\\/portal\\\/\",\"name\":\"El Diario - Decano de la prensa nacional\",\"description\":\"El Diario - Decano de la prensa nacional\",\"publisher\":{\"@id\":\"https:\\\/\\\/www.eldiario.net\\\/portal\\\/#organization\"},\"potentialAction\":[{\"@type\":\"SearchAction\",\"target\":{\"@type\":\"EntryPoint\",\"urlTemplate\":\"https:\\\/\\\/www.eldiario.net\\\/portal\\\/?s={search_term_string}\"},\"query-input\":{\"@type\":\"PropertyValueSpecification\",\"valueRequired\":true,\"valueName\":\"search_term_string\"}}],\"inLanguage\":\"es\"},{\"@type\":\"Organization\",\"@id\":\"https:\\\/\\\/www.eldiario.net\\\/portal\\\/#organization\",\"name\":\"El Diario - Decano de la prensa nacional\",\"url\":\"https:\\\/\\\/www.eldiario.net\\\/portal\\\/\",\"logo\":{\"@type\":\"ImageObject\",\"inLanguage\":\"es\",\"@id\":\"https:\\\/\\\/www.eldiario.net\\\/portal\\\/#\\\/schema\\\/logo\\\/image\\\/\",\"url\":\"https:\\\/\\\/www.eldiario.net\\\/portal\\\/wp-content\\\/uploads\\\/2023\\\/07\\\/logo_ED.jpg\",\"contentUrl\":\"https:\\\/\\\/www.eldiario.net\\\/portal\\\/wp-content\\\/uploads\\\/2023\\\/07\\\/logo_ED.jpg\",\"width\":272,\"height\":52,\"caption\":\"El Diario - Decano de la prensa nacional\"},\"image\":{\"@id\":\"https:\\\/\\\/www.eldiario.net\\\/portal\\\/#\\\/schema\\\/logo\\\/image\\\/\"},\"sameAs\":[\"https:\\\/\\\/www.facebook.com\\\/eldiario.bolivia\\\/\",\"https:\\\/\\\/x.com\\\/eldiario_net\"]},{\"@type\":\"Person\",\"@id\":\"https:\\\/\\\/www.eldiario.net\\\/portal\\\/#\\\/schema\\\/person\\\/2c57cf2b7a7ae032e449e4c9b1019eac\",\"name\":\"Jeanette\",\"image\":{\"@type\":\"ImageObject\",\"inLanguage\":\"es\",\"@id\":\"https:\\\/\\\/secure.gravatar.com\\\/avatar\\\/3ea2118a5f7dad2b7138b1187a6b7ee55f160b9968b66013c3a3ef39dd7e5798?s=96&d=mm&r=g\",\"url\":\"https:\\\/\\\/secure.gravatar.com\\\/avatar\\\/3ea2118a5f7dad2b7138b1187a6b7ee55f160b9968b66013c3a3ef39dd7e5798?s=96&d=mm&r=g\",\"contentUrl\":\"https:\\\/\\\/secure.gravatar.com\\\/avatar\\\/3ea2118a5f7dad2b7138b1187a6b7ee55f160b9968b66013c3a3ef39dd7e5798?s=96&d=mm&r=g\",\"caption\":\"Jeanette\"},\"sameAs\":[\"https:\\\/\\\/www.eldiario.net\\\/portal\"],\"url\":\"https:\\\/\\\/www.eldiario.net\\\/portal\\\/author\\\/jeanette\\\/\"}]}<\/script>\n<!-- \/ Yoast SEO plugin. -->","yoast_head_json":{"title":"Vlad\u00edmir Putin anuncia despliegue de misiles intercontinentales Sat\u00e1n II - El Diario - Bolivia","robots":{"index":"index","follow":"follow","max-snippet":"max-snippet:-1","max-image-preview":"max-image-preview:large","max-video-preview":"max-video-preview:-1"},"canonical":"https:\/\/www.eldiario.net\/portal\/2023\/02\/24\/vladimir-putin-anuncia-despliegue-de-misiles-intercontinentales-satan-ii\/","og_locale":"es_ES","og_type":"article","og_title":"Vlad\u00edmir Putin anuncia despliegue de misiles intercontinentales Sat\u00e1n II - El Diario - Bolivia","og_description":"El presidente de Rusia, Vlad\u00edmir Putin, anunci\u00f3 ayer que tiene previsto desplegar misiles bal\u00edsticos intercontinentales \u2018Sarmat\u2019, tambi\u00e9n conocidos como \u2018Sat\u00e1n II\u2019 por su capacidad para albergar una decena de cabezas nucleares, en un intento por fortalecer la \u201ctriada nuclear\u201d rusa en el marco de la invasi\u00f3n a Ucrania. Sus palabras llegan tras la suspensi\u00f3n de [&hellip;]","og_url":"https:\/\/www.eldiario.net\/portal\/2023\/02\/24\/vladimir-putin-anuncia-despliegue-de-misiles-intercontinentales-satan-ii\/","og_site_name":"El Diario - Bolivia","article_publisher":"https:\/\/www.facebook.com\/eldiario.bolivia\/","article_published_time":"2023-02-24T10:08:19+00:00","author":"Jeanette","twitter_card":"summary_large_image","twitter_creator":"@eldiario_net","twitter_site":"@eldiario_net","twitter_misc":{"Escrito por":"Jeanette","Tiempo de lectura":"2 minutos"},"schema":{"@context":"https:\/\/schema.org","@graph":[{"@type":"Article","@id":"https:\/\/www.eldiario.net\/portal\/2023\/02\/24\/vladimir-putin-anuncia-despliegue-de-misiles-intercontinentales-satan-ii\/#article","isPartOf":{"@id":"https:\/\/www.eldiario.net\/portal\/2023\/02\/24\/vladimir-putin-anuncia-despliegue-de-misiles-intercontinentales-satan-ii\/"},"author":{"name":"Jeanette","@id":"https:\/\/www.eldiario.net\/portal\/#\/schema\/person\/2c57cf2b7a7ae032e449e4c9b1019eac"},"headline":"Vlad\u00edmir Putin anuncia despliegue de misiles intercontinentales Sat\u00e1n II","datePublished":"2023-02-24T10:08:19+00:00","mainEntityOfPage":{"@id":"https:\/\/www.eldiario.net\/portal\/2023\/02\/24\/vladimir-putin-anuncia-despliegue-de-misiles-intercontinentales-satan-ii\/"},"wordCount":425,"publisher":{"@id":"https:\/\/www.eldiario.net\/portal\/#organization"},"image":{"@id":"https:\/\/www.eldiario.net\/portal\/2023\/02\/24\/vladimir-putin-anuncia-despliegue-de-misiles-intercontinentales-satan-ii\/#primaryimage"},"thumbnailUrl":"","articleSection":["Internacional"],"inLanguage":"es"},{"@type":"WebPage","@id":"https:\/\/www.eldiario.net\/portal\/2023\/02\/24\/vladimir-putin-anuncia-despliegue-de-misiles-intercontinentales-satan-ii\/","url":"https:\/\/www.eldiario.net\/portal\/2023\/02\/24\/vladimir-putin-anuncia-despliegue-de-misiles-intercontinentales-satan-ii\/","name":"Vlad\u00edmir Putin anuncia despliegue de misiles intercontinentales Sat\u00e1n II - El Diario - Bolivia","isPartOf":{"@id":"https:\/\/www.eldiario.net\/portal\/#website"},"primaryImageOfPage":{"@id":"https:\/\/www.eldiario.net\/portal\/2023\/02\/24\/vladimir-putin-anuncia-despliegue-de-misiles-intercontinentales-satan-ii\/#primaryimage"},"image":{"@id":"https:\/\/www.eldiario.net\/portal\/2023\/02\/24\/vladimir-putin-anuncia-despliegue-de-misiles-intercontinentales-satan-ii\/#primaryimage"},"thumbnailUrl":"","datePublished":"2023-02-24T10:08:19+00:00","breadcrumb":{"@id":"https:\/\/www.eldiario.net\/portal\/2023\/02\/24\/vladimir-putin-anuncia-despliegue-de-misiles-intercontinentales-satan-ii\/#breadcrumb"},"inLanguage":"es","potentialAction":[{"@type":"ReadAction","target":["https:\/\/www.eldiario.net\/portal\/2023\/02\/24\/vladimir-putin-anuncia-despliegue-de-misiles-intercontinentales-satan-ii\/"]}]},{"@type":"ImageObject","inLanguage":"es","@id":"https:\/\/www.eldiario.net\/portal\/2023\/02\/24\/vladimir-putin-anuncia-despliegue-de-misiles-intercontinentales-satan-ii\/#primaryimage","url":"","contentUrl":""},{"@type":"BreadcrumbList","@id":"https:\/\/www.eldiario.net\/portal\/2023\/02\/24\/vladimir-putin-anuncia-despliegue-de-misiles-intercontinentales-satan-ii\/#breadcrumb","itemListElement":[{"@type":"ListItem","position":1,"name":"Portada","item":"https:\/\/www.eldiario.net\/portal\/"},{"@type":"ListItem","position":2,"name":"Vlad\u00edmir Putin anuncia despliegue de misiles intercontinentales Sat\u00e1n II"}]},{"@type":"WebSite","@id":"https:\/\/www.eldiario.net\/portal\/#website","url":"https:\/\/www.eldiario.net\/portal\/","name":"El Diario - Decano de la prensa nacional","description":"El Diario - Decano de la prensa nacional","publisher":{"@id":"https:\/\/www.eldiario.net\/portal\/#organization"},"potentialAction":[{"@type":"SearchAction","target":{"@type":"EntryPoint","urlTemplate":"https:\/\/www.eldiario.net\/portal\/?s={search_term_string}"},"query-input":{"@type":"PropertyValueSpecification","valueRequired":true,"valueName":"search_term_string"}}],"inLanguage":"es"},{"@type":"Organization","@id":"https:\/\/www.eldiario.net\/portal\/#organization","name":"El Diario - Decano de la prensa nacional","url":"https:\/\/www.eldiario.net\/portal\/","logo":{"@type":"ImageObject","inLanguage":"es","@id":"https:\/\/www.eldiario.net\/portal\/#\/schema\/logo\/image\/","url":"https:\/\/www.eldiario.net\/portal\/wp-content\/uploads\/2023\/07\/logo_ED.jpg","contentUrl":"https:\/\/www.eldiario.net\/portal\/wp-content\/uploads\/2023\/07\/logo_ED.jpg","width":272,"height":52,"caption":"El Diario - Decano de la prensa nacional"},"image":{"@id":"https:\/\/www.eldiario.net\/portal\/#\/schema\/logo\/image\/"},"sameAs":["https:\/\/www.facebook.com\/eldiario.bolivia\/","https:\/\/x.com\/eldiario_net"]},{"@type":"Person","@id":"https:\/\/www.eldiario.net\/portal\/#\/schema\/person\/2c57cf2b7a7ae032e449e4c9b1019eac","name":"Jeanette","image":{"@type":"ImageObject","inLanguage":"es","@id":"https:\/\/secure.gravatar.com\/avatar\/3ea2118a5f7dad2b7138b1187a6b7ee55f160b9968b66013c3a3ef39dd7e5798?s=96&d=mm&r=g","url":"https:\/\/secure.gravatar.com\/avatar\/3ea2118a5f7dad2b7138b1187a6b7ee55f160b9968b66013c3a3ef39dd7e5798?s=96&d=mm&r=g","contentUrl":"https:\/\/secure.gravatar.com\/avatar\/3ea2118a5f7dad2b7138b1187a6b7ee55f160b9968b66013c3a3ef39dd7e5798?s=96&d=mm&r=g","caption":"Jeanette"},"sameAs":["https:\/\/www.eldiario.net\/portal"],"url":"https:\/\/www.eldiario.net\/portal\/author\/jeanette\/"}]}},"_links":{"self":[{"href":"https:\/\/www.eldiario.net\/portal\/wp-json\/wp\/v2\/posts\/139836","targetHints":{"allow":["GET"]}}],"collection":[{"href":"https:\/\/www.eldiario.net\/portal\/wp-json\/wp\/v2\/posts"}],"about":[{"href":"https:\/\/www.eldiario.net\/portal\/wp-json\/wp\/v2\/types\/post"}],"author":[{"embeddable":true,"href":"https:\/\/www.eldiario.net\/portal\/wp-json\/wp\/v2\/users\/1"}],"replies":[{"embeddable":true,"href":"https:\/\/www.eldiario.net\/portal\/wp-json\/wp\/v2\/comments?post=139836"}],"version-history":[{"count":0,"href":"https:\/\/www.eldiario.net\/portal\/wp-json\/wp\/v2\/posts\/139836\/revisions"}],"wp:attachment":[{"href":"https:\/\/www.eldiario.net\/portal\/wp-json\/wp\/v2\/media?parent=139836"}],"wp:term":[{"taxonomy":"category","embeddable":true,"href":"https:\/\/www.eldiario.net\/portal\/wp-json\/wp\/v2\/categories?post=139836"},{"taxonomy":"post_tag","embeddable":true,"href":"https:\/\/www.eldiario.net\/portal\/wp-json\/wp\/v2\/tags?post=139836"}],"curies":[{"name":"wp","href":"https:\/\/api.w.org\/{rel}","templated":true}]}}