{"id":139833,"date":"2023-02-24T06:07:24","date_gmt":"2023-02-24T10:07:24","guid":{"rendered":"https:\/\/www.eldiario.net\/portal\/?p=139833"},"modified":"2023-02-24T06:07:24","modified_gmt":"2023-02-24T10:07:24","slug":"zelenski-se-abre-a-reunion-con-china-tras-la-presentacion-de-su-plan-de-paz","status":"publish","type":"post","link":"https:\/\/www.eldiario.net\/portal\/2023\/02\/24\/zelenski-se-abre-a-reunion-con-china-tras-la-presentacion-de-su-plan-de-paz\/","title":{"rendered":"Zelenski se abre a reuni\u00f3n con China tras la presentaci\u00f3n de su plan de paz"},"content":{"rendered":"<p>El presidente ucraniano, Volod\u00edmir Zelenski, calific\u00f3 de positivo que el Gobierno de China haya comenzado a hablar de la situaci\u00f3n en Ucrania y se ha mostrado abierto a una reuni\u00f3n que sirva, entre otras cosas, para debatir el plan de paz que Pek\u00edn tiene previsto poner sobre la mesa.<br \/>\nZelenski ha confirmado en una rueda de prensa conjunta con el presidente del Gobierno, Pedro S\u00e1nchez, que a\u00fan no ha visto el plan que esboz\u00f3 personalmente el mi\u00e9rcoles en Mosc\u00fa el principal responsable de la diplomacia china, Wang Yi.<br \/>\nAunque cree que es \u201ctemprano\u201d para valorar los detalles &#8211;a\u00fan no se ha hecho p\u00fablico el texto&#8211;, ha puesto en valor que Pek\u00edn no esquive el debate sobre el conflicto, despu\u00e9s de un a\u00f1o en el que ha evitado condenar de manera clara la invasi\u00f3n ordenada el 24 de febrero de 2022 por el presidente ruso, Vlad\u00edmir Putin.<br \/>\n\u201cNos gustar\u00eda reunirnos con China\u201d, ha subrayado Zelenski, quien ha sugerido que ya hay contactos diplom\u00e1ticos al respecto y sin aludir directamente a su hom\u00f3logo, Xi Jinping. En los \u00faltimos d\u00edas, varios medios han apuntado la posibilidad de que Xi visite Mosc\u00fa pr\u00f3ximamente.<br \/>\nWang, consejero de Estado de China, anunci\u00f3 el s\u00e1bado desde M\u00fanich que Pek\u00edn est\u00e1 ultimando los preparativos de una \u201ciniciativa de paz\u201d para poner fin a la guerra en Ucrania al amparo de los principios de la Carta de Naciones Unidas, en un esfuerzo para despejar el aparente \u201cretorno a la mentalidad de la Guerra Fr\u00eda\u201d que reina entre las superpotencias mundiales, a su entender. (Europa Press).<\/p>\n","protected":false},"excerpt":{"rendered":"<p>El presidente ucraniano, Volod\u00edmir Zelenski, calific\u00f3 de positivo que el Gobierno de China haya comenzado a hablar de la situaci\u00f3n en Ucrania y se ha mostrado abierto a una reuni\u00f3n que sirva, entre otras cosas, para debatir el plan de paz que Pek\u00edn tiene previsto poner sobre la mesa. Zelenski ha confirmado en una rueda [&hellip;]<\/p>\n","protected":false},"author":1,"featured_media":139834,"comment_status":"closed","ping_status":"closed","sticky":false,"template":"","format":"standard","meta":{"_acf_changed":false,"footnotes":""},"categories":[3],"tags":[],"class_list":["post-139833","post","type-post","status-publish","format-standard","has-post-thumbnail","category-internacional"],"acf":{"antetitulo":""},"yoast_head":"<!-- This site is optimized with the Yoast SEO plugin v28.4 - https:\/\/yoast.com\/product\/yoast-seo-wordpress\/ -->\n<title>Zelenski se abre a reuni\u00f3n con China tras la presentaci\u00f3n de su plan de paz - El Diario - Bolivia<\/title>\n<meta name=\"robots\" content=\"index, follow, max-snippet:-1, max-image-preview:large, max-video-preview:-1\" \/>\n<link rel=\"canonical\" href=\"https:\/\/www.eldiario.net\/portal\/2023\/02\/24\/zelenski-se-abre-a-reunion-con-china-tras-la-presentacion-de-su-plan-de-paz\/\" \/>\n<meta property=\"og:locale\" content=\"es_ES\" \/>\n<meta property=\"og:type\" content=\"article\" \/>\n<meta property=\"og:title\" content=\"Zelenski se abre a reuni\u00f3n con China tras la presentaci\u00f3n de su plan de paz - El Diario - Bolivia\" \/>\n<meta property=\"og:description\" content=\"El presidente ucraniano, Volod\u00edmir Zelenski, calific\u00f3 de positivo que el Gobierno de China haya comenzado a hablar de la situaci\u00f3n en Ucrania y se ha mostrado abierto a una reuni\u00f3n que sirva, entre otras cosas, para debatir el plan de paz que Pek\u00edn tiene previsto poner sobre la mesa. Zelenski ha confirmado en una rueda [&hellip;]\" \/>\n<meta property=\"og:url\" content=\"https:\/\/www.eldiario.net\/portal\/2023\/02\/24\/zelenski-se-abre-a-reunion-con-china-tras-la-presentacion-de-su-plan-de-paz\/\" \/>\n<meta property=\"og:site_name\" content=\"El Diario - Bolivia\" \/>\n<meta property=\"article:publisher\" content=\"https:\/\/www.facebook.com\/eldiario.bolivia\/\" \/>\n<meta property=\"article:published_time\" content=\"2023-02-24T10:07:24+00:00\" \/>\n<meta name=\"author\" content=\"Jeanette\" \/>\n<meta name=\"twitter:card\" content=\"summary_large_image\" \/>\n<meta name=\"twitter:creator\" content=\"@eldiario_net\" \/>\n<meta name=\"twitter:site\" content=\"@eldiario_net\" \/>\n<meta name=\"twitter:label1\" content=\"Escrito por\" \/>\n\t<meta name=\"twitter:data1\" content=\"Jeanette\" \/>\n\t<meta name=\"twitter:label2\" content=\"Tiempo de lectura\" \/>\n\t<meta name=\"twitter:data2\" content=\"2 minutos\" \/>\n<script type=\"application\/ld+json\" class=\"yoast-schema-graph\">{\"@context\":\"https:\\\/\\\/schema.org\",\"@graph\":[{\"@type\":\"Article\",\"@id\":\"https:\\\/\\\/www.eldiario.net\\\/portal\\\/2023\\\/02\\\/24\\\/zelenski-se-abre-a-reunion-con-china-tras-la-presentacion-de-su-plan-de-paz\\\/#article\",\"isPartOf\":{\"@id\":\"https:\\\/\\\/www.eldiario.net\\\/portal\\\/2023\\\/02\\\/24\\\/zelenski-se-abre-a-reunion-con-china-tras-la-presentacion-de-su-plan-de-paz\\\/\"},\"author\":{\"name\":\"Jeanette\",\"@id\":\"https:\\\/\\\/www.eldiario.net\\\/portal\\\/#\\\/schema\\\/person\\\/2c57cf2b7a7ae032e449e4c9b1019eac\"},\"headline\":\"Zelenski se abre a reuni\u00f3n con China tras la presentaci\u00f3n de su plan de paz\",\"datePublished\":\"2023-02-24T10:07:24+00:00\",\"mainEntityOfPage\":{\"@id\":\"https:\\\/\\\/www.eldiario.net\\\/portal\\\/2023\\\/02\\\/24\\\/zelenski-se-abre-a-reunion-con-china-tras-la-presentacion-de-su-plan-de-paz\\\/\"},\"wordCount\":294,\"publisher\":{\"@id\":\"https:\\\/\\\/www.eldiario.net\\\/portal\\\/#organization\"},\"image\":{\"@id\":\"https:\\\/\\\/www.eldiario.net\\\/portal\\\/2023\\\/02\\\/24\\\/zelenski-se-abre-a-reunion-con-china-tras-la-presentacion-de-su-plan-de-paz\\\/#primaryimage\"},\"thumbnailUrl\":\"\",\"articleSection\":[\"Internacional\"],\"inLanguage\":\"es\"},{\"@type\":\"WebPage\",\"@id\":\"https:\\\/\\\/www.eldiario.net\\\/portal\\\/2023\\\/02\\\/24\\\/zelenski-se-abre-a-reunion-con-china-tras-la-presentacion-de-su-plan-de-paz\\\/\",\"url\":\"https:\\\/\\\/www.eldiario.net\\\/portal\\\/2023\\\/02\\\/24\\\/zelenski-se-abre-a-reunion-con-china-tras-la-presentacion-de-su-plan-de-paz\\\/\",\"name\":\"Zelenski se abre a reuni\u00f3n con China tras la presentaci\u00f3n de su plan de paz - El Diario - Bolivia\",\"isPartOf\":{\"@id\":\"https:\\\/\\\/www.eldiario.net\\\/portal\\\/#website\"},\"primaryImageOfPage\":{\"@id\":\"https:\\\/\\\/www.eldiario.net\\\/portal\\\/2023\\\/02\\\/24\\\/zelenski-se-abre-a-reunion-con-china-tras-la-presentacion-de-su-plan-de-paz\\\/#primaryimage\"},\"image\":{\"@id\":\"https:\\\/\\\/www.eldiario.net\\\/portal\\\/2023\\\/02\\\/24\\\/zelenski-se-abre-a-reunion-con-china-tras-la-presentacion-de-su-plan-de-paz\\\/#primaryimage\"},\"thumbnailUrl\":\"\",\"datePublished\":\"2023-02-24T10:07:24+00:00\",\"breadcrumb\":{\"@id\":\"https:\\\/\\\/www.eldiario.net\\\/portal\\\/2023\\\/02\\\/24\\\/zelenski-se-abre-a-reunion-con-china-tras-la-presentacion-de-su-plan-de-paz\\\/#breadcrumb\"},\"inLanguage\":\"es\",\"potentialAction\":[{\"@type\":\"ReadAction\",\"target\":[\"https:\\\/\\\/www.eldiario.net\\\/portal\\\/2023\\\/02\\\/24\\\/zelenski-se-abre-a-reunion-con-china-tras-la-presentacion-de-su-plan-de-paz\\\/\"]}]},{\"@type\":\"ImageObject\",\"inLanguage\":\"es\",\"@id\":\"https:\\\/\\\/www.eldiario.net\\\/portal\\\/2023\\\/02\\\/24\\\/zelenski-se-abre-a-reunion-con-china-tras-la-presentacion-de-su-plan-de-paz\\\/#primaryimage\",\"url\":\"\",\"contentUrl\":\"\"},{\"@type\":\"BreadcrumbList\",\"@id\":\"https:\\\/\\\/www.eldiario.net\\\/portal\\\/2023\\\/02\\\/24\\\/zelenski-se-abre-a-reunion-con-china-tras-la-presentacion-de-su-plan-de-paz\\\/#breadcrumb\",\"itemListElement\":[{\"@type\":\"ListItem\",\"position\":1,\"name\":\"Portada\",\"item\":\"https:\\\/\\\/www.eldiario.net\\\/portal\\\/\"},{\"@type\":\"ListItem\",\"position\":2,\"name\":\"Zelenski se abre a reuni\u00f3n con China tras la presentaci\u00f3n de su plan de paz\"}]},{\"@type\":\"WebSite\",\"@id\":\"https:\\\/\\\/www.eldiario.net\\\/portal\\\/#website\",\"url\":\"https:\\\/\\\/www.eldiario.net\\\/portal\\\/\",\"name\":\"El Diario - Decano de la prensa nacional\",\"description\":\"El Diario - Decano de la prensa nacional\",\"publisher\":{\"@id\":\"https:\\\/\\\/www.eldiario.net\\\/portal\\\/#organization\"},\"potentialAction\":[{\"@type\":\"SearchAction\",\"target\":{\"@type\":\"EntryPoint\",\"urlTemplate\":\"https:\\\/\\\/www.eldiario.net\\\/portal\\\/?s={search_term_string}\"},\"query-input\":{\"@type\":\"PropertyValueSpecification\",\"valueRequired\":true,\"valueName\":\"search_term_string\"}}],\"inLanguage\":\"es\"},{\"@type\":\"Organization\",\"@id\":\"https:\\\/\\\/www.eldiario.net\\\/portal\\\/#organization\",\"name\":\"El Diario - Decano de la prensa nacional\",\"url\":\"https:\\\/\\\/www.eldiario.net\\\/portal\\\/\",\"logo\":{\"@type\":\"ImageObject\",\"inLanguage\":\"es\",\"@id\":\"https:\\\/\\\/www.eldiario.net\\\/portal\\\/#\\\/schema\\\/logo\\\/image\\\/\",\"url\":\"https:\\\/\\\/www.eldiario.net\\\/portal\\\/wp-content\\\/uploads\\\/2023\\\/07\\\/logo_ED.jpg\",\"contentUrl\":\"https:\\\/\\\/www.eldiario.net\\\/portal\\\/wp-content\\\/uploads\\\/2023\\\/07\\\/logo_ED.jpg\",\"width\":272,\"height\":52,\"caption\":\"El Diario - Decano de la prensa nacional\"},\"image\":{\"@id\":\"https:\\\/\\\/www.eldiario.net\\\/portal\\\/#\\\/schema\\\/logo\\\/image\\\/\"},\"sameAs\":[\"https:\\\/\\\/www.facebook.com\\\/eldiario.bolivia\\\/\",\"https:\\\/\\\/x.com\\\/eldiario_net\"]},{\"@type\":\"Person\",\"@id\":\"https:\\\/\\\/www.eldiario.net\\\/portal\\\/#\\\/schema\\\/person\\\/2c57cf2b7a7ae032e449e4c9b1019eac\",\"name\":\"Jeanette\",\"image\":{\"@type\":\"ImageObject\",\"inLanguage\":\"es\",\"@id\":\"https:\\\/\\\/secure.gravatar.com\\\/avatar\\\/3ea2118a5f7dad2b7138b1187a6b7ee55f160b9968b66013c3a3ef39dd7e5798?s=96&d=mm&r=g\",\"url\":\"https:\\\/\\\/secure.gravatar.com\\\/avatar\\\/3ea2118a5f7dad2b7138b1187a6b7ee55f160b9968b66013c3a3ef39dd7e5798?s=96&d=mm&r=g\",\"contentUrl\":\"https:\\\/\\\/secure.gravatar.com\\\/avatar\\\/3ea2118a5f7dad2b7138b1187a6b7ee55f160b9968b66013c3a3ef39dd7e5798?s=96&d=mm&r=g\",\"caption\":\"Jeanette\"},\"sameAs\":[\"https:\\\/\\\/www.eldiario.net\\\/portal\"],\"url\":\"https:\\\/\\\/www.eldiario.net\\\/portal\\\/author\\\/jeanette\\\/\"}]}<\/script>\n<!-- \/ Yoast SEO plugin. -->","yoast_head_json":{"title":"Zelenski se abre a reuni\u00f3n con China tras la presentaci\u00f3n de su plan de paz - El Diario - Bolivia","robots":{"index":"index","follow":"follow","max-snippet":"max-snippet:-1","max-image-preview":"max-image-preview:large","max-video-preview":"max-video-preview:-1"},"canonical":"https:\/\/www.eldiario.net\/portal\/2023\/02\/24\/zelenski-se-abre-a-reunion-con-china-tras-la-presentacion-de-su-plan-de-paz\/","og_locale":"es_ES","og_type":"article","og_title":"Zelenski se abre a reuni\u00f3n con China tras la presentaci\u00f3n de su plan de paz - El Diario - Bolivia","og_description":"El presidente ucraniano, Volod\u00edmir Zelenski, calific\u00f3 de positivo que el Gobierno de China haya comenzado a hablar de la situaci\u00f3n en Ucrania y se ha mostrado abierto a una reuni\u00f3n que sirva, entre otras cosas, para debatir el plan de paz que Pek\u00edn tiene previsto poner sobre la mesa. Zelenski ha confirmado en una rueda [&hellip;]","og_url":"https:\/\/www.eldiario.net\/portal\/2023\/02\/24\/zelenski-se-abre-a-reunion-con-china-tras-la-presentacion-de-su-plan-de-paz\/","og_site_name":"El Diario - Bolivia","article_publisher":"https:\/\/www.facebook.com\/eldiario.bolivia\/","article_published_time":"2023-02-24T10:07:24+00:00","author":"Jeanette","twitter_card":"summary_large_image","twitter_creator":"@eldiario_net","twitter_site":"@eldiario_net","twitter_misc":{"Escrito por":"Jeanette","Tiempo de lectura":"2 minutos"},"schema":{"@context":"https:\/\/schema.org","@graph":[{"@type":"Article","@id":"https:\/\/www.eldiario.net\/portal\/2023\/02\/24\/zelenski-se-abre-a-reunion-con-china-tras-la-presentacion-de-su-plan-de-paz\/#article","isPartOf":{"@id":"https:\/\/www.eldiario.net\/portal\/2023\/02\/24\/zelenski-se-abre-a-reunion-con-china-tras-la-presentacion-de-su-plan-de-paz\/"},"author":{"name":"Jeanette","@id":"https:\/\/www.eldiario.net\/portal\/#\/schema\/person\/2c57cf2b7a7ae032e449e4c9b1019eac"},"headline":"Zelenski se abre a reuni\u00f3n con China tras la presentaci\u00f3n de su plan de paz","datePublished":"2023-02-24T10:07:24+00:00","mainEntityOfPage":{"@id":"https:\/\/www.eldiario.net\/portal\/2023\/02\/24\/zelenski-se-abre-a-reunion-con-china-tras-la-presentacion-de-su-plan-de-paz\/"},"wordCount":294,"publisher":{"@id":"https:\/\/www.eldiario.net\/portal\/#organization"},"image":{"@id":"https:\/\/www.eldiario.net\/portal\/2023\/02\/24\/zelenski-se-abre-a-reunion-con-china-tras-la-presentacion-de-su-plan-de-paz\/#primaryimage"},"thumbnailUrl":"","articleSection":["Internacional"],"inLanguage":"es"},{"@type":"WebPage","@id":"https:\/\/www.eldiario.net\/portal\/2023\/02\/24\/zelenski-se-abre-a-reunion-con-china-tras-la-presentacion-de-su-plan-de-paz\/","url":"https:\/\/www.eldiario.net\/portal\/2023\/02\/24\/zelenski-se-abre-a-reunion-con-china-tras-la-presentacion-de-su-plan-de-paz\/","name":"Zelenski se abre a reuni\u00f3n con China tras la presentaci\u00f3n de su plan de paz - El Diario - Bolivia","isPartOf":{"@id":"https:\/\/www.eldiario.net\/portal\/#website"},"primaryImageOfPage":{"@id":"https:\/\/www.eldiario.net\/portal\/2023\/02\/24\/zelenski-se-abre-a-reunion-con-china-tras-la-presentacion-de-su-plan-de-paz\/#primaryimage"},"image":{"@id":"https:\/\/www.eldiario.net\/portal\/2023\/02\/24\/zelenski-se-abre-a-reunion-con-china-tras-la-presentacion-de-su-plan-de-paz\/#primaryimage"},"thumbnailUrl":"","datePublished":"2023-02-24T10:07:24+00:00","breadcrumb":{"@id":"https:\/\/www.eldiario.net\/portal\/2023\/02\/24\/zelenski-se-abre-a-reunion-con-china-tras-la-presentacion-de-su-plan-de-paz\/#breadcrumb"},"inLanguage":"es","potentialAction":[{"@type":"ReadAction","target":["https:\/\/www.eldiario.net\/portal\/2023\/02\/24\/zelenski-se-abre-a-reunion-con-china-tras-la-presentacion-de-su-plan-de-paz\/"]}]},{"@type":"ImageObject","inLanguage":"es","@id":"https:\/\/www.eldiario.net\/portal\/2023\/02\/24\/zelenski-se-abre-a-reunion-con-china-tras-la-presentacion-de-su-plan-de-paz\/#primaryimage","url":"","contentUrl":""},{"@type":"BreadcrumbList","@id":"https:\/\/www.eldiario.net\/portal\/2023\/02\/24\/zelenski-se-abre-a-reunion-con-china-tras-la-presentacion-de-su-plan-de-paz\/#breadcrumb","itemListElement":[{"@type":"ListItem","position":1,"name":"Portada","item":"https:\/\/www.eldiario.net\/portal\/"},{"@type":"ListItem","position":2,"name":"Zelenski se abre a reuni\u00f3n con China tras la presentaci\u00f3n de su plan de paz"}]},{"@type":"WebSite","@id":"https:\/\/www.eldiario.net\/portal\/#website","url":"https:\/\/www.eldiario.net\/portal\/","name":"El Diario - Decano de la prensa nacional","description":"El Diario - Decano de la prensa nacional","publisher":{"@id":"https:\/\/www.eldiario.net\/portal\/#organization"},"potentialAction":[{"@type":"SearchAction","target":{"@type":"EntryPoint","urlTemplate":"https:\/\/www.eldiario.net\/portal\/?s={search_term_string}"},"query-input":{"@type":"PropertyValueSpecification","valueRequired":true,"valueName":"search_term_string"}}],"inLanguage":"es"},{"@type":"Organization","@id":"https:\/\/www.eldiario.net\/portal\/#organization","name":"El Diario - Decano de la prensa nacional","url":"https:\/\/www.eldiario.net\/portal\/","logo":{"@type":"ImageObject","inLanguage":"es","@id":"https:\/\/www.eldiario.net\/portal\/#\/schema\/logo\/image\/","url":"https:\/\/www.eldiario.net\/portal\/wp-content\/uploads\/2023\/07\/logo_ED.jpg","contentUrl":"https:\/\/www.eldiario.net\/portal\/wp-content\/uploads\/2023\/07\/logo_ED.jpg","width":272,"height":52,"caption":"El Diario - Decano de la prensa nacional"},"image":{"@id":"https:\/\/www.eldiario.net\/portal\/#\/schema\/logo\/image\/"},"sameAs":["https:\/\/www.facebook.com\/eldiario.bolivia\/","https:\/\/x.com\/eldiario_net"]},{"@type":"Person","@id":"https:\/\/www.eldiario.net\/portal\/#\/schema\/person\/2c57cf2b7a7ae032e449e4c9b1019eac","name":"Jeanette","image":{"@type":"ImageObject","inLanguage":"es","@id":"https:\/\/secure.gravatar.com\/avatar\/3ea2118a5f7dad2b7138b1187a6b7ee55f160b9968b66013c3a3ef39dd7e5798?s=96&d=mm&r=g","url":"https:\/\/secure.gravatar.com\/avatar\/3ea2118a5f7dad2b7138b1187a6b7ee55f160b9968b66013c3a3ef39dd7e5798?s=96&d=mm&r=g","contentUrl":"https:\/\/secure.gravatar.com\/avatar\/3ea2118a5f7dad2b7138b1187a6b7ee55f160b9968b66013c3a3ef39dd7e5798?s=96&d=mm&r=g","caption":"Jeanette"},"sameAs":["https:\/\/www.eldiario.net\/portal"],"url":"https:\/\/www.eldiario.net\/portal\/author\/jeanette\/"}]}},"_links":{"self":[{"href":"https:\/\/www.eldiario.net\/portal\/wp-json\/wp\/v2\/posts\/139833","targetHints":{"allow":["GET"]}}],"collection":[{"href":"https:\/\/www.eldiario.net\/portal\/wp-json\/wp\/v2\/posts"}],"about":[{"href":"https:\/\/www.eldiario.net\/portal\/wp-json\/wp\/v2\/types\/post"}],"author":[{"embeddable":true,"href":"https:\/\/www.eldiario.net\/portal\/wp-json\/wp\/v2\/users\/1"}],"replies":[{"embeddable":true,"href":"https:\/\/www.eldiario.net\/portal\/wp-json\/wp\/v2\/comments?post=139833"}],"version-history":[{"count":0,"href":"https:\/\/www.eldiario.net\/portal\/wp-json\/wp\/v2\/posts\/139833\/revisions"}],"wp:attachment":[{"href":"https:\/\/www.eldiario.net\/portal\/wp-json\/wp\/v2\/media?parent=139833"}],"wp:term":[{"taxonomy":"category","embeddable":true,"href":"https:\/\/www.eldiario.net\/portal\/wp-json\/wp\/v2\/categories?post=139833"},{"taxonomy":"post_tag","embeddable":true,"href":"https:\/\/www.eldiario.net\/portal\/wp-json\/wp\/v2\/tags?post=139833"}],"curies":[{"name":"wp","href":"https:\/\/api.w.org\/{rel}","templated":true}]}}