{"id":139831,"date":"2023-02-24T06:06:20","date_gmt":"2023-02-24T10:06:20","guid":{"rendered":"https:\/\/www.eldiario.net\/portal\/?p=139831"},"modified":"2023-02-24T06:06:20","modified_gmt":"2023-02-24T10:06:20","slug":"fallecidos-por-fuertes-lluvias-asciende-a-49-en-zonas-costeras-de-sao-paulo","status":"publish","type":"post","link":"https:\/\/www.eldiario.net\/portal\/2023\/02\/24\/fallecidos-por-fuertes-lluvias-asciende-a-49-en-zonas-costeras-de-sao-paulo\/","title":{"rendered":"Fallecidos por fuertes lluvias asciende a 49 en zonas costeras de Sao Paulo"},"content":{"rendered":"<p>El n\u00famero de v\u00edctimas mortales por las fuertes lluvias que devastaron las zonas costeras del estado de Sao Paulo, en el sureste de Brasil, ascendi\u00f3 a 49 personas, mostraron las cifras oficiales ayer, mientras las ciudades de la regi\u00f3n se preparan para m\u00e1s precipitaciones en los pr\u00f3ximos d\u00edas.<br \/>\nDe acuerdo con los informes del Gobierno, m\u00e1s de 3.500 personas se han quedado sin hogar o se han visto obligadas a abandonar la regi\u00f3n tras las inclemencias meteorol\u00f3gicas. Se prev\u00e9 que las lluvias contin\u00faen cayendo a\u00fan durante este jueves y viernes, seg\u00fan el portal Universo Online.<br \/>\nGran parte de las muertes registradas en la zona han sido causadas por deslizamientos de tierra provocados por unas violentas lluvias que han dejado sin agua corriente y electricidad a los vecinos de muchos barrios de la costa sur de Sao Sebastiao.<br \/>\nEl gobernador del estado, Tac\u00edsio de Freitas, ha llegado a pedir a los turistas que se encontraban en la zona con motivo de las fiestas de carnaval que abandonen el lugar y faciliten as\u00ed las labores de rescate, al mismo tiempo que alivian los sistemas p\u00fablicos de asistencia, informa el portal G1.<br \/>\nMientras tanto, se ha decretado ya el estado de calamidad en el estado, cuya litoral sur ha dejado im\u00e1genes de caos, con centenares de personas aisladas a la espera de que los helic\u00f3pteros puedan acceder a la zona o bien rescatarles o entregarles productos de primera necesidad y asistencia m\u00e9dica.<br \/>\nPor su parte, el Centro Nacional de Seguimiento y Alerta de Desastres Naturales (Cemaden) inform\u00f3 el mi\u00e9rcoles de que el Gobierno de Sao Paulo fue alertado dos d\u00edas antes de la posibilidad de problemas a causa de las fuertes lluvias que han dejado ya cerca de medio centenar de muertos. (Reuters).<\/p>\n","protected":false},"excerpt":{"rendered":"<p>El n\u00famero de v\u00edctimas mortales por las fuertes lluvias que devastaron las zonas costeras del estado de Sao Paulo, en el sureste de Brasil, ascendi\u00f3 a 49 personas, mostraron las cifras oficiales ayer, mientras las ciudades de la regi\u00f3n se preparan para m\u00e1s precipitaciones en los pr\u00f3ximos d\u00edas. De acuerdo con los informes del Gobierno, [&hellip;]<\/p>\n","protected":false},"author":1,"featured_media":0,"comment_status":"closed","ping_status":"closed","sticky":false,"template":"","format":"standard","meta":{"_acf_changed":false,"footnotes":""},"categories":[3],"tags":[],"class_list":["post-139831","post","type-post","status-publish","format-standard","category-internacional"],"acf":{"antetitulo":""},"yoast_head":"<!-- This site is optimized with the Yoast SEO plugin v28.4 - https:\/\/yoast.com\/product\/yoast-seo-wordpress\/ -->\n<title>Fallecidos por fuertes lluvias asciende a 49 en zonas costeras de Sao Paulo - El Diario - Bolivia<\/title>\n<meta name=\"robots\" content=\"index, follow, max-snippet:-1, max-image-preview:large, max-video-preview:-1\" \/>\n<link rel=\"canonical\" href=\"https:\/\/www.eldiario.net\/portal\/2023\/02\/24\/fallecidos-por-fuertes-lluvias-asciende-a-49-en-zonas-costeras-de-sao-paulo\/\" \/>\n<meta property=\"og:locale\" content=\"es_ES\" \/>\n<meta property=\"og:type\" content=\"article\" \/>\n<meta property=\"og:title\" content=\"Fallecidos por fuertes lluvias asciende a 49 en zonas costeras de Sao Paulo - El Diario - Bolivia\" \/>\n<meta property=\"og:description\" content=\"El n\u00famero de v\u00edctimas mortales por las fuertes lluvias que devastaron las zonas costeras del estado de Sao Paulo, en el sureste de Brasil, ascendi\u00f3 a 49 personas, mostraron las cifras oficiales ayer, mientras las ciudades de la regi\u00f3n se preparan para m\u00e1s precipitaciones en los pr\u00f3ximos d\u00edas. De acuerdo con los informes del Gobierno, [&hellip;]\" \/>\n<meta property=\"og:url\" content=\"https:\/\/www.eldiario.net\/portal\/2023\/02\/24\/fallecidos-por-fuertes-lluvias-asciende-a-49-en-zonas-costeras-de-sao-paulo\/\" \/>\n<meta property=\"og:site_name\" content=\"El Diario - Bolivia\" \/>\n<meta property=\"article:publisher\" content=\"https:\/\/www.facebook.com\/eldiario.bolivia\/\" \/>\n<meta property=\"article:published_time\" content=\"2023-02-24T10:06:20+00:00\" \/>\n<meta name=\"author\" content=\"Jeanette\" \/>\n<meta name=\"twitter:card\" content=\"summary_large_image\" \/>\n<meta name=\"twitter:creator\" content=\"@eldiario_net\" \/>\n<meta name=\"twitter:site\" content=\"@eldiario_net\" \/>\n<meta name=\"twitter:label1\" content=\"Escrito por\" \/>\n\t<meta name=\"twitter:data1\" content=\"Jeanette\" \/>\n\t<meta name=\"twitter:label2\" content=\"Tiempo de lectura\" \/>\n\t<meta name=\"twitter:data2\" content=\"2 minutos\" \/>\n<script type=\"application\/ld+json\" class=\"yoast-schema-graph\">{\"@context\":\"https:\\\/\\\/schema.org\",\"@graph\":[{\"@type\":\"Article\",\"@id\":\"https:\\\/\\\/www.eldiario.net\\\/portal\\\/2023\\\/02\\\/24\\\/fallecidos-por-fuertes-lluvias-asciende-a-49-en-zonas-costeras-de-sao-paulo\\\/#article\",\"isPartOf\":{\"@id\":\"https:\\\/\\\/www.eldiario.net\\\/portal\\\/2023\\\/02\\\/24\\\/fallecidos-por-fuertes-lluvias-asciende-a-49-en-zonas-costeras-de-sao-paulo\\\/\"},\"author\":{\"name\":\"Jeanette\",\"@id\":\"https:\\\/\\\/www.eldiario.net\\\/portal\\\/#\\\/schema\\\/person\\\/2c57cf2b7a7ae032e449e4c9b1019eac\"},\"headline\":\"Fallecidos por fuertes lluvias asciende a 49 en zonas costeras de Sao Paulo\",\"datePublished\":\"2023-02-24T10:06:20+00:00\",\"mainEntityOfPage\":{\"@id\":\"https:\\\/\\\/www.eldiario.net\\\/portal\\\/2023\\\/02\\\/24\\\/fallecidos-por-fuertes-lluvias-asciende-a-49-en-zonas-costeras-de-sao-paulo\\\/\"},\"wordCount\":319,\"publisher\":{\"@id\":\"https:\\\/\\\/www.eldiario.net\\\/portal\\\/#organization\"},\"articleSection\":[\"Internacional\"],\"inLanguage\":\"es\"},{\"@type\":\"WebPage\",\"@id\":\"https:\\\/\\\/www.eldiario.net\\\/portal\\\/2023\\\/02\\\/24\\\/fallecidos-por-fuertes-lluvias-asciende-a-49-en-zonas-costeras-de-sao-paulo\\\/\",\"url\":\"https:\\\/\\\/www.eldiario.net\\\/portal\\\/2023\\\/02\\\/24\\\/fallecidos-por-fuertes-lluvias-asciende-a-49-en-zonas-costeras-de-sao-paulo\\\/\",\"name\":\"Fallecidos por fuertes lluvias asciende a 49 en zonas costeras de Sao Paulo - El Diario - Bolivia\",\"isPartOf\":{\"@id\":\"https:\\\/\\\/www.eldiario.net\\\/portal\\\/#website\"},\"datePublished\":\"2023-02-24T10:06:20+00:00\",\"breadcrumb\":{\"@id\":\"https:\\\/\\\/www.eldiario.net\\\/portal\\\/2023\\\/02\\\/24\\\/fallecidos-por-fuertes-lluvias-asciende-a-49-en-zonas-costeras-de-sao-paulo\\\/#breadcrumb\"},\"inLanguage\":\"es\",\"potentialAction\":[{\"@type\":\"ReadAction\",\"target\":[\"https:\\\/\\\/www.eldiario.net\\\/portal\\\/2023\\\/02\\\/24\\\/fallecidos-por-fuertes-lluvias-asciende-a-49-en-zonas-costeras-de-sao-paulo\\\/\"]}]},{\"@type\":\"BreadcrumbList\",\"@id\":\"https:\\\/\\\/www.eldiario.net\\\/portal\\\/2023\\\/02\\\/24\\\/fallecidos-por-fuertes-lluvias-asciende-a-49-en-zonas-costeras-de-sao-paulo\\\/#breadcrumb\",\"itemListElement\":[{\"@type\":\"ListItem\",\"position\":1,\"name\":\"Portada\",\"item\":\"https:\\\/\\\/www.eldiario.net\\\/portal\\\/\"},{\"@type\":\"ListItem\",\"position\":2,\"name\":\"Fallecidos por fuertes lluvias asciende a 49 en zonas costeras de Sao Paulo\"}]},{\"@type\":\"WebSite\",\"@id\":\"https:\\\/\\\/www.eldiario.net\\\/portal\\\/#website\",\"url\":\"https:\\\/\\\/www.eldiario.net\\\/portal\\\/\",\"name\":\"El Diario - Decano de la prensa nacional\",\"description\":\"El Diario - Decano de la prensa nacional\",\"publisher\":{\"@id\":\"https:\\\/\\\/www.eldiario.net\\\/portal\\\/#organization\"},\"potentialAction\":[{\"@type\":\"SearchAction\",\"target\":{\"@type\":\"EntryPoint\",\"urlTemplate\":\"https:\\\/\\\/www.eldiario.net\\\/portal\\\/?s={search_term_string}\"},\"query-input\":{\"@type\":\"PropertyValueSpecification\",\"valueRequired\":true,\"valueName\":\"search_term_string\"}}],\"inLanguage\":\"es\"},{\"@type\":\"Organization\",\"@id\":\"https:\\\/\\\/www.eldiario.net\\\/portal\\\/#organization\",\"name\":\"El Diario - Decano de la prensa nacional\",\"url\":\"https:\\\/\\\/www.eldiario.net\\\/portal\\\/\",\"logo\":{\"@type\":\"ImageObject\",\"inLanguage\":\"es\",\"@id\":\"https:\\\/\\\/www.eldiario.net\\\/portal\\\/#\\\/schema\\\/logo\\\/image\\\/\",\"url\":\"https:\\\/\\\/www.eldiario.net\\\/portal\\\/wp-content\\\/uploads\\\/2023\\\/07\\\/logo_ED.jpg\",\"contentUrl\":\"https:\\\/\\\/www.eldiario.net\\\/portal\\\/wp-content\\\/uploads\\\/2023\\\/07\\\/logo_ED.jpg\",\"width\":272,\"height\":52,\"caption\":\"El Diario - Decano de la prensa nacional\"},\"image\":{\"@id\":\"https:\\\/\\\/www.eldiario.net\\\/portal\\\/#\\\/schema\\\/logo\\\/image\\\/\"},\"sameAs\":[\"https:\\\/\\\/www.facebook.com\\\/eldiario.bolivia\\\/\",\"https:\\\/\\\/x.com\\\/eldiario_net\"]},{\"@type\":\"Person\",\"@id\":\"https:\\\/\\\/www.eldiario.net\\\/portal\\\/#\\\/schema\\\/person\\\/2c57cf2b7a7ae032e449e4c9b1019eac\",\"name\":\"Jeanette\",\"image\":{\"@type\":\"ImageObject\",\"inLanguage\":\"es\",\"@id\":\"https:\\\/\\\/secure.gravatar.com\\\/avatar\\\/3ea2118a5f7dad2b7138b1187a6b7ee55f160b9968b66013c3a3ef39dd7e5798?s=96&d=mm&r=g\",\"url\":\"https:\\\/\\\/secure.gravatar.com\\\/avatar\\\/3ea2118a5f7dad2b7138b1187a6b7ee55f160b9968b66013c3a3ef39dd7e5798?s=96&d=mm&r=g\",\"contentUrl\":\"https:\\\/\\\/secure.gravatar.com\\\/avatar\\\/3ea2118a5f7dad2b7138b1187a6b7ee55f160b9968b66013c3a3ef39dd7e5798?s=96&d=mm&r=g\",\"caption\":\"Jeanette\"},\"sameAs\":[\"https:\\\/\\\/www.eldiario.net\\\/portal\"],\"url\":\"https:\\\/\\\/www.eldiario.net\\\/portal\\\/author\\\/jeanette\\\/\"}]}<\/script>\n<!-- \/ Yoast SEO plugin. -->","yoast_head_json":{"title":"Fallecidos por fuertes lluvias asciende a 49 en zonas costeras de Sao Paulo - El Diario - Bolivia","robots":{"index":"index","follow":"follow","max-snippet":"max-snippet:-1","max-image-preview":"max-image-preview:large","max-video-preview":"max-video-preview:-1"},"canonical":"https:\/\/www.eldiario.net\/portal\/2023\/02\/24\/fallecidos-por-fuertes-lluvias-asciende-a-49-en-zonas-costeras-de-sao-paulo\/","og_locale":"es_ES","og_type":"article","og_title":"Fallecidos por fuertes lluvias asciende a 49 en zonas costeras de Sao Paulo - El Diario - Bolivia","og_description":"El n\u00famero de v\u00edctimas mortales por las fuertes lluvias que devastaron las zonas costeras del estado de Sao Paulo, en el sureste de Brasil, ascendi\u00f3 a 49 personas, mostraron las cifras oficiales ayer, mientras las ciudades de la regi\u00f3n se preparan para m\u00e1s precipitaciones en los pr\u00f3ximos d\u00edas. De acuerdo con los informes del Gobierno, [&hellip;]","og_url":"https:\/\/www.eldiario.net\/portal\/2023\/02\/24\/fallecidos-por-fuertes-lluvias-asciende-a-49-en-zonas-costeras-de-sao-paulo\/","og_site_name":"El Diario - Bolivia","article_publisher":"https:\/\/www.facebook.com\/eldiario.bolivia\/","article_published_time":"2023-02-24T10:06:20+00:00","author":"Jeanette","twitter_card":"summary_large_image","twitter_creator":"@eldiario_net","twitter_site":"@eldiario_net","twitter_misc":{"Escrito por":"Jeanette","Tiempo de lectura":"2 minutos"},"schema":{"@context":"https:\/\/schema.org","@graph":[{"@type":"Article","@id":"https:\/\/www.eldiario.net\/portal\/2023\/02\/24\/fallecidos-por-fuertes-lluvias-asciende-a-49-en-zonas-costeras-de-sao-paulo\/#article","isPartOf":{"@id":"https:\/\/www.eldiario.net\/portal\/2023\/02\/24\/fallecidos-por-fuertes-lluvias-asciende-a-49-en-zonas-costeras-de-sao-paulo\/"},"author":{"name":"Jeanette","@id":"https:\/\/www.eldiario.net\/portal\/#\/schema\/person\/2c57cf2b7a7ae032e449e4c9b1019eac"},"headline":"Fallecidos por fuertes lluvias asciende a 49 en zonas costeras de Sao Paulo","datePublished":"2023-02-24T10:06:20+00:00","mainEntityOfPage":{"@id":"https:\/\/www.eldiario.net\/portal\/2023\/02\/24\/fallecidos-por-fuertes-lluvias-asciende-a-49-en-zonas-costeras-de-sao-paulo\/"},"wordCount":319,"publisher":{"@id":"https:\/\/www.eldiario.net\/portal\/#organization"},"articleSection":["Internacional"],"inLanguage":"es"},{"@type":"WebPage","@id":"https:\/\/www.eldiario.net\/portal\/2023\/02\/24\/fallecidos-por-fuertes-lluvias-asciende-a-49-en-zonas-costeras-de-sao-paulo\/","url":"https:\/\/www.eldiario.net\/portal\/2023\/02\/24\/fallecidos-por-fuertes-lluvias-asciende-a-49-en-zonas-costeras-de-sao-paulo\/","name":"Fallecidos por fuertes lluvias asciende a 49 en zonas costeras de Sao Paulo - El Diario - Bolivia","isPartOf":{"@id":"https:\/\/www.eldiario.net\/portal\/#website"},"datePublished":"2023-02-24T10:06:20+00:00","breadcrumb":{"@id":"https:\/\/www.eldiario.net\/portal\/2023\/02\/24\/fallecidos-por-fuertes-lluvias-asciende-a-49-en-zonas-costeras-de-sao-paulo\/#breadcrumb"},"inLanguage":"es","potentialAction":[{"@type":"ReadAction","target":["https:\/\/www.eldiario.net\/portal\/2023\/02\/24\/fallecidos-por-fuertes-lluvias-asciende-a-49-en-zonas-costeras-de-sao-paulo\/"]}]},{"@type":"BreadcrumbList","@id":"https:\/\/www.eldiario.net\/portal\/2023\/02\/24\/fallecidos-por-fuertes-lluvias-asciende-a-49-en-zonas-costeras-de-sao-paulo\/#breadcrumb","itemListElement":[{"@type":"ListItem","position":1,"name":"Portada","item":"https:\/\/www.eldiario.net\/portal\/"},{"@type":"ListItem","position":2,"name":"Fallecidos por fuertes lluvias asciende a 49 en zonas costeras de Sao Paulo"}]},{"@type":"WebSite","@id":"https:\/\/www.eldiario.net\/portal\/#website","url":"https:\/\/www.eldiario.net\/portal\/","name":"El Diario - Decano de la prensa nacional","description":"El Diario - Decano de la prensa nacional","publisher":{"@id":"https:\/\/www.eldiario.net\/portal\/#organization"},"potentialAction":[{"@type":"SearchAction","target":{"@type":"EntryPoint","urlTemplate":"https:\/\/www.eldiario.net\/portal\/?s={search_term_string}"},"query-input":{"@type":"PropertyValueSpecification","valueRequired":true,"valueName":"search_term_string"}}],"inLanguage":"es"},{"@type":"Organization","@id":"https:\/\/www.eldiario.net\/portal\/#organization","name":"El Diario - Decano de la prensa nacional","url":"https:\/\/www.eldiario.net\/portal\/","logo":{"@type":"ImageObject","inLanguage":"es","@id":"https:\/\/www.eldiario.net\/portal\/#\/schema\/logo\/image\/","url":"https:\/\/www.eldiario.net\/portal\/wp-content\/uploads\/2023\/07\/logo_ED.jpg","contentUrl":"https:\/\/www.eldiario.net\/portal\/wp-content\/uploads\/2023\/07\/logo_ED.jpg","width":272,"height":52,"caption":"El Diario - Decano de la prensa nacional"},"image":{"@id":"https:\/\/www.eldiario.net\/portal\/#\/schema\/logo\/image\/"},"sameAs":["https:\/\/www.facebook.com\/eldiario.bolivia\/","https:\/\/x.com\/eldiario_net"]},{"@type":"Person","@id":"https:\/\/www.eldiario.net\/portal\/#\/schema\/person\/2c57cf2b7a7ae032e449e4c9b1019eac","name":"Jeanette","image":{"@type":"ImageObject","inLanguage":"es","@id":"https:\/\/secure.gravatar.com\/avatar\/3ea2118a5f7dad2b7138b1187a6b7ee55f160b9968b66013c3a3ef39dd7e5798?s=96&d=mm&r=g","url":"https:\/\/secure.gravatar.com\/avatar\/3ea2118a5f7dad2b7138b1187a6b7ee55f160b9968b66013c3a3ef39dd7e5798?s=96&d=mm&r=g","contentUrl":"https:\/\/secure.gravatar.com\/avatar\/3ea2118a5f7dad2b7138b1187a6b7ee55f160b9968b66013c3a3ef39dd7e5798?s=96&d=mm&r=g","caption":"Jeanette"},"sameAs":["https:\/\/www.eldiario.net\/portal"],"url":"https:\/\/www.eldiario.net\/portal\/author\/jeanette\/"}]}},"_links":{"self":[{"href":"https:\/\/www.eldiario.net\/portal\/wp-json\/wp\/v2\/posts\/139831","targetHints":{"allow":["GET"]}}],"collection":[{"href":"https:\/\/www.eldiario.net\/portal\/wp-json\/wp\/v2\/posts"}],"about":[{"href":"https:\/\/www.eldiario.net\/portal\/wp-json\/wp\/v2\/types\/post"}],"author":[{"embeddable":true,"href":"https:\/\/www.eldiario.net\/portal\/wp-json\/wp\/v2\/users\/1"}],"replies":[{"embeddable":true,"href":"https:\/\/www.eldiario.net\/portal\/wp-json\/wp\/v2\/comments?post=139831"}],"version-history":[{"count":0,"href":"https:\/\/www.eldiario.net\/portal\/wp-json\/wp\/v2\/posts\/139831\/revisions"}],"wp:attachment":[{"href":"https:\/\/www.eldiario.net\/portal\/wp-json\/wp\/v2\/media?parent=139831"}],"wp:term":[{"taxonomy":"category","embeddable":true,"href":"https:\/\/www.eldiario.net\/portal\/wp-json\/wp\/v2\/categories?post=139831"},{"taxonomy":"post_tag","embeddable":true,"href":"https:\/\/www.eldiario.net\/portal\/wp-json\/wp\/v2\/tags?post=139831"}],"curies":[{"name":"wp","href":"https:\/\/api.w.org\/{rel}","templated":true}]}}