{"id":139829,"date":"2023-02-24T06:05:46","date_gmt":"2023-02-24T10:05:46","guid":{"rendered":"https:\/\/www.eldiario.net\/portal\/?p=139829"},"modified":"2023-02-24T06:05:46","modified_gmt":"2023-02-24T10:05:46","slug":"promulgan-ordenanza-que-abroga-la-046-y-establecen-crear-mapa-de-riesgos","status":"publish","type":"post","link":"https:\/\/www.eldiario.net\/portal\/2023\/02\/24\/promulgan-ordenanza-que-abroga-la-046-y-establecen-crear-mapa-de-riesgos\/","title":{"rendered":"Promulgan Ordenanza que abroga la 046 y establecen crear Mapa de Riesgos"},"content":{"rendered":"<p>El alcalde pace\u00f1o Iv\u00e1n Arias promulg\u00f3 la Ordenanza Municipal No 064\/2023 que abroga la Ordenanza 046\/2022, que permit\u00eda construcciones irrestrictas en 10 zonas de la ciudad de La Paz. Adem\u00e1s, anunci\u00f3 la elaboraci\u00f3n de un nuevo Mapa de Riesgos para los pr\u00f3ximos tres meses.<br \/>\n\u201cEsta nueva Ordenanza No 064 nos permite abrir un proceso grande a partir de este momento de consulta para sacar una nueva normativa, para sacar una nueva disposici\u00f3n que permita el desarrollo de la ciudad, que permita la construcci\u00f3n de la ciudad, pero no de forma desordenada, no agarr\u00e1ndose terrenos municipales, no apropi\u00e1ndose de \u00e1reas verdes y no quitando el sol, el \u00e1rea verde que tan poco tenemos en la ciudad y que tanto lo valoramos\u201d, se\u00f1al\u00f3 el burgomaestre.<br \/>\nLa Ordenanza Municipal 064\/2022 fue aprobada (para su abrogaci\u00f3n) el 15 de diciembre por el Concejo Municipal de La Paz, pero reci\u00e9n fue remitida al \u00d3rgano Ejecutivo Municipal el viernes 17 de febrero, debido a una serie de pasos burocr\u00e1ticos de orden interno.<br \/>\nEl art\u00edculo segundo de la Ordenanza 064 establece las acciones que el \u00d3rgano Ejecutivo Municipal debe realizar para que en un plazo de tres meses se disponga de una nueva ordenanza que sea consensuada para ordenar el crecimiento de la ciudad.<br \/>\n\u201cEl \u00d3rgano Ejecutivo, a trav\u00e9s de la Secretar\u00eda Municipal de Gesti\u00f3n Integral de Riesgos (SMGIR), en coordinaci\u00f3n con las unidades organizacionales pertinentes, queda encargada de iniciar las acciones administrativas y operativas inherentes a la actualizaci\u00f3n del Mapa de Riesgos de los distritos urbanos del municipio de La Paz, cuyo documento t\u00e9cnico constituir\u00e1 parte integral de la planificaci\u00f3n estrategia y de ordenamiento territorial del municipio de La Paz\u201d, se\u00f1ala el art\u00edculo dos de la referida ordenanza.<br \/>\nEn presidente del Colegio de Arquitectos de La Paz, Edgar Colpari, asegur\u00f3 que con la abrogaci\u00f3n de la cuestionada Ordenanza Municipal 046 \u201cahora s\u00ed se tiene el desaf\u00edo\u201d de planificar la ciudad de manera ordenada.<br \/>\n\u201cPara el Colegio de Arquitectos ahora s\u00ed est\u00e1 el gran desaf\u00edo, tenemos 90 d\u00edas para presentar una planificaci\u00f3n integral de acuerdo a las necesidades de nuestra sociedad. Una ciudad que no tiene planificaci\u00f3n no tiene futuro, ser\u00e1 ca\u00f3tica; estamos en la obligaci\u00f3n de hacer una planificaci\u00f3n ordenada\u201d, indic\u00f3 el profesional.<br \/>\nPor otra parte, tambi\u00e9n se anunci\u00f3 que se tomar\u00e1n \u201cmedidas dr\u00e1sticas\u201d como multas econ\u00f3micas, decomiso de maquinaria y demolici\u00f3n a construcciones no autorizadas ya que no es suficiente la entrega de notificaciones.<br \/>\n\u201cVamos a empezar a aplicar sanciones econ\u00f3micas, tenemos la posibilidad de decomisar maquinarias porque ya es el colmo, hasta ahora hemos hecho notificaciones, vamos a sacar \u00f3rdenes de demolici\u00f3n cuando corresponda y decomisar maquinaria; ya es el colmo\u201d, asegur\u00f3 Arias.<br \/>\nLa ordenanza 046\/ 2022 de Ajuste Normativo de Actualizaci\u00f3n por Crecimiento y Densificaci\u00f3n para la Administraci\u00f3n Territorial permit\u00eda construcciones de hasta 40 pisos en diez zonas pace\u00f1as, lo que generar\u00eda riesgos de deslizamientos y afectar\u00eda la calidad de vida.<\/p>\n","protected":false},"excerpt":{"rendered":"<p>El alcalde pace\u00f1o Iv\u00e1n Arias promulg\u00f3 la Ordenanza Municipal No 064\/2023 que abroga la Ordenanza 046\/2022, que permit\u00eda construcciones irrestrictas en 10 zonas de la ciudad de La Paz. Adem\u00e1s, anunci\u00f3 la elaboraci\u00f3n de un nuevo Mapa de Riesgos para los pr\u00f3ximos tres meses. \u201cEsta nueva Ordenanza No 064 nos permite abrir un proceso grande [&hellip;]<\/p>\n","protected":false},"author":1,"featured_media":0,"comment_status":"closed","ping_status":"closed","sticky":false,"template":"","format":"standard","meta":{"_acf_changed":false,"footnotes":""},"categories":[12],"tags":[],"class_list":["post-139829","post","type-post","status-publish","format-standard","category-nacional"],"acf":{"antetitulo":""},"yoast_head":"<!-- This site is optimized with the Yoast SEO plugin v28.4 - https:\/\/yoast.com\/product\/yoast-seo-wordpress\/ -->\n<title>Promulgan Ordenanza que abroga la 046 y establecen crear Mapa de Riesgos - El Diario - Bolivia<\/title>\n<meta name=\"robots\" content=\"index, follow, max-snippet:-1, max-image-preview:large, max-video-preview:-1\" \/>\n<link rel=\"canonical\" href=\"https:\/\/www.eldiario.net\/portal\/2023\/02\/24\/promulgan-ordenanza-que-abroga-la-046-y-establecen-crear-mapa-de-riesgos\/\" \/>\n<meta property=\"og:locale\" content=\"es_ES\" \/>\n<meta property=\"og:type\" content=\"article\" \/>\n<meta property=\"og:title\" content=\"Promulgan Ordenanza que abroga la 046 y establecen crear Mapa de Riesgos - El Diario - Bolivia\" \/>\n<meta property=\"og:description\" content=\"El alcalde pace\u00f1o Iv\u00e1n Arias promulg\u00f3 la Ordenanza Municipal No 064\/2023 que abroga la Ordenanza 046\/2022, que permit\u00eda construcciones irrestrictas en 10 zonas de la ciudad de La Paz. Adem\u00e1s, anunci\u00f3 la elaboraci\u00f3n de un nuevo Mapa de Riesgos para los pr\u00f3ximos tres meses. \u201cEsta nueva Ordenanza No 064 nos permite abrir un proceso grande [&hellip;]\" \/>\n<meta property=\"og:url\" content=\"https:\/\/www.eldiario.net\/portal\/2023\/02\/24\/promulgan-ordenanza-que-abroga-la-046-y-establecen-crear-mapa-de-riesgos\/\" \/>\n<meta property=\"og:site_name\" content=\"El Diario - Bolivia\" \/>\n<meta property=\"article:publisher\" content=\"https:\/\/www.facebook.com\/eldiario.bolivia\/\" \/>\n<meta property=\"article:published_time\" content=\"2023-02-24T10:05:46+00:00\" \/>\n<meta name=\"author\" content=\"Jeanette\" \/>\n<meta name=\"twitter:card\" content=\"summary_large_image\" \/>\n<meta name=\"twitter:creator\" content=\"@eldiario_net\" \/>\n<meta name=\"twitter:site\" content=\"@eldiario_net\" \/>\n<meta name=\"twitter:label1\" content=\"Escrito por\" \/>\n\t<meta name=\"twitter:data1\" content=\"Jeanette\" \/>\n<script type=\"application\/ld+json\" class=\"yoast-schema-graph\">{\"@context\":\"https:\\\/\\\/schema.org\",\"@graph\":[{\"@type\":\"Article\",\"@id\":\"https:\\\/\\\/www.eldiario.net\\\/portal\\\/2023\\\/02\\\/24\\\/promulgan-ordenanza-que-abroga-la-046-y-establecen-crear-mapa-de-riesgos\\\/#article\",\"isPartOf\":{\"@id\":\"https:\\\/\\\/www.eldiario.net\\\/portal\\\/2023\\\/02\\\/24\\\/promulgan-ordenanza-que-abroga-la-046-y-establecen-crear-mapa-de-riesgos\\\/\"},\"author\":{\"name\":\"Jeanette\",\"@id\":\"https:\\\/\\\/www.eldiario.net\\\/portal\\\/#\\\/schema\\\/person\\\/f46445640444750d7d753ccd04ae01b7\"},\"headline\":\"Promulgan Ordenanza que abroga la 046 y establecen crear Mapa de Riesgos\",\"datePublished\":\"2023-02-24T10:05:46+00:00\",\"mainEntityOfPage\":{\"@id\":\"https:\\\/\\\/www.eldiario.net\\\/portal\\\/2023\\\/02\\\/24\\\/promulgan-ordenanza-que-abroga-la-046-y-establecen-crear-mapa-de-riesgos\\\/\"},\"wordCount\":523,\"publisher\":{\"@id\":\"https:\\\/\\\/www.eldiario.net\\\/portal\\\/#organization\"},\"articleSection\":[\"Nacional\"],\"inLanguage\":\"es\"},{\"@type\":\"WebPage\",\"@id\":\"https:\\\/\\\/www.eldiario.net\\\/portal\\\/2023\\\/02\\\/24\\\/promulgan-ordenanza-que-abroga-la-046-y-establecen-crear-mapa-de-riesgos\\\/\",\"url\":\"https:\\\/\\\/www.eldiario.net\\\/portal\\\/2023\\\/02\\\/24\\\/promulgan-ordenanza-que-abroga-la-046-y-establecen-crear-mapa-de-riesgos\\\/\",\"name\":\"Promulgan Ordenanza que abroga la 046 y establecen crear Mapa de Riesgos - El Diario - Bolivia\",\"isPartOf\":{\"@id\":\"https:\\\/\\\/www.eldiario.net\\\/portal\\\/#website\"},\"datePublished\":\"2023-02-24T10:05:46+00:00\",\"breadcrumb\":{\"@id\":\"https:\\\/\\\/www.eldiario.net\\\/portal\\\/2023\\\/02\\\/24\\\/promulgan-ordenanza-que-abroga-la-046-y-establecen-crear-mapa-de-riesgos\\\/#breadcrumb\"},\"inLanguage\":\"es\",\"potentialAction\":[{\"@type\":\"ReadAction\",\"target\":[\"https:\\\/\\\/www.eldiario.net\\\/portal\\\/2023\\\/02\\\/24\\\/promulgan-ordenanza-que-abroga-la-046-y-establecen-crear-mapa-de-riesgos\\\/\"]}]},{\"@type\":\"BreadcrumbList\",\"@id\":\"https:\\\/\\\/www.eldiario.net\\\/portal\\\/2023\\\/02\\\/24\\\/promulgan-ordenanza-que-abroga-la-046-y-establecen-crear-mapa-de-riesgos\\\/#breadcrumb\",\"itemListElement\":[{\"@type\":\"ListItem\",\"position\":1,\"name\":\"Portada\",\"item\":\"https:\\\/\\\/www.eldiario.net\\\/portal\\\/\"},{\"@type\":\"ListItem\",\"position\":2,\"name\":\"Promulgan Ordenanza que abroga la 046 y establecen crear Mapa de Riesgos\"}]},{\"@type\":\"WebSite\",\"@id\":\"https:\\\/\\\/www.eldiario.net\\\/portal\\\/#website\",\"url\":\"https:\\\/\\\/www.eldiario.net\\\/portal\\\/\",\"name\":\"El Diario - Decano de la prensa nacional\",\"description\":\"El Diario - Decano de la prensa nacional\",\"publisher\":{\"@id\":\"https:\\\/\\\/www.eldiario.net\\\/portal\\\/#organization\"},\"potentialAction\":[{\"@type\":\"SearchAction\",\"target\":{\"@type\":\"EntryPoint\",\"urlTemplate\":\"https:\\\/\\\/www.eldiario.net\\\/portal\\\/?s={search_term_string}\"},\"query-input\":{\"@type\":\"PropertyValueSpecification\",\"valueRequired\":true,\"valueName\":\"search_term_string\"}}],\"inLanguage\":\"es\"},{\"@type\":\"Organization\",\"@id\":\"https:\\\/\\\/www.eldiario.net\\\/portal\\\/#organization\",\"name\":\"El Diario - Decano de la prensa nacional\",\"url\":\"https:\\\/\\\/www.eldiario.net\\\/portal\\\/\",\"logo\":{\"@type\":\"ImageObject\",\"inLanguage\":\"es\",\"@id\":\"https:\\\/\\\/www.eldiario.net\\\/portal\\\/#\\\/schema\\\/logo\\\/image\\\/\",\"url\":\"https:\\\/\\\/www.eldiario.net\\\/portal\\\/wp-content\\\/uploads\\\/2023\\\/07\\\/logo_ED.jpg\",\"contentUrl\":\"https:\\\/\\\/www.eldiario.net\\\/portal\\\/wp-content\\\/uploads\\\/2023\\\/07\\\/logo_ED.jpg\",\"width\":272,\"height\":52,\"caption\":\"El Diario - Decano de la prensa nacional\"},\"image\":{\"@id\":\"https:\\\/\\\/www.eldiario.net\\\/portal\\\/#\\\/schema\\\/logo\\\/image\\\/\"},\"sameAs\":[\"https:\\\/\\\/www.facebook.com\\\/eldiario.bolivia\\\/\",\"https:\\\/\\\/x.com\\\/eldiario_net\"]},{\"@type\":\"Person\",\"@id\":\"https:\\\/\\\/www.eldiario.net\\\/portal\\\/#\\\/schema\\\/person\\\/f46445640444750d7d753ccd04ae01b7\",\"name\":\"Jeanette\",\"image\":{\"@type\":\"ImageObject\",\"inLanguage\":\"es\",\"@id\":\"https:\\\/\\\/secure.gravatar.com\\\/avatar\\\/3ea2118a5f7dad2b7138b1187a6b7ee55f160b9968b66013c3a3ef39dd7e5798?s=96&d=mm&r=g\",\"url\":\"https:\\\/\\\/secure.gravatar.com\\\/avatar\\\/3ea2118a5f7dad2b7138b1187a6b7ee55f160b9968b66013c3a3ef39dd7e5798?s=96&d=mm&r=g\",\"contentUrl\":\"https:\\\/\\\/secure.gravatar.com\\\/avatar\\\/3ea2118a5f7dad2b7138b1187a6b7ee55f160b9968b66013c3a3ef39dd7e5798?s=96&d=mm&r=g\",\"caption\":\"Jeanette\"},\"sameAs\":[\"https:\\\/\\\/www.eldiario.net\\\/portal\"],\"url\":\"https:\\\/\\\/www.eldiario.net\\\/portal\\\/author\\\/jeanette\\\/\"}]}<\/script>\n<!-- \/ Yoast SEO plugin. -->","yoast_head_json":{"title":"Promulgan Ordenanza que abroga la 046 y establecen crear Mapa de Riesgos - El Diario - Bolivia","robots":{"index":"index","follow":"follow","max-snippet":"max-snippet:-1","max-image-preview":"max-image-preview:large","max-video-preview":"max-video-preview:-1"},"canonical":"https:\/\/www.eldiario.net\/portal\/2023\/02\/24\/promulgan-ordenanza-que-abroga-la-046-y-establecen-crear-mapa-de-riesgos\/","og_locale":"es_ES","og_type":"article","og_title":"Promulgan Ordenanza que abroga la 046 y establecen crear Mapa de Riesgos - El Diario - Bolivia","og_description":"El alcalde pace\u00f1o Iv\u00e1n Arias promulg\u00f3 la Ordenanza Municipal No 064\/2023 que abroga la Ordenanza 046\/2022, que permit\u00eda construcciones irrestrictas en 10 zonas de la ciudad de La Paz. Adem\u00e1s, anunci\u00f3 la elaboraci\u00f3n de un nuevo Mapa de Riesgos para los pr\u00f3ximos tres meses. \u201cEsta nueva Ordenanza No 064 nos permite abrir un proceso grande [&hellip;]","og_url":"https:\/\/www.eldiario.net\/portal\/2023\/02\/24\/promulgan-ordenanza-que-abroga-la-046-y-establecen-crear-mapa-de-riesgos\/","og_site_name":"El Diario - Bolivia","article_publisher":"https:\/\/www.facebook.com\/eldiario.bolivia\/","article_published_time":"2023-02-24T10:05:46+00:00","author":"Jeanette","twitter_card":"summary_large_image","twitter_creator":"@eldiario_net","twitter_site":"@eldiario_net","twitter_misc":{"Escrito por":"Jeanette"},"schema":{"@context":"https:\/\/schema.org","@graph":[{"@type":"Article","@id":"https:\/\/www.eldiario.net\/portal\/2023\/02\/24\/promulgan-ordenanza-que-abroga-la-046-y-establecen-crear-mapa-de-riesgos\/#article","isPartOf":{"@id":"https:\/\/www.eldiario.net\/portal\/2023\/02\/24\/promulgan-ordenanza-que-abroga-la-046-y-establecen-crear-mapa-de-riesgos\/"},"author":{"name":"Jeanette","@id":"https:\/\/www.eldiario.net\/portal\/#\/schema\/person\/f46445640444750d7d753ccd04ae01b7"},"headline":"Promulgan Ordenanza que abroga la 046 y establecen crear Mapa de Riesgos","datePublished":"2023-02-24T10:05:46+00:00","mainEntityOfPage":{"@id":"https:\/\/www.eldiario.net\/portal\/2023\/02\/24\/promulgan-ordenanza-que-abroga-la-046-y-establecen-crear-mapa-de-riesgos\/"},"wordCount":523,"publisher":{"@id":"https:\/\/www.eldiario.net\/portal\/#organization"},"articleSection":["Nacional"],"inLanguage":"es"},{"@type":"WebPage","@id":"https:\/\/www.eldiario.net\/portal\/2023\/02\/24\/promulgan-ordenanza-que-abroga-la-046-y-establecen-crear-mapa-de-riesgos\/","url":"https:\/\/www.eldiario.net\/portal\/2023\/02\/24\/promulgan-ordenanza-que-abroga-la-046-y-establecen-crear-mapa-de-riesgos\/","name":"Promulgan Ordenanza que abroga la 046 y establecen crear Mapa de Riesgos - El Diario - Bolivia","isPartOf":{"@id":"https:\/\/www.eldiario.net\/portal\/#website"},"datePublished":"2023-02-24T10:05:46+00:00","breadcrumb":{"@id":"https:\/\/www.eldiario.net\/portal\/2023\/02\/24\/promulgan-ordenanza-que-abroga-la-046-y-establecen-crear-mapa-de-riesgos\/#breadcrumb"},"inLanguage":"es","potentialAction":[{"@type":"ReadAction","target":["https:\/\/www.eldiario.net\/portal\/2023\/02\/24\/promulgan-ordenanza-que-abroga-la-046-y-establecen-crear-mapa-de-riesgos\/"]}]},{"@type":"BreadcrumbList","@id":"https:\/\/www.eldiario.net\/portal\/2023\/02\/24\/promulgan-ordenanza-que-abroga-la-046-y-establecen-crear-mapa-de-riesgos\/#breadcrumb","itemListElement":[{"@type":"ListItem","position":1,"name":"Portada","item":"https:\/\/www.eldiario.net\/portal\/"},{"@type":"ListItem","position":2,"name":"Promulgan Ordenanza que abroga la 046 y establecen crear Mapa de Riesgos"}]},{"@type":"WebSite","@id":"https:\/\/www.eldiario.net\/portal\/#website","url":"https:\/\/www.eldiario.net\/portal\/","name":"El Diario - Decano de la prensa nacional","description":"El Diario - Decano de la prensa nacional","publisher":{"@id":"https:\/\/www.eldiario.net\/portal\/#organization"},"potentialAction":[{"@type":"SearchAction","target":{"@type":"EntryPoint","urlTemplate":"https:\/\/www.eldiario.net\/portal\/?s={search_term_string}"},"query-input":{"@type":"PropertyValueSpecification","valueRequired":true,"valueName":"search_term_string"}}],"inLanguage":"es"},{"@type":"Organization","@id":"https:\/\/www.eldiario.net\/portal\/#organization","name":"El Diario - Decano de la prensa nacional","url":"https:\/\/www.eldiario.net\/portal\/","logo":{"@type":"ImageObject","inLanguage":"es","@id":"https:\/\/www.eldiario.net\/portal\/#\/schema\/logo\/image\/","url":"https:\/\/www.eldiario.net\/portal\/wp-content\/uploads\/2023\/07\/logo_ED.jpg","contentUrl":"https:\/\/www.eldiario.net\/portal\/wp-content\/uploads\/2023\/07\/logo_ED.jpg","width":272,"height":52,"caption":"El Diario - Decano de la prensa nacional"},"image":{"@id":"https:\/\/www.eldiario.net\/portal\/#\/schema\/logo\/image\/"},"sameAs":["https:\/\/www.facebook.com\/eldiario.bolivia\/","https:\/\/x.com\/eldiario_net"]},{"@type":"Person","@id":"https:\/\/www.eldiario.net\/portal\/#\/schema\/person\/f46445640444750d7d753ccd04ae01b7","name":"Jeanette","image":{"@type":"ImageObject","inLanguage":"es","@id":"https:\/\/secure.gravatar.com\/avatar\/3ea2118a5f7dad2b7138b1187a6b7ee55f160b9968b66013c3a3ef39dd7e5798?s=96&d=mm&r=g","url":"https:\/\/secure.gravatar.com\/avatar\/3ea2118a5f7dad2b7138b1187a6b7ee55f160b9968b66013c3a3ef39dd7e5798?s=96&d=mm&r=g","contentUrl":"https:\/\/secure.gravatar.com\/avatar\/3ea2118a5f7dad2b7138b1187a6b7ee55f160b9968b66013c3a3ef39dd7e5798?s=96&d=mm&r=g","caption":"Jeanette"},"sameAs":["https:\/\/www.eldiario.net\/portal"],"url":"https:\/\/www.eldiario.net\/portal\/author\/jeanette\/"}]}},"_links":{"self":[{"href":"https:\/\/www.eldiario.net\/portal\/wp-json\/wp\/v2\/posts\/139829","targetHints":{"allow":["GET"]}}],"collection":[{"href":"https:\/\/www.eldiario.net\/portal\/wp-json\/wp\/v2\/posts"}],"about":[{"href":"https:\/\/www.eldiario.net\/portal\/wp-json\/wp\/v2\/types\/post"}],"author":[{"embeddable":true,"href":"https:\/\/www.eldiario.net\/portal\/wp-json\/wp\/v2\/users\/1"}],"replies":[{"embeddable":true,"href":"https:\/\/www.eldiario.net\/portal\/wp-json\/wp\/v2\/comments?post=139829"}],"version-history":[{"count":0,"href":"https:\/\/www.eldiario.net\/portal\/wp-json\/wp\/v2\/posts\/139829\/revisions"}],"wp:attachment":[{"href":"https:\/\/www.eldiario.net\/portal\/wp-json\/wp\/v2\/media?parent=139829"}],"wp:term":[{"taxonomy":"category","embeddable":true,"href":"https:\/\/www.eldiario.net\/portal\/wp-json\/wp\/v2\/categories?post=139829"},{"taxonomy":"post_tag","embeddable":true,"href":"https:\/\/www.eldiario.net\/portal\/wp-json\/wp\/v2\/tags?post=139829"}],"curies":[{"name":"wp","href":"https:\/\/api.w.org\/{rel}","templated":true}]}}