{"id":139827,"date":"2023-02-24T06:05:19","date_gmt":"2023-02-24T10:05:19","guid":{"rendered":"https:\/\/www.eldiario.net\/portal\/?p=139827"},"modified":"2023-02-24T06:05:19","modified_gmt":"2023-02-24T10:05:19","slug":"la-paz-reporta-casi-300-casos-de-dengue-y-37-con-signos-de-alarma","status":"publish","type":"post","link":"https:\/\/www.eldiario.net\/portal\/2023\/02\/24\/la-paz-reporta-casi-300-casos-de-dengue-y-37-con-signos-de-alarma\/","title":{"rendered":"La Paz reporta casi 300 casos de dengue y 37 con signos de alarma"},"content":{"rendered":"<p>El director del Servicio Departamental de Salud (Sedes) La Paz, Presley Riveros, inform\u00f3 que se registra incremento de casos de dengue en el norte pace\u00f1o, la cantidad casi llega a 300. De ellos, 37 personas presentan signos de alarma, hay siete internados. El 50% de los casos son menores de edad y descartan hacer mingas.<br \/>\n\u201cHan incrementado los casos de dengue en el norte de La Paz, estamos llegando a 300 casos a nivel departamental (\u2026) Hasta el momento tenemos 257 casos positivos, de los cuales 37 son con signos de alarma\u201d, precis\u00f3 el director.<br \/>\nAdelant\u00f3 que, por ahora, se descarta realizar mingas o acciones comunitarias para la erradicaci\u00f3n de criaderos del mosquito Aedes aegypti, principal transmisor de la enfermedad del dengue y se promueve la coordinaci\u00f3n de acciones con los municipios afectados.<br \/>\n\u201cPor el momento, no estamos pensando eso (hacer minga) estamos haciendo un trabajo coordinado con las autoridades municipales y las comunidades del norte pace\u00f1o\u201d, asegur\u00f3.<br \/>\nAdem\u00e1s de los 37 casos con signos de alarma, Riveros especific\u00f3 que hay siete internados en dos nosocomios; cinco est\u00e1n en Caranavi, de ellos, \u201cdos son menores de edad y est\u00e1n estables\u201d, adem\u00e1s de otras dos personas se encuentran en Palos Blancos. Lament\u00f3 que \u201cde los siete casos de internaci\u00f3n, el 50% de los pacientes son menores a 12 a\u00f1os\u201d.<br \/>\nDetall\u00f3 que, hasta ayer, \u201cCaranavi est\u00e1 con 65 casos, Palos Blancos con 48; Teoponte, 42 y San Buenaventura con 24, importados tenemos, hasta la fecha, 34 casos generalmente estos casos son de Guayaramerin, Cobija y Santa Cruz\u201d y destac\u00f3 que, a la fecha, no se registraron fallecidos por el mal.<\/p>\n","protected":false},"excerpt":{"rendered":"<p>El director del Servicio Departamental de Salud (Sedes) La Paz, Presley Riveros, inform\u00f3 que se registra incremento de casos de dengue en el norte pace\u00f1o, la cantidad casi llega a 300. De ellos, 37 personas presentan signos de alarma, hay siete internados. El 50% de los casos son menores de edad y descartan hacer mingas. [&hellip;]<\/p>\n","protected":false},"author":1,"featured_media":0,"comment_status":"closed","ping_status":"closed","sticky":false,"template":"","format":"standard","meta":{"_acf_changed":false,"footnotes":""},"categories":[12],"tags":[],"class_list":["post-139827","post","type-post","status-publish","format-standard","category-nacional"],"acf":{"antetitulo":""},"yoast_head":"<!-- This site is optimized with the Yoast SEO plugin v28.4 - https:\/\/yoast.com\/product\/yoast-seo-wordpress\/ -->\n<title>La Paz reporta casi 300 casos de dengue y 37 con signos de alarma - El Diario - Bolivia<\/title>\n<meta name=\"robots\" content=\"index, follow, max-snippet:-1, max-image-preview:large, max-video-preview:-1\" \/>\n<link rel=\"canonical\" href=\"https:\/\/www.eldiario.net\/portal\/2023\/02\/24\/la-paz-reporta-casi-300-casos-de-dengue-y-37-con-signos-de-alarma\/\" \/>\n<meta property=\"og:locale\" content=\"es_ES\" \/>\n<meta property=\"og:type\" content=\"article\" \/>\n<meta property=\"og:title\" content=\"La Paz reporta casi 300 casos de dengue y 37 con signos de alarma - El Diario - Bolivia\" \/>\n<meta property=\"og:description\" content=\"El director del Servicio Departamental de Salud (Sedes) La Paz, Presley Riveros, inform\u00f3 que se registra incremento de casos de dengue en el norte pace\u00f1o, la cantidad casi llega a 300. De ellos, 37 personas presentan signos de alarma, hay siete internados. El 50% de los casos son menores de edad y descartan hacer mingas. [&hellip;]\" \/>\n<meta property=\"og:url\" content=\"https:\/\/www.eldiario.net\/portal\/2023\/02\/24\/la-paz-reporta-casi-300-casos-de-dengue-y-37-con-signos-de-alarma\/\" \/>\n<meta property=\"og:site_name\" content=\"El Diario - Bolivia\" \/>\n<meta property=\"article:publisher\" content=\"https:\/\/www.facebook.com\/eldiario.bolivia\/\" \/>\n<meta property=\"article:published_time\" content=\"2023-02-24T10:05:19+00:00\" \/>\n<meta name=\"author\" content=\"Jeanette\" \/>\n<meta name=\"twitter:card\" content=\"summary_large_image\" \/>\n<meta name=\"twitter:creator\" content=\"@eldiario_net\" \/>\n<meta name=\"twitter:site\" content=\"@eldiario_net\" \/>\n<meta name=\"twitter:label1\" content=\"Escrito por\" \/>\n\t<meta name=\"twitter:data1\" content=\"Jeanette\" \/>\n<script type=\"application\/ld+json\" class=\"yoast-schema-graph\">{\"@context\":\"https:\\\/\\\/schema.org\",\"@graph\":[{\"@type\":\"Article\",\"@id\":\"https:\\\/\\\/www.eldiario.net\\\/portal\\\/2023\\\/02\\\/24\\\/la-paz-reporta-casi-300-casos-de-dengue-y-37-con-signos-de-alarma\\\/#article\",\"isPartOf\":{\"@id\":\"https:\\\/\\\/www.eldiario.net\\\/portal\\\/2023\\\/02\\\/24\\\/la-paz-reporta-casi-300-casos-de-dengue-y-37-con-signos-de-alarma\\\/\"},\"author\":{\"name\":\"Jeanette\",\"@id\":\"https:\\\/\\\/www.eldiario.net\\\/portal\\\/#\\\/schema\\\/person\\\/f46445640444750d7d753ccd04ae01b7\"},\"headline\":\"La Paz reporta casi 300 casos de dengue y 37 con signos de alarma\",\"datePublished\":\"2023-02-24T10:05:19+00:00\",\"mainEntityOfPage\":{\"@id\":\"https:\\\/\\\/www.eldiario.net\\\/portal\\\/2023\\\/02\\\/24\\\/la-paz-reporta-casi-300-casos-de-dengue-y-37-con-signos-de-alarma\\\/\"},\"wordCount\":275,\"publisher\":{\"@id\":\"https:\\\/\\\/www.eldiario.net\\\/portal\\\/#organization\"},\"articleSection\":[\"Nacional\"],\"inLanguage\":\"es\"},{\"@type\":\"WebPage\",\"@id\":\"https:\\\/\\\/www.eldiario.net\\\/portal\\\/2023\\\/02\\\/24\\\/la-paz-reporta-casi-300-casos-de-dengue-y-37-con-signos-de-alarma\\\/\",\"url\":\"https:\\\/\\\/www.eldiario.net\\\/portal\\\/2023\\\/02\\\/24\\\/la-paz-reporta-casi-300-casos-de-dengue-y-37-con-signos-de-alarma\\\/\",\"name\":\"La Paz reporta casi 300 casos de dengue y 37 con signos de alarma - El Diario - Bolivia\",\"isPartOf\":{\"@id\":\"https:\\\/\\\/www.eldiario.net\\\/portal\\\/#website\"},\"datePublished\":\"2023-02-24T10:05:19+00:00\",\"breadcrumb\":{\"@id\":\"https:\\\/\\\/www.eldiario.net\\\/portal\\\/2023\\\/02\\\/24\\\/la-paz-reporta-casi-300-casos-de-dengue-y-37-con-signos-de-alarma\\\/#breadcrumb\"},\"inLanguage\":\"es\",\"potentialAction\":[{\"@type\":\"ReadAction\",\"target\":[\"https:\\\/\\\/www.eldiario.net\\\/portal\\\/2023\\\/02\\\/24\\\/la-paz-reporta-casi-300-casos-de-dengue-y-37-con-signos-de-alarma\\\/\"]}]},{\"@type\":\"BreadcrumbList\",\"@id\":\"https:\\\/\\\/www.eldiario.net\\\/portal\\\/2023\\\/02\\\/24\\\/la-paz-reporta-casi-300-casos-de-dengue-y-37-con-signos-de-alarma\\\/#breadcrumb\",\"itemListElement\":[{\"@type\":\"ListItem\",\"position\":1,\"name\":\"Portada\",\"item\":\"https:\\\/\\\/www.eldiario.net\\\/portal\\\/\"},{\"@type\":\"ListItem\",\"position\":2,\"name\":\"La Paz reporta casi 300 casos de dengue y 37 con signos de alarma\"}]},{\"@type\":\"WebSite\",\"@id\":\"https:\\\/\\\/www.eldiario.net\\\/portal\\\/#website\",\"url\":\"https:\\\/\\\/www.eldiario.net\\\/portal\\\/\",\"name\":\"El Diario - Decano de la prensa nacional\",\"description\":\"El Diario - Decano de la prensa nacional\",\"publisher\":{\"@id\":\"https:\\\/\\\/www.eldiario.net\\\/portal\\\/#organization\"},\"potentialAction\":[{\"@type\":\"SearchAction\",\"target\":{\"@type\":\"EntryPoint\",\"urlTemplate\":\"https:\\\/\\\/www.eldiario.net\\\/portal\\\/?s={search_term_string}\"},\"query-input\":{\"@type\":\"PropertyValueSpecification\",\"valueRequired\":true,\"valueName\":\"search_term_string\"}}],\"inLanguage\":\"es\"},{\"@type\":\"Organization\",\"@id\":\"https:\\\/\\\/www.eldiario.net\\\/portal\\\/#organization\",\"name\":\"El Diario - Decano de la prensa nacional\",\"url\":\"https:\\\/\\\/www.eldiario.net\\\/portal\\\/\",\"logo\":{\"@type\":\"ImageObject\",\"inLanguage\":\"es\",\"@id\":\"https:\\\/\\\/www.eldiario.net\\\/portal\\\/#\\\/schema\\\/logo\\\/image\\\/\",\"url\":\"https:\\\/\\\/www.eldiario.net\\\/portal\\\/wp-content\\\/uploads\\\/2023\\\/07\\\/logo_ED.jpg\",\"contentUrl\":\"https:\\\/\\\/www.eldiario.net\\\/portal\\\/wp-content\\\/uploads\\\/2023\\\/07\\\/logo_ED.jpg\",\"width\":272,\"height\":52,\"caption\":\"El Diario - Decano de la prensa nacional\"},\"image\":{\"@id\":\"https:\\\/\\\/www.eldiario.net\\\/portal\\\/#\\\/schema\\\/logo\\\/image\\\/\"},\"sameAs\":[\"https:\\\/\\\/www.facebook.com\\\/eldiario.bolivia\\\/\",\"https:\\\/\\\/x.com\\\/eldiario_net\"]},{\"@type\":\"Person\",\"@id\":\"https:\\\/\\\/www.eldiario.net\\\/portal\\\/#\\\/schema\\\/person\\\/f46445640444750d7d753ccd04ae01b7\",\"name\":\"Jeanette\",\"image\":{\"@type\":\"ImageObject\",\"inLanguage\":\"es\",\"@id\":\"https:\\\/\\\/secure.gravatar.com\\\/avatar\\\/3ea2118a5f7dad2b7138b1187a6b7ee55f160b9968b66013c3a3ef39dd7e5798?s=96&d=mm&r=g\",\"url\":\"https:\\\/\\\/secure.gravatar.com\\\/avatar\\\/3ea2118a5f7dad2b7138b1187a6b7ee55f160b9968b66013c3a3ef39dd7e5798?s=96&d=mm&r=g\",\"contentUrl\":\"https:\\\/\\\/secure.gravatar.com\\\/avatar\\\/3ea2118a5f7dad2b7138b1187a6b7ee55f160b9968b66013c3a3ef39dd7e5798?s=96&d=mm&r=g\",\"caption\":\"Jeanette\"},\"sameAs\":[\"https:\\\/\\\/www.eldiario.net\\\/portal\"],\"url\":\"https:\\\/\\\/www.eldiario.net\\\/portal\\\/author\\\/jeanette\\\/\"}]}<\/script>\n<!-- \/ Yoast SEO plugin. -->","yoast_head_json":{"title":"La Paz reporta casi 300 casos de dengue y 37 con signos de alarma - El Diario - Bolivia","robots":{"index":"index","follow":"follow","max-snippet":"max-snippet:-1","max-image-preview":"max-image-preview:large","max-video-preview":"max-video-preview:-1"},"canonical":"https:\/\/www.eldiario.net\/portal\/2023\/02\/24\/la-paz-reporta-casi-300-casos-de-dengue-y-37-con-signos-de-alarma\/","og_locale":"es_ES","og_type":"article","og_title":"La Paz reporta casi 300 casos de dengue y 37 con signos de alarma - El Diario - Bolivia","og_description":"El director del Servicio Departamental de Salud (Sedes) La Paz, Presley Riveros, inform\u00f3 que se registra incremento de casos de dengue en el norte pace\u00f1o, la cantidad casi llega a 300. De ellos, 37 personas presentan signos de alarma, hay siete internados. El 50% de los casos son menores de edad y descartan hacer mingas. [&hellip;]","og_url":"https:\/\/www.eldiario.net\/portal\/2023\/02\/24\/la-paz-reporta-casi-300-casos-de-dengue-y-37-con-signos-de-alarma\/","og_site_name":"El Diario - Bolivia","article_publisher":"https:\/\/www.facebook.com\/eldiario.bolivia\/","article_published_time":"2023-02-24T10:05:19+00:00","author":"Jeanette","twitter_card":"summary_large_image","twitter_creator":"@eldiario_net","twitter_site":"@eldiario_net","twitter_misc":{"Escrito por":"Jeanette"},"schema":{"@context":"https:\/\/schema.org","@graph":[{"@type":"Article","@id":"https:\/\/www.eldiario.net\/portal\/2023\/02\/24\/la-paz-reporta-casi-300-casos-de-dengue-y-37-con-signos-de-alarma\/#article","isPartOf":{"@id":"https:\/\/www.eldiario.net\/portal\/2023\/02\/24\/la-paz-reporta-casi-300-casos-de-dengue-y-37-con-signos-de-alarma\/"},"author":{"name":"Jeanette","@id":"https:\/\/www.eldiario.net\/portal\/#\/schema\/person\/f46445640444750d7d753ccd04ae01b7"},"headline":"La Paz reporta casi 300 casos de dengue y 37 con signos de alarma","datePublished":"2023-02-24T10:05:19+00:00","mainEntityOfPage":{"@id":"https:\/\/www.eldiario.net\/portal\/2023\/02\/24\/la-paz-reporta-casi-300-casos-de-dengue-y-37-con-signos-de-alarma\/"},"wordCount":275,"publisher":{"@id":"https:\/\/www.eldiario.net\/portal\/#organization"},"articleSection":["Nacional"],"inLanguage":"es"},{"@type":"WebPage","@id":"https:\/\/www.eldiario.net\/portal\/2023\/02\/24\/la-paz-reporta-casi-300-casos-de-dengue-y-37-con-signos-de-alarma\/","url":"https:\/\/www.eldiario.net\/portal\/2023\/02\/24\/la-paz-reporta-casi-300-casos-de-dengue-y-37-con-signos-de-alarma\/","name":"La Paz reporta casi 300 casos de dengue y 37 con signos de alarma - El Diario - Bolivia","isPartOf":{"@id":"https:\/\/www.eldiario.net\/portal\/#website"},"datePublished":"2023-02-24T10:05:19+00:00","breadcrumb":{"@id":"https:\/\/www.eldiario.net\/portal\/2023\/02\/24\/la-paz-reporta-casi-300-casos-de-dengue-y-37-con-signos-de-alarma\/#breadcrumb"},"inLanguage":"es","potentialAction":[{"@type":"ReadAction","target":["https:\/\/www.eldiario.net\/portal\/2023\/02\/24\/la-paz-reporta-casi-300-casos-de-dengue-y-37-con-signos-de-alarma\/"]}]},{"@type":"BreadcrumbList","@id":"https:\/\/www.eldiario.net\/portal\/2023\/02\/24\/la-paz-reporta-casi-300-casos-de-dengue-y-37-con-signos-de-alarma\/#breadcrumb","itemListElement":[{"@type":"ListItem","position":1,"name":"Portada","item":"https:\/\/www.eldiario.net\/portal\/"},{"@type":"ListItem","position":2,"name":"La Paz reporta casi 300 casos de dengue y 37 con signos de alarma"}]},{"@type":"WebSite","@id":"https:\/\/www.eldiario.net\/portal\/#website","url":"https:\/\/www.eldiario.net\/portal\/","name":"El Diario - Decano de la prensa nacional","description":"El Diario - Decano de la prensa nacional","publisher":{"@id":"https:\/\/www.eldiario.net\/portal\/#organization"},"potentialAction":[{"@type":"SearchAction","target":{"@type":"EntryPoint","urlTemplate":"https:\/\/www.eldiario.net\/portal\/?s={search_term_string}"},"query-input":{"@type":"PropertyValueSpecification","valueRequired":true,"valueName":"search_term_string"}}],"inLanguage":"es"},{"@type":"Organization","@id":"https:\/\/www.eldiario.net\/portal\/#organization","name":"El Diario - Decano de la prensa nacional","url":"https:\/\/www.eldiario.net\/portal\/","logo":{"@type":"ImageObject","inLanguage":"es","@id":"https:\/\/www.eldiario.net\/portal\/#\/schema\/logo\/image\/","url":"https:\/\/www.eldiario.net\/portal\/wp-content\/uploads\/2023\/07\/logo_ED.jpg","contentUrl":"https:\/\/www.eldiario.net\/portal\/wp-content\/uploads\/2023\/07\/logo_ED.jpg","width":272,"height":52,"caption":"El Diario - Decano de la prensa nacional"},"image":{"@id":"https:\/\/www.eldiario.net\/portal\/#\/schema\/logo\/image\/"},"sameAs":["https:\/\/www.facebook.com\/eldiario.bolivia\/","https:\/\/x.com\/eldiario_net"]},{"@type":"Person","@id":"https:\/\/www.eldiario.net\/portal\/#\/schema\/person\/f46445640444750d7d753ccd04ae01b7","name":"Jeanette","image":{"@type":"ImageObject","inLanguage":"es","@id":"https:\/\/secure.gravatar.com\/avatar\/3ea2118a5f7dad2b7138b1187a6b7ee55f160b9968b66013c3a3ef39dd7e5798?s=96&d=mm&r=g","url":"https:\/\/secure.gravatar.com\/avatar\/3ea2118a5f7dad2b7138b1187a6b7ee55f160b9968b66013c3a3ef39dd7e5798?s=96&d=mm&r=g","contentUrl":"https:\/\/secure.gravatar.com\/avatar\/3ea2118a5f7dad2b7138b1187a6b7ee55f160b9968b66013c3a3ef39dd7e5798?s=96&d=mm&r=g","caption":"Jeanette"},"sameAs":["https:\/\/www.eldiario.net\/portal"],"url":"https:\/\/www.eldiario.net\/portal\/author\/jeanette\/"}]}},"_links":{"self":[{"href":"https:\/\/www.eldiario.net\/portal\/wp-json\/wp\/v2\/posts\/139827","targetHints":{"allow":["GET"]}}],"collection":[{"href":"https:\/\/www.eldiario.net\/portal\/wp-json\/wp\/v2\/posts"}],"about":[{"href":"https:\/\/www.eldiario.net\/portal\/wp-json\/wp\/v2\/types\/post"}],"author":[{"embeddable":true,"href":"https:\/\/www.eldiario.net\/portal\/wp-json\/wp\/v2\/users\/1"}],"replies":[{"embeddable":true,"href":"https:\/\/www.eldiario.net\/portal\/wp-json\/wp\/v2\/comments?post=139827"}],"version-history":[{"count":0,"href":"https:\/\/www.eldiario.net\/portal\/wp-json\/wp\/v2\/posts\/139827\/revisions"}],"wp:attachment":[{"href":"https:\/\/www.eldiario.net\/portal\/wp-json\/wp\/v2\/media?parent=139827"}],"wp:term":[{"taxonomy":"category","embeddable":true,"href":"https:\/\/www.eldiario.net\/portal\/wp-json\/wp\/v2\/categories?post=139827"},{"taxonomy":"post_tag","embeddable":true,"href":"https:\/\/www.eldiario.net\/portal\/wp-json\/wp\/v2\/tags?post=139827"}],"curies":[{"name":"wp","href":"https:\/\/api.w.org\/{rel}","templated":true}]}}