{"id":139824,"date":"2023-02-24T06:04:45","date_gmt":"2023-02-24T10:04:45","guid":{"rendered":"https:\/\/www.eldiario.net\/portal\/?p=139824"},"modified":"2023-02-24T06:04:45","modified_gmt":"2023-02-24T10:04:45","slug":"eeuu-enfrenta-frio-por-tormentas-invernales-y-calidas-temperaturas","status":"publish","type":"post","link":"https:\/\/www.eldiario.net\/portal\/2023\/02\/24\/eeuu-enfrenta-frio-por-tormentas-invernales-y-calidas-temperaturas\/","title":{"rendered":"EEUU enfrenta fr\u00edo por tormentas invernales y c\u00e1lidas temperaturas"},"content":{"rendered":"<p>Mientras algunas zonas del oeste y el norte de Estados Unidos se enfrentan a una tormenta invernal con condiciones de ventisca e importantes nevadas, m\u00e1s de 130 ciudades desde el Golfo de M\u00e9xico hasta los Grandes Lagos, experimentan un calor similar al del verano que nunca antes se hab\u00eda sentido durante febrero.<br \/>\nM\u00e1s de 130 ciudades, desde el Golfo de M\u00e9xico hasta los Grandes Lagos, podr\u00edan batir esta semana nuevos r\u00e9cords de temperaturas m\u00e1ximas diarias y mensuales. Las m\u00e1ximas alcanzar\u00e1n los 26,6 grados cent\u00edgrados en zonas tan al norte como Ohio y Virginia Occidental, algo ciertamente inusual, pero que ya no lo es tanto con el calentamiento del clima.<br \/>\nAqu\u00ed hay un claro ejemplo: antes de esta d\u00e9cada, Charleston, en Virginia Occidental, solo hab\u00eda alcanzado los 26,6 grados cent\u00edgrados antes de marzo tres veces en m\u00e1s de 100 a\u00f1os de registros. Pero el incre\u00edble calor de esta semana significar\u00e1 que en cuatro de los \u00faltimos seis a\u00f1os habr\u00e1 registrado temperaturas de 26,6 grados cent\u00edgrados en febrero, que es su m\u00e1ximo normal el 1 de junio.<br \/>\nUn calor r\u00e9cord en febrero \u2014una \u00e9poca en la que se supone que todav\u00eda parece invierno\u2014 podr\u00eda no parecer algo tan malo, pero sus consecuencias negativas se extienden por el mundo vegetal, el deporte, el turismo y la agricultura. Y es otra clara se\u00f1al de que nuestro planeta se est\u00e1 calentando r\u00e1pidamente, dicen expertos.<br \/>\n\u201cSiempre que se producen estos fen\u00f3menos, deber\u00edamos pensar que existe la posibilidad o la probabilidad de que el cambio clim\u00e1tico inducido por el ser humano est\u00e9 aumentando la probabilidad de que se produzcan fen\u00f3menos meteorol\u00f3gicos extra\u00f1os\u201d, declar\u00f3 a CNN Richard Seager, investigador del clima en el Observatorio Terrestre Lamont-Doherty de la Universidad de Columbia. \u201cCuanto m\u00e1s contin\u00fae, m\u00e1s da\u00f1os tremendos pueden provocar\u201d.<\/p>\n<p>HIELO MORTALMENTE<br \/>\nDELGADO<br \/>\nEn los Grandes Lagos, la cobertura de hielo alcanz\u00f3 un m\u00ednimo hist\u00f3rico para esta \u00e9poca del a\u00f1o, la misma en la que suele producirse la m\u00e1xima extensi\u00f3n anual de hielo. Seg\u00fan la Administraci\u00f3n Nacional Oce\u00e1nica y Atmosf\u00e9rica (NOAA por sus siglas en ingl\u00e9s), la semana pasada solo el 7% de los cinco lagos de agua dulce estaban cubiertos de hielo, lo que supone una gran diferencia respecto al 35-40% que suele haber a mediados o finales de febrero.<br \/>\nDe acuerdo con los cient\u00edficos de la NOAA, el hielo de los Grandes Lagos sigue una tendencia a la baja. Un estudio reciente revel\u00f3 un descenso del 70% en la capa de hielo de los lagos entre 1973 y 2017.<br \/>\nLa disminuci\u00f3n del hielo de los Grandes Lagos cada invierno puede no parecer que tenga un impacto perjudicial, pero ese hielo act\u00faa como un amortiguador para las grandes olas impulsadas por el viento en invierno, informaron los cient\u00edficos. Sin el hielo, las costas son m\u00e1s susceptibles a la erosi\u00f3n y las inundaciones.<br \/>\nAyumi Fujisaki-Manome, investigadora cient\u00edfica del Instituto Cooperativo para la Investigaci\u00f3n de los Grandes Lagos de la NOAA en la Universidad de Michigan, dijo que la escasa cobertura de hielo tambi\u00e9n podr\u00eda preparar el terreno para otra grave tormenta de nieve de efecto lago como la que sufri\u00f3 Buffalo, Nueva York, en diciembre.<br \/>\n\u201cLa humedad y el calor del agua de la superficie del lago son absorbidos por la atm\u00f3sfera por los sistemas de tormentas, y luego vuelven a caer al suelo en forma de nieve en invierno\u201d, dijo Fujisaki-Manome en un comunicado.<\/p>\n<p>TORNEO CANCELADO<br \/>\nEn el lago Champlain de Vermont, el torneo anual de pesca sobre hielo se cancel\u00f3 el pasado fin de semana cuando tres pescadores murieron tras caer a trav\u00e9s del hielo. El cad\u00e1ver de uno de ellos fue hallado horas despu\u00e9s de que se esperara su regreso a casa desde el lago, mientras que los otros dos murieron luego de que su veh\u00edculo utilitario atravesara el hielo.<br \/>\nMontpelier, Vermont, tuvo este a\u00f1o su enero m\u00e1s c\u00e1lido registrado desde 1948, y Burlington registr\u00f3 su quinto enero m\u00e1s c\u00e1lido desde 1884, seg\u00fan el Servicio Meteorol\u00f3gico Nacional de Burlington.<br \/>\nRobert Wilson, catedr\u00e1tico de Geograf\u00eda y Medio Ambiente de la Universidad de Syracuse, afirm\u00f3 que el noreste en su conjunto es ahora una \u201cregi\u00f3n de calentamiento r\u00e1pido\u201d, con estaciones invernales que se calientan m\u00e1s deprisa que los veranos debido a la crisis clim\u00e1tica.<br \/>\nY subray\u00f3 c\u00f3mo esta tendencia amenaza algunas de las actividades invernales m\u00e1s apreciadas de Nueva Inglaterra.<br \/>\n\u201cEn las pr\u00f3ximas d\u00e9cadas, el invierno, tal y como lo entiende la mayor\u00eda de la gente, ser\u00e1 m\u00e1s corto y c\u00e1lido, con menos nieve y m\u00e1s lluvia\u201d, afirm\u00f3 Wilson. \u201cEsto supone una grave amenaza para las actividades recreativas de invierno: motos de nieve, esqu\u00ed de fondo y esqu\u00ed alpino\u201d.<\/p>\n<p>RIESGO PARA CULTIVOS ALIMENTARIOS<br \/>\nLas plantas est\u00e1n floreciendo mucho antes de lo habitual en gran parte del pa\u00eds, una clara se\u00f1al de que la primavera est\u00e1 a la vuelta de la esquina, o de que, en algunos lugares, ya lleg\u00f3.<br \/>\n\u201cLa primavera se est\u00e1 adelantando en gran parte del sur y el este de EEUU\u201d, dijo a CNN Brad Rippey, meteor\u00f3logo del Departamento de Agricultura de Estados Unidos. \u201cAqu\u00ed, en el Atl\u00e1ntico medio, eso significa de todo, desde \u00e1rboles en ciernes a azafranes en flor y mirlos primaverales haciendo mucho ruido, y nada menos que en febrero\u201d. (CNN).<\/p>\n","protected":false},"excerpt":{"rendered":"<p>Mientras algunas zonas del oeste y el norte de Estados Unidos se enfrentan a una tormenta invernal con condiciones de ventisca e importantes nevadas, m\u00e1s de 130 ciudades desde el Golfo de M\u00e9xico hasta los Grandes Lagos, experimentan un calor similar al del verano que nunca antes se hab\u00eda sentido durante febrero. M\u00e1s de 130 [&hellip;]<\/p>\n","protected":false},"author":1,"featured_media":139825,"comment_status":"closed","ping_status":"closed","sticky":false,"template":"","format":"standard","meta":{"_acf_changed":false,"footnotes":""},"categories":[3],"tags":[],"class_list":["post-139824","post","type-post","status-publish","format-standard","has-post-thumbnail","category-internacional"],"acf":{"antetitulo":""},"yoast_head":"<!-- This site is optimized with the Yoast SEO plugin v28.4 - https:\/\/yoast.com\/product\/yoast-seo-wordpress\/ -->\n<title>EEUU enfrenta fr\u00edo por tormentas invernales y c\u00e1lidas temperaturas - El Diario - Bolivia<\/title>\n<meta name=\"robots\" content=\"index, follow, max-snippet:-1, max-image-preview:large, max-video-preview:-1\" \/>\n<link rel=\"canonical\" href=\"https:\/\/www.eldiario.net\/portal\/2023\/02\/24\/eeuu-enfrenta-frio-por-tormentas-invernales-y-calidas-temperaturas\/\" \/>\n<meta property=\"og:locale\" content=\"es_ES\" \/>\n<meta property=\"og:type\" content=\"article\" \/>\n<meta property=\"og:title\" content=\"EEUU enfrenta fr\u00edo por tormentas invernales y c\u00e1lidas temperaturas - El Diario - Bolivia\" \/>\n<meta property=\"og:description\" content=\"Mientras algunas zonas del oeste y el norte de Estados Unidos se enfrentan a una tormenta invernal con condiciones de ventisca e importantes nevadas, m\u00e1s de 130 ciudades desde el Golfo de M\u00e9xico hasta los Grandes Lagos, experimentan un calor similar al del verano que nunca antes se hab\u00eda sentido durante febrero. M\u00e1s de 130 [&hellip;]\" \/>\n<meta property=\"og:url\" content=\"https:\/\/www.eldiario.net\/portal\/2023\/02\/24\/eeuu-enfrenta-frio-por-tormentas-invernales-y-calidas-temperaturas\/\" \/>\n<meta property=\"og:site_name\" content=\"El Diario - Bolivia\" \/>\n<meta property=\"article:publisher\" content=\"https:\/\/www.facebook.com\/eldiario.bolivia\/\" \/>\n<meta property=\"article:published_time\" content=\"2023-02-24T10:04:45+00:00\" \/>\n<meta name=\"author\" content=\"Jeanette\" \/>\n<meta name=\"twitter:card\" content=\"summary_large_image\" \/>\n<meta name=\"twitter:creator\" content=\"@eldiario_net\" \/>\n<meta name=\"twitter:site\" content=\"@eldiario_net\" \/>\n<meta name=\"twitter:label1\" content=\"Escrito por\" \/>\n\t<meta name=\"twitter:data1\" content=\"Jeanette\" \/>\n\t<meta name=\"twitter:label2\" content=\"Tiempo de lectura\" \/>\n\t<meta name=\"twitter:data2\" content=\"4 minutos\" \/>\n<script type=\"application\/ld+json\" class=\"yoast-schema-graph\">{\"@context\":\"https:\\\/\\\/schema.org\",\"@graph\":[{\"@type\":\"Article\",\"@id\":\"https:\\\/\\\/www.eldiario.net\\\/portal\\\/2023\\\/02\\\/24\\\/eeuu-enfrenta-frio-por-tormentas-invernales-y-calidas-temperaturas\\\/#article\",\"isPartOf\":{\"@id\":\"https:\\\/\\\/www.eldiario.net\\\/portal\\\/2023\\\/02\\\/24\\\/eeuu-enfrenta-frio-por-tormentas-invernales-y-calidas-temperaturas\\\/\"},\"author\":{\"name\":\"Jeanette\",\"@id\":\"https:\\\/\\\/www.eldiario.net\\\/portal\\\/#\\\/schema\\\/person\\\/f46445640444750d7d753ccd04ae01b7\"},\"headline\":\"EEUU enfrenta fr\u00edo por tormentas invernales y c\u00e1lidas temperaturas\",\"datePublished\":\"2023-02-24T10:04:45+00:00\",\"mainEntityOfPage\":{\"@id\":\"https:\\\/\\\/www.eldiario.net\\\/portal\\\/2023\\\/02\\\/24\\\/eeuu-enfrenta-frio-por-tormentas-invernales-y-calidas-temperaturas\\\/\"},\"wordCount\":943,\"publisher\":{\"@id\":\"https:\\\/\\\/www.eldiario.net\\\/portal\\\/#organization\"},\"image\":{\"@id\":\"https:\\\/\\\/www.eldiario.net\\\/portal\\\/2023\\\/02\\\/24\\\/eeuu-enfrenta-frio-por-tormentas-invernales-y-calidas-temperaturas\\\/#primaryimage\"},\"thumbnailUrl\":\"\",\"articleSection\":[\"Internacional\"],\"inLanguage\":\"es\"},{\"@type\":\"WebPage\",\"@id\":\"https:\\\/\\\/www.eldiario.net\\\/portal\\\/2023\\\/02\\\/24\\\/eeuu-enfrenta-frio-por-tormentas-invernales-y-calidas-temperaturas\\\/\",\"url\":\"https:\\\/\\\/www.eldiario.net\\\/portal\\\/2023\\\/02\\\/24\\\/eeuu-enfrenta-frio-por-tormentas-invernales-y-calidas-temperaturas\\\/\",\"name\":\"EEUU enfrenta fr\u00edo por tormentas invernales y c\u00e1lidas temperaturas - El Diario - Bolivia\",\"isPartOf\":{\"@id\":\"https:\\\/\\\/www.eldiario.net\\\/portal\\\/#website\"},\"primaryImageOfPage\":{\"@id\":\"https:\\\/\\\/www.eldiario.net\\\/portal\\\/2023\\\/02\\\/24\\\/eeuu-enfrenta-frio-por-tormentas-invernales-y-calidas-temperaturas\\\/#primaryimage\"},\"image\":{\"@id\":\"https:\\\/\\\/www.eldiario.net\\\/portal\\\/2023\\\/02\\\/24\\\/eeuu-enfrenta-frio-por-tormentas-invernales-y-calidas-temperaturas\\\/#primaryimage\"},\"thumbnailUrl\":\"\",\"datePublished\":\"2023-02-24T10:04:45+00:00\",\"breadcrumb\":{\"@id\":\"https:\\\/\\\/www.eldiario.net\\\/portal\\\/2023\\\/02\\\/24\\\/eeuu-enfrenta-frio-por-tormentas-invernales-y-calidas-temperaturas\\\/#breadcrumb\"},\"inLanguage\":\"es\",\"potentialAction\":[{\"@type\":\"ReadAction\",\"target\":[\"https:\\\/\\\/www.eldiario.net\\\/portal\\\/2023\\\/02\\\/24\\\/eeuu-enfrenta-frio-por-tormentas-invernales-y-calidas-temperaturas\\\/\"]}]},{\"@type\":\"ImageObject\",\"inLanguage\":\"es\",\"@id\":\"https:\\\/\\\/www.eldiario.net\\\/portal\\\/2023\\\/02\\\/24\\\/eeuu-enfrenta-frio-por-tormentas-invernales-y-calidas-temperaturas\\\/#primaryimage\",\"url\":\"\",\"contentUrl\":\"\"},{\"@type\":\"BreadcrumbList\",\"@id\":\"https:\\\/\\\/www.eldiario.net\\\/portal\\\/2023\\\/02\\\/24\\\/eeuu-enfrenta-frio-por-tormentas-invernales-y-calidas-temperaturas\\\/#breadcrumb\",\"itemListElement\":[{\"@type\":\"ListItem\",\"position\":1,\"name\":\"Portada\",\"item\":\"https:\\\/\\\/www.eldiario.net\\\/portal\\\/\"},{\"@type\":\"ListItem\",\"position\":2,\"name\":\"EEUU enfrenta fr\u00edo por tormentas invernales y c\u00e1lidas temperaturas\"}]},{\"@type\":\"WebSite\",\"@id\":\"https:\\\/\\\/www.eldiario.net\\\/portal\\\/#website\",\"url\":\"https:\\\/\\\/www.eldiario.net\\\/portal\\\/\",\"name\":\"El Diario - Decano de la prensa nacional\",\"description\":\"El Diario - Decano de la prensa nacional\",\"publisher\":{\"@id\":\"https:\\\/\\\/www.eldiario.net\\\/portal\\\/#organization\"},\"potentialAction\":[{\"@type\":\"SearchAction\",\"target\":{\"@type\":\"EntryPoint\",\"urlTemplate\":\"https:\\\/\\\/www.eldiario.net\\\/portal\\\/?s={search_term_string}\"},\"query-input\":{\"@type\":\"PropertyValueSpecification\",\"valueRequired\":true,\"valueName\":\"search_term_string\"}}],\"inLanguage\":\"es\"},{\"@type\":\"Organization\",\"@id\":\"https:\\\/\\\/www.eldiario.net\\\/portal\\\/#organization\",\"name\":\"El Diario - Decano de la prensa nacional\",\"url\":\"https:\\\/\\\/www.eldiario.net\\\/portal\\\/\",\"logo\":{\"@type\":\"ImageObject\",\"inLanguage\":\"es\",\"@id\":\"https:\\\/\\\/www.eldiario.net\\\/portal\\\/#\\\/schema\\\/logo\\\/image\\\/\",\"url\":\"https:\\\/\\\/www.eldiario.net\\\/portal\\\/wp-content\\\/uploads\\\/2023\\\/07\\\/logo_ED.jpg\",\"contentUrl\":\"https:\\\/\\\/www.eldiario.net\\\/portal\\\/wp-content\\\/uploads\\\/2023\\\/07\\\/logo_ED.jpg\",\"width\":272,\"height\":52,\"caption\":\"El Diario - Decano de la prensa nacional\"},\"image\":{\"@id\":\"https:\\\/\\\/www.eldiario.net\\\/portal\\\/#\\\/schema\\\/logo\\\/image\\\/\"},\"sameAs\":[\"https:\\\/\\\/www.facebook.com\\\/eldiario.bolivia\\\/\",\"https:\\\/\\\/x.com\\\/eldiario_net\"]},{\"@type\":\"Person\",\"@id\":\"https:\\\/\\\/www.eldiario.net\\\/portal\\\/#\\\/schema\\\/person\\\/f46445640444750d7d753ccd04ae01b7\",\"name\":\"Jeanette\",\"image\":{\"@type\":\"ImageObject\",\"inLanguage\":\"es\",\"@id\":\"https:\\\/\\\/secure.gravatar.com\\\/avatar\\\/3ea2118a5f7dad2b7138b1187a6b7ee55f160b9968b66013c3a3ef39dd7e5798?s=96&d=mm&r=g\",\"url\":\"https:\\\/\\\/secure.gravatar.com\\\/avatar\\\/3ea2118a5f7dad2b7138b1187a6b7ee55f160b9968b66013c3a3ef39dd7e5798?s=96&d=mm&r=g\",\"contentUrl\":\"https:\\\/\\\/secure.gravatar.com\\\/avatar\\\/3ea2118a5f7dad2b7138b1187a6b7ee55f160b9968b66013c3a3ef39dd7e5798?s=96&d=mm&r=g\",\"caption\":\"Jeanette\"},\"sameAs\":[\"https:\\\/\\\/www.eldiario.net\\\/portal\"],\"url\":\"https:\\\/\\\/www.eldiario.net\\\/portal\\\/author\\\/jeanette\\\/\"}]}<\/script>\n<!-- \/ Yoast SEO plugin. -->","yoast_head_json":{"title":"EEUU enfrenta fr\u00edo por tormentas invernales y c\u00e1lidas temperaturas - El Diario - Bolivia","robots":{"index":"index","follow":"follow","max-snippet":"max-snippet:-1","max-image-preview":"max-image-preview:large","max-video-preview":"max-video-preview:-1"},"canonical":"https:\/\/www.eldiario.net\/portal\/2023\/02\/24\/eeuu-enfrenta-frio-por-tormentas-invernales-y-calidas-temperaturas\/","og_locale":"es_ES","og_type":"article","og_title":"EEUU enfrenta fr\u00edo por tormentas invernales y c\u00e1lidas temperaturas - El Diario - Bolivia","og_description":"Mientras algunas zonas del oeste y el norte de Estados Unidos se enfrentan a una tormenta invernal con condiciones de ventisca e importantes nevadas, m\u00e1s de 130 ciudades desde el Golfo de M\u00e9xico hasta los Grandes Lagos, experimentan un calor similar al del verano que nunca antes se hab\u00eda sentido durante febrero. M\u00e1s de 130 [&hellip;]","og_url":"https:\/\/www.eldiario.net\/portal\/2023\/02\/24\/eeuu-enfrenta-frio-por-tormentas-invernales-y-calidas-temperaturas\/","og_site_name":"El Diario - Bolivia","article_publisher":"https:\/\/www.facebook.com\/eldiario.bolivia\/","article_published_time":"2023-02-24T10:04:45+00:00","author":"Jeanette","twitter_card":"summary_large_image","twitter_creator":"@eldiario_net","twitter_site":"@eldiario_net","twitter_misc":{"Escrito por":"Jeanette","Tiempo de lectura":"4 minutos"},"schema":{"@context":"https:\/\/schema.org","@graph":[{"@type":"Article","@id":"https:\/\/www.eldiario.net\/portal\/2023\/02\/24\/eeuu-enfrenta-frio-por-tormentas-invernales-y-calidas-temperaturas\/#article","isPartOf":{"@id":"https:\/\/www.eldiario.net\/portal\/2023\/02\/24\/eeuu-enfrenta-frio-por-tormentas-invernales-y-calidas-temperaturas\/"},"author":{"name":"Jeanette","@id":"https:\/\/www.eldiario.net\/portal\/#\/schema\/person\/f46445640444750d7d753ccd04ae01b7"},"headline":"EEUU enfrenta fr\u00edo por tormentas invernales y c\u00e1lidas temperaturas","datePublished":"2023-02-24T10:04:45+00:00","mainEntityOfPage":{"@id":"https:\/\/www.eldiario.net\/portal\/2023\/02\/24\/eeuu-enfrenta-frio-por-tormentas-invernales-y-calidas-temperaturas\/"},"wordCount":943,"publisher":{"@id":"https:\/\/www.eldiario.net\/portal\/#organization"},"image":{"@id":"https:\/\/www.eldiario.net\/portal\/2023\/02\/24\/eeuu-enfrenta-frio-por-tormentas-invernales-y-calidas-temperaturas\/#primaryimage"},"thumbnailUrl":"","articleSection":["Internacional"],"inLanguage":"es"},{"@type":"WebPage","@id":"https:\/\/www.eldiario.net\/portal\/2023\/02\/24\/eeuu-enfrenta-frio-por-tormentas-invernales-y-calidas-temperaturas\/","url":"https:\/\/www.eldiario.net\/portal\/2023\/02\/24\/eeuu-enfrenta-frio-por-tormentas-invernales-y-calidas-temperaturas\/","name":"EEUU enfrenta fr\u00edo por tormentas invernales y c\u00e1lidas temperaturas - El Diario - Bolivia","isPartOf":{"@id":"https:\/\/www.eldiario.net\/portal\/#website"},"primaryImageOfPage":{"@id":"https:\/\/www.eldiario.net\/portal\/2023\/02\/24\/eeuu-enfrenta-frio-por-tormentas-invernales-y-calidas-temperaturas\/#primaryimage"},"image":{"@id":"https:\/\/www.eldiario.net\/portal\/2023\/02\/24\/eeuu-enfrenta-frio-por-tormentas-invernales-y-calidas-temperaturas\/#primaryimage"},"thumbnailUrl":"","datePublished":"2023-02-24T10:04:45+00:00","breadcrumb":{"@id":"https:\/\/www.eldiario.net\/portal\/2023\/02\/24\/eeuu-enfrenta-frio-por-tormentas-invernales-y-calidas-temperaturas\/#breadcrumb"},"inLanguage":"es","potentialAction":[{"@type":"ReadAction","target":["https:\/\/www.eldiario.net\/portal\/2023\/02\/24\/eeuu-enfrenta-frio-por-tormentas-invernales-y-calidas-temperaturas\/"]}]},{"@type":"ImageObject","inLanguage":"es","@id":"https:\/\/www.eldiario.net\/portal\/2023\/02\/24\/eeuu-enfrenta-frio-por-tormentas-invernales-y-calidas-temperaturas\/#primaryimage","url":"","contentUrl":""},{"@type":"BreadcrumbList","@id":"https:\/\/www.eldiario.net\/portal\/2023\/02\/24\/eeuu-enfrenta-frio-por-tormentas-invernales-y-calidas-temperaturas\/#breadcrumb","itemListElement":[{"@type":"ListItem","position":1,"name":"Portada","item":"https:\/\/www.eldiario.net\/portal\/"},{"@type":"ListItem","position":2,"name":"EEUU enfrenta fr\u00edo por tormentas invernales y c\u00e1lidas temperaturas"}]},{"@type":"WebSite","@id":"https:\/\/www.eldiario.net\/portal\/#website","url":"https:\/\/www.eldiario.net\/portal\/","name":"El Diario - Decano de la prensa nacional","description":"El Diario - Decano de la prensa nacional","publisher":{"@id":"https:\/\/www.eldiario.net\/portal\/#organization"},"potentialAction":[{"@type":"SearchAction","target":{"@type":"EntryPoint","urlTemplate":"https:\/\/www.eldiario.net\/portal\/?s={search_term_string}"},"query-input":{"@type":"PropertyValueSpecification","valueRequired":true,"valueName":"search_term_string"}}],"inLanguage":"es"},{"@type":"Organization","@id":"https:\/\/www.eldiario.net\/portal\/#organization","name":"El Diario - Decano de la prensa nacional","url":"https:\/\/www.eldiario.net\/portal\/","logo":{"@type":"ImageObject","inLanguage":"es","@id":"https:\/\/www.eldiario.net\/portal\/#\/schema\/logo\/image\/","url":"https:\/\/www.eldiario.net\/portal\/wp-content\/uploads\/2023\/07\/logo_ED.jpg","contentUrl":"https:\/\/www.eldiario.net\/portal\/wp-content\/uploads\/2023\/07\/logo_ED.jpg","width":272,"height":52,"caption":"El Diario - Decano de la prensa nacional"},"image":{"@id":"https:\/\/www.eldiario.net\/portal\/#\/schema\/logo\/image\/"},"sameAs":["https:\/\/www.facebook.com\/eldiario.bolivia\/","https:\/\/x.com\/eldiario_net"]},{"@type":"Person","@id":"https:\/\/www.eldiario.net\/portal\/#\/schema\/person\/f46445640444750d7d753ccd04ae01b7","name":"Jeanette","image":{"@type":"ImageObject","inLanguage":"es","@id":"https:\/\/secure.gravatar.com\/avatar\/3ea2118a5f7dad2b7138b1187a6b7ee55f160b9968b66013c3a3ef39dd7e5798?s=96&d=mm&r=g","url":"https:\/\/secure.gravatar.com\/avatar\/3ea2118a5f7dad2b7138b1187a6b7ee55f160b9968b66013c3a3ef39dd7e5798?s=96&d=mm&r=g","contentUrl":"https:\/\/secure.gravatar.com\/avatar\/3ea2118a5f7dad2b7138b1187a6b7ee55f160b9968b66013c3a3ef39dd7e5798?s=96&d=mm&r=g","caption":"Jeanette"},"sameAs":["https:\/\/www.eldiario.net\/portal"],"url":"https:\/\/www.eldiario.net\/portal\/author\/jeanette\/"}]}},"_links":{"self":[{"href":"https:\/\/www.eldiario.net\/portal\/wp-json\/wp\/v2\/posts\/139824","targetHints":{"allow":["GET"]}}],"collection":[{"href":"https:\/\/www.eldiario.net\/portal\/wp-json\/wp\/v2\/posts"}],"about":[{"href":"https:\/\/www.eldiario.net\/portal\/wp-json\/wp\/v2\/types\/post"}],"author":[{"embeddable":true,"href":"https:\/\/www.eldiario.net\/portal\/wp-json\/wp\/v2\/users\/1"}],"replies":[{"embeddable":true,"href":"https:\/\/www.eldiario.net\/portal\/wp-json\/wp\/v2\/comments?post=139824"}],"version-history":[{"count":0,"href":"https:\/\/www.eldiario.net\/portal\/wp-json\/wp\/v2\/posts\/139824\/revisions"}],"wp:attachment":[{"href":"https:\/\/www.eldiario.net\/portal\/wp-json\/wp\/v2\/media?parent=139824"}],"wp:term":[{"taxonomy":"category","embeddable":true,"href":"https:\/\/www.eldiario.net\/portal\/wp-json\/wp\/v2\/categories?post=139824"},{"taxonomy":"post_tag","embeddable":true,"href":"https:\/\/www.eldiario.net\/portal\/wp-json\/wp\/v2\/tags?post=139824"}],"curies":[{"name":"wp","href":"https:\/\/api.w.org\/{rel}","templated":true}]}}