{"id":139813,"date":"2023-02-24T05:59:15","date_gmt":"2023-02-24T09:59:15","guid":{"rendered":"https:\/\/www.eldiario.net\/portal\/?p=139813"},"modified":"2023-02-24T05:59:15","modified_gmt":"2023-02-24T09:59:15","slug":"la-salud-publica-esta-enferma","status":"publish","type":"post","link":"https:\/\/www.eldiario.net\/portal\/2023\/02\/24\/la-salud-publica-esta-enferma\/","title":{"rendered":"La salud p\u00fablica  est\u00e1 \u201cenferma\u201d"},"content":{"rendered":"<p><em><span class=\"dropcap \" style=\"background-color: #ffffff; color: #000000; border-color: #ffffff;\">E<\/span>l concepto de salud p\u00fablica implica ocuparse de un problema que afecta a la poblaci\u00f3n boliviana, no solo considerando su situaci\u00f3n presente, sino tambi\u00e9n tiene antecedentes que seguramente los profesionales que dominan el bistur\u00ed pueden explicarlos mejor.<\/em><br \/>\n<em>En efecto, en a\u00f1os recientes la poblaci\u00f3n se encuentra afectada en proporciones alarmantes por enfermedades antes poco conocidas o desconocidas, de las que no hab\u00eda referencia, pero que ahora le afectan masivamente, sin que se pueda encontrar recetas para aliviar sus males. Esas nuevas enfermedades no solo se presentan como casos aislados, sino lo hacen en forma masiva o de epidemias y pandemias y es por ello que las pol\u00edticas de Estado deben tomar cartas en el asunto.<\/em><br \/>\n<em>En cuanto a ese punto, poco menos que candente, se puede decir que, regularmente, las autoridades diagnostican a este enfermo cr\u00f3nico solo por sus \u00faltimos efectos y no investigan ni hacen referencia a las causas que determinan los problemas colectivos, como, por ejemplo, el caso actual de la infecci\u00f3n mortal calificada como dengue o la del Covid-19 que caus\u00f3 cientos de v\u00edctimas mortales y cuantiosos da\u00f1os a la sociedad.<\/em><br \/>\n<em>En tal sentido, solo conociendo las causas que provocan esas grandes calamidades, se podr\u00eda limitar sus efectos y as\u00ed mantener la salud p\u00fablica en un nivel aceptable y no convertir el tema en bandera de campa\u00f1as y cuando \u00e9stas terminan, va a parar al papelero del despacho ministerial.<\/em><br \/>\n<em>Los programas partidarios no dan resultado y en vez de que estas epidemias y pandemias desaparezcan, aparecen con m\u00e1s virulencia y acompa\u00f1adas de nuevas plagas, algunas veces mortales. El caso del Covid-19 sigue esa hoja de ruta y despu\u00e9s de tres a\u00f1os de su aparici\u00f3n crece con tanta fuerza que inclusive ha llegado a su sexta generaci\u00f3n y ya se perfila el anuncio sobre la llegada de la s\u00e9ptima oleada y m\u00e1s mortal que las anteriores.<\/em><br \/>\n<em>En cierta forma, ser\u00eda oportuno aproximarse en alguna medida a las causas de esa propagaci\u00f3n de agresivas enfermedades. Una de ellas ser\u00eda que la mayor\u00eda de la poblaci\u00f3n carece de las defensas adecuadas para combatir en forma natural las dolencias.<\/em><br \/>\n<em>Pero, siendo esa deficiencia solo un efecto, habr\u00eda que buscar causas m\u00e1s profundas, como la irregular alimentaci\u00f3n en todos los sectores sociales que, con frecuencia, o bien padecen de escasez o bien de abundancia. Esos dos males son agravados por la falta de medidas oficiales ante calamidades de la naturaleza.<\/em><br \/>\n<em>En todo caso, se puede hacer enunciados en t\u00e9rminos generales, pero no es suficiente, pues es necesario que p\u00fablico y autoridades enfrenten el problema en forma cient\u00edfica y no emp\u00edrica. Lo cierto es que la salud p\u00fablica por esas causas est\u00e1 \u201cenferma\u201d o gravemente enferma. As\u00ed, los galenos podr\u00edan recetar: \u201cA grandes males, grandes remedios\u201d.<\/em><br \/>\n<em>Finalmente, la presi\u00f3n de algunos sectores sociales hizo posible el establecimiento de centros m\u00e9dicos para atender enfermedades oncol\u00f3gicas, lo que, si bien crea esperanzas entre los pacientes, no resuelve el problema. Los n\u00facleos de atenci\u00f3n para esa dolencia deben merecer atenci\u00f3n especial, teniendo en cuenta las caracter\u00edsticas de su origen y desarrollo.<\/em><\/p>\n","protected":false},"excerpt":{"rendered":"<p>El concepto de salud p\u00fablica implica ocuparse de un problema que afecta a la poblaci\u00f3n boliviana, no solo considerando su situaci\u00f3n presente, sino tambi\u00e9n tiene antecedentes que seguramente los profesionales que dominan el bistur\u00ed pueden explicarlos mejor. En efecto, en a\u00f1os recientes la poblaci\u00f3n se encuentra afectada en proporciones alarmantes por enfermedades antes poco conocidas [&hellip;]<\/p>\n","protected":false},"author":1,"featured_media":0,"comment_status":"closed","ping_status":"closed","sticky":false,"template":"","format":"standard","meta":{"_acf_changed":false,"footnotes":""},"categories":[4],"tags":[],"class_list":["post-139813","post","type-post","status-publish","format-standard","category-editorial"],"acf":{"antetitulo":""},"yoast_head":"<!-- This site is optimized with the Yoast SEO plugin v28.4 - https:\/\/yoast.com\/product\/yoast-seo-wordpress\/ -->\n<title>La salud p\u00fablica est\u00e1 \u201cenferma\u201d - El Diario - Bolivia<\/title>\n<meta name=\"robots\" content=\"index, follow, max-snippet:-1, max-image-preview:large, max-video-preview:-1\" \/>\n<link rel=\"canonical\" href=\"https:\/\/www.eldiario.net\/portal\/2023\/02\/24\/la-salud-publica-esta-enferma\/\" \/>\n<meta property=\"og:locale\" content=\"es_ES\" \/>\n<meta property=\"og:type\" content=\"article\" \/>\n<meta property=\"og:title\" content=\"La salud p\u00fablica est\u00e1 \u201cenferma\u201d - El Diario - Bolivia\" \/>\n<meta property=\"og:description\" content=\"El concepto de salud p\u00fablica implica ocuparse de un problema que afecta a la poblaci\u00f3n boliviana, no solo considerando su situaci\u00f3n presente, sino tambi\u00e9n tiene antecedentes que seguramente los profesionales que dominan el bistur\u00ed pueden explicarlos mejor. En efecto, en a\u00f1os recientes la poblaci\u00f3n se encuentra afectada en proporciones alarmantes por enfermedades antes poco conocidas [&hellip;]\" \/>\n<meta property=\"og:url\" content=\"https:\/\/www.eldiario.net\/portal\/2023\/02\/24\/la-salud-publica-esta-enferma\/\" \/>\n<meta property=\"og:site_name\" content=\"El Diario - Bolivia\" \/>\n<meta property=\"article:publisher\" content=\"https:\/\/www.facebook.com\/eldiario.bolivia\/\" \/>\n<meta property=\"article:published_time\" content=\"2023-02-24T09:59:15+00:00\" \/>\n<meta name=\"author\" content=\"Jeanette\" \/>\n<meta name=\"twitter:card\" content=\"summary_large_image\" \/>\n<meta name=\"twitter:creator\" content=\"@eldiario_net\" \/>\n<meta name=\"twitter:site\" content=\"@eldiario_net\" \/>\n<meta name=\"twitter:label1\" content=\"Escrito por\" \/>\n\t<meta name=\"twitter:data1\" content=\"Jeanette\" \/>\n\t<meta name=\"twitter:label2\" content=\"Tiempo de lectura\" \/>\n\t<meta name=\"twitter:data2\" content=\"3 minutos\" \/>\n<script type=\"application\/ld+json\" class=\"yoast-schema-graph\">{\"@context\":\"https:\\\/\\\/schema.org\",\"@graph\":[{\"@type\":\"Article\",\"@id\":\"https:\\\/\\\/www.eldiario.net\\\/portal\\\/2023\\\/02\\\/24\\\/la-salud-publica-esta-enferma\\\/#article\",\"isPartOf\":{\"@id\":\"https:\\\/\\\/www.eldiario.net\\\/portal\\\/2023\\\/02\\\/24\\\/la-salud-publica-esta-enferma\\\/\"},\"author\":{\"name\":\"Jeanette\",\"@id\":\"https:\\\/\\\/www.eldiario.net\\\/portal\\\/#\\\/schema\\\/person\\\/f46445640444750d7d753ccd04ae01b7\"},\"headline\":\"La salud p\u00fablica est\u00e1 \u201cenferma\u201d\",\"datePublished\":\"2023-02-24T09:59:15+00:00\",\"mainEntityOfPage\":{\"@id\":\"https:\\\/\\\/www.eldiario.net\\\/portal\\\/2023\\\/02\\\/24\\\/la-salud-publica-esta-enferma\\\/\"},\"wordCount\":555,\"publisher\":{\"@id\":\"https:\\\/\\\/www.eldiario.net\\\/portal\\\/#organization\"},\"articleSection\":[\"Editorial\"],\"inLanguage\":\"es\"},{\"@type\":\"WebPage\",\"@id\":\"https:\\\/\\\/www.eldiario.net\\\/portal\\\/2023\\\/02\\\/24\\\/la-salud-publica-esta-enferma\\\/\",\"url\":\"https:\\\/\\\/www.eldiario.net\\\/portal\\\/2023\\\/02\\\/24\\\/la-salud-publica-esta-enferma\\\/\",\"name\":\"La salud p\u00fablica est\u00e1 \u201cenferma\u201d - El Diario - Bolivia\",\"isPartOf\":{\"@id\":\"https:\\\/\\\/www.eldiario.net\\\/portal\\\/#website\"},\"datePublished\":\"2023-02-24T09:59:15+00:00\",\"breadcrumb\":{\"@id\":\"https:\\\/\\\/www.eldiario.net\\\/portal\\\/2023\\\/02\\\/24\\\/la-salud-publica-esta-enferma\\\/#breadcrumb\"},\"inLanguage\":\"es\",\"potentialAction\":[{\"@type\":\"ReadAction\",\"target\":[\"https:\\\/\\\/www.eldiario.net\\\/portal\\\/2023\\\/02\\\/24\\\/la-salud-publica-esta-enferma\\\/\"]}]},{\"@type\":\"BreadcrumbList\",\"@id\":\"https:\\\/\\\/www.eldiario.net\\\/portal\\\/2023\\\/02\\\/24\\\/la-salud-publica-esta-enferma\\\/#breadcrumb\",\"itemListElement\":[{\"@type\":\"ListItem\",\"position\":1,\"name\":\"Portada\",\"item\":\"https:\\\/\\\/www.eldiario.net\\\/portal\\\/\"},{\"@type\":\"ListItem\",\"position\":2,\"name\":\"La salud p\u00fablica est\u00e1 \u201cenferma\u201d\"}]},{\"@type\":\"WebSite\",\"@id\":\"https:\\\/\\\/www.eldiario.net\\\/portal\\\/#website\",\"url\":\"https:\\\/\\\/www.eldiario.net\\\/portal\\\/\",\"name\":\"El Diario - Decano de la prensa nacional\",\"description\":\"El Diario - Decano de la prensa nacional\",\"publisher\":{\"@id\":\"https:\\\/\\\/www.eldiario.net\\\/portal\\\/#organization\"},\"potentialAction\":[{\"@type\":\"SearchAction\",\"target\":{\"@type\":\"EntryPoint\",\"urlTemplate\":\"https:\\\/\\\/www.eldiario.net\\\/portal\\\/?s={search_term_string}\"},\"query-input\":{\"@type\":\"PropertyValueSpecification\",\"valueRequired\":true,\"valueName\":\"search_term_string\"}}],\"inLanguage\":\"es\"},{\"@type\":\"Organization\",\"@id\":\"https:\\\/\\\/www.eldiario.net\\\/portal\\\/#organization\",\"name\":\"El Diario - Decano de la prensa nacional\",\"url\":\"https:\\\/\\\/www.eldiario.net\\\/portal\\\/\",\"logo\":{\"@type\":\"ImageObject\",\"inLanguage\":\"es\",\"@id\":\"https:\\\/\\\/www.eldiario.net\\\/portal\\\/#\\\/schema\\\/logo\\\/image\\\/\",\"url\":\"https:\\\/\\\/www.eldiario.net\\\/portal\\\/wp-content\\\/uploads\\\/2023\\\/07\\\/logo_ED.jpg\",\"contentUrl\":\"https:\\\/\\\/www.eldiario.net\\\/portal\\\/wp-content\\\/uploads\\\/2023\\\/07\\\/logo_ED.jpg\",\"width\":272,\"height\":52,\"caption\":\"El Diario - Decano de la prensa nacional\"},\"image\":{\"@id\":\"https:\\\/\\\/www.eldiario.net\\\/portal\\\/#\\\/schema\\\/logo\\\/image\\\/\"},\"sameAs\":[\"https:\\\/\\\/www.facebook.com\\\/eldiario.bolivia\\\/\",\"https:\\\/\\\/x.com\\\/eldiario_net\"]},{\"@type\":\"Person\",\"@id\":\"https:\\\/\\\/www.eldiario.net\\\/portal\\\/#\\\/schema\\\/person\\\/f46445640444750d7d753ccd04ae01b7\",\"name\":\"Jeanette\",\"image\":{\"@type\":\"ImageObject\",\"inLanguage\":\"es\",\"@id\":\"https:\\\/\\\/secure.gravatar.com\\\/avatar\\\/3ea2118a5f7dad2b7138b1187a6b7ee55f160b9968b66013c3a3ef39dd7e5798?s=96&d=mm&r=g\",\"url\":\"https:\\\/\\\/secure.gravatar.com\\\/avatar\\\/3ea2118a5f7dad2b7138b1187a6b7ee55f160b9968b66013c3a3ef39dd7e5798?s=96&d=mm&r=g\",\"contentUrl\":\"https:\\\/\\\/secure.gravatar.com\\\/avatar\\\/3ea2118a5f7dad2b7138b1187a6b7ee55f160b9968b66013c3a3ef39dd7e5798?s=96&d=mm&r=g\",\"caption\":\"Jeanette\"},\"sameAs\":[\"https:\\\/\\\/www.eldiario.net\\\/portal\"],\"url\":\"https:\\\/\\\/www.eldiario.net\\\/portal\\\/author\\\/jeanette\\\/\"}]}<\/script>\n<!-- \/ Yoast SEO plugin. -->","yoast_head_json":{"title":"La salud p\u00fablica est\u00e1 \u201cenferma\u201d - El Diario - Bolivia","robots":{"index":"index","follow":"follow","max-snippet":"max-snippet:-1","max-image-preview":"max-image-preview:large","max-video-preview":"max-video-preview:-1"},"canonical":"https:\/\/www.eldiario.net\/portal\/2023\/02\/24\/la-salud-publica-esta-enferma\/","og_locale":"es_ES","og_type":"article","og_title":"La salud p\u00fablica est\u00e1 \u201cenferma\u201d - El Diario - Bolivia","og_description":"El concepto de salud p\u00fablica implica ocuparse de un problema que afecta a la poblaci\u00f3n boliviana, no solo considerando su situaci\u00f3n presente, sino tambi\u00e9n tiene antecedentes que seguramente los profesionales que dominan el bistur\u00ed pueden explicarlos mejor. En efecto, en a\u00f1os recientes la poblaci\u00f3n se encuentra afectada en proporciones alarmantes por enfermedades antes poco conocidas [&hellip;]","og_url":"https:\/\/www.eldiario.net\/portal\/2023\/02\/24\/la-salud-publica-esta-enferma\/","og_site_name":"El Diario - Bolivia","article_publisher":"https:\/\/www.facebook.com\/eldiario.bolivia\/","article_published_time":"2023-02-24T09:59:15+00:00","author":"Jeanette","twitter_card":"summary_large_image","twitter_creator":"@eldiario_net","twitter_site":"@eldiario_net","twitter_misc":{"Escrito por":"Jeanette","Tiempo de lectura":"3 minutos"},"schema":{"@context":"https:\/\/schema.org","@graph":[{"@type":"Article","@id":"https:\/\/www.eldiario.net\/portal\/2023\/02\/24\/la-salud-publica-esta-enferma\/#article","isPartOf":{"@id":"https:\/\/www.eldiario.net\/portal\/2023\/02\/24\/la-salud-publica-esta-enferma\/"},"author":{"name":"Jeanette","@id":"https:\/\/www.eldiario.net\/portal\/#\/schema\/person\/f46445640444750d7d753ccd04ae01b7"},"headline":"La salud p\u00fablica est\u00e1 \u201cenferma\u201d","datePublished":"2023-02-24T09:59:15+00:00","mainEntityOfPage":{"@id":"https:\/\/www.eldiario.net\/portal\/2023\/02\/24\/la-salud-publica-esta-enferma\/"},"wordCount":555,"publisher":{"@id":"https:\/\/www.eldiario.net\/portal\/#organization"},"articleSection":["Editorial"],"inLanguage":"es"},{"@type":"WebPage","@id":"https:\/\/www.eldiario.net\/portal\/2023\/02\/24\/la-salud-publica-esta-enferma\/","url":"https:\/\/www.eldiario.net\/portal\/2023\/02\/24\/la-salud-publica-esta-enferma\/","name":"La salud p\u00fablica est\u00e1 \u201cenferma\u201d - El Diario - Bolivia","isPartOf":{"@id":"https:\/\/www.eldiario.net\/portal\/#website"},"datePublished":"2023-02-24T09:59:15+00:00","breadcrumb":{"@id":"https:\/\/www.eldiario.net\/portal\/2023\/02\/24\/la-salud-publica-esta-enferma\/#breadcrumb"},"inLanguage":"es","potentialAction":[{"@type":"ReadAction","target":["https:\/\/www.eldiario.net\/portal\/2023\/02\/24\/la-salud-publica-esta-enferma\/"]}]},{"@type":"BreadcrumbList","@id":"https:\/\/www.eldiario.net\/portal\/2023\/02\/24\/la-salud-publica-esta-enferma\/#breadcrumb","itemListElement":[{"@type":"ListItem","position":1,"name":"Portada","item":"https:\/\/www.eldiario.net\/portal\/"},{"@type":"ListItem","position":2,"name":"La salud p\u00fablica est\u00e1 \u201cenferma\u201d"}]},{"@type":"WebSite","@id":"https:\/\/www.eldiario.net\/portal\/#website","url":"https:\/\/www.eldiario.net\/portal\/","name":"El Diario - Decano de la prensa nacional","description":"El Diario - Decano de la prensa nacional","publisher":{"@id":"https:\/\/www.eldiario.net\/portal\/#organization"},"potentialAction":[{"@type":"SearchAction","target":{"@type":"EntryPoint","urlTemplate":"https:\/\/www.eldiario.net\/portal\/?s={search_term_string}"},"query-input":{"@type":"PropertyValueSpecification","valueRequired":true,"valueName":"search_term_string"}}],"inLanguage":"es"},{"@type":"Organization","@id":"https:\/\/www.eldiario.net\/portal\/#organization","name":"El Diario - Decano de la prensa nacional","url":"https:\/\/www.eldiario.net\/portal\/","logo":{"@type":"ImageObject","inLanguage":"es","@id":"https:\/\/www.eldiario.net\/portal\/#\/schema\/logo\/image\/","url":"https:\/\/www.eldiario.net\/portal\/wp-content\/uploads\/2023\/07\/logo_ED.jpg","contentUrl":"https:\/\/www.eldiario.net\/portal\/wp-content\/uploads\/2023\/07\/logo_ED.jpg","width":272,"height":52,"caption":"El Diario - Decano de la prensa nacional"},"image":{"@id":"https:\/\/www.eldiario.net\/portal\/#\/schema\/logo\/image\/"},"sameAs":["https:\/\/www.facebook.com\/eldiario.bolivia\/","https:\/\/x.com\/eldiario_net"]},{"@type":"Person","@id":"https:\/\/www.eldiario.net\/portal\/#\/schema\/person\/f46445640444750d7d753ccd04ae01b7","name":"Jeanette","image":{"@type":"ImageObject","inLanguage":"es","@id":"https:\/\/secure.gravatar.com\/avatar\/3ea2118a5f7dad2b7138b1187a6b7ee55f160b9968b66013c3a3ef39dd7e5798?s=96&d=mm&r=g","url":"https:\/\/secure.gravatar.com\/avatar\/3ea2118a5f7dad2b7138b1187a6b7ee55f160b9968b66013c3a3ef39dd7e5798?s=96&d=mm&r=g","contentUrl":"https:\/\/secure.gravatar.com\/avatar\/3ea2118a5f7dad2b7138b1187a6b7ee55f160b9968b66013c3a3ef39dd7e5798?s=96&d=mm&r=g","caption":"Jeanette"},"sameAs":["https:\/\/www.eldiario.net\/portal"],"url":"https:\/\/www.eldiario.net\/portal\/author\/jeanette\/"}]}},"_links":{"self":[{"href":"https:\/\/www.eldiario.net\/portal\/wp-json\/wp\/v2\/posts\/139813","targetHints":{"allow":["GET"]}}],"collection":[{"href":"https:\/\/www.eldiario.net\/portal\/wp-json\/wp\/v2\/posts"}],"about":[{"href":"https:\/\/www.eldiario.net\/portal\/wp-json\/wp\/v2\/types\/post"}],"author":[{"embeddable":true,"href":"https:\/\/www.eldiario.net\/portal\/wp-json\/wp\/v2\/users\/1"}],"replies":[{"embeddable":true,"href":"https:\/\/www.eldiario.net\/portal\/wp-json\/wp\/v2\/comments?post=139813"}],"version-history":[{"count":0,"href":"https:\/\/www.eldiario.net\/portal\/wp-json\/wp\/v2\/posts\/139813\/revisions"}],"wp:attachment":[{"href":"https:\/\/www.eldiario.net\/portal\/wp-json\/wp\/v2\/media?parent=139813"}],"wp:term":[{"taxonomy":"category","embeddable":true,"href":"https:\/\/www.eldiario.net\/portal\/wp-json\/wp\/v2\/categories?post=139813"},{"taxonomy":"post_tag","embeddable":true,"href":"https:\/\/www.eldiario.net\/portal\/wp-json\/wp\/v2\/tags?post=139813"}],"curies":[{"name":"wp","href":"https:\/\/api.w.org\/{rel}","templated":true}]}}