{"id":139811,"date":"2023-02-24T05:58:36","date_gmt":"2023-02-24T09:58:36","guid":{"rendered":"https:\/\/www.eldiario.net\/portal\/?p=139811"},"modified":"2023-02-24T05:58:36","modified_gmt":"2023-02-24T09:58:36","slug":"los-politicos-nuestros-de-cada-dia","status":"publish","type":"post","link":"https:\/\/www.eldiario.net\/portal\/2023\/02\/24\/los-politicos-nuestros-de-cada-dia\/","title":{"rendered":"Los pol\u00edticos nuestros de cada d\u00eda"},"content":{"rendered":"<p>El maestro Marco Tulio Cicer\u00f3n en la \u201cInvenci\u00f3n de la ret\u00f3rica\u201d mencionaba: \u201cMuchas veces me he preguntado si la facilidad de palabra y el excesivo estudio de la elocuencia no han causado mayores males que bienes a hombres y ciudades. En efecto, cuando considero los desastres sufridos por nuestra rep\u00fablica y repaso las desgracias acaecidas en otros tiempos a los m\u00e1s poderosos estados, compruebo que una parte considerable de estos da\u00f1os ha sido causada por hombres de la m\u00e1s grande elocuencia. Mas cuando empiezo a investigar en los testimonios literarios, esos acontecimientos que por su antig\u00fcedad est\u00e1n ya alejados de nuestra memoria, me doy cuenta de que es la elocuencia, m\u00e1s que la raz\u00f3n, la que ha servido para fundar muchas ciudades, sofocar muchas guerras y establecer muchas y muy firmes alianzas y amistades inviolables. As\u00ed, tras largas reflexiones, el an\u00e1lisis me ha llevado a concluir que la sabidur\u00eda sin elocuencia es poco \u00fatil para los estados, pero que la elocuencia sin sabidur\u00eda es casi siempre perjudicial y nunca resulta \u00fatil\u201d. Agregaba tambi\u00e9n que un buen pol\u00edtico y gobernante deb\u00eda conocer la historia y las leyes para guiar su accionar.<br \/>\nCicer\u00f3n es un personaje singular, am\u00f3 quiz\u00e1 como ning\u00fan otro la Rep\u00fablica Romana, e incluso con sus conocimientos y elocuencia pudo desarmar a los enemigos de Roma, entre ellos a Lucio Sergio Catilina. Empero, tambi\u00e9n reconoci\u00f3 sus errores tras el asesinato de Julio C\u00e9sar, se dio cuenta que, junto a sus pares, actuaron con la fiereza de un le\u00f3n y la ingenuidad de un ni\u00f1o. Su vida termin\u00f3 en manos de los esbirros de Marco Antonio, y su mano derecha, su cabeza y su lengua fueron exhibidos en el foro romano para que todos los vieran. As\u00ed se simbolizaban sus armas: sus escritos, su inteligencia y su incomparable ret\u00f3rica. Nuestros pol\u00edticos, en todos los niveles del Estado, merecen aprender de Marco Tulio. En estas semanas hemos escuchado absortos varias declaraciones de diversas autoridades de diferentes \u00f3rganos estatales que no tienen el m\u00ednimo sonrojo ni verg\u00fcenza sobre lo que van a decir a la opini\u00f3n p\u00fablica.<br \/>\nDesde oficinas p\u00fablicas, pasando por hemiciclos de concejos municipales y asambleas departamentales, hemos visto c\u00f3mo las autoridades no logran diferenciar los espacios p\u00fablicos de los privados. Aunque esto no es nuevo y la excusa de la tradici\u00f3n por carnaval da rienda libre a sus acciones. Roberto Barbery Anaya, gran amigo e intelectual, se pregunta con un alto esp\u00edritu cr\u00edtico: \u201c\u00bfHasta cu\u00e1ndo la tradici\u00f3n va ser la celestina del vicio?\u201d. Pregunta que deber\u00eda responder cada uno de nosotros, considerando que nuestros representantes, elegidos con nuestro voto, son un reflejo de la sociedad en la que vivimos.<br \/>\nEl escenario pol\u00edtico no deja de ser deprimente. Tememos, por un lado, a los activistas que creen que con su superioridad moral deber\u00edamos de aplaudirlos sin importar lo hilarantes que puedan ser sus acciones y poco conocimiento, no solamente sobre el funcionamiento del Estado o los reglamentos de las c\u00e1maras del parlamento, sino que tambi\u00e9n desconocen la historia y creen que con ellos comienza una nueva esperanza que no logra cuajar en la poblaci\u00f3n. Por el otro lado, tenemos a dos grupos fan\u00e1ticos enfrentados: unos que se adscriben en la facci\u00f3n del presidente Luis Arce y los otros de Evo Morales. Muy poco o nada parece interesarles la gesti\u00f3n de gobierno, y reducen su trabajo a la simpleza de defender a su caudillo. En los municipios, las m\u00e1ximas autoridades creen que su labor a realizar es la de saltimbanquis, y se puede observar el abandono de las ciudades capitales.<br \/>\nEl poder no es juego, no comprenderlo en su dimensi\u00f3n trae problemas a la poblaci\u00f3n en el corto y largo plazo. Para los gobernantes, cada d\u00eda se acaba la fortuna que los llev\u00f3 a los sitiales que actualmente ocupan. Es deber de los ciudadanos ser cr\u00edticos con las autoridades y exigirles que realicen el mejor trabajo posible y as\u00ed mejorar la calidad de la pol\u00edtica de los pol\u00edticos nuestros de cada d\u00eda.<\/p>\n<p>El autor es polit\u00f3logo.<\/p>\n","protected":false},"excerpt":{"rendered":"<p>El maestro Marco Tulio Cicer\u00f3n en la \u201cInvenci\u00f3n de la ret\u00f3rica\u201d mencionaba: \u201cMuchas veces me he preguntado si la facilidad de palabra y el excesivo estudio de la elocuencia no han causado mayores males que bienes a hombres y ciudades. En efecto, cuando considero los desastres sufridos por nuestra rep\u00fablica y repaso las desgracias acaecidas [&hellip;]<\/p>\n","protected":false},"author":1,"featured_media":9252,"comment_status":"closed","ping_status":"closed","sticky":false,"template":"","format":"standard","meta":{"_acf_changed":false,"footnotes":""},"categories":[9],"tags":[],"class_list":["post-139811","post","type-post","status-publish","format-standard","has-post-thumbnail","category-opinion"],"acf":{"antetitulo":""},"yoast_head":"<!-- This site is optimized with the Yoast SEO plugin v28.4 - https:\/\/yoast.com\/product\/yoast-seo-wordpress\/ -->\n<title>Los pol\u00edticos nuestros de cada d\u00eda - El Diario - Bolivia<\/title>\n<meta name=\"robots\" content=\"index, follow, max-snippet:-1, max-image-preview:large, max-video-preview:-1\" \/>\n<link rel=\"canonical\" href=\"https:\/\/www.eldiario.net\/portal\/2023\/02\/24\/los-politicos-nuestros-de-cada-dia\/\" \/>\n<meta property=\"og:locale\" content=\"es_ES\" \/>\n<meta property=\"og:type\" content=\"article\" \/>\n<meta property=\"og:title\" content=\"Los pol\u00edticos nuestros de cada d\u00eda - El Diario - Bolivia\" \/>\n<meta property=\"og:description\" content=\"El maestro Marco Tulio Cicer\u00f3n en la \u201cInvenci\u00f3n de la ret\u00f3rica\u201d mencionaba: \u201cMuchas veces me he preguntado si la facilidad de palabra y el excesivo estudio de la elocuencia no han causado mayores males que bienes a hombres y ciudades. En efecto, cuando considero los desastres sufridos por nuestra rep\u00fablica y repaso las desgracias acaecidas [&hellip;]\" \/>\n<meta property=\"og:url\" content=\"https:\/\/www.eldiario.net\/portal\/2023\/02\/24\/los-politicos-nuestros-de-cada-dia\/\" \/>\n<meta property=\"og:site_name\" content=\"El Diario - Bolivia\" \/>\n<meta property=\"article:publisher\" content=\"https:\/\/www.facebook.com\/eldiario.bolivia\/\" \/>\n<meta property=\"article:published_time\" content=\"2023-02-24T09:58:36+00:00\" \/>\n<meta name=\"author\" content=\"Jeanette\" \/>\n<meta name=\"twitter:card\" content=\"summary_large_image\" \/>\n<meta name=\"twitter:creator\" content=\"@eldiario_net\" \/>\n<meta name=\"twitter:site\" content=\"@eldiario_net\" \/>\n<meta name=\"twitter:label1\" content=\"Escrito por\" \/>\n\t<meta name=\"twitter:data1\" content=\"Jeanette\" \/>\n<script type=\"application\/ld+json\" class=\"yoast-schema-graph\">{\"@context\":\"https:\\\/\\\/schema.org\",\"@graph\":[{\"@type\":\"Article\",\"@id\":\"https:\\\/\\\/www.eldiario.net\\\/portal\\\/2023\\\/02\\\/24\\\/los-politicos-nuestros-de-cada-dia\\\/#article\",\"isPartOf\":{\"@id\":\"https:\\\/\\\/www.eldiario.net\\\/portal\\\/2023\\\/02\\\/24\\\/los-politicos-nuestros-de-cada-dia\\\/\"},\"author\":{\"name\":\"Jeanette\",\"@id\":\"https:\\\/\\\/www.eldiario.net\\\/portal\\\/#\\\/schema\\\/person\\\/f46445640444750d7d753ccd04ae01b7\"},\"headline\":\"Los pol\u00edticos nuestros de cada d\u00eda\",\"datePublished\":\"2023-02-24T09:58:36+00:00\",\"mainEntityOfPage\":{\"@id\":\"https:\\\/\\\/www.eldiario.net\\\/portal\\\/2023\\\/02\\\/24\\\/los-politicos-nuestros-de-cada-dia\\\/\"},\"wordCount\":729,\"publisher\":{\"@id\":\"https:\\\/\\\/www.eldiario.net\\\/portal\\\/#organization\"},\"image\":{\"@id\":\"https:\\\/\\\/www.eldiario.net\\\/portal\\\/2023\\\/02\\\/24\\\/los-politicos-nuestros-de-cada-dia\\\/#primaryimage\"},\"thumbnailUrl\":\"\",\"articleSection\":[\"Opini\u00f3n\"],\"inLanguage\":\"es\"},{\"@type\":\"WebPage\",\"@id\":\"https:\\\/\\\/www.eldiario.net\\\/portal\\\/2023\\\/02\\\/24\\\/los-politicos-nuestros-de-cada-dia\\\/\",\"url\":\"https:\\\/\\\/www.eldiario.net\\\/portal\\\/2023\\\/02\\\/24\\\/los-politicos-nuestros-de-cada-dia\\\/\",\"name\":\"Los pol\u00edticos nuestros de cada d\u00eda - El Diario - Bolivia\",\"isPartOf\":{\"@id\":\"https:\\\/\\\/www.eldiario.net\\\/portal\\\/#website\"},\"primaryImageOfPage\":{\"@id\":\"https:\\\/\\\/www.eldiario.net\\\/portal\\\/2023\\\/02\\\/24\\\/los-politicos-nuestros-de-cada-dia\\\/#primaryimage\"},\"image\":{\"@id\":\"https:\\\/\\\/www.eldiario.net\\\/portal\\\/2023\\\/02\\\/24\\\/los-politicos-nuestros-de-cada-dia\\\/#primaryimage\"},\"thumbnailUrl\":\"\",\"datePublished\":\"2023-02-24T09:58:36+00:00\",\"breadcrumb\":{\"@id\":\"https:\\\/\\\/www.eldiario.net\\\/portal\\\/2023\\\/02\\\/24\\\/los-politicos-nuestros-de-cada-dia\\\/#breadcrumb\"},\"inLanguage\":\"es\",\"potentialAction\":[{\"@type\":\"ReadAction\",\"target\":[\"https:\\\/\\\/www.eldiario.net\\\/portal\\\/2023\\\/02\\\/24\\\/los-politicos-nuestros-de-cada-dia\\\/\"]}]},{\"@type\":\"ImageObject\",\"inLanguage\":\"es\",\"@id\":\"https:\\\/\\\/www.eldiario.net\\\/portal\\\/2023\\\/02\\\/24\\\/los-politicos-nuestros-de-cada-dia\\\/#primaryimage\",\"url\":\"\",\"contentUrl\":\"\"},{\"@type\":\"BreadcrumbList\",\"@id\":\"https:\\\/\\\/www.eldiario.net\\\/portal\\\/2023\\\/02\\\/24\\\/los-politicos-nuestros-de-cada-dia\\\/#breadcrumb\",\"itemListElement\":[{\"@type\":\"ListItem\",\"position\":1,\"name\":\"Portada\",\"item\":\"https:\\\/\\\/www.eldiario.net\\\/portal\\\/\"},{\"@type\":\"ListItem\",\"position\":2,\"name\":\"Los pol\u00edticos nuestros de cada d\u00eda\"}]},{\"@type\":\"WebSite\",\"@id\":\"https:\\\/\\\/www.eldiario.net\\\/portal\\\/#website\",\"url\":\"https:\\\/\\\/www.eldiario.net\\\/portal\\\/\",\"name\":\"El Diario - Decano de la prensa nacional\",\"description\":\"El Diario - Decano de la prensa nacional\",\"publisher\":{\"@id\":\"https:\\\/\\\/www.eldiario.net\\\/portal\\\/#organization\"},\"potentialAction\":[{\"@type\":\"SearchAction\",\"target\":{\"@type\":\"EntryPoint\",\"urlTemplate\":\"https:\\\/\\\/www.eldiario.net\\\/portal\\\/?s={search_term_string}\"},\"query-input\":{\"@type\":\"PropertyValueSpecification\",\"valueRequired\":true,\"valueName\":\"search_term_string\"}}],\"inLanguage\":\"es\"},{\"@type\":\"Organization\",\"@id\":\"https:\\\/\\\/www.eldiario.net\\\/portal\\\/#organization\",\"name\":\"El Diario - Decano de la prensa nacional\",\"url\":\"https:\\\/\\\/www.eldiario.net\\\/portal\\\/\",\"logo\":{\"@type\":\"ImageObject\",\"inLanguage\":\"es\",\"@id\":\"https:\\\/\\\/www.eldiario.net\\\/portal\\\/#\\\/schema\\\/logo\\\/image\\\/\",\"url\":\"https:\\\/\\\/www.eldiario.net\\\/portal\\\/wp-content\\\/uploads\\\/2023\\\/07\\\/logo_ED.jpg\",\"contentUrl\":\"https:\\\/\\\/www.eldiario.net\\\/portal\\\/wp-content\\\/uploads\\\/2023\\\/07\\\/logo_ED.jpg\",\"width\":272,\"height\":52,\"caption\":\"El Diario - Decano de la prensa nacional\"},\"image\":{\"@id\":\"https:\\\/\\\/www.eldiario.net\\\/portal\\\/#\\\/schema\\\/logo\\\/image\\\/\"},\"sameAs\":[\"https:\\\/\\\/www.facebook.com\\\/eldiario.bolivia\\\/\",\"https:\\\/\\\/x.com\\\/eldiario_net\"]},{\"@type\":\"Person\",\"@id\":\"https:\\\/\\\/www.eldiario.net\\\/portal\\\/#\\\/schema\\\/person\\\/f46445640444750d7d753ccd04ae01b7\",\"name\":\"Jeanette\",\"image\":{\"@type\":\"ImageObject\",\"inLanguage\":\"es\",\"@id\":\"https:\\\/\\\/secure.gravatar.com\\\/avatar\\\/3ea2118a5f7dad2b7138b1187a6b7ee55f160b9968b66013c3a3ef39dd7e5798?s=96&d=mm&r=g\",\"url\":\"https:\\\/\\\/secure.gravatar.com\\\/avatar\\\/3ea2118a5f7dad2b7138b1187a6b7ee55f160b9968b66013c3a3ef39dd7e5798?s=96&d=mm&r=g\",\"contentUrl\":\"https:\\\/\\\/secure.gravatar.com\\\/avatar\\\/3ea2118a5f7dad2b7138b1187a6b7ee55f160b9968b66013c3a3ef39dd7e5798?s=96&d=mm&r=g\",\"caption\":\"Jeanette\"},\"sameAs\":[\"https:\\\/\\\/www.eldiario.net\\\/portal\"],\"url\":\"https:\\\/\\\/www.eldiario.net\\\/portal\\\/author\\\/jeanette\\\/\"}]}<\/script>\n<!-- \/ Yoast SEO plugin. -->","yoast_head_json":{"title":"Los pol\u00edticos nuestros de cada d\u00eda - El Diario - Bolivia","robots":{"index":"index","follow":"follow","max-snippet":"max-snippet:-1","max-image-preview":"max-image-preview:large","max-video-preview":"max-video-preview:-1"},"canonical":"https:\/\/www.eldiario.net\/portal\/2023\/02\/24\/los-politicos-nuestros-de-cada-dia\/","og_locale":"es_ES","og_type":"article","og_title":"Los pol\u00edticos nuestros de cada d\u00eda - El Diario - Bolivia","og_description":"El maestro Marco Tulio Cicer\u00f3n en la \u201cInvenci\u00f3n de la ret\u00f3rica\u201d mencionaba: \u201cMuchas veces me he preguntado si la facilidad de palabra y el excesivo estudio de la elocuencia no han causado mayores males que bienes a hombres y ciudades. En efecto, cuando considero los desastres sufridos por nuestra rep\u00fablica y repaso las desgracias acaecidas [&hellip;]","og_url":"https:\/\/www.eldiario.net\/portal\/2023\/02\/24\/los-politicos-nuestros-de-cada-dia\/","og_site_name":"El Diario - Bolivia","article_publisher":"https:\/\/www.facebook.com\/eldiario.bolivia\/","article_published_time":"2023-02-24T09:58:36+00:00","author":"Jeanette","twitter_card":"summary_large_image","twitter_creator":"@eldiario_net","twitter_site":"@eldiario_net","twitter_misc":{"Escrito por":"Jeanette"},"schema":{"@context":"https:\/\/schema.org","@graph":[{"@type":"Article","@id":"https:\/\/www.eldiario.net\/portal\/2023\/02\/24\/los-politicos-nuestros-de-cada-dia\/#article","isPartOf":{"@id":"https:\/\/www.eldiario.net\/portal\/2023\/02\/24\/los-politicos-nuestros-de-cada-dia\/"},"author":{"name":"Jeanette","@id":"https:\/\/www.eldiario.net\/portal\/#\/schema\/person\/f46445640444750d7d753ccd04ae01b7"},"headline":"Los pol\u00edticos nuestros de cada d\u00eda","datePublished":"2023-02-24T09:58:36+00:00","mainEntityOfPage":{"@id":"https:\/\/www.eldiario.net\/portal\/2023\/02\/24\/los-politicos-nuestros-de-cada-dia\/"},"wordCount":729,"publisher":{"@id":"https:\/\/www.eldiario.net\/portal\/#organization"},"image":{"@id":"https:\/\/www.eldiario.net\/portal\/2023\/02\/24\/los-politicos-nuestros-de-cada-dia\/#primaryimage"},"thumbnailUrl":"","articleSection":["Opini\u00f3n"],"inLanguage":"es"},{"@type":"WebPage","@id":"https:\/\/www.eldiario.net\/portal\/2023\/02\/24\/los-politicos-nuestros-de-cada-dia\/","url":"https:\/\/www.eldiario.net\/portal\/2023\/02\/24\/los-politicos-nuestros-de-cada-dia\/","name":"Los pol\u00edticos nuestros de cada d\u00eda - El Diario - Bolivia","isPartOf":{"@id":"https:\/\/www.eldiario.net\/portal\/#website"},"primaryImageOfPage":{"@id":"https:\/\/www.eldiario.net\/portal\/2023\/02\/24\/los-politicos-nuestros-de-cada-dia\/#primaryimage"},"image":{"@id":"https:\/\/www.eldiario.net\/portal\/2023\/02\/24\/los-politicos-nuestros-de-cada-dia\/#primaryimage"},"thumbnailUrl":"","datePublished":"2023-02-24T09:58:36+00:00","breadcrumb":{"@id":"https:\/\/www.eldiario.net\/portal\/2023\/02\/24\/los-politicos-nuestros-de-cada-dia\/#breadcrumb"},"inLanguage":"es","potentialAction":[{"@type":"ReadAction","target":["https:\/\/www.eldiario.net\/portal\/2023\/02\/24\/los-politicos-nuestros-de-cada-dia\/"]}]},{"@type":"ImageObject","inLanguage":"es","@id":"https:\/\/www.eldiario.net\/portal\/2023\/02\/24\/los-politicos-nuestros-de-cada-dia\/#primaryimage","url":"","contentUrl":""},{"@type":"BreadcrumbList","@id":"https:\/\/www.eldiario.net\/portal\/2023\/02\/24\/los-politicos-nuestros-de-cada-dia\/#breadcrumb","itemListElement":[{"@type":"ListItem","position":1,"name":"Portada","item":"https:\/\/www.eldiario.net\/portal\/"},{"@type":"ListItem","position":2,"name":"Los pol\u00edticos nuestros de cada d\u00eda"}]},{"@type":"WebSite","@id":"https:\/\/www.eldiario.net\/portal\/#website","url":"https:\/\/www.eldiario.net\/portal\/","name":"El Diario - Decano de la prensa nacional","description":"El Diario - Decano de la prensa nacional","publisher":{"@id":"https:\/\/www.eldiario.net\/portal\/#organization"},"potentialAction":[{"@type":"SearchAction","target":{"@type":"EntryPoint","urlTemplate":"https:\/\/www.eldiario.net\/portal\/?s={search_term_string}"},"query-input":{"@type":"PropertyValueSpecification","valueRequired":true,"valueName":"search_term_string"}}],"inLanguage":"es"},{"@type":"Organization","@id":"https:\/\/www.eldiario.net\/portal\/#organization","name":"El Diario - Decano de la prensa nacional","url":"https:\/\/www.eldiario.net\/portal\/","logo":{"@type":"ImageObject","inLanguage":"es","@id":"https:\/\/www.eldiario.net\/portal\/#\/schema\/logo\/image\/","url":"https:\/\/www.eldiario.net\/portal\/wp-content\/uploads\/2023\/07\/logo_ED.jpg","contentUrl":"https:\/\/www.eldiario.net\/portal\/wp-content\/uploads\/2023\/07\/logo_ED.jpg","width":272,"height":52,"caption":"El Diario - Decano de la prensa nacional"},"image":{"@id":"https:\/\/www.eldiario.net\/portal\/#\/schema\/logo\/image\/"},"sameAs":["https:\/\/www.facebook.com\/eldiario.bolivia\/","https:\/\/x.com\/eldiario_net"]},{"@type":"Person","@id":"https:\/\/www.eldiario.net\/portal\/#\/schema\/person\/f46445640444750d7d753ccd04ae01b7","name":"Jeanette","image":{"@type":"ImageObject","inLanguage":"es","@id":"https:\/\/secure.gravatar.com\/avatar\/3ea2118a5f7dad2b7138b1187a6b7ee55f160b9968b66013c3a3ef39dd7e5798?s=96&d=mm&r=g","url":"https:\/\/secure.gravatar.com\/avatar\/3ea2118a5f7dad2b7138b1187a6b7ee55f160b9968b66013c3a3ef39dd7e5798?s=96&d=mm&r=g","contentUrl":"https:\/\/secure.gravatar.com\/avatar\/3ea2118a5f7dad2b7138b1187a6b7ee55f160b9968b66013c3a3ef39dd7e5798?s=96&d=mm&r=g","caption":"Jeanette"},"sameAs":["https:\/\/www.eldiario.net\/portal"],"url":"https:\/\/www.eldiario.net\/portal\/author\/jeanette\/"}]}},"_links":{"self":[{"href":"https:\/\/www.eldiario.net\/portal\/wp-json\/wp\/v2\/posts\/139811","targetHints":{"allow":["GET"]}}],"collection":[{"href":"https:\/\/www.eldiario.net\/portal\/wp-json\/wp\/v2\/posts"}],"about":[{"href":"https:\/\/www.eldiario.net\/portal\/wp-json\/wp\/v2\/types\/post"}],"author":[{"embeddable":true,"href":"https:\/\/www.eldiario.net\/portal\/wp-json\/wp\/v2\/users\/1"}],"replies":[{"embeddable":true,"href":"https:\/\/www.eldiario.net\/portal\/wp-json\/wp\/v2\/comments?post=139811"}],"version-history":[{"count":0,"href":"https:\/\/www.eldiario.net\/portal\/wp-json\/wp\/v2\/posts\/139811\/revisions"}],"wp:attachment":[{"href":"https:\/\/www.eldiario.net\/portal\/wp-json\/wp\/v2\/media?parent=139811"}],"wp:term":[{"taxonomy":"category","embeddable":true,"href":"https:\/\/www.eldiario.net\/portal\/wp-json\/wp\/v2\/categories?post=139811"},{"taxonomy":"post_tag","embeddable":true,"href":"https:\/\/www.eldiario.net\/portal\/wp-json\/wp\/v2\/tags?post=139811"}],"curies":[{"name":"wp","href":"https:\/\/api.w.org\/{rel}","templated":true}]}}