{"id":139809,"date":"2023-02-24T05:57:50","date_gmt":"2023-02-24T09:57:50","guid":{"rendered":"https:\/\/www.eldiario.net\/portal\/?p=139809"},"modified":"2023-02-24T05:57:50","modified_gmt":"2023-02-24T09:57:50","slug":"el-aire-que-respiramos","status":"publish","type":"post","link":"https:\/\/www.eldiario.net\/portal\/2023\/02\/24\/el-aire-que-respiramos\/","title":{"rendered":"El aire que respiramos"},"content":{"rendered":"<p>Respiramos al d\u00eda 22.000 veces. Inspiramos y respiramos para renovar el ox\u00edgeno de nuestro organismo. Cada d\u00eda van a los pulmones cerca de 12.000 litros de aire, que es del que obtenemos la vida. Toda nuestra vida es eso: una aventura que gira en torno al ox\u00edgeno, y es una aventura a la que puede poner fin la contaminaci\u00f3n&#8230;<br \/>\nPodemos recordar unos datos: hoy mismo nacen en el mundo unos 150.000 ni\u00f1os. En la grasa de los osos polares hay DDT. En el tejido adiposo de los europeos hay 20 miligramos de insecticida. Unas 235 especies de insectos ya no reaccionan ante los insecticidas conocidos. Las golondrinas han abandonado las ciudades porque les hemos hecho el aire imposible. Unas 338 especies de p\u00e1jaros est\u00e1n a punto de extinguirse. Uno de los 500 millones de autom\u00f3viles que circulan por el mundo consume en 1.000 kil\u00f3metros el ox\u00edgeno que una persona necesita para respirar durante un a\u00f1o.<br \/>\nDe manera continua hay en vuelo alrededor de 10.000 aviones comerciales. Solo en el despegue de un avi\u00f3n de tipo medio se consume grande cantidad de ox\u00edgeno. El anh\u00eddrido sulfuroso de la atm\u00f3sfera ha aumentado en m\u00e1s del 10% en los \u00faltimos a\u00f1os. Aparecen nuevos agujeros de ozono. En los animales del polo se ha encontrado se\u00f1ales radioactivas. La tercera parte de la basura que cada uno produce o tira es nociva para la salud. Las especies marinas desaparecidas superan el 20% del total. Cada a\u00f1o desaparecen 40.000 especies en el planeta.<br \/>\nEn las \u00faltimas d\u00e9cadas se ha destruido m\u00e1s de la mitad de toda la superficie selv\u00e1tica de la Tierra, y si prosigue el mismo ritmo de talas, dentro de menos de 50 a\u00f1os habr\u00e1 desaparecido por completo. Su desaparici\u00f3n contribuye al aumento de la concentraci\u00f3n de di\u00f3xido de carbono en la atm\u00f3sfera y a la expansi\u00f3n del llamado \u201cefecto invernadero\u201d, que tambi\u00e9n se ve favorecido por los incendios forestales que producen gran cantidad de di\u00f3xido de carbono y por la denominada \u201clluvia \u00e1cida\u201d.<br \/>\nLa desertizaci\u00f3n que hace est\u00e9ril cada a\u00f1o una extensi\u00f3n de seis millones de hect\u00e1reas en todo el mundo avanza. Azufre, plomo, hidrocarburos cancer\u00edgenos&#8230; todo va a ese aire, a esos 12.000 litros que todos los d\u00edas pasan por nuestros pulmones y que permiten que siga esa aventura en torno al ox\u00edgeno.<br \/>\nYa es de sobra conocida la irritaci\u00f3n ocular causada por la contaminaci\u00f3n. Pero es el aparato broncopulmonar el que m\u00e1s directamente se ve afectado al reducirse sensiblemente su capacidad ventiladora. En el coraz\u00f3n tambi\u00e9n influye, aunque el humo del tabaco es la agresi\u00f3n m\u00e1s directa. Igualmente, la contaminaci\u00f3n es la causante de las tasas de plomo en sangre. El problema m\u00e1s serio es que se conoce los efectos de algunos agentes nocivos, pero no de todos, ni siquiera de la mayor\u00eda, y menos, de esa masa y esas reacciones que forman nieblas, gases, sustancias t\u00f3xicas&#8230;.<br \/>\nY si todo eso es lo malo de la contaminaci\u00f3n, tal vez lo peor sea que, deslumbrados por un supuesto progreso, prosigamos destruyendo el mundo natural, el aire que respiramos, el agua que bebemos, los animales y plantas que nos acompa\u00f1an&#8230; Nadie tan pobre como los hijos de una generaci\u00f3n que no fue capaz de salvar ni el suelo que pisaba ni el aire que respiraba. Y como dijo el poeta: \u201cEl aire de cada d\u00eda \/ d\u00e1noslo hoy, y ma\u00f1ana \/ d\u00e1noslo m\u00e1s puro todav\u00eda\u201d.<\/p>\n","protected":false},"excerpt":{"rendered":"<p>Respiramos al d\u00eda 22.000 veces. Inspiramos y respiramos para renovar el ox\u00edgeno de nuestro organismo. Cada d\u00eda van a los pulmones cerca de 12.000 litros de aire, que es del que obtenemos la vida. Toda nuestra vida es eso: una aventura que gira en torno al ox\u00edgeno, y es una aventura a la que puede [&hellip;]<\/p>\n","protected":false},"author":1,"featured_media":0,"comment_status":"closed","ping_status":"closed","sticky":false,"template":"","format":"standard","meta":{"_acf_changed":false,"footnotes":""},"categories":[9],"tags":[],"class_list":["post-139809","post","type-post","status-publish","format-standard","category-opinion"],"acf":{"antetitulo":""},"yoast_head":"<!-- This site is optimized with the Yoast SEO plugin v28.4 - https:\/\/yoast.com\/product\/yoast-seo-wordpress\/ -->\n<title>El aire que respiramos - El Diario - Bolivia<\/title>\n<meta name=\"robots\" content=\"index, follow, max-snippet:-1, max-image-preview:large, max-video-preview:-1\" \/>\n<link rel=\"canonical\" href=\"https:\/\/www.eldiario.net\/portal\/2023\/02\/24\/el-aire-que-respiramos\/\" \/>\n<meta property=\"og:locale\" content=\"es_ES\" \/>\n<meta property=\"og:type\" content=\"article\" \/>\n<meta property=\"og:title\" content=\"El aire que respiramos - El Diario - Bolivia\" \/>\n<meta property=\"og:description\" content=\"Respiramos al d\u00eda 22.000 veces. Inspiramos y respiramos para renovar el ox\u00edgeno de nuestro organismo. Cada d\u00eda van a los pulmones cerca de 12.000 litros de aire, que es del que obtenemos la vida. Toda nuestra vida es eso: una aventura que gira en torno al ox\u00edgeno, y es una aventura a la que puede [&hellip;]\" \/>\n<meta property=\"og:url\" content=\"https:\/\/www.eldiario.net\/portal\/2023\/02\/24\/el-aire-que-respiramos\/\" \/>\n<meta property=\"og:site_name\" content=\"El Diario - Bolivia\" \/>\n<meta property=\"article:publisher\" content=\"https:\/\/www.facebook.com\/eldiario.bolivia\/\" \/>\n<meta property=\"article:published_time\" content=\"2023-02-24T09:57:50+00:00\" \/>\n<meta name=\"author\" content=\"Jeanette\" \/>\n<meta name=\"twitter:card\" content=\"summary_large_image\" \/>\n<meta name=\"twitter:creator\" content=\"@eldiario_net\" \/>\n<meta name=\"twitter:site\" content=\"@eldiario_net\" \/>\n<meta name=\"twitter:label1\" content=\"Escrito por\" \/>\n\t<meta name=\"twitter:data1\" content=\"Jeanette\" \/>\n\t<meta name=\"twitter:label2\" content=\"Tiempo de lectura\" \/>\n\t<meta name=\"twitter:data2\" content=\"3 minutos\" \/>\n<script type=\"application\/ld+json\" class=\"yoast-schema-graph\">{\"@context\":\"https:\\\/\\\/schema.org\",\"@graph\":[{\"@type\":\"Article\",\"@id\":\"https:\\\/\\\/www.eldiario.net\\\/portal\\\/2023\\\/02\\\/24\\\/el-aire-que-respiramos\\\/#article\",\"isPartOf\":{\"@id\":\"https:\\\/\\\/www.eldiario.net\\\/portal\\\/2023\\\/02\\\/24\\\/el-aire-que-respiramos\\\/\"},\"author\":{\"name\":\"Jeanette\",\"@id\":\"https:\\\/\\\/www.eldiario.net\\\/portal\\\/#\\\/schema\\\/person\\\/f46445640444750d7d753ccd04ae01b7\"},\"headline\":\"El aire que respiramos\",\"datePublished\":\"2023-02-24T09:57:50+00:00\",\"mainEntityOfPage\":{\"@id\":\"https:\\\/\\\/www.eldiario.net\\\/portal\\\/2023\\\/02\\\/24\\\/el-aire-que-respiramos\\\/\"},\"wordCount\":609,\"publisher\":{\"@id\":\"https:\\\/\\\/www.eldiario.net\\\/portal\\\/#organization\"},\"articleSection\":[\"Opini\u00f3n\"],\"inLanguage\":\"es\"},{\"@type\":\"WebPage\",\"@id\":\"https:\\\/\\\/www.eldiario.net\\\/portal\\\/2023\\\/02\\\/24\\\/el-aire-que-respiramos\\\/\",\"url\":\"https:\\\/\\\/www.eldiario.net\\\/portal\\\/2023\\\/02\\\/24\\\/el-aire-que-respiramos\\\/\",\"name\":\"El aire que respiramos - El Diario - Bolivia\",\"isPartOf\":{\"@id\":\"https:\\\/\\\/www.eldiario.net\\\/portal\\\/#website\"},\"datePublished\":\"2023-02-24T09:57:50+00:00\",\"breadcrumb\":{\"@id\":\"https:\\\/\\\/www.eldiario.net\\\/portal\\\/2023\\\/02\\\/24\\\/el-aire-que-respiramos\\\/#breadcrumb\"},\"inLanguage\":\"es\",\"potentialAction\":[{\"@type\":\"ReadAction\",\"target\":[\"https:\\\/\\\/www.eldiario.net\\\/portal\\\/2023\\\/02\\\/24\\\/el-aire-que-respiramos\\\/\"]}]},{\"@type\":\"BreadcrumbList\",\"@id\":\"https:\\\/\\\/www.eldiario.net\\\/portal\\\/2023\\\/02\\\/24\\\/el-aire-que-respiramos\\\/#breadcrumb\",\"itemListElement\":[{\"@type\":\"ListItem\",\"position\":1,\"name\":\"Portada\",\"item\":\"https:\\\/\\\/www.eldiario.net\\\/portal\\\/\"},{\"@type\":\"ListItem\",\"position\":2,\"name\":\"El aire que respiramos\"}]},{\"@type\":\"WebSite\",\"@id\":\"https:\\\/\\\/www.eldiario.net\\\/portal\\\/#website\",\"url\":\"https:\\\/\\\/www.eldiario.net\\\/portal\\\/\",\"name\":\"El Diario - Decano de la prensa nacional\",\"description\":\"El Diario - Decano de la prensa nacional\",\"publisher\":{\"@id\":\"https:\\\/\\\/www.eldiario.net\\\/portal\\\/#organization\"},\"potentialAction\":[{\"@type\":\"SearchAction\",\"target\":{\"@type\":\"EntryPoint\",\"urlTemplate\":\"https:\\\/\\\/www.eldiario.net\\\/portal\\\/?s={search_term_string}\"},\"query-input\":{\"@type\":\"PropertyValueSpecification\",\"valueRequired\":true,\"valueName\":\"search_term_string\"}}],\"inLanguage\":\"es\"},{\"@type\":\"Organization\",\"@id\":\"https:\\\/\\\/www.eldiario.net\\\/portal\\\/#organization\",\"name\":\"El Diario - Decano de la prensa nacional\",\"url\":\"https:\\\/\\\/www.eldiario.net\\\/portal\\\/\",\"logo\":{\"@type\":\"ImageObject\",\"inLanguage\":\"es\",\"@id\":\"https:\\\/\\\/www.eldiario.net\\\/portal\\\/#\\\/schema\\\/logo\\\/image\\\/\",\"url\":\"https:\\\/\\\/www.eldiario.net\\\/portal\\\/wp-content\\\/uploads\\\/2023\\\/07\\\/logo_ED.jpg\",\"contentUrl\":\"https:\\\/\\\/www.eldiario.net\\\/portal\\\/wp-content\\\/uploads\\\/2023\\\/07\\\/logo_ED.jpg\",\"width\":272,\"height\":52,\"caption\":\"El Diario - Decano de la prensa nacional\"},\"image\":{\"@id\":\"https:\\\/\\\/www.eldiario.net\\\/portal\\\/#\\\/schema\\\/logo\\\/image\\\/\"},\"sameAs\":[\"https:\\\/\\\/www.facebook.com\\\/eldiario.bolivia\\\/\",\"https:\\\/\\\/x.com\\\/eldiario_net\"]},{\"@type\":\"Person\",\"@id\":\"https:\\\/\\\/www.eldiario.net\\\/portal\\\/#\\\/schema\\\/person\\\/f46445640444750d7d753ccd04ae01b7\",\"name\":\"Jeanette\",\"image\":{\"@type\":\"ImageObject\",\"inLanguage\":\"es\",\"@id\":\"https:\\\/\\\/secure.gravatar.com\\\/avatar\\\/3ea2118a5f7dad2b7138b1187a6b7ee55f160b9968b66013c3a3ef39dd7e5798?s=96&d=mm&r=g\",\"url\":\"https:\\\/\\\/secure.gravatar.com\\\/avatar\\\/3ea2118a5f7dad2b7138b1187a6b7ee55f160b9968b66013c3a3ef39dd7e5798?s=96&d=mm&r=g\",\"contentUrl\":\"https:\\\/\\\/secure.gravatar.com\\\/avatar\\\/3ea2118a5f7dad2b7138b1187a6b7ee55f160b9968b66013c3a3ef39dd7e5798?s=96&d=mm&r=g\",\"caption\":\"Jeanette\"},\"sameAs\":[\"https:\\\/\\\/www.eldiario.net\\\/portal\"],\"url\":\"https:\\\/\\\/www.eldiario.net\\\/portal\\\/author\\\/jeanette\\\/\"}]}<\/script>\n<!-- \/ Yoast SEO plugin. -->","yoast_head_json":{"title":"El aire que respiramos - El Diario - Bolivia","robots":{"index":"index","follow":"follow","max-snippet":"max-snippet:-1","max-image-preview":"max-image-preview:large","max-video-preview":"max-video-preview:-1"},"canonical":"https:\/\/www.eldiario.net\/portal\/2023\/02\/24\/el-aire-que-respiramos\/","og_locale":"es_ES","og_type":"article","og_title":"El aire que respiramos - El Diario - Bolivia","og_description":"Respiramos al d\u00eda 22.000 veces. Inspiramos y respiramos para renovar el ox\u00edgeno de nuestro organismo. Cada d\u00eda van a los pulmones cerca de 12.000 litros de aire, que es del que obtenemos la vida. Toda nuestra vida es eso: una aventura que gira en torno al ox\u00edgeno, y es una aventura a la que puede [&hellip;]","og_url":"https:\/\/www.eldiario.net\/portal\/2023\/02\/24\/el-aire-que-respiramos\/","og_site_name":"El Diario - Bolivia","article_publisher":"https:\/\/www.facebook.com\/eldiario.bolivia\/","article_published_time":"2023-02-24T09:57:50+00:00","author":"Jeanette","twitter_card":"summary_large_image","twitter_creator":"@eldiario_net","twitter_site":"@eldiario_net","twitter_misc":{"Escrito por":"Jeanette","Tiempo de lectura":"3 minutos"},"schema":{"@context":"https:\/\/schema.org","@graph":[{"@type":"Article","@id":"https:\/\/www.eldiario.net\/portal\/2023\/02\/24\/el-aire-que-respiramos\/#article","isPartOf":{"@id":"https:\/\/www.eldiario.net\/portal\/2023\/02\/24\/el-aire-que-respiramos\/"},"author":{"name":"Jeanette","@id":"https:\/\/www.eldiario.net\/portal\/#\/schema\/person\/f46445640444750d7d753ccd04ae01b7"},"headline":"El aire que respiramos","datePublished":"2023-02-24T09:57:50+00:00","mainEntityOfPage":{"@id":"https:\/\/www.eldiario.net\/portal\/2023\/02\/24\/el-aire-que-respiramos\/"},"wordCount":609,"publisher":{"@id":"https:\/\/www.eldiario.net\/portal\/#organization"},"articleSection":["Opini\u00f3n"],"inLanguage":"es"},{"@type":"WebPage","@id":"https:\/\/www.eldiario.net\/portal\/2023\/02\/24\/el-aire-que-respiramos\/","url":"https:\/\/www.eldiario.net\/portal\/2023\/02\/24\/el-aire-que-respiramos\/","name":"El aire que respiramos - El Diario - Bolivia","isPartOf":{"@id":"https:\/\/www.eldiario.net\/portal\/#website"},"datePublished":"2023-02-24T09:57:50+00:00","breadcrumb":{"@id":"https:\/\/www.eldiario.net\/portal\/2023\/02\/24\/el-aire-que-respiramos\/#breadcrumb"},"inLanguage":"es","potentialAction":[{"@type":"ReadAction","target":["https:\/\/www.eldiario.net\/portal\/2023\/02\/24\/el-aire-que-respiramos\/"]}]},{"@type":"BreadcrumbList","@id":"https:\/\/www.eldiario.net\/portal\/2023\/02\/24\/el-aire-que-respiramos\/#breadcrumb","itemListElement":[{"@type":"ListItem","position":1,"name":"Portada","item":"https:\/\/www.eldiario.net\/portal\/"},{"@type":"ListItem","position":2,"name":"El aire que respiramos"}]},{"@type":"WebSite","@id":"https:\/\/www.eldiario.net\/portal\/#website","url":"https:\/\/www.eldiario.net\/portal\/","name":"El Diario - Decano de la prensa nacional","description":"El Diario - Decano de la prensa nacional","publisher":{"@id":"https:\/\/www.eldiario.net\/portal\/#organization"},"potentialAction":[{"@type":"SearchAction","target":{"@type":"EntryPoint","urlTemplate":"https:\/\/www.eldiario.net\/portal\/?s={search_term_string}"},"query-input":{"@type":"PropertyValueSpecification","valueRequired":true,"valueName":"search_term_string"}}],"inLanguage":"es"},{"@type":"Organization","@id":"https:\/\/www.eldiario.net\/portal\/#organization","name":"El Diario - Decano de la prensa nacional","url":"https:\/\/www.eldiario.net\/portal\/","logo":{"@type":"ImageObject","inLanguage":"es","@id":"https:\/\/www.eldiario.net\/portal\/#\/schema\/logo\/image\/","url":"https:\/\/www.eldiario.net\/portal\/wp-content\/uploads\/2023\/07\/logo_ED.jpg","contentUrl":"https:\/\/www.eldiario.net\/portal\/wp-content\/uploads\/2023\/07\/logo_ED.jpg","width":272,"height":52,"caption":"El Diario - Decano de la prensa nacional"},"image":{"@id":"https:\/\/www.eldiario.net\/portal\/#\/schema\/logo\/image\/"},"sameAs":["https:\/\/www.facebook.com\/eldiario.bolivia\/","https:\/\/x.com\/eldiario_net"]},{"@type":"Person","@id":"https:\/\/www.eldiario.net\/portal\/#\/schema\/person\/f46445640444750d7d753ccd04ae01b7","name":"Jeanette","image":{"@type":"ImageObject","inLanguage":"es","@id":"https:\/\/secure.gravatar.com\/avatar\/3ea2118a5f7dad2b7138b1187a6b7ee55f160b9968b66013c3a3ef39dd7e5798?s=96&d=mm&r=g","url":"https:\/\/secure.gravatar.com\/avatar\/3ea2118a5f7dad2b7138b1187a6b7ee55f160b9968b66013c3a3ef39dd7e5798?s=96&d=mm&r=g","contentUrl":"https:\/\/secure.gravatar.com\/avatar\/3ea2118a5f7dad2b7138b1187a6b7ee55f160b9968b66013c3a3ef39dd7e5798?s=96&d=mm&r=g","caption":"Jeanette"},"sameAs":["https:\/\/www.eldiario.net\/portal"],"url":"https:\/\/www.eldiario.net\/portal\/author\/jeanette\/"}]}},"_links":{"self":[{"href":"https:\/\/www.eldiario.net\/portal\/wp-json\/wp\/v2\/posts\/139809","targetHints":{"allow":["GET"]}}],"collection":[{"href":"https:\/\/www.eldiario.net\/portal\/wp-json\/wp\/v2\/posts"}],"about":[{"href":"https:\/\/www.eldiario.net\/portal\/wp-json\/wp\/v2\/types\/post"}],"author":[{"embeddable":true,"href":"https:\/\/www.eldiario.net\/portal\/wp-json\/wp\/v2\/users\/1"}],"replies":[{"embeddable":true,"href":"https:\/\/www.eldiario.net\/portal\/wp-json\/wp\/v2\/comments?post=139809"}],"version-history":[{"count":0,"href":"https:\/\/www.eldiario.net\/portal\/wp-json\/wp\/v2\/posts\/139809\/revisions"}],"wp:attachment":[{"href":"https:\/\/www.eldiario.net\/portal\/wp-json\/wp\/v2\/media?parent=139809"}],"wp:term":[{"taxonomy":"category","embeddable":true,"href":"https:\/\/www.eldiario.net\/portal\/wp-json\/wp\/v2\/categories?post=139809"},{"taxonomy":"post_tag","embeddable":true,"href":"https:\/\/www.eldiario.net\/portal\/wp-json\/wp\/v2\/tags?post=139809"}],"curies":[{"name":"wp","href":"https:\/\/api.w.org\/{rel}","templated":true}]}}