{"id":139807,"date":"2023-02-24T05:57:18","date_gmt":"2023-02-24T09:57:18","guid":{"rendered":"https:\/\/www.eldiario.net\/portal\/?p=139807"},"modified":"2023-02-24T05:57:18","modified_gmt":"2023-02-24T09:57:18","slug":"es-adoctrinamiento-curricular","status":"publish","type":"post","link":"https:\/\/www.eldiario.net\/portal\/2023\/02\/24\/es-adoctrinamiento-curricular\/","title":{"rendered":"\u00bfEs adoctrinamiento curricular?"},"content":{"rendered":"<p>Empecemos se\u00f1alando que existe una multiplicidad de concepciones te\u00f3ricas sobre adoctrinamiento. Seg\u00fan el marxismo, la educaci\u00f3n sostenida por el curr\u00edculo-contenidos, forma parte de la superestructura del Estado; consecuentemente, generadora del dominio hegem\u00f3nico de una determinada \u201cideolog\u00eda\u201d o pensamiento, implantado en la mente de la gente: \u201clavado de cerebro\u201d. Y, en el campo de la educaci\u00f3n, adoctrinamiento es instruir a alguien en el conocimiento o ense\u00f1anza de una doctrina, inculcar determinadas ideas o creencias.<br \/>\nEn el diccionario de Ciencia Pol\u00edtica (Sierra, 1998: 31), adoctrinamiento: En sentido pol\u00edtico es la acci\u00f3n de buscar adeptos o partidarios que cambien sus primeras ideas: \u00bfRenuncia irrevocable o fraude electoral de Evo? \u00bfAutoproclamaci\u00f3n o sucesi\u00f3n constitucional de A\u00f1ez?, que se realiza de diversas maneras en conferencias de prensa, discursos pol\u00edticos, pl\u00e1ticas individuales y callejeras, pretendiendo socializar nuevos contenidos del curr\u00edculo escolar, \u00bfadoctrinamiento?<br \/>\nComo podemos apreciar, adoctrinar es manipular el pensamiento de la gente con fines netamente pol\u00edtico partidarios, cambiar la visi\u00f3n y conocimiento de una realidad dada por otra ficticia: \u00bfFue levantamiento popular? Situaci\u00f3n que estamos observando ahora en el mundo socioeducativo, cuando autoridades del Ministerio de Educaci\u00f3n, viceministros y sus t\u00e9cnicos \u201cexpertos\u201d, tratan afanosamente de convencer, socializar, capacitar y lavar el cerebro de los profesores, padres de familia y estudiantes, hablando en los medios de comunicaci\u00f3n de las virtudes que re\u00fanen los nuevos contenidos del curr\u00edculo, sin identificarse comprometidamente con las pol\u00edticas educativas, prescritas en la Ley 070 de la Educaci\u00f3n.<br \/>\nEn esos escenarios de convencimiento, socializaci\u00f3n y capacitaci\u00f3n colectiva, fueron suficientes dos cuestionamientos a los sucesos ocurridos el a\u00f1o 2019: \u00bfGolpe o fraude? \u00bfAutoproclamaci\u00f3n o sucesi\u00f3n constitucional?, ocasionando rechazo a la implementaci\u00f3n del curr\u00edculo actualizado en la gesti\u00f3n educativa 2023. Contraposiciones pol\u00edticas de la historia del pa\u00eds, perturban y enferman a los componentes del sistema educativo, porque existen muchas incertidumbres asentadas en pedagog\u00eda de los maestros: \u201ctransmisores de los saberes y conocimientos cient\u00edficos\u201d; si corresponde ense\u00f1ar la verdad de los hechos hist\u00f3ricos o manipular esquizofrenicamente el pensamiento colectivo.<br \/>\nEntonces, aqu\u00ed la diferencia la marcan los profesores, contrastando con la realidad objetiva: escoger con sapiencia y criterio pedag\u00f3gico acertado los contenidos curriculares para ense\u00f1ar a los estudiantes, siempre con la verdad hist\u00f3rica de los hechos, sin caer en las manipulaciones ideol\u00f3gicas partidarias. Adem\u00e1s, esa es la misi\u00f3n que asumieron y juraron en ocasi\u00f3n de graduarse y recibir su t\u00edtulo profesional de las escuelas superiores de formaci\u00f3n de maestros y universidades p\u00fablicas\/privadas: \u00a1Formar a los estudiantes en valores humanos planetarios y ense\u00f1ar efectivamente conocimientos cient\u00edficos, apegados a la verdad de los hechos\u2026!<\/p>\n<p>El autor es pedagogo y escritor.<\/p>\n","protected":false},"excerpt":{"rendered":"<p>Empecemos se\u00f1alando que existe una multiplicidad de concepciones te\u00f3ricas sobre adoctrinamiento. Seg\u00fan el marxismo, la educaci\u00f3n sostenida por el curr\u00edculo-contenidos, forma parte de la superestructura del Estado; consecuentemente, generadora del dominio hegem\u00f3nico de una determinada \u201cideolog\u00eda\u201d o pensamiento, implantado en la mente de la gente: \u201clavado de cerebro\u201d. Y, en el campo de la educaci\u00f3n, [&hellip;]<\/p>\n","protected":false},"author":1,"featured_media":47214,"comment_status":"closed","ping_status":"closed","sticky":false,"template":"","format":"standard","meta":{"_acf_changed":false,"footnotes":""},"categories":[9],"tags":[],"class_list":["post-139807","post","type-post","status-publish","format-standard","has-post-thumbnail","category-opinion"],"acf":{"antetitulo":""},"yoast_head":"<!-- This site is optimized with the Yoast SEO plugin v28.4 - https:\/\/yoast.com\/product\/yoast-seo-wordpress\/ -->\n<title>\u00bfEs adoctrinamiento curricular? - El Diario - Bolivia<\/title>\n<meta name=\"robots\" content=\"index, follow, max-snippet:-1, max-image-preview:large, max-video-preview:-1\" \/>\n<link rel=\"canonical\" href=\"https:\/\/www.eldiario.net\/portal\/2023\/02\/24\/es-adoctrinamiento-curricular\/\" \/>\n<meta property=\"og:locale\" content=\"es_ES\" \/>\n<meta property=\"og:type\" content=\"article\" \/>\n<meta property=\"og:title\" content=\"\u00bfEs adoctrinamiento curricular? - El Diario - Bolivia\" \/>\n<meta property=\"og:description\" content=\"Empecemos se\u00f1alando que existe una multiplicidad de concepciones te\u00f3ricas sobre adoctrinamiento. Seg\u00fan el marxismo, la educaci\u00f3n sostenida por el curr\u00edculo-contenidos, forma parte de la superestructura del Estado; consecuentemente, generadora del dominio hegem\u00f3nico de una determinada \u201cideolog\u00eda\u201d o pensamiento, implantado en la mente de la gente: \u201clavado de cerebro\u201d. Y, en el campo de la educaci\u00f3n, [&hellip;]\" \/>\n<meta property=\"og:url\" content=\"https:\/\/www.eldiario.net\/portal\/2023\/02\/24\/es-adoctrinamiento-curricular\/\" \/>\n<meta property=\"og:site_name\" content=\"El Diario - Bolivia\" \/>\n<meta property=\"article:publisher\" content=\"https:\/\/www.facebook.com\/eldiario.bolivia\/\" \/>\n<meta property=\"article:published_time\" content=\"2023-02-24T09:57:18+00:00\" \/>\n<meta name=\"author\" content=\"Jeanette\" \/>\n<meta name=\"twitter:card\" content=\"summary_large_image\" \/>\n<meta name=\"twitter:creator\" content=\"@eldiario_net\" \/>\n<meta name=\"twitter:site\" content=\"@eldiario_net\" \/>\n<meta name=\"twitter:label1\" content=\"Escrito por\" \/>\n\t<meta name=\"twitter:data1\" content=\"Jeanette\" \/>\n<script type=\"application\/ld+json\" class=\"yoast-schema-graph\">{\"@context\":\"https:\\\/\\\/schema.org\",\"@graph\":[{\"@type\":\"Article\",\"@id\":\"https:\\\/\\\/www.eldiario.net\\\/portal\\\/2023\\\/02\\\/24\\\/es-adoctrinamiento-curricular\\\/#article\",\"isPartOf\":{\"@id\":\"https:\\\/\\\/www.eldiario.net\\\/portal\\\/2023\\\/02\\\/24\\\/es-adoctrinamiento-curricular\\\/\"},\"author\":{\"name\":\"Jeanette\",\"@id\":\"https:\\\/\\\/www.eldiario.net\\\/portal\\\/#\\\/schema\\\/person\\\/f46445640444750d7d753ccd04ae01b7\"},\"headline\":\"\u00bfEs adoctrinamiento curricular?\",\"datePublished\":\"2023-02-24T09:57:18+00:00\",\"mainEntityOfPage\":{\"@id\":\"https:\\\/\\\/www.eldiario.net\\\/portal\\\/2023\\\/02\\\/24\\\/es-adoctrinamiento-curricular\\\/\"},\"wordCount\":475,\"publisher\":{\"@id\":\"https:\\\/\\\/www.eldiario.net\\\/portal\\\/#organization\"},\"image\":{\"@id\":\"https:\\\/\\\/www.eldiario.net\\\/portal\\\/2023\\\/02\\\/24\\\/es-adoctrinamiento-curricular\\\/#primaryimage\"},\"thumbnailUrl\":\"\",\"articleSection\":[\"Opini\u00f3n\"],\"inLanguage\":\"es\"},{\"@type\":\"WebPage\",\"@id\":\"https:\\\/\\\/www.eldiario.net\\\/portal\\\/2023\\\/02\\\/24\\\/es-adoctrinamiento-curricular\\\/\",\"url\":\"https:\\\/\\\/www.eldiario.net\\\/portal\\\/2023\\\/02\\\/24\\\/es-adoctrinamiento-curricular\\\/\",\"name\":\"\u00bfEs adoctrinamiento curricular? - El Diario - Bolivia\",\"isPartOf\":{\"@id\":\"https:\\\/\\\/www.eldiario.net\\\/portal\\\/#website\"},\"primaryImageOfPage\":{\"@id\":\"https:\\\/\\\/www.eldiario.net\\\/portal\\\/2023\\\/02\\\/24\\\/es-adoctrinamiento-curricular\\\/#primaryimage\"},\"image\":{\"@id\":\"https:\\\/\\\/www.eldiario.net\\\/portal\\\/2023\\\/02\\\/24\\\/es-adoctrinamiento-curricular\\\/#primaryimage\"},\"thumbnailUrl\":\"\",\"datePublished\":\"2023-02-24T09:57:18+00:00\",\"breadcrumb\":{\"@id\":\"https:\\\/\\\/www.eldiario.net\\\/portal\\\/2023\\\/02\\\/24\\\/es-adoctrinamiento-curricular\\\/#breadcrumb\"},\"inLanguage\":\"es\",\"potentialAction\":[{\"@type\":\"ReadAction\",\"target\":[\"https:\\\/\\\/www.eldiario.net\\\/portal\\\/2023\\\/02\\\/24\\\/es-adoctrinamiento-curricular\\\/\"]}]},{\"@type\":\"ImageObject\",\"inLanguage\":\"es\",\"@id\":\"https:\\\/\\\/www.eldiario.net\\\/portal\\\/2023\\\/02\\\/24\\\/es-adoctrinamiento-curricular\\\/#primaryimage\",\"url\":\"\",\"contentUrl\":\"\"},{\"@type\":\"BreadcrumbList\",\"@id\":\"https:\\\/\\\/www.eldiario.net\\\/portal\\\/2023\\\/02\\\/24\\\/es-adoctrinamiento-curricular\\\/#breadcrumb\",\"itemListElement\":[{\"@type\":\"ListItem\",\"position\":1,\"name\":\"Portada\",\"item\":\"https:\\\/\\\/www.eldiario.net\\\/portal\\\/\"},{\"@type\":\"ListItem\",\"position\":2,\"name\":\"\u00bfEs adoctrinamiento curricular?\"}]},{\"@type\":\"WebSite\",\"@id\":\"https:\\\/\\\/www.eldiario.net\\\/portal\\\/#website\",\"url\":\"https:\\\/\\\/www.eldiario.net\\\/portal\\\/\",\"name\":\"El Diario - Decano de la prensa nacional\",\"description\":\"El Diario - Decano de la prensa nacional\",\"publisher\":{\"@id\":\"https:\\\/\\\/www.eldiario.net\\\/portal\\\/#organization\"},\"potentialAction\":[{\"@type\":\"SearchAction\",\"target\":{\"@type\":\"EntryPoint\",\"urlTemplate\":\"https:\\\/\\\/www.eldiario.net\\\/portal\\\/?s={search_term_string}\"},\"query-input\":{\"@type\":\"PropertyValueSpecification\",\"valueRequired\":true,\"valueName\":\"search_term_string\"}}],\"inLanguage\":\"es\"},{\"@type\":\"Organization\",\"@id\":\"https:\\\/\\\/www.eldiario.net\\\/portal\\\/#organization\",\"name\":\"El Diario - Decano de la prensa nacional\",\"url\":\"https:\\\/\\\/www.eldiario.net\\\/portal\\\/\",\"logo\":{\"@type\":\"ImageObject\",\"inLanguage\":\"es\",\"@id\":\"https:\\\/\\\/www.eldiario.net\\\/portal\\\/#\\\/schema\\\/logo\\\/image\\\/\",\"url\":\"https:\\\/\\\/www.eldiario.net\\\/portal\\\/wp-content\\\/uploads\\\/2023\\\/07\\\/logo_ED.jpg\",\"contentUrl\":\"https:\\\/\\\/www.eldiario.net\\\/portal\\\/wp-content\\\/uploads\\\/2023\\\/07\\\/logo_ED.jpg\",\"width\":272,\"height\":52,\"caption\":\"El Diario - Decano de la prensa nacional\"},\"image\":{\"@id\":\"https:\\\/\\\/www.eldiario.net\\\/portal\\\/#\\\/schema\\\/logo\\\/image\\\/\"},\"sameAs\":[\"https:\\\/\\\/www.facebook.com\\\/eldiario.bolivia\\\/\",\"https:\\\/\\\/x.com\\\/eldiario_net\"]},{\"@type\":\"Person\",\"@id\":\"https:\\\/\\\/www.eldiario.net\\\/portal\\\/#\\\/schema\\\/person\\\/f46445640444750d7d753ccd04ae01b7\",\"name\":\"Jeanette\",\"image\":{\"@type\":\"ImageObject\",\"inLanguage\":\"es\",\"@id\":\"https:\\\/\\\/secure.gravatar.com\\\/avatar\\\/3ea2118a5f7dad2b7138b1187a6b7ee55f160b9968b66013c3a3ef39dd7e5798?s=96&d=mm&r=g\",\"url\":\"https:\\\/\\\/secure.gravatar.com\\\/avatar\\\/3ea2118a5f7dad2b7138b1187a6b7ee55f160b9968b66013c3a3ef39dd7e5798?s=96&d=mm&r=g\",\"contentUrl\":\"https:\\\/\\\/secure.gravatar.com\\\/avatar\\\/3ea2118a5f7dad2b7138b1187a6b7ee55f160b9968b66013c3a3ef39dd7e5798?s=96&d=mm&r=g\",\"caption\":\"Jeanette\"},\"sameAs\":[\"https:\\\/\\\/www.eldiario.net\\\/portal\"],\"url\":\"https:\\\/\\\/www.eldiario.net\\\/portal\\\/author\\\/jeanette\\\/\"}]}<\/script>\n<!-- \/ Yoast SEO plugin. -->","yoast_head_json":{"title":"\u00bfEs adoctrinamiento curricular? - El Diario - Bolivia","robots":{"index":"index","follow":"follow","max-snippet":"max-snippet:-1","max-image-preview":"max-image-preview:large","max-video-preview":"max-video-preview:-1"},"canonical":"https:\/\/www.eldiario.net\/portal\/2023\/02\/24\/es-adoctrinamiento-curricular\/","og_locale":"es_ES","og_type":"article","og_title":"\u00bfEs adoctrinamiento curricular? - El Diario - Bolivia","og_description":"Empecemos se\u00f1alando que existe una multiplicidad de concepciones te\u00f3ricas sobre adoctrinamiento. Seg\u00fan el marxismo, la educaci\u00f3n sostenida por el curr\u00edculo-contenidos, forma parte de la superestructura del Estado; consecuentemente, generadora del dominio hegem\u00f3nico de una determinada \u201cideolog\u00eda\u201d o pensamiento, implantado en la mente de la gente: \u201clavado de cerebro\u201d. Y, en el campo de la educaci\u00f3n, [&hellip;]","og_url":"https:\/\/www.eldiario.net\/portal\/2023\/02\/24\/es-adoctrinamiento-curricular\/","og_site_name":"El Diario - Bolivia","article_publisher":"https:\/\/www.facebook.com\/eldiario.bolivia\/","article_published_time":"2023-02-24T09:57:18+00:00","author":"Jeanette","twitter_card":"summary_large_image","twitter_creator":"@eldiario_net","twitter_site":"@eldiario_net","twitter_misc":{"Escrito por":"Jeanette"},"schema":{"@context":"https:\/\/schema.org","@graph":[{"@type":"Article","@id":"https:\/\/www.eldiario.net\/portal\/2023\/02\/24\/es-adoctrinamiento-curricular\/#article","isPartOf":{"@id":"https:\/\/www.eldiario.net\/portal\/2023\/02\/24\/es-adoctrinamiento-curricular\/"},"author":{"name":"Jeanette","@id":"https:\/\/www.eldiario.net\/portal\/#\/schema\/person\/f46445640444750d7d753ccd04ae01b7"},"headline":"\u00bfEs adoctrinamiento curricular?","datePublished":"2023-02-24T09:57:18+00:00","mainEntityOfPage":{"@id":"https:\/\/www.eldiario.net\/portal\/2023\/02\/24\/es-adoctrinamiento-curricular\/"},"wordCount":475,"publisher":{"@id":"https:\/\/www.eldiario.net\/portal\/#organization"},"image":{"@id":"https:\/\/www.eldiario.net\/portal\/2023\/02\/24\/es-adoctrinamiento-curricular\/#primaryimage"},"thumbnailUrl":"","articleSection":["Opini\u00f3n"],"inLanguage":"es"},{"@type":"WebPage","@id":"https:\/\/www.eldiario.net\/portal\/2023\/02\/24\/es-adoctrinamiento-curricular\/","url":"https:\/\/www.eldiario.net\/portal\/2023\/02\/24\/es-adoctrinamiento-curricular\/","name":"\u00bfEs adoctrinamiento curricular? - El Diario - Bolivia","isPartOf":{"@id":"https:\/\/www.eldiario.net\/portal\/#website"},"primaryImageOfPage":{"@id":"https:\/\/www.eldiario.net\/portal\/2023\/02\/24\/es-adoctrinamiento-curricular\/#primaryimage"},"image":{"@id":"https:\/\/www.eldiario.net\/portal\/2023\/02\/24\/es-adoctrinamiento-curricular\/#primaryimage"},"thumbnailUrl":"","datePublished":"2023-02-24T09:57:18+00:00","breadcrumb":{"@id":"https:\/\/www.eldiario.net\/portal\/2023\/02\/24\/es-adoctrinamiento-curricular\/#breadcrumb"},"inLanguage":"es","potentialAction":[{"@type":"ReadAction","target":["https:\/\/www.eldiario.net\/portal\/2023\/02\/24\/es-adoctrinamiento-curricular\/"]}]},{"@type":"ImageObject","inLanguage":"es","@id":"https:\/\/www.eldiario.net\/portal\/2023\/02\/24\/es-adoctrinamiento-curricular\/#primaryimage","url":"","contentUrl":""},{"@type":"BreadcrumbList","@id":"https:\/\/www.eldiario.net\/portal\/2023\/02\/24\/es-adoctrinamiento-curricular\/#breadcrumb","itemListElement":[{"@type":"ListItem","position":1,"name":"Portada","item":"https:\/\/www.eldiario.net\/portal\/"},{"@type":"ListItem","position":2,"name":"\u00bfEs adoctrinamiento curricular?"}]},{"@type":"WebSite","@id":"https:\/\/www.eldiario.net\/portal\/#website","url":"https:\/\/www.eldiario.net\/portal\/","name":"El Diario - Decano de la prensa nacional","description":"El Diario - Decano de la prensa nacional","publisher":{"@id":"https:\/\/www.eldiario.net\/portal\/#organization"},"potentialAction":[{"@type":"SearchAction","target":{"@type":"EntryPoint","urlTemplate":"https:\/\/www.eldiario.net\/portal\/?s={search_term_string}"},"query-input":{"@type":"PropertyValueSpecification","valueRequired":true,"valueName":"search_term_string"}}],"inLanguage":"es"},{"@type":"Organization","@id":"https:\/\/www.eldiario.net\/portal\/#organization","name":"El Diario - Decano de la prensa nacional","url":"https:\/\/www.eldiario.net\/portal\/","logo":{"@type":"ImageObject","inLanguage":"es","@id":"https:\/\/www.eldiario.net\/portal\/#\/schema\/logo\/image\/","url":"https:\/\/www.eldiario.net\/portal\/wp-content\/uploads\/2023\/07\/logo_ED.jpg","contentUrl":"https:\/\/www.eldiario.net\/portal\/wp-content\/uploads\/2023\/07\/logo_ED.jpg","width":272,"height":52,"caption":"El Diario - Decano de la prensa nacional"},"image":{"@id":"https:\/\/www.eldiario.net\/portal\/#\/schema\/logo\/image\/"},"sameAs":["https:\/\/www.facebook.com\/eldiario.bolivia\/","https:\/\/x.com\/eldiario_net"]},{"@type":"Person","@id":"https:\/\/www.eldiario.net\/portal\/#\/schema\/person\/f46445640444750d7d753ccd04ae01b7","name":"Jeanette","image":{"@type":"ImageObject","inLanguage":"es","@id":"https:\/\/secure.gravatar.com\/avatar\/3ea2118a5f7dad2b7138b1187a6b7ee55f160b9968b66013c3a3ef39dd7e5798?s=96&d=mm&r=g","url":"https:\/\/secure.gravatar.com\/avatar\/3ea2118a5f7dad2b7138b1187a6b7ee55f160b9968b66013c3a3ef39dd7e5798?s=96&d=mm&r=g","contentUrl":"https:\/\/secure.gravatar.com\/avatar\/3ea2118a5f7dad2b7138b1187a6b7ee55f160b9968b66013c3a3ef39dd7e5798?s=96&d=mm&r=g","caption":"Jeanette"},"sameAs":["https:\/\/www.eldiario.net\/portal"],"url":"https:\/\/www.eldiario.net\/portal\/author\/jeanette\/"}]}},"_links":{"self":[{"href":"https:\/\/www.eldiario.net\/portal\/wp-json\/wp\/v2\/posts\/139807","targetHints":{"allow":["GET"]}}],"collection":[{"href":"https:\/\/www.eldiario.net\/portal\/wp-json\/wp\/v2\/posts"}],"about":[{"href":"https:\/\/www.eldiario.net\/portal\/wp-json\/wp\/v2\/types\/post"}],"author":[{"embeddable":true,"href":"https:\/\/www.eldiario.net\/portal\/wp-json\/wp\/v2\/users\/1"}],"replies":[{"embeddable":true,"href":"https:\/\/www.eldiario.net\/portal\/wp-json\/wp\/v2\/comments?post=139807"}],"version-history":[{"count":0,"href":"https:\/\/www.eldiario.net\/portal\/wp-json\/wp\/v2\/posts\/139807\/revisions"}],"wp:attachment":[{"href":"https:\/\/www.eldiario.net\/portal\/wp-json\/wp\/v2\/media?parent=139807"}],"wp:term":[{"taxonomy":"category","embeddable":true,"href":"https:\/\/www.eldiario.net\/portal\/wp-json\/wp\/v2\/categories?post=139807"},{"taxonomy":"post_tag","embeddable":true,"href":"https:\/\/www.eldiario.net\/portal\/wp-json\/wp\/v2\/tags?post=139807"}],"curies":[{"name":"wp","href":"https:\/\/api.w.org\/{rel}","templated":true}]}}