{"id":139804,"date":"2023-02-24T05:56:39","date_gmt":"2023-02-24T09:56:39","guid":{"rendered":"https:\/\/www.eldiario.net\/portal\/?p=139804"},"modified":"2023-02-24T05:56:39","modified_gmt":"2023-02-24T09:56:39","slug":"revocatorio-impulsado-por-civicos-no-es-una-solucion","status":"publish","type":"post","link":"https:\/\/www.eldiario.net\/portal\/2023\/02\/24\/revocatorio-impulsado-por-civicos-no-es-una-solucion\/","title":{"rendered":"Revocatorio impulsado por c\u00edvicos no es una soluci\u00f3n"},"content":{"rendered":"<p>Ante los anuncios de dirigentes c\u00edvicos cruce\u00f1os sobre el inicio de gestiones para iniciar un proceso revocatorio contra el presidente del Estado, Luis Arce Catacora, en caso de que la autoridad no acceda a emitir un decreto de amnist\u00eda para presos pol\u00edticos, parlamentarios de oposici\u00f3n se\u00f1alan que esta posibilidad no solucionar\u00eda nada.<br \/>\nDesde sus redes sociales, el legislador de oposici\u00f3n, Carlos Alarc\u00f3n, sostuvo que este pedido no es la soluci\u00f3n a los problemas por los que atraviesa el pa\u00eds en la actualidad, y por el contrario, podr\u00eda constituirse en un gran error pol\u00edtico, as\u00ed como en el caso del revocatorio a Morales el 2008.<br \/>\n\u201cLa revocatoria del Presidente no soluciona nada y puede ser una gran error pol\u00edtico como fue la de Evo Morales\u201d, expres\u00f3 Alarc\u00f3n.<br \/>\nEn criterio del parlamentario, el tiempo para la recolecci\u00f3n de firmas es uno de los factores que va en contra de esta propuesta, pues solo se contar\u00eda con 90 d\u00edas para recolectar firmas que representen el 25% del Padr\u00f3n Electoral.<br \/>\nOtro aspecto observado por Alarc\u00f3n, es que en caso de lograrse alcanzar el porcentaje requerido por ley, el referendo solo pondr\u00eda a consideraci\u00f3n de la poblaci\u00f3n la continuidad de Arce en el cargo, esto con una votaci\u00f3n mayor al 55,1% de la votaci\u00f3n.<br \/>\nAsimismo, la persona que substituya a Arce en la presidencia, deber\u00e1 gobernar con la actual Asamblea Legislativa Plurinacional. Hecho que no cambia de forma importante la estructura de Gobierno.<br \/>\nAl respecto, el diputado Alejandro Reyes asegur\u00f3 que la propuesta de revocatorio al presidente y otras autoridades electas, ya fue descartada por el propio oficialismo radical, dando un paso atr\u00e1s en estos intentos para dar prioridad a los conflictos internos y el peligro que representa Morales para la actual administraci\u00f3n.<br \/>\n\u201cSe est\u00e1n dando cuenta que el enemigo interno es m\u00e1s fuerte que la oposici\u00f3n democr\u00e1tica, est\u00e1 m\u00e1s que claro que tiene que lidiar con Evo Morales y sus afanes golpistas. Ese enemigo seguramente les va tomar m\u00e1s tiempo del que les puede tomar el realizar revocatorios a autoridades elegidas por el voto del pueblo\u201d, sostuvo.<br \/>\nEl mi\u00e9rcoles, representantes del comit\u00e9 c\u00edvico cruce\u00f1o recordaron al presidente Arce que el plazo establecido, como mandato del cabildo, para aprobar un decreto de amnist\u00eda en favor de los presos pol\u00edticos est\u00e1 por vencer, hecho que activar\u00eda el inicio del proceso revocatorio en su contra.<br \/>\n\u201cEstamos a 72 horas de cumplir el plazo que el pueblo boliviano le dio usted y a su gobierno para pacificar el pa\u00eds y construir una real y verdadera paz social, para poder concentrarnos todos los bolivianos en fortalecer la maltrecha econom\u00eda y las deficientes pol\u00edticas macroecon\u00f3micas que su gobierno viene ejecutando\u201d, manifest\u00f3 el c\u00edvico R\u00f3mulo Calvo durante una conferencia de prensa.<br \/>\nSe\u00f1al\u00f3 que el pasado 14 de febrero, remiti\u00f3 una carta al primer mandatario en la que le record\u00f3 los seis mandatos del \u201ccabildo nacional\u201d donde tambi\u00e9n se pide apoyar la reforma a la justicia. \u201cUn proceso revocatorio es el escenario pol\u00edtico menos conveniente para los bolivianos porque estaremos todo el 2023 con incertidumbres\u201d, indic\u00f3.<br \/>\nAdelant\u00f3 que de no haber respuestas positivas a estas solicitudes, en el tiempo establecido, a partir del lunes 27 de febrero el presidente entrante del ente c\u00edvico cruce\u00f1o, Fernando Larach, iniciar\u00e1 los tr\u00e1mites para poder activar el proceso de revocatorio.<br \/>\nEstas declaraciones fueron inmediatamente cuestionadas por el vocero presidencial, Jorge Richter, quien reiter\u00f3 que el sector c\u00edvico solo busca impunidad con la exigencia de un decreto de amnist\u00eda para perseguidos pol\u00edticos, se\u00f1alando adem\u00e1s que este pedido debe estar fundamentado como plantea la Constituci\u00f3n Pol\u00edtica del Estado. \u201cVienen buscando impunidad desde noviembre de 2021\u201d, afirm\u00f3.<br \/>\nAyer en conferencia de prensa, la ministra de la Presidencia, Mar\u00eda Nela Prada, rechaz\u00f3 las advertencias emitidas por c\u00edvicos cruce\u00f1os y descart\u00f3 la posibilidad de que el Gobierno decrete amnist\u00eda.<br \/>\n\u201cNo habr\u00e1 ninguna amnist\u00eda, no habr\u00e1 impunidad que es lo que se busca en el fondo con estas acciones, con estos discursos, con estas declaraciones que usted ha realizado el d\u00eda de ayer, no hay presos pol\u00edticos y eso debe quedar claro\u201d, respondi\u00f3 Prada.<\/p>\n","protected":false},"excerpt":{"rendered":"<p>Ante los anuncios de dirigentes c\u00edvicos cruce\u00f1os sobre el inicio de gestiones para iniciar un proceso revocatorio contra el presidente del Estado, Luis Arce Catacora, en caso de que la autoridad no acceda a emitir un decreto de amnist\u00eda para presos pol\u00edticos, parlamentarios de oposici\u00f3n se\u00f1alan que esta posibilidad no solucionar\u00eda nada. Desde sus redes [&hellip;]<\/p>\n","protected":false},"author":1,"featured_media":139805,"comment_status":"closed","ping_status":"closed","sticky":false,"template":"","format":"standard","meta":{"_acf_changed":false,"footnotes":""},"categories":[14],"tags":[],"class_list":["post-139804","post","type-post","status-publish","format-standard","has-post-thumbnail","category-politica"],"acf":{"antetitulo":""},"yoast_head":"<!-- This site is optimized with the Yoast SEO plugin v28.4 - https:\/\/yoast.com\/product\/yoast-seo-wordpress\/ -->\n<title>Revocatorio impulsado por c\u00edvicos no es una soluci\u00f3n - El Diario - Bolivia<\/title>\n<meta name=\"robots\" content=\"index, follow, max-snippet:-1, max-image-preview:large, max-video-preview:-1\" \/>\n<link rel=\"canonical\" href=\"https:\/\/www.eldiario.net\/portal\/2023\/02\/24\/revocatorio-impulsado-por-civicos-no-es-una-solucion\/\" \/>\n<meta property=\"og:locale\" content=\"es_ES\" \/>\n<meta property=\"og:type\" content=\"article\" \/>\n<meta property=\"og:title\" content=\"Revocatorio impulsado por c\u00edvicos no es una soluci\u00f3n - El Diario - Bolivia\" \/>\n<meta property=\"og:description\" content=\"Ante los anuncios de dirigentes c\u00edvicos cruce\u00f1os sobre el inicio de gestiones para iniciar un proceso revocatorio contra el presidente del Estado, Luis Arce Catacora, en caso de que la autoridad no acceda a emitir un decreto de amnist\u00eda para presos pol\u00edticos, parlamentarios de oposici\u00f3n se\u00f1alan que esta posibilidad no solucionar\u00eda nada. Desde sus redes [&hellip;]\" \/>\n<meta property=\"og:url\" content=\"https:\/\/www.eldiario.net\/portal\/2023\/02\/24\/revocatorio-impulsado-por-civicos-no-es-una-solucion\/\" \/>\n<meta property=\"og:site_name\" content=\"El Diario - Bolivia\" \/>\n<meta property=\"article:publisher\" content=\"https:\/\/www.facebook.com\/eldiario.bolivia\/\" \/>\n<meta property=\"article:published_time\" content=\"2023-02-24T09:56:39+00:00\" \/>\n<meta name=\"author\" content=\"Jeanette\" \/>\n<meta name=\"twitter:card\" content=\"summary_large_image\" \/>\n<meta name=\"twitter:creator\" content=\"@eldiario_net\" \/>\n<meta name=\"twitter:site\" content=\"@eldiario_net\" \/>\n<meta name=\"twitter:label1\" content=\"Escrito por\" \/>\n\t<meta name=\"twitter:data1\" content=\"Jeanette\" \/>\n\t<meta name=\"twitter:label2\" content=\"Tiempo de lectura\" \/>\n\t<meta name=\"twitter:data2\" content=\"4 minutos\" \/>\n<script type=\"application\/ld+json\" class=\"yoast-schema-graph\">{\"@context\":\"https:\\\/\\\/schema.org\",\"@graph\":[{\"@type\":\"Article\",\"@id\":\"https:\\\/\\\/www.eldiario.net\\\/portal\\\/2023\\\/02\\\/24\\\/revocatorio-impulsado-por-civicos-no-es-una-solucion\\\/#article\",\"isPartOf\":{\"@id\":\"https:\\\/\\\/www.eldiario.net\\\/portal\\\/2023\\\/02\\\/24\\\/revocatorio-impulsado-por-civicos-no-es-una-solucion\\\/\"},\"author\":{\"name\":\"Jeanette\",\"@id\":\"https:\\\/\\\/www.eldiario.net\\\/portal\\\/#\\\/schema\\\/person\\\/f46445640444750d7d753ccd04ae01b7\"},\"headline\":\"Revocatorio impulsado por c\u00edvicos no es una soluci\u00f3n\",\"datePublished\":\"2023-02-24T09:56:39+00:00\",\"mainEntityOfPage\":{\"@id\":\"https:\\\/\\\/www.eldiario.net\\\/portal\\\/2023\\\/02\\\/24\\\/revocatorio-impulsado-por-civicos-no-es-una-solucion\\\/\"},\"wordCount\":738,\"publisher\":{\"@id\":\"https:\\\/\\\/www.eldiario.net\\\/portal\\\/#organization\"},\"image\":{\"@id\":\"https:\\\/\\\/www.eldiario.net\\\/portal\\\/2023\\\/02\\\/24\\\/revocatorio-impulsado-por-civicos-no-es-una-solucion\\\/#primaryimage\"},\"thumbnailUrl\":\"\",\"articleSection\":[\"Pol\u00edtica\"],\"inLanguage\":\"es\"},{\"@type\":\"WebPage\",\"@id\":\"https:\\\/\\\/www.eldiario.net\\\/portal\\\/2023\\\/02\\\/24\\\/revocatorio-impulsado-por-civicos-no-es-una-solucion\\\/\",\"url\":\"https:\\\/\\\/www.eldiario.net\\\/portal\\\/2023\\\/02\\\/24\\\/revocatorio-impulsado-por-civicos-no-es-una-solucion\\\/\",\"name\":\"Revocatorio impulsado por c\u00edvicos no es una soluci\u00f3n - El Diario - Bolivia\",\"isPartOf\":{\"@id\":\"https:\\\/\\\/www.eldiario.net\\\/portal\\\/#website\"},\"primaryImageOfPage\":{\"@id\":\"https:\\\/\\\/www.eldiario.net\\\/portal\\\/2023\\\/02\\\/24\\\/revocatorio-impulsado-por-civicos-no-es-una-solucion\\\/#primaryimage\"},\"image\":{\"@id\":\"https:\\\/\\\/www.eldiario.net\\\/portal\\\/2023\\\/02\\\/24\\\/revocatorio-impulsado-por-civicos-no-es-una-solucion\\\/#primaryimage\"},\"thumbnailUrl\":\"\",\"datePublished\":\"2023-02-24T09:56:39+00:00\",\"breadcrumb\":{\"@id\":\"https:\\\/\\\/www.eldiario.net\\\/portal\\\/2023\\\/02\\\/24\\\/revocatorio-impulsado-por-civicos-no-es-una-solucion\\\/#breadcrumb\"},\"inLanguage\":\"es\",\"potentialAction\":[{\"@type\":\"ReadAction\",\"target\":[\"https:\\\/\\\/www.eldiario.net\\\/portal\\\/2023\\\/02\\\/24\\\/revocatorio-impulsado-por-civicos-no-es-una-solucion\\\/\"]}]},{\"@type\":\"ImageObject\",\"inLanguage\":\"es\",\"@id\":\"https:\\\/\\\/www.eldiario.net\\\/portal\\\/2023\\\/02\\\/24\\\/revocatorio-impulsado-por-civicos-no-es-una-solucion\\\/#primaryimage\",\"url\":\"\",\"contentUrl\":\"\"},{\"@type\":\"BreadcrumbList\",\"@id\":\"https:\\\/\\\/www.eldiario.net\\\/portal\\\/2023\\\/02\\\/24\\\/revocatorio-impulsado-por-civicos-no-es-una-solucion\\\/#breadcrumb\",\"itemListElement\":[{\"@type\":\"ListItem\",\"position\":1,\"name\":\"Portada\",\"item\":\"https:\\\/\\\/www.eldiario.net\\\/portal\\\/\"},{\"@type\":\"ListItem\",\"position\":2,\"name\":\"Revocatorio impulsado por c\u00edvicos no es una soluci\u00f3n\"}]},{\"@type\":\"WebSite\",\"@id\":\"https:\\\/\\\/www.eldiario.net\\\/portal\\\/#website\",\"url\":\"https:\\\/\\\/www.eldiario.net\\\/portal\\\/\",\"name\":\"El Diario - Decano de la prensa nacional\",\"description\":\"El Diario - Decano de la prensa nacional\",\"publisher\":{\"@id\":\"https:\\\/\\\/www.eldiario.net\\\/portal\\\/#organization\"},\"potentialAction\":[{\"@type\":\"SearchAction\",\"target\":{\"@type\":\"EntryPoint\",\"urlTemplate\":\"https:\\\/\\\/www.eldiario.net\\\/portal\\\/?s={search_term_string}\"},\"query-input\":{\"@type\":\"PropertyValueSpecification\",\"valueRequired\":true,\"valueName\":\"search_term_string\"}}],\"inLanguage\":\"es\"},{\"@type\":\"Organization\",\"@id\":\"https:\\\/\\\/www.eldiario.net\\\/portal\\\/#organization\",\"name\":\"El Diario - Decano de la prensa nacional\",\"url\":\"https:\\\/\\\/www.eldiario.net\\\/portal\\\/\",\"logo\":{\"@type\":\"ImageObject\",\"inLanguage\":\"es\",\"@id\":\"https:\\\/\\\/www.eldiario.net\\\/portal\\\/#\\\/schema\\\/logo\\\/image\\\/\",\"url\":\"https:\\\/\\\/www.eldiario.net\\\/portal\\\/wp-content\\\/uploads\\\/2023\\\/07\\\/logo_ED.jpg\",\"contentUrl\":\"https:\\\/\\\/www.eldiario.net\\\/portal\\\/wp-content\\\/uploads\\\/2023\\\/07\\\/logo_ED.jpg\",\"width\":272,\"height\":52,\"caption\":\"El Diario - Decano de la prensa nacional\"},\"image\":{\"@id\":\"https:\\\/\\\/www.eldiario.net\\\/portal\\\/#\\\/schema\\\/logo\\\/image\\\/\"},\"sameAs\":[\"https:\\\/\\\/www.facebook.com\\\/eldiario.bolivia\\\/\",\"https:\\\/\\\/x.com\\\/eldiario_net\"]},{\"@type\":\"Person\",\"@id\":\"https:\\\/\\\/www.eldiario.net\\\/portal\\\/#\\\/schema\\\/person\\\/f46445640444750d7d753ccd04ae01b7\",\"name\":\"Jeanette\",\"image\":{\"@type\":\"ImageObject\",\"inLanguage\":\"es\",\"@id\":\"https:\\\/\\\/secure.gravatar.com\\\/avatar\\\/3ea2118a5f7dad2b7138b1187a6b7ee55f160b9968b66013c3a3ef39dd7e5798?s=96&d=mm&r=g\",\"url\":\"https:\\\/\\\/secure.gravatar.com\\\/avatar\\\/3ea2118a5f7dad2b7138b1187a6b7ee55f160b9968b66013c3a3ef39dd7e5798?s=96&d=mm&r=g\",\"contentUrl\":\"https:\\\/\\\/secure.gravatar.com\\\/avatar\\\/3ea2118a5f7dad2b7138b1187a6b7ee55f160b9968b66013c3a3ef39dd7e5798?s=96&d=mm&r=g\",\"caption\":\"Jeanette\"},\"sameAs\":[\"https:\\\/\\\/www.eldiario.net\\\/portal\"],\"url\":\"https:\\\/\\\/www.eldiario.net\\\/portal\\\/author\\\/jeanette\\\/\"}]}<\/script>\n<!-- \/ Yoast SEO plugin. -->","yoast_head_json":{"title":"Revocatorio impulsado por c\u00edvicos no es una soluci\u00f3n - El Diario - Bolivia","robots":{"index":"index","follow":"follow","max-snippet":"max-snippet:-1","max-image-preview":"max-image-preview:large","max-video-preview":"max-video-preview:-1"},"canonical":"https:\/\/www.eldiario.net\/portal\/2023\/02\/24\/revocatorio-impulsado-por-civicos-no-es-una-solucion\/","og_locale":"es_ES","og_type":"article","og_title":"Revocatorio impulsado por c\u00edvicos no es una soluci\u00f3n - El Diario - Bolivia","og_description":"Ante los anuncios de dirigentes c\u00edvicos cruce\u00f1os sobre el inicio de gestiones para iniciar un proceso revocatorio contra el presidente del Estado, Luis Arce Catacora, en caso de que la autoridad no acceda a emitir un decreto de amnist\u00eda para presos pol\u00edticos, parlamentarios de oposici\u00f3n se\u00f1alan que esta posibilidad no solucionar\u00eda nada. Desde sus redes [&hellip;]","og_url":"https:\/\/www.eldiario.net\/portal\/2023\/02\/24\/revocatorio-impulsado-por-civicos-no-es-una-solucion\/","og_site_name":"El Diario - Bolivia","article_publisher":"https:\/\/www.facebook.com\/eldiario.bolivia\/","article_published_time":"2023-02-24T09:56:39+00:00","author":"Jeanette","twitter_card":"summary_large_image","twitter_creator":"@eldiario_net","twitter_site":"@eldiario_net","twitter_misc":{"Escrito por":"Jeanette","Tiempo de lectura":"4 minutos"},"schema":{"@context":"https:\/\/schema.org","@graph":[{"@type":"Article","@id":"https:\/\/www.eldiario.net\/portal\/2023\/02\/24\/revocatorio-impulsado-por-civicos-no-es-una-solucion\/#article","isPartOf":{"@id":"https:\/\/www.eldiario.net\/portal\/2023\/02\/24\/revocatorio-impulsado-por-civicos-no-es-una-solucion\/"},"author":{"name":"Jeanette","@id":"https:\/\/www.eldiario.net\/portal\/#\/schema\/person\/f46445640444750d7d753ccd04ae01b7"},"headline":"Revocatorio impulsado por c\u00edvicos no es una soluci\u00f3n","datePublished":"2023-02-24T09:56:39+00:00","mainEntityOfPage":{"@id":"https:\/\/www.eldiario.net\/portal\/2023\/02\/24\/revocatorio-impulsado-por-civicos-no-es-una-solucion\/"},"wordCount":738,"publisher":{"@id":"https:\/\/www.eldiario.net\/portal\/#organization"},"image":{"@id":"https:\/\/www.eldiario.net\/portal\/2023\/02\/24\/revocatorio-impulsado-por-civicos-no-es-una-solucion\/#primaryimage"},"thumbnailUrl":"","articleSection":["Pol\u00edtica"],"inLanguage":"es"},{"@type":"WebPage","@id":"https:\/\/www.eldiario.net\/portal\/2023\/02\/24\/revocatorio-impulsado-por-civicos-no-es-una-solucion\/","url":"https:\/\/www.eldiario.net\/portal\/2023\/02\/24\/revocatorio-impulsado-por-civicos-no-es-una-solucion\/","name":"Revocatorio impulsado por c\u00edvicos no es una soluci\u00f3n - El Diario - Bolivia","isPartOf":{"@id":"https:\/\/www.eldiario.net\/portal\/#website"},"primaryImageOfPage":{"@id":"https:\/\/www.eldiario.net\/portal\/2023\/02\/24\/revocatorio-impulsado-por-civicos-no-es-una-solucion\/#primaryimage"},"image":{"@id":"https:\/\/www.eldiario.net\/portal\/2023\/02\/24\/revocatorio-impulsado-por-civicos-no-es-una-solucion\/#primaryimage"},"thumbnailUrl":"","datePublished":"2023-02-24T09:56:39+00:00","breadcrumb":{"@id":"https:\/\/www.eldiario.net\/portal\/2023\/02\/24\/revocatorio-impulsado-por-civicos-no-es-una-solucion\/#breadcrumb"},"inLanguage":"es","potentialAction":[{"@type":"ReadAction","target":["https:\/\/www.eldiario.net\/portal\/2023\/02\/24\/revocatorio-impulsado-por-civicos-no-es-una-solucion\/"]}]},{"@type":"ImageObject","inLanguage":"es","@id":"https:\/\/www.eldiario.net\/portal\/2023\/02\/24\/revocatorio-impulsado-por-civicos-no-es-una-solucion\/#primaryimage","url":"","contentUrl":""},{"@type":"BreadcrumbList","@id":"https:\/\/www.eldiario.net\/portal\/2023\/02\/24\/revocatorio-impulsado-por-civicos-no-es-una-solucion\/#breadcrumb","itemListElement":[{"@type":"ListItem","position":1,"name":"Portada","item":"https:\/\/www.eldiario.net\/portal\/"},{"@type":"ListItem","position":2,"name":"Revocatorio impulsado por c\u00edvicos no es una soluci\u00f3n"}]},{"@type":"WebSite","@id":"https:\/\/www.eldiario.net\/portal\/#website","url":"https:\/\/www.eldiario.net\/portal\/","name":"El Diario - Decano de la prensa nacional","description":"El Diario - Decano de la prensa nacional","publisher":{"@id":"https:\/\/www.eldiario.net\/portal\/#organization"},"potentialAction":[{"@type":"SearchAction","target":{"@type":"EntryPoint","urlTemplate":"https:\/\/www.eldiario.net\/portal\/?s={search_term_string}"},"query-input":{"@type":"PropertyValueSpecification","valueRequired":true,"valueName":"search_term_string"}}],"inLanguage":"es"},{"@type":"Organization","@id":"https:\/\/www.eldiario.net\/portal\/#organization","name":"El Diario - Decano de la prensa nacional","url":"https:\/\/www.eldiario.net\/portal\/","logo":{"@type":"ImageObject","inLanguage":"es","@id":"https:\/\/www.eldiario.net\/portal\/#\/schema\/logo\/image\/","url":"https:\/\/www.eldiario.net\/portal\/wp-content\/uploads\/2023\/07\/logo_ED.jpg","contentUrl":"https:\/\/www.eldiario.net\/portal\/wp-content\/uploads\/2023\/07\/logo_ED.jpg","width":272,"height":52,"caption":"El Diario - Decano de la prensa nacional"},"image":{"@id":"https:\/\/www.eldiario.net\/portal\/#\/schema\/logo\/image\/"},"sameAs":["https:\/\/www.facebook.com\/eldiario.bolivia\/","https:\/\/x.com\/eldiario_net"]},{"@type":"Person","@id":"https:\/\/www.eldiario.net\/portal\/#\/schema\/person\/f46445640444750d7d753ccd04ae01b7","name":"Jeanette","image":{"@type":"ImageObject","inLanguage":"es","@id":"https:\/\/secure.gravatar.com\/avatar\/3ea2118a5f7dad2b7138b1187a6b7ee55f160b9968b66013c3a3ef39dd7e5798?s=96&d=mm&r=g","url":"https:\/\/secure.gravatar.com\/avatar\/3ea2118a5f7dad2b7138b1187a6b7ee55f160b9968b66013c3a3ef39dd7e5798?s=96&d=mm&r=g","contentUrl":"https:\/\/secure.gravatar.com\/avatar\/3ea2118a5f7dad2b7138b1187a6b7ee55f160b9968b66013c3a3ef39dd7e5798?s=96&d=mm&r=g","caption":"Jeanette"},"sameAs":["https:\/\/www.eldiario.net\/portal"],"url":"https:\/\/www.eldiario.net\/portal\/author\/jeanette\/"}]}},"_links":{"self":[{"href":"https:\/\/www.eldiario.net\/portal\/wp-json\/wp\/v2\/posts\/139804","targetHints":{"allow":["GET"]}}],"collection":[{"href":"https:\/\/www.eldiario.net\/portal\/wp-json\/wp\/v2\/posts"}],"about":[{"href":"https:\/\/www.eldiario.net\/portal\/wp-json\/wp\/v2\/types\/post"}],"author":[{"embeddable":true,"href":"https:\/\/www.eldiario.net\/portal\/wp-json\/wp\/v2\/users\/1"}],"replies":[{"embeddable":true,"href":"https:\/\/www.eldiario.net\/portal\/wp-json\/wp\/v2\/comments?post=139804"}],"version-history":[{"count":0,"href":"https:\/\/www.eldiario.net\/portal\/wp-json\/wp\/v2\/posts\/139804\/revisions"}],"wp:attachment":[{"href":"https:\/\/www.eldiario.net\/portal\/wp-json\/wp\/v2\/media?parent=139804"}],"wp:term":[{"taxonomy":"category","embeddable":true,"href":"https:\/\/www.eldiario.net\/portal\/wp-json\/wp\/v2\/categories?post=139804"},{"taxonomy":"post_tag","embeddable":true,"href":"https:\/\/www.eldiario.net\/portal\/wp-json\/wp\/v2\/tags?post=139804"}],"curies":[{"name":"wp","href":"https:\/\/api.w.org\/{rel}","templated":true}]}}