{"id":139801,"date":"2023-02-24T05:55:50","date_gmt":"2023-02-24T09:55:50","guid":{"rendered":"https:\/\/www.eldiario.net\/portal\/?p=139801"},"modified":"2023-02-24T05:55:50","modified_gmt":"2023-02-24T09:55:50","slug":"asamblea-crucena-debe-hacer-respetar-el-voto-de-santa-cruz","status":"publish","type":"post","link":"https:\/\/www.eldiario.net\/portal\/2023\/02\/24\/asamblea-crucena-debe-hacer-respetar-el-voto-de-santa-cruz\/","title":{"rendered":"Asamblea cruce\u00f1a debe hacer  respetar el voto de Santa Cruz"},"content":{"rendered":"<p>\u201cLos asamble\u00edstas departamentales de Santa Cruz, representantes leg\u00edtimos elegidos por el voto popular tienen la responsabilidad de hacer respetar su decisi\u00f3n y la elecci\u00f3n de sus autoridades\u201d, afirm\u00f3 el diputado Walthy Eg\u00fcez, de la Alianza Creemos, a la conclusi\u00f3n de la audiencia de Acci\u00f3n de Cumplimiento interpuesta por el Movimiento Al Socialismo (MAS) en contra del gobernador, Luis Fernando Camacho, a fin de que cese en sus funciones.<br \/>\n\u201cTiene que hacer respetar la decisi\u00f3n soberana que se ejerci\u00f3 con el voto para la elecci\u00f3n de gobernador y el gobernador de este departamento es Luis Fernando Camacho, los asamble\u00edstas tienen que tener la valent\u00eda de hacer respetar el voto del pueblo cruce\u00f1o hacer respetar lo que eligi\u00f3 el pueblo cruce\u00f1o en su momento\u201d, se\u00f1al\u00f3.<br \/>\nLa audiencia de Acci\u00f3n de Cumplimiento llevada por los vocales Alain Nu\u00f1ez Rojas y Juan Carlos Subieta, de resolvi\u00f3 que sea la Asamblea Legislativa Departamental cruce\u00f1a la autoridad que deba aclarar y, en su caso, resolver los alcances del criterio de \u201causencia temporal\u201d, seg\u00fan establece el art\u00edculo 25 del Estatuto Auton\u00f3mico de Santa Cruz.<br \/>\nLa Sala Constitucional Tercera del Tribunal Departamental de Justicia de Santa Cruz, declin\u00f3 esta competencia y deleg\u00f3 esta decisi\u00f3n a la Asamblea Departamental cruce\u00f1a para que \u201cdebata y defina los supuestos de ausencia temporal\u201d, pertinencia, o no, de la exigencia de que el vicegobernador, Mario Aguilera, asuma el mando departamental.<br \/>\n\u201cTenemos gobernador para rato y aquellos que se estaban frotando las manos pensando que el gobernador hoy d\u00eda dejaba de ejercer su cargo que vayan a dormir\u201d, dijo Eg\u00fcez tras se\u00f1alar que se trat\u00f3 de una determinaci\u00f3n legal que tom\u00f3 en cuenta que el poder constituido no puede sobrepasar al poder constituyente.<br \/>\nNo obstante, se\u00f1al\u00f3 que los vocales, Subieta y N\u00fa\u00f1ez, se \u201clavaron las manos y han pateado la pelota a la Asamblea Departamental\u201d, cuando lo que correspond\u00eda es que esa petici\u00f3n del MAS nunca debi\u00f3 ser admitida porque ha puesto en tela de juicio el voto del ciudadano cruce\u00f1o.<br \/>\n\u201cNo estamos conformes, esta Sala no debi\u00f3 admitir esta Acci\u00f3n, pero sin embargo han pateado la pelota para la Asamblea, la Asamblea ser\u00e1 la encargada de hacer respetar el voto del ciudadano cruce\u00f1o\u201d, concluy\u00f3.<\/p>\n<p>CARLOS DABDOUB<br \/>\nEl exl\u00edder c\u00edvico cruce\u00f1o, Carlos Dabdoub, calific\u00f3 como una \u201caberraci\u00f3n jur\u00eddica\u201d el hecho de que dos o tres jueces intenten ir en contra de la voluntad del pueblo, que m\u00e1s del 50% eligi\u00f3 a Luis Fernando Camacho como el gobernador de Santa Cruz.<br \/>\n\u201cEsto crea un funesto antecedente porque en cualquier momento la justicia va a empezar a tomar presos o a secuestrar, como est\u00e1n haciendo con Camacho y de pronto van a comenzar a decir que se debe designar a otra persona en su lugar. Esto ser\u00eda una bofetada a la democracia y en consecuencia de nada servir\u00eda ir a votar, porque uno va a suponer que de acuerdo a los intereses pol\u00edticos partidarios puedan cambiar a la autoridad cuando quieran\u201d, critic\u00f3 Dabdoub.<br \/>\nCon relaci\u00f3n al proceso que pesa sobre el gobernador cruce\u00f1o, Dabdoub considera que el denominado caso \u201cgolpe de Estado I\u201d es una copia fiel del \u201cCaso Terrorismo\u201d, que fue interpuesto con la finalidad de perseguir judicialmente a las personas que no est\u00e1n de acuerdo con la posici\u00f3n del partido de Gobierno.<br \/>\n\u201cPor eso existe esta campa\u00f1a por una reforma judicial a trav\u00e9s de un referendo. Hoy m\u00e1s que nunca tenemos que pensar en la reforma judicial, porque de esa manera tambi\u00e9n vamos a reforzar la democracia\u201d, concluy\u00f3 Dabdoub. (Santa Cruz, agencias).<\/p>\n","protected":false},"excerpt":{"rendered":"<p>\u201cLos asamble\u00edstas departamentales de Santa Cruz, representantes leg\u00edtimos elegidos por el voto popular tienen la responsabilidad de hacer respetar su decisi\u00f3n y la elecci\u00f3n de sus autoridades\u201d, afirm\u00f3 el diputado Walthy Eg\u00fcez, de la Alianza Creemos, a la conclusi\u00f3n de la audiencia de Acci\u00f3n de Cumplimiento interpuesta por el Movimiento Al Socialismo (MAS) en contra [&hellip;]<\/p>\n","protected":false},"author":1,"featured_media":139802,"comment_status":"closed","ping_status":"closed","sticky":false,"template":"","format":"standard","meta":{"_acf_changed":false,"footnotes":""},"categories":[14],"tags":[],"class_list":["post-139801","post","type-post","status-publish","format-standard","has-post-thumbnail","category-politica"],"acf":{"antetitulo":""},"yoast_head":"<!-- This site is optimized with the Yoast SEO plugin v28.3 - https:\/\/yoast.com\/product\/yoast-seo-wordpress\/ -->\n<title>Asamblea cruce\u00f1a debe hacer respetar el voto de Santa Cruz - El Diario - Bolivia<\/title>\n<meta name=\"robots\" content=\"index, follow, max-snippet:-1, max-image-preview:large, max-video-preview:-1\" \/>\n<link rel=\"canonical\" href=\"https:\/\/www.eldiario.net\/portal\/2023\/02\/24\/asamblea-crucena-debe-hacer-respetar-el-voto-de-santa-cruz\/\" \/>\n<meta property=\"og:locale\" content=\"es_ES\" \/>\n<meta property=\"og:type\" content=\"article\" \/>\n<meta property=\"og:title\" content=\"Asamblea cruce\u00f1a debe hacer respetar el voto de Santa Cruz - El Diario - Bolivia\" \/>\n<meta property=\"og:description\" content=\"\u201cLos asamble\u00edstas departamentales de Santa Cruz, representantes leg\u00edtimos elegidos por el voto popular tienen la responsabilidad de hacer respetar su decisi\u00f3n y la elecci\u00f3n de sus autoridades\u201d, afirm\u00f3 el diputado Walthy Eg\u00fcez, de la Alianza Creemos, a la conclusi\u00f3n de la audiencia de Acci\u00f3n de Cumplimiento interpuesta por el Movimiento Al Socialismo (MAS) en contra [&hellip;]\" \/>\n<meta property=\"og:url\" content=\"https:\/\/www.eldiario.net\/portal\/2023\/02\/24\/asamblea-crucena-debe-hacer-respetar-el-voto-de-santa-cruz\/\" \/>\n<meta property=\"og:site_name\" content=\"El Diario - Bolivia\" \/>\n<meta property=\"article:publisher\" content=\"https:\/\/www.facebook.com\/eldiario.bolivia\/\" \/>\n<meta property=\"article:published_time\" content=\"2023-02-24T09:55:50+00:00\" \/>\n<meta name=\"author\" content=\"Jeanette\" \/>\n<meta name=\"twitter:card\" content=\"summary_large_image\" \/>\n<meta name=\"twitter:creator\" content=\"@eldiario_net\" \/>\n<meta name=\"twitter:site\" content=\"@eldiario_net\" \/>\n<meta name=\"twitter:label1\" content=\"Escrito por\" \/>\n\t<meta name=\"twitter:data1\" content=\"Jeanette\" \/>\n\t<meta name=\"twitter:label2\" content=\"Tiempo de lectura\" \/>\n\t<meta name=\"twitter:data2\" content=\"3 minutos\" \/>\n<script type=\"application\/ld+json\" class=\"yoast-schema-graph\">{\"@context\":\"https:\\\/\\\/schema.org\",\"@graph\":[{\"@type\":\"Article\",\"@id\":\"https:\\\/\\\/www.eldiario.net\\\/portal\\\/2023\\\/02\\\/24\\\/asamblea-crucena-debe-hacer-respetar-el-voto-de-santa-cruz\\\/#article\",\"isPartOf\":{\"@id\":\"https:\\\/\\\/www.eldiario.net\\\/portal\\\/2023\\\/02\\\/24\\\/asamblea-crucena-debe-hacer-respetar-el-voto-de-santa-cruz\\\/\"},\"author\":{\"name\":\"Jeanette\",\"@id\":\"https:\\\/\\\/www.eldiario.net\\\/portal\\\/#\\\/schema\\\/person\\\/f46445640444750d7d753ccd04ae01b7\"},\"headline\":\"Asamblea cruce\u00f1a debe hacer respetar el voto de Santa Cruz\",\"datePublished\":\"2023-02-24T09:55:50+00:00\",\"mainEntityOfPage\":{\"@id\":\"https:\\\/\\\/www.eldiario.net\\\/portal\\\/2023\\\/02\\\/24\\\/asamblea-crucena-debe-hacer-respetar-el-voto-de-santa-cruz\\\/\"},\"wordCount\":638,\"publisher\":{\"@id\":\"https:\\\/\\\/www.eldiario.net\\\/portal\\\/#organization\"},\"image\":{\"@id\":\"https:\\\/\\\/www.eldiario.net\\\/portal\\\/2023\\\/02\\\/24\\\/asamblea-crucena-debe-hacer-respetar-el-voto-de-santa-cruz\\\/#primaryimage\"},\"thumbnailUrl\":\"\",\"articleSection\":[\"Pol\u00edtica\"],\"inLanguage\":\"es\"},{\"@type\":\"WebPage\",\"@id\":\"https:\\\/\\\/www.eldiario.net\\\/portal\\\/2023\\\/02\\\/24\\\/asamblea-crucena-debe-hacer-respetar-el-voto-de-santa-cruz\\\/\",\"url\":\"https:\\\/\\\/www.eldiario.net\\\/portal\\\/2023\\\/02\\\/24\\\/asamblea-crucena-debe-hacer-respetar-el-voto-de-santa-cruz\\\/\",\"name\":\"Asamblea cruce\u00f1a debe hacer respetar el voto de Santa Cruz - El Diario - Bolivia\",\"isPartOf\":{\"@id\":\"https:\\\/\\\/www.eldiario.net\\\/portal\\\/#website\"},\"primaryImageOfPage\":{\"@id\":\"https:\\\/\\\/www.eldiario.net\\\/portal\\\/2023\\\/02\\\/24\\\/asamblea-crucena-debe-hacer-respetar-el-voto-de-santa-cruz\\\/#primaryimage\"},\"image\":{\"@id\":\"https:\\\/\\\/www.eldiario.net\\\/portal\\\/2023\\\/02\\\/24\\\/asamblea-crucena-debe-hacer-respetar-el-voto-de-santa-cruz\\\/#primaryimage\"},\"thumbnailUrl\":\"\",\"datePublished\":\"2023-02-24T09:55:50+00:00\",\"breadcrumb\":{\"@id\":\"https:\\\/\\\/www.eldiario.net\\\/portal\\\/2023\\\/02\\\/24\\\/asamblea-crucena-debe-hacer-respetar-el-voto-de-santa-cruz\\\/#breadcrumb\"},\"inLanguage\":\"es\",\"potentialAction\":[{\"@type\":\"ReadAction\",\"target\":[\"https:\\\/\\\/www.eldiario.net\\\/portal\\\/2023\\\/02\\\/24\\\/asamblea-crucena-debe-hacer-respetar-el-voto-de-santa-cruz\\\/\"]}]},{\"@type\":\"ImageObject\",\"inLanguage\":\"es\",\"@id\":\"https:\\\/\\\/www.eldiario.net\\\/portal\\\/2023\\\/02\\\/24\\\/asamblea-crucena-debe-hacer-respetar-el-voto-de-santa-cruz\\\/#primaryimage\",\"url\":\"\",\"contentUrl\":\"\"},{\"@type\":\"BreadcrumbList\",\"@id\":\"https:\\\/\\\/www.eldiario.net\\\/portal\\\/2023\\\/02\\\/24\\\/asamblea-crucena-debe-hacer-respetar-el-voto-de-santa-cruz\\\/#breadcrumb\",\"itemListElement\":[{\"@type\":\"ListItem\",\"position\":1,\"name\":\"Portada\",\"item\":\"https:\\\/\\\/www.eldiario.net\\\/portal\\\/\"},{\"@type\":\"ListItem\",\"position\":2,\"name\":\"Asamblea cruce\u00f1a debe hacer respetar el voto de Santa Cruz\"}]},{\"@type\":\"WebSite\",\"@id\":\"https:\\\/\\\/www.eldiario.net\\\/portal\\\/#website\",\"url\":\"https:\\\/\\\/www.eldiario.net\\\/portal\\\/\",\"name\":\"El Diario - Decano de la prensa nacional\",\"description\":\"El Diario - Decano de la prensa nacional\",\"publisher\":{\"@id\":\"https:\\\/\\\/www.eldiario.net\\\/portal\\\/#organization\"},\"potentialAction\":[{\"@type\":\"SearchAction\",\"target\":{\"@type\":\"EntryPoint\",\"urlTemplate\":\"https:\\\/\\\/www.eldiario.net\\\/portal\\\/?s={search_term_string}\"},\"query-input\":{\"@type\":\"PropertyValueSpecification\",\"valueRequired\":true,\"valueName\":\"search_term_string\"}}],\"inLanguage\":\"es\"},{\"@type\":\"Organization\",\"@id\":\"https:\\\/\\\/www.eldiario.net\\\/portal\\\/#organization\",\"name\":\"El Diario - Decano de la prensa nacional\",\"url\":\"https:\\\/\\\/www.eldiario.net\\\/portal\\\/\",\"logo\":{\"@type\":\"ImageObject\",\"inLanguage\":\"es\",\"@id\":\"https:\\\/\\\/www.eldiario.net\\\/portal\\\/#\\\/schema\\\/logo\\\/image\\\/\",\"url\":\"https:\\\/\\\/www.eldiario.net\\\/portal\\\/wp-content\\\/uploads\\\/2023\\\/07\\\/logo_ED.jpg\",\"contentUrl\":\"https:\\\/\\\/www.eldiario.net\\\/portal\\\/wp-content\\\/uploads\\\/2023\\\/07\\\/logo_ED.jpg\",\"width\":272,\"height\":52,\"caption\":\"El Diario - Decano de la prensa nacional\"},\"image\":{\"@id\":\"https:\\\/\\\/www.eldiario.net\\\/portal\\\/#\\\/schema\\\/logo\\\/image\\\/\"},\"sameAs\":[\"https:\\\/\\\/www.facebook.com\\\/eldiario.bolivia\\\/\",\"https:\\\/\\\/x.com\\\/eldiario_net\"]},{\"@type\":\"Person\",\"@id\":\"https:\\\/\\\/www.eldiario.net\\\/portal\\\/#\\\/schema\\\/person\\\/f46445640444750d7d753ccd04ae01b7\",\"name\":\"Jeanette\",\"image\":{\"@type\":\"ImageObject\",\"inLanguage\":\"es\",\"@id\":\"https:\\\/\\\/secure.gravatar.com\\\/avatar\\\/3ea2118a5f7dad2b7138b1187a6b7ee55f160b9968b66013c3a3ef39dd7e5798?s=96&d=mm&r=g\",\"url\":\"https:\\\/\\\/secure.gravatar.com\\\/avatar\\\/3ea2118a5f7dad2b7138b1187a6b7ee55f160b9968b66013c3a3ef39dd7e5798?s=96&d=mm&r=g\",\"contentUrl\":\"https:\\\/\\\/secure.gravatar.com\\\/avatar\\\/3ea2118a5f7dad2b7138b1187a6b7ee55f160b9968b66013c3a3ef39dd7e5798?s=96&d=mm&r=g\",\"caption\":\"Jeanette\"},\"sameAs\":[\"https:\\\/\\\/www.eldiario.net\\\/portal\"],\"url\":\"https:\\\/\\\/www.eldiario.net\\\/portal\\\/author\\\/jeanette\\\/\"}]}<\/script>\n<!-- \/ Yoast SEO plugin. -->","yoast_head_json":{"title":"Asamblea cruce\u00f1a debe hacer respetar el voto de Santa Cruz - El Diario - Bolivia","robots":{"index":"index","follow":"follow","max-snippet":"max-snippet:-1","max-image-preview":"max-image-preview:large","max-video-preview":"max-video-preview:-1"},"canonical":"https:\/\/www.eldiario.net\/portal\/2023\/02\/24\/asamblea-crucena-debe-hacer-respetar-el-voto-de-santa-cruz\/","og_locale":"es_ES","og_type":"article","og_title":"Asamblea cruce\u00f1a debe hacer respetar el voto de Santa Cruz - El Diario - Bolivia","og_description":"\u201cLos asamble\u00edstas departamentales de Santa Cruz, representantes leg\u00edtimos elegidos por el voto popular tienen la responsabilidad de hacer respetar su decisi\u00f3n y la elecci\u00f3n de sus autoridades\u201d, afirm\u00f3 el diputado Walthy Eg\u00fcez, de la Alianza Creemos, a la conclusi\u00f3n de la audiencia de Acci\u00f3n de Cumplimiento interpuesta por el Movimiento Al Socialismo (MAS) en contra [&hellip;]","og_url":"https:\/\/www.eldiario.net\/portal\/2023\/02\/24\/asamblea-crucena-debe-hacer-respetar-el-voto-de-santa-cruz\/","og_site_name":"El Diario - Bolivia","article_publisher":"https:\/\/www.facebook.com\/eldiario.bolivia\/","article_published_time":"2023-02-24T09:55:50+00:00","author":"Jeanette","twitter_card":"summary_large_image","twitter_creator":"@eldiario_net","twitter_site":"@eldiario_net","twitter_misc":{"Escrito por":"Jeanette","Tiempo de lectura":"3 minutos"},"schema":{"@context":"https:\/\/schema.org","@graph":[{"@type":"Article","@id":"https:\/\/www.eldiario.net\/portal\/2023\/02\/24\/asamblea-crucena-debe-hacer-respetar-el-voto-de-santa-cruz\/#article","isPartOf":{"@id":"https:\/\/www.eldiario.net\/portal\/2023\/02\/24\/asamblea-crucena-debe-hacer-respetar-el-voto-de-santa-cruz\/"},"author":{"name":"Jeanette","@id":"https:\/\/www.eldiario.net\/portal\/#\/schema\/person\/f46445640444750d7d753ccd04ae01b7"},"headline":"Asamblea cruce\u00f1a debe hacer respetar el voto de Santa Cruz","datePublished":"2023-02-24T09:55:50+00:00","mainEntityOfPage":{"@id":"https:\/\/www.eldiario.net\/portal\/2023\/02\/24\/asamblea-crucena-debe-hacer-respetar-el-voto-de-santa-cruz\/"},"wordCount":638,"publisher":{"@id":"https:\/\/www.eldiario.net\/portal\/#organization"},"image":{"@id":"https:\/\/www.eldiario.net\/portal\/2023\/02\/24\/asamblea-crucena-debe-hacer-respetar-el-voto-de-santa-cruz\/#primaryimage"},"thumbnailUrl":"","articleSection":["Pol\u00edtica"],"inLanguage":"es"},{"@type":"WebPage","@id":"https:\/\/www.eldiario.net\/portal\/2023\/02\/24\/asamblea-crucena-debe-hacer-respetar-el-voto-de-santa-cruz\/","url":"https:\/\/www.eldiario.net\/portal\/2023\/02\/24\/asamblea-crucena-debe-hacer-respetar-el-voto-de-santa-cruz\/","name":"Asamblea cruce\u00f1a debe hacer respetar el voto de Santa Cruz - El Diario - Bolivia","isPartOf":{"@id":"https:\/\/www.eldiario.net\/portal\/#website"},"primaryImageOfPage":{"@id":"https:\/\/www.eldiario.net\/portal\/2023\/02\/24\/asamblea-crucena-debe-hacer-respetar-el-voto-de-santa-cruz\/#primaryimage"},"image":{"@id":"https:\/\/www.eldiario.net\/portal\/2023\/02\/24\/asamblea-crucena-debe-hacer-respetar-el-voto-de-santa-cruz\/#primaryimage"},"thumbnailUrl":"","datePublished":"2023-02-24T09:55:50+00:00","breadcrumb":{"@id":"https:\/\/www.eldiario.net\/portal\/2023\/02\/24\/asamblea-crucena-debe-hacer-respetar-el-voto-de-santa-cruz\/#breadcrumb"},"inLanguage":"es","potentialAction":[{"@type":"ReadAction","target":["https:\/\/www.eldiario.net\/portal\/2023\/02\/24\/asamblea-crucena-debe-hacer-respetar-el-voto-de-santa-cruz\/"]}]},{"@type":"ImageObject","inLanguage":"es","@id":"https:\/\/www.eldiario.net\/portal\/2023\/02\/24\/asamblea-crucena-debe-hacer-respetar-el-voto-de-santa-cruz\/#primaryimage","url":"","contentUrl":""},{"@type":"BreadcrumbList","@id":"https:\/\/www.eldiario.net\/portal\/2023\/02\/24\/asamblea-crucena-debe-hacer-respetar-el-voto-de-santa-cruz\/#breadcrumb","itemListElement":[{"@type":"ListItem","position":1,"name":"Portada","item":"https:\/\/www.eldiario.net\/portal\/"},{"@type":"ListItem","position":2,"name":"Asamblea cruce\u00f1a debe hacer respetar el voto de Santa Cruz"}]},{"@type":"WebSite","@id":"https:\/\/www.eldiario.net\/portal\/#website","url":"https:\/\/www.eldiario.net\/portal\/","name":"El Diario - Decano de la prensa nacional","description":"El Diario - Decano de la prensa nacional","publisher":{"@id":"https:\/\/www.eldiario.net\/portal\/#organization"},"potentialAction":[{"@type":"SearchAction","target":{"@type":"EntryPoint","urlTemplate":"https:\/\/www.eldiario.net\/portal\/?s={search_term_string}"},"query-input":{"@type":"PropertyValueSpecification","valueRequired":true,"valueName":"search_term_string"}}],"inLanguage":"es"},{"@type":"Organization","@id":"https:\/\/www.eldiario.net\/portal\/#organization","name":"El Diario - Decano de la prensa nacional","url":"https:\/\/www.eldiario.net\/portal\/","logo":{"@type":"ImageObject","inLanguage":"es","@id":"https:\/\/www.eldiario.net\/portal\/#\/schema\/logo\/image\/","url":"https:\/\/www.eldiario.net\/portal\/wp-content\/uploads\/2023\/07\/logo_ED.jpg","contentUrl":"https:\/\/www.eldiario.net\/portal\/wp-content\/uploads\/2023\/07\/logo_ED.jpg","width":272,"height":52,"caption":"El Diario - Decano de la prensa nacional"},"image":{"@id":"https:\/\/www.eldiario.net\/portal\/#\/schema\/logo\/image\/"},"sameAs":["https:\/\/www.facebook.com\/eldiario.bolivia\/","https:\/\/x.com\/eldiario_net"]},{"@type":"Person","@id":"https:\/\/www.eldiario.net\/portal\/#\/schema\/person\/f46445640444750d7d753ccd04ae01b7","name":"Jeanette","image":{"@type":"ImageObject","inLanguage":"es","@id":"https:\/\/secure.gravatar.com\/avatar\/3ea2118a5f7dad2b7138b1187a6b7ee55f160b9968b66013c3a3ef39dd7e5798?s=96&d=mm&r=g","url":"https:\/\/secure.gravatar.com\/avatar\/3ea2118a5f7dad2b7138b1187a6b7ee55f160b9968b66013c3a3ef39dd7e5798?s=96&d=mm&r=g","contentUrl":"https:\/\/secure.gravatar.com\/avatar\/3ea2118a5f7dad2b7138b1187a6b7ee55f160b9968b66013c3a3ef39dd7e5798?s=96&d=mm&r=g","caption":"Jeanette"},"sameAs":["https:\/\/www.eldiario.net\/portal"],"url":"https:\/\/www.eldiario.net\/portal\/author\/jeanette\/"}]}},"_links":{"self":[{"href":"https:\/\/www.eldiario.net\/portal\/wp-json\/wp\/v2\/posts\/139801","targetHints":{"allow":["GET"]}}],"collection":[{"href":"https:\/\/www.eldiario.net\/portal\/wp-json\/wp\/v2\/posts"}],"about":[{"href":"https:\/\/www.eldiario.net\/portal\/wp-json\/wp\/v2\/types\/post"}],"author":[{"embeddable":true,"href":"https:\/\/www.eldiario.net\/portal\/wp-json\/wp\/v2\/users\/1"}],"replies":[{"embeddable":true,"href":"https:\/\/www.eldiario.net\/portal\/wp-json\/wp\/v2\/comments?post=139801"}],"version-history":[{"count":0,"href":"https:\/\/www.eldiario.net\/portal\/wp-json\/wp\/v2\/posts\/139801\/revisions"}],"wp:attachment":[{"href":"https:\/\/www.eldiario.net\/portal\/wp-json\/wp\/v2\/media?parent=139801"}],"wp:term":[{"taxonomy":"category","embeddable":true,"href":"https:\/\/www.eldiario.net\/portal\/wp-json\/wp\/v2\/categories?post=139801"},{"taxonomy":"post_tag","embeddable":true,"href":"https:\/\/www.eldiario.net\/portal\/wp-json\/wp\/v2\/tags?post=139801"}],"curies":[{"name":"wp","href":"https:\/\/api.w.org\/{rel}","templated":true}]}}