{"id":139795,"date":"2023-02-24T05:53:47","date_gmt":"2023-02-24T09:53:47","guid":{"rendered":"https:\/\/www.eldiario.net\/portal\/?p=139795"},"modified":"2023-02-24T05:53:47","modified_gmt":"2023-02-24T09:53:47","slug":"cuando-va-a-declarar-evo-morales-2","status":"publish","type":"post","link":"https:\/\/www.eldiario.net\/portal\/2023\/02\/24\/cuando-va-a-declarar-evo-morales-2\/","title":{"rendered":"\u00bfCu\u00e1ndo va a declarar Evo Morales?"},"content":{"rendered":"<p>Durante el r\u00e9gimen masista han sido decenas o centenares las personas que han tenido que declarar ante lo que hemos llamado el \u201cfiscalato\u201d. Ha habido varias de ellas que han fallecido en las c\u00e1rceles o como consecuencia de la abusiva \u201cdetenci\u00f3n preventiva\u201d, a la espera de ser juzgados y recibir una sentencia, como dicta la ley. Sabemos, sin embargo, que la detenci\u00f3n preventiva, no es tal en Bolivia y que se ha convertido en una modalidad de castigo permanente, definitiva, sin juicio ni sentencia.<br \/>\nDestacados periodistas y comentaristas de prensa nacionales se vienen refiriendo, en los \u00faltimos d\u00edas, a lo extra\u00f1o que resulta que el m\u00e1s trascendente de los pol\u00edticos bolivianos en lo que va del siglo (Evo Morales, nos guste o no), se mantenga protegido por el poder, que no lo ha perdido totalmente, y que est\u00e9 salvaguardado de una urgente y necesaria investigaci\u00f3n. Porque si alguien tiene algo serio que declarar, si alguien sabe todo lo malo que ha sucedido en este pa\u00eds en los \u00faltimos 20 a\u00f1os, ese es Morales. Pero no nos referimos a sus festivas declaraciones dominicales en la radio cocalera Kawsachun Coca del Chapare, donde habla los dislates m\u00e1s grandes, sino confesiones que tiene que hacer ante el \u201cfiscalato\u201d que \u00e9l mismo cre\u00f3 con las absurdas y tramposas elecciones judiciales. Es decir que esperamos rinda cuentas de sus actos como mandatario, respondiendo por la canalla estafa del 21-F, uno de los m\u00e1s penosos ejemplos de podredumbre democr\u00e1tica en Bolivia, alentada por Morales y que contin\u00faa sin castigo siete a\u00f1os despu\u00e9s.<br \/>\nSuponemos que entre los a\u00f1os 2006 y 2019 en que Morales ejerci\u00f3 la jefatura del Estado, requerir\u00eda someterse a un juicio de responsabilidades. Al general Hugo Banzer lo sometieron, por sus a\u00f1os de dictadura, \u201ca caso de Corte\u201d en el Parlamento, que no prosper\u00f3; y al general Garc\u00eda Meza, por el mismo m\u00e9todo, lo sentenciaron a 30 a\u00f1os de presidio. A Morales lo puede citar a declarar el \u201cfiscalato\u201d por los desmanes que cometi\u00f3 antes del a\u00f1o 2006 y por sus abominables acciones como consecuencia del fraude electoral del 2019, cuando hizo un vergonzoso abandono de sus funciones presidenciales, obligando, adem\u00e1s, a sus sucesores legales, a que dejaran la presidencia en acefal\u00eda y a la democracia desguarnecida, es decir el desbarajuste total. En los d\u00edas en que huy\u00f3 a M\u00e9xico, cuando Jeanine A\u00f1ez salv\u00f3 la institucionalidad, Morales llam\u00f3 a cercar la ciudad de La Paz y condenarla al hambre y el enfrentamiento, con el prop\u00f3sito \u00edntimo de que le devolvieran el poder. Senkata, Sacaba, asaltos e incendios, reuni\u00f3n en la Universidad Cat\u00f3lica, todo esto debe aclarar el jefe masista ante la justicia ordinaria, a mera citaci\u00f3n de los fiscales, sin esperar los dos tercios del Congreso. Pero, claro, los fiscales operan a las \u00f3rdenes del fiel Lanchipa.<br \/>\nJeanine A\u00f1ez est\u00e1 encarcelada desde hace dos a\u00f1os por una infame venganza de Morales. Como por el mismo motivo, est\u00e1, desde hace algunas semanas, secuestrado en Chonchocoro, el gobernador cruce\u00f1o Luis Fernando Camacho, en una de las humillaciones m\u00e1s grandes que nos han hecho a los cruce\u00f1os. Igualmente fueron apresados militares y ex ministros que el jefe cocalero no soportaba ver en libertad. Y ahora, el \u201cjefazo\u201d apunta sus ca\u00f1ones contra la Iglesia cat\u00f3lica, a la que detesta desde luego, y a la que quiere hacer part\u00edcipe de aquel \u201cgolpe\u201d que se ha inventado, movilizando a su incondicional Wilfredo Ch\u00e1vez. Sabe Morales que la Iglesia no tuvo ninguna actitud alejada de la ley, sabe que tampoco la tuvieron quienes asistieron a las reuniones de la universidad, pero necesita echar culpas a otros para borrar las propias.<br \/>\nSi se acusa a Jeanine A\u00f1ez y a L. F. Camacho por los acontecimientos de Senkata y Sacaba, donde est\u00e1 claro de que nada tuvieron que ver, \u00bfc\u00f3mo podr\u00e1 descargarse Morales ante los fiscales y jueces de las matanzas de Porvenir, la Calancha y los asesinatos sombr\u00edos del Hotel Las Am\u00e9ricas? \u00bfY de las pateaduras en Chaparina? \u00bfPuede rehuir su responsabilidad? Si se acusa a la ex presidente de un negociado censurable pero rid\u00edculo como el de los respiradores cuando la peste del COVID, \u00bfc\u00f3mo descargarse el \u201cjefazo\u201d de miles de millones de d\u00f3lares tirados a troche y moche, siempre repartiendo \u201ccomisiones\u201d a los hermanos del MAS, en museos, aeropuertos, ingenios innecesarios, y en carreteras inconclusas? \u00bfEn el multimillonario y gansteril asalto al Fondo Ind\u00edgena? \u00bfDe la mal ubicada planta de urea metida en medio del Chapare? \u00bfDe la p\u00e9rdida de las barcazas chinas que las pagamos y ni siquiera las vimos en Bolivia? \u00bfDe ese sat\u00e9lite chino car\u00edsimo, que hizo lagrimear a tanto ingenuo y que seg\u00fan Morales nos llevar\u00eda a la era espacial pero que sali\u00f3 al espacio y no supimos qu\u00e9 funci\u00f3n importante prest\u00f3? \u00bfY qu\u00e9 de la formidable estampida de avionetas repletas de coca\u00edna que por su excesivo peso caen a tierra en cuanto levantan vuelo? \u00bfTendr\u00e1 algo que declarar ante el \u201cfiscalato\u201d el se\u00f1or Evo Morales? \u00bfO tampoco sabr\u00e1 nada de la se\u00f1ora Zapata y tuti cuanti? \u00bfY qu\u00e9 de la debacle diplom\u00e1tica de La Haya que enterr\u00f3 el tema mar\u00edtimo e hizo aparecer el ahora compartido \u201cr\u00edo\u201d Silala?<br \/>\nPara que Evo Morales vaya a un juicio de responsabilidades se requiere dos tercios en la Asamblea que la oposici\u00f3n no tiene en estos momentos. Pero, si es as\u00ed, \u00bfde qu\u00e9 privilegios goza el jefe cocalero para no declarar ante los tribunales ordinarios? \u00bfAcaso del privilegio de haber designado a dedo a los actuales magistrados? \u00bfY para colmo de la prerrogativa de se\u00f1alar a quienes se debe encarcelar? Ya es hora de que Morales conozca el mal olor de los juzgados. Es hora de que fiscales y jueces tengan el valor de mirarle a los ojos a su bienhechor y le hagan sentir el sufrimiento de la detenci\u00f3n preventiva, para empezar.<\/p>\n","protected":false},"excerpt":{"rendered":"<p>Durante el r\u00e9gimen masista han sido decenas o centenares las personas que han tenido que declarar ante lo que hemos llamado el \u201cfiscalato\u201d. Ha habido varias de ellas que han fallecido en las c\u00e1rceles o como consecuencia de la abusiva \u201cdetenci\u00f3n preventiva\u201d, a la espera de ser juzgados y recibir una sentencia, como dicta la [&hellip;]<\/p>\n","protected":false},"author":1,"featured_media":3793,"comment_status":"closed","ping_status":"closed","sticky":false,"template":"","format":"standard","meta":{"_acf_changed":false,"footnotes":""},"categories":[9],"tags":[],"class_list":["post-139795","post","type-post","status-publish","format-standard","has-post-thumbnail","category-opinion"],"acf":{"antetitulo":""},"yoast_head":"<!-- This site is optimized with the Yoast SEO plugin v28.3 - https:\/\/yoast.com\/product\/yoast-seo-wordpress\/ -->\n<title>\u00bfCu\u00e1ndo va a declarar Evo Morales? - El Diario - Bolivia<\/title>\n<meta name=\"robots\" content=\"index, follow, max-snippet:-1, max-image-preview:large, max-video-preview:-1\" \/>\n<link rel=\"canonical\" href=\"https:\/\/www.eldiario.net\/portal\/2023\/02\/24\/cuando-va-a-declarar-evo-morales-2\/\" \/>\n<meta property=\"og:locale\" content=\"es_ES\" \/>\n<meta property=\"og:type\" content=\"article\" \/>\n<meta property=\"og:title\" content=\"\u00bfCu\u00e1ndo va a declarar Evo Morales? - El Diario - Bolivia\" \/>\n<meta property=\"og:description\" content=\"Durante el r\u00e9gimen masista han sido decenas o centenares las personas que han tenido que declarar ante lo que hemos llamado el \u201cfiscalato\u201d. Ha habido varias de ellas que han fallecido en las c\u00e1rceles o como consecuencia de la abusiva \u201cdetenci\u00f3n preventiva\u201d, a la espera de ser juzgados y recibir una sentencia, como dicta la [&hellip;]\" \/>\n<meta property=\"og:url\" content=\"https:\/\/www.eldiario.net\/portal\/2023\/02\/24\/cuando-va-a-declarar-evo-morales-2\/\" \/>\n<meta property=\"og:site_name\" content=\"El Diario - Bolivia\" \/>\n<meta property=\"article:publisher\" content=\"https:\/\/www.facebook.com\/eldiario.bolivia\/\" \/>\n<meta property=\"article:published_time\" content=\"2023-02-24T09:53:47+00:00\" \/>\n<meta property=\"og:image\" content=\"https:\/\/www.eldiario.net\/portal\/wp-content\/uploads\/2021\/05\/Manfredo-Kempff-Suarez-1.jpg\" \/>\n\t<meta property=\"og:image:width\" content=\"1200\" \/>\n\t<meta property=\"og:image:height\" content=\"628\" \/>\n\t<meta property=\"og:image:type\" content=\"image\/jpeg\" \/>\n<meta name=\"author\" content=\"Jeanette\" \/>\n<meta name=\"twitter:card\" content=\"summary_large_image\" \/>\n<meta name=\"twitter:creator\" content=\"@eldiario_net\" \/>\n<meta name=\"twitter:site\" content=\"@eldiario_net\" \/>\n<meta name=\"twitter:label1\" content=\"Escrito por\" \/>\n\t<meta name=\"twitter:data1\" content=\"Jeanette\" \/>\n<script type=\"application\/ld+json\" class=\"yoast-schema-graph\">{\"@context\":\"https:\\\/\\\/schema.org\",\"@graph\":[{\"@type\":\"Article\",\"@id\":\"https:\\\/\\\/www.eldiario.net\\\/portal\\\/2023\\\/02\\\/24\\\/cuando-va-a-declarar-evo-morales-2\\\/#article\",\"isPartOf\":{\"@id\":\"https:\\\/\\\/www.eldiario.net\\\/portal\\\/2023\\\/02\\\/24\\\/cuando-va-a-declarar-evo-morales-2\\\/\"},\"author\":{\"name\":\"Jeanette\",\"@id\":\"https:\\\/\\\/www.eldiario.net\\\/portal\\\/#\\\/schema\\\/person\\\/f46445640444750d7d753ccd04ae01b7\"},\"headline\":\"\u00bfCu\u00e1ndo va a declarar Evo Morales?\",\"datePublished\":\"2023-02-24T09:53:47+00:00\",\"mainEntityOfPage\":{\"@id\":\"https:\\\/\\\/www.eldiario.net\\\/portal\\\/2023\\\/02\\\/24\\\/cuando-va-a-declarar-evo-morales-2\\\/\"},\"wordCount\":1030,\"publisher\":{\"@id\":\"https:\\\/\\\/www.eldiario.net\\\/portal\\\/#organization\"},\"image\":{\"@id\":\"https:\\\/\\\/www.eldiario.net\\\/portal\\\/2023\\\/02\\\/24\\\/cuando-va-a-declarar-evo-morales-2\\\/#primaryimage\"},\"thumbnailUrl\":\"https:\\\/\\\/www.eldiario.net\\\/portal\\\/wp-content\\\/uploads\\\/2021\\\/05\\\/Manfredo-Kempff-Suarez-1.jpg\",\"articleSection\":[\"Opini\u00f3n\"],\"inLanguage\":\"es\"},{\"@type\":\"WebPage\",\"@id\":\"https:\\\/\\\/www.eldiario.net\\\/portal\\\/2023\\\/02\\\/24\\\/cuando-va-a-declarar-evo-morales-2\\\/\",\"url\":\"https:\\\/\\\/www.eldiario.net\\\/portal\\\/2023\\\/02\\\/24\\\/cuando-va-a-declarar-evo-morales-2\\\/\",\"name\":\"\u00bfCu\u00e1ndo va a declarar Evo Morales? - El Diario - Bolivia\",\"isPartOf\":{\"@id\":\"https:\\\/\\\/www.eldiario.net\\\/portal\\\/#website\"},\"primaryImageOfPage\":{\"@id\":\"https:\\\/\\\/www.eldiario.net\\\/portal\\\/2023\\\/02\\\/24\\\/cuando-va-a-declarar-evo-morales-2\\\/#primaryimage\"},\"image\":{\"@id\":\"https:\\\/\\\/www.eldiario.net\\\/portal\\\/2023\\\/02\\\/24\\\/cuando-va-a-declarar-evo-morales-2\\\/#primaryimage\"},\"thumbnailUrl\":\"https:\\\/\\\/www.eldiario.net\\\/portal\\\/wp-content\\\/uploads\\\/2021\\\/05\\\/Manfredo-Kempff-Suarez-1.jpg\",\"datePublished\":\"2023-02-24T09:53:47+00:00\",\"breadcrumb\":{\"@id\":\"https:\\\/\\\/www.eldiario.net\\\/portal\\\/2023\\\/02\\\/24\\\/cuando-va-a-declarar-evo-morales-2\\\/#breadcrumb\"},\"inLanguage\":\"es\",\"potentialAction\":[{\"@type\":\"ReadAction\",\"target\":[\"https:\\\/\\\/www.eldiario.net\\\/portal\\\/2023\\\/02\\\/24\\\/cuando-va-a-declarar-evo-morales-2\\\/\"]}]},{\"@type\":\"ImageObject\",\"inLanguage\":\"es\",\"@id\":\"https:\\\/\\\/www.eldiario.net\\\/portal\\\/2023\\\/02\\\/24\\\/cuando-va-a-declarar-evo-morales-2\\\/#primaryimage\",\"url\":\"https:\\\/\\\/www.eldiario.net\\\/portal\\\/wp-content\\\/uploads\\\/2021\\\/05\\\/Manfredo-Kempff-Suarez-1.jpg\",\"contentUrl\":\"https:\\\/\\\/www.eldiario.net\\\/portal\\\/wp-content\\\/uploads\\\/2021\\\/05\\\/Manfredo-Kempff-Suarez-1.jpg\",\"width\":1200,\"height\":628},{\"@type\":\"BreadcrumbList\",\"@id\":\"https:\\\/\\\/www.eldiario.net\\\/portal\\\/2023\\\/02\\\/24\\\/cuando-va-a-declarar-evo-morales-2\\\/#breadcrumb\",\"itemListElement\":[{\"@type\":\"ListItem\",\"position\":1,\"name\":\"Portada\",\"item\":\"https:\\\/\\\/www.eldiario.net\\\/portal\\\/\"},{\"@type\":\"ListItem\",\"position\":2,\"name\":\"\u00bfCu\u00e1ndo va a declarar Evo Morales?\"}]},{\"@type\":\"WebSite\",\"@id\":\"https:\\\/\\\/www.eldiario.net\\\/portal\\\/#website\",\"url\":\"https:\\\/\\\/www.eldiario.net\\\/portal\\\/\",\"name\":\"El Diario - Decano de la prensa nacional\",\"description\":\"El Diario - Decano de la prensa nacional\",\"publisher\":{\"@id\":\"https:\\\/\\\/www.eldiario.net\\\/portal\\\/#organization\"},\"potentialAction\":[{\"@type\":\"SearchAction\",\"target\":{\"@type\":\"EntryPoint\",\"urlTemplate\":\"https:\\\/\\\/www.eldiario.net\\\/portal\\\/?s={search_term_string}\"},\"query-input\":{\"@type\":\"PropertyValueSpecification\",\"valueRequired\":true,\"valueName\":\"search_term_string\"}}],\"inLanguage\":\"es\"},{\"@type\":\"Organization\",\"@id\":\"https:\\\/\\\/www.eldiario.net\\\/portal\\\/#organization\",\"name\":\"El Diario - Decano de la prensa nacional\",\"url\":\"https:\\\/\\\/www.eldiario.net\\\/portal\\\/\",\"logo\":{\"@type\":\"ImageObject\",\"inLanguage\":\"es\",\"@id\":\"https:\\\/\\\/www.eldiario.net\\\/portal\\\/#\\\/schema\\\/logo\\\/image\\\/\",\"url\":\"https:\\\/\\\/www.eldiario.net\\\/portal\\\/wp-content\\\/uploads\\\/2023\\\/07\\\/logo_ED.jpg\",\"contentUrl\":\"https:\\\/\\\/www.eldiario.net\\\/portal\\\/wp-content\\\/uploads\\\/2023\\\/07\\\/logo_ED.jpg\",\"width\":272,\"height\":52,\"caption\":\"El Diario - Decano de la prensa nacional\"},\"image\":{\"@id\":\"https:\\\/\\\/www.eldiario.net\\\/portal\\\/#\\\/schema\\\/logo\\\/image\\\/\"},\"sameAs\":[\"https:\\\/\\\/www.facebook.com\\\/eldiario.bolivia\\\/\",\"https:\\\/\\\/x.com\\\/eldiario_net\"]},{\"@type\":\"Person\",\"@id\":\"https:\\\/\\\/www.eldiario.net\\\/portal\\\/#\\\/schema\\\/person\\\/f46445640444750d7d753ccd04ae01b7\",\"name\":\"Jeanette\",\"image\":{\"@type\":\"ImageObject\",\"inLanguage\":\"es\",\"@id\":\"https:\\\/\\\/secure.gravatar.com\\\/avatar\\\/3ea2118a5f7dad2b7138b1187a6b7ee55f160b9968b66013c3a3ef39dd7e5798?s=96&d=mm&r=g\",\"url\":\"https:\\\/\\\/secure.gravatar.com\\\/avatar\\\/3ea2118a5f7dad2b7138b1187a6b7ee55f160b9968b66013c3a3ef39dd7e5798?s=96&d=mm&r=g\",\"contentUrl\":\"https:\\\/\\\/secure.gravatar.com\\\/avatar\\\/3ea2118a5f7dad2b7138b1187a6b7ee55f160b9968b66013c3a3ef39dd7e5798?s=96&d=mm&r=g\",\"caption\":\"Jeanette\"},\"sameAs\":[\"https:\\\/\\\/www.eldiario.net\\\/portal\"],\"url\":\"https:\\\/\\\/www.eldiario.net\\\/portal\\\/author\\\/jeanette\\\/\"}]}<\/script>\n<!-- \/ Yoast SEO plugin. -->","yoast_head_json":{"title":"\u00bfCu\u00e1ndo va a declarar Evo Morales? - El Diario - Bolivia","robots":{"index":"index","follow":"follow","max-snippet":"max-snippet:-1","max-image-preview":"max-image-preview:large","max-video-preview":"max-video-preview:-1"},"canonical":"https:\/\/www.eldiario.net\/portal\/2023\/02\/24\/cuando-va-a-declarar-evo-morales-2\/","og_locale":"es_ES","og_type":"article","og_title":"\u00bfCu\u00e1ndo va a declarar Evo Morales? - El Diario - Bolivia","og_description":"Durante el r\u00e9gimen masista han sido decenas o centenares las personas que han tenido que declarar ante lo que hemos llamado el \u201cfiscalato\u201d. Ha habido varias de ellas que han fallecido en las c\u00e1rceles o como consecuencia de la abusiva \u201cdetenci\u00f3n preventiva\u201d, a la espera de ser juzgados y recibir una sentencia, como dicta la [&hellip;]","og_url":"https:\/\/www.eldiario.net\/portal\/2023\/02\/24\/cuando-va-a-declarar-evo-morales-2\/","og_site_name":"El Diario - Bolivia","article_publisher":"https:\/\/www.facebook.com\/eldiario.bolivia\/","article_published_time":"2023-02-24T09:53:47+00:00","og_image":[{"width":1200,"height":628,"url":"https:\/\/www.eldiario.net\/portal\/wp-content\/uploads\/2021\/05\/Manfredo-Kempff-Suarez-1.jpg","type":"image\/jpeg"}],"author":"Jeanette","twitter_card":"summary_large_image","twitter_creator":"@eldiario_net","twitter_site":"@eldiario_net","twitter_misc":{"Escrito por":"Jeanette"},"schema":{"@context":"https:\/\/schema.org","@graph":[{"@type":"Article","@id":"https:\/\/www.eldiario.net\/portal\/2023\/02\/24\/cuando-va-a-declarar-evo-morales-2\/#article","isPartOf":{"@id":"https:\/\/www.eldiario.net\/portal\/2023\/02\/24\/cuando-va-a-declarar-evo-morales-2\/"},"author":{"name":"Jeanette","@id":"https:\/\/www.eldiario.net\/portal\/#\/schema\/person\/f46445640444750d7d753ccd04ae01b7"},"headline":"\u00bfCu\u00e1ndo va a declarar Evo Morales?","datePublished":"2023-02-24T09:53:47+00:00","mainEntityOfPage":{"@id":"https:\/\/www.eldiario.net\/portal\/2023\/02\/24\/cuando-va-a-declarar-evo-morales-2\/"},"wordCount":1030,"publisher":{"@id":"https:\/\/www.eldiario.net\/portal\/#organization"},"image":{"@id":"https:\/\/www.eldiario.net\/portal\/2023\/02\/24\/cuando-va-a-declarar-evo-morales-2\/#primaryimage"},"thumbnailUrl":"https:\/\/www.eldiario.net\/portal\/wp-content\/uploads\/2021\/05\/Manfredo-Kempff-Suarez-1.jpg","articleSection":["Opini\u00f3n"],"inLanguage":"es"},{"@type":"WebPage","@id":"https:\/\/www.eldiario.net\/portal\/2023\/02\/24\/cuando-va-a-declarar-evo-morales-2\/","url":"https:\/\/www.eldiario.net\/portal\/2023\/02\/24\/cuando-va-a-declarar-evo-morales-2\/","name":"\u00bfCu\u00e1ndo va a declarar Evo Morales? - El Diario - Bolivia","isPartOf":{"@id":"https:\/\/www.eldiario.net\/portal\/#website"},"primaryImageOfPage":{"@id":"https:\/\/www.eldiario.net\/portal\/2023\/02\/24\/cuando-va-a-declarar-evo-morales-2\/#primaryimage"},"image":{"@id":"https:\/\/www.eldiario.net\/portal\/2023\/02\/24\/cuando-va-a-declarar-evo-morales-2\/#primaryimage"},"thumbnailUrl":"https:\/\/www.eldiario.net\/portal\/wp-content\/uploads\/2021\/05\/Manfredo-Kempff-Suarez-1.jpg","datePublished":"2023-02-24T09:53:47+00:00","breadcrumb":{"@id":"https:\/\/www.eldiario.net\/portal\/2023\/02\/24\/cuando-va-a-declarar-evo-morales-2\/#breadcrumb"},"inLanguage":"es","potentialAction":[{"@type":"ReadAction","target":["https:\/\/www.eldiario.net\/portal\/2023\/02\/24\/cuando-va-a-declarar-evo-morales-2\/"]}]},{"@type":"ImageObject","inLanguage":"es","@id":"https:\/\/www.eldiario.net\/portal\/2023\/02\/24\/cuando-va-a-declarar-evo-morales-2\/#primaryimage","url":"https:\/\/www.eldiario.net\/portal\/wp-content\/uploads\/2021\/05\/Manfredo-Kempff-Suarez-1.jpg","contentUrl":"https:\/\/www.eldiario.net\/portal\/wp-content\/uploads\/2021\/05\/Manfredo-Kempff-Suarez-1.jpg","width":1200,"height":628},{"@type":"BreadcrumbList","@id":"https:\/\/www.eldiario.net\/portal\/2023\/02\/24\/cuando-va-a-declarar-evo-morales-2\/#breadcrumb","itemListElement":[{"@type":"ListItem","position":1,"name":"Portada","item":"https:\/\/www.eldiario.net\/portal\/"},{"@type":"ListItem","position":2,"name":"\u00bfCu\u00e1ndo va a declarar Evo Morales?"}]},{"@type":"WebSite","@id":"https:\/\/www.eldiario.net\/portal\/#website","url":"https:\/\/www.eldiario.net\/portal\/","name":"El Diario - Decano de la prensa nacional","description":"El Diario - Decano de la prensa nacional","publisher":{"@id":"https:\/\/www.eldiario.net\/portal\/#organization"},"potentialAction":[{"@type":"SearchAction","target":{"@type":"EntryPoint","urlTemplate":"https:\/\/www.eldiario.net\/portal\/?s={search_term_string}"},"query-input":{"@type":"PropertyValueSpecification","valueRequired":true,"valueName":"search_term_string"}}],"inLanguage":"es"},{"@type":"Organization","@id":"https:\/\/www.eldiario.net\/portal\/#organization","name":"El Diario - Decano de la prensa nacional","url":"https:\/\/www.eldiario.net\/portal\/","logo":{"@type":"ImageObject","inLanguage":"es","@id":"https:\/\/www.eldiario.net\/portal\/#\/schema\/logo\/image\/","url":"https:\/\/www.eldiario.net\/portal\/wp-content\/uploads\/2023\/07\/logo_ED.jpg","contentUrl":"https:\/\/www.eldiario.net\/portal\/wp-content\/uploads\/2023\/07\/logo_ED.jpg","width":272,"height":52,"caption":"El Diario - Decano de la prensa nacional"},"image":{"@id":"https:\/\/www.eldiario.net\/portal\/#\/schema\/logo\/image\/"},"sameAs":["https:\/\/www.facebook.com\/eldiario.bolivia\/","https:\/\/x.com\/eldiario_net"]},{"@type":"Person","@id":"https:\/\/www.eldiario.net\/portal\/#\/schema\/person\/f46445640444750d7d753ccd04ae01b7","name":"Jeanette","image":{"@type":"ImageObject","inLanguage":"es","@id":"https:\/\/secure.gravatar.com\/avatar\/3ea2118a5f7dad2b7138b1187a6b7ee55f160b9968b66013c3a3ef39dd7e5798?s=96&d=mm&r=g","url":"https:\/\/secure.gravatar.com\/avatar\/3ea2118a5f7dad2b7138b1187a6b7ee55f160b9968b66013c3a3ef39dd7e5798?s=96&d=mm&r=g","contentUrl":"https:\/\/secure.gravatar.com\/avatar\/3ea2118a5f7dad2b7138b1187a6b7ee55f160b9968b66013c3a3ef39dd7e5798?s=96&d=mm&r=g","caption":"Jeanette"},"sameAs":["https:\/\/www.eldiario.net\/portal"],"url":"https:\/\/www.eldiario.net\/portal\/author\/jeanette\/"}]}},"_links":{"self":[{"href":"https:\/\/www.eldiario.net\/portal\/wp-json\/wp\/v2\/posts\/139795","targetHints":{"allow":["GET"]}}],"collection":[{"href":"https:\/\/www.eldiario.net\/portal\/wp-json\/wp\/v2\/posts"}],"about":[{"href":"https:\/\/www.eldiario.net\/portal\/wp-json\/wp\/v2\/types\/post"}],"author":[{"embeddable":true,"href":"https:\/\/www.eldiario.net\/portal\/wp-json\/wp\/v2\/users\/1"}],"replies":[{"embeddable":true,"href":"https:\/\/www.eldiario.net\/portal\/wp-json\/wp\/v2\/comments?post=139795"}],"version-history":[{"count":0,"href":"https:\/\/www.eldiario.net\/portal\/wp-json\/wp\/v2\/posts\/139795\/revisions"}],"wp:featuredmedia":[{"embeddable":true,"href":"https:\/\/www.eldiario.net\/portal\/wp-json\/wp\/v2\/media\/3793"}],"wp:attachment":[{"href":"https:\/\/www.eldiario.net\/portal\/wp-json\/wp\/v2\/media?parent=139795"}],"wp:term":[{"taxonomy":"category","embeddable":true,"href":"https:\/\/www.eldiario.net\/portal\/wp-json\/wp\/v2\/categories?post=139795"},{"taxonomy":"post_tag","embeddable":true,"href":"https:\/\/www.eldiario.net\/portal\/wp-json\/wp\/v2\/tags?post=139795"}],"curies":[{"name":"wp","href":"https:\/\/api.w.org\/{rel}","templated":true}]}}