{"id":139793,"date":"2023-02-24T05:53:12","date_gmt":"2023-02-24T09:53:12","guid":{"rendered":"https:\/\/www.eldiario.net\/portal\/?p=139793"},"modified":"2023-02-24T05:53:12","modified_gmt":"2023-02-24T09:53:12","slug":"otra-vez-munich","status":"publish","type":"post","link":"https:\/\/www.eldiario.net\/portal\/2023\/02\/24\/otra-vez-munich\/","title":{"rendered":"\u00bfOtra vez M\u00fanich?"},"content":{"rendered":"<p><em><strong>Mikhail Ledenev<\/strong><\/em><\/p>\n<p>En el transcurso de la historia la capital de Baviera ya se ha convertido en el centro de los \u201cputsches de la cervecer\u00eda\u201d, que hicieron posible la llegada de Hitler al poder y el estallido de la Segunda Guerra Mundial, que culmin\u00f3 con una cat\u00e1strofe para Alemania.<br \/>\nEsta vez los participantes de la Conferencia de Seguridad de M\u00fanich volvieron a llenar los bares cercanos. Los resultados no se hicieron esperar. El 18 de febrero Annalena Baerbock, la Ministra Federal de Asuntos Exteriores de Alemania, exhort\u00f3 a Vlad\u00edmir Putin que \u201cdiera un giro de 360 grados\u201d en su curso. De acuerdo con las leyes de geometr\u00eda, un giro as\u00ed significa seguir exactamente en la misma l\u00ednea. As\u00ed que encontramos a un aliado inesperado. Vienen a la mente las palabras de Liz Truss, quien en febrero de 2022, siendo Ministra de Asuntos Exteriores del Reino Unido, en las negociaciones con el Canciller ruso Sergu\u00e9i Lavrov puso en duda la soberan\u00eda de Rusia sobre Rostov del Don y Voronezh. Es como dudar de que Oruro y Cochabamba pertenezcan a Bolivia.<br \/>\nLos pol\u00edticos con tal competencia est\u00e1n incentivando la confrontaci\u00f3n con Rusia, suministran armamentos a Ucrania que de repente se hizo tan querida por ellos. Hacen caso omiso a las medidas poco democr\u00e1ticas de las autoridades ucranianas, como prohibir partidos de oposici\u00f3n, cerrar medios no controlados, glorificar a los nazis. Hace poco una de las brigadas de las FFAA ucranianas fue nombrada \u201cEdelweiss\u201d, al igual que una divisi\u00f3n de la Alemania nazi. Sobre los veh\u00edculos blindados de Ucrania ponen las marcas de identificaci\u00f3n de Wehrmacht. Los neonazis ucranianos ni se empe\u00f1an en ocultar de qui\u00e9n han heredado su ideolog\u00eda. \u00bfPor qu\u00e9 entonces todo esto es ignorado por el Occidente? La respuesta es simple. Los pa\u00edses occidentales prefieren tener a alguien luchando contra Rusia.<br \/>\nEl objetivo planteado ante s\u00ed mismo por el Occidente colectivo se formula de la siguiente manera: obligar a los rusos a sufrir para despu\u00e9s destruir a Rusia. Josep Borrell, el jefe de la diplomacia de la Uni\u00f3n Europea, agreg\u00f3: todo el planeta es una jungla, por lo tanto hay que cuidar el jard\u00edn europeo. As\u00ed se ponen de relieve los instintos coloniales.<br \/>\nLos m\u00e9todos aplicados a fin de conseguir tales metas son a veces extraordinarios. Por ejemplo, la detonaci\u00f3n en septiembre del a\u00f1o pasado del gasoducto \u201cNord Stream\u201d, cuyo objetivo era suministrar el gas ruso a Europa. Vasily Nebenzya, el Representante Permanente de Rusia ante la ONU, afirm\u00f3 que se conoce no s\u00f3lo el motivo de este crimen, sino qui\u00e9n y c\u00f3mo lo hab\u00eda cometido. El 8 de febrero Seymour Hersh, el ganador del premio Pulitzer, public\u00f3 la primera parte de su investigaci\u00f3n, responsabilizando de las explosiones a EEUU. La prensa occidental hizo o\u00eddos sordos a la publicaci\u00f3n. Extra\u00f1a falta de inter\u00e9s ante tama\u00f1a sensaci\u00f3n.<br \/>\nEl 21 de febrero en su intervenci\u00f3n ante la Asamblea Federal, Vlad\u00edmir Putin destac\u00f3 que el Occidente desde hace mucho hab\u00eda preparado a Ucrania para una gran guerra. Lo evidencian, entre otros, los reconocimientos de Angela Merkel, la ex Canciller alemana, y Fran\u00e7ois Hollande, el ex Presidente franc\u00e9s, respecto al farol en torno a los Acuerdos de Minsk y el cuarteto de Normand\u00eda.<br \/>\nEl Presidente ruso subray\u00f3 que las esperanzas de destruir el sistema econ\u00f3mico de Rusia hab\u00edan fracasado. Las encuestas reflejan un apoyo r\u00e9cord al Presidente ruso por parte de la opini\u00f3n p\u00fablica. Siempre ha sido as\u00ed: el pueblo ruso se une ante una presi\u00f3n externa. Por eso m\u00e1s de 150 mil millones de d\u00f3lares gastados \u00faltimamente por el Occidente en armamentos no disminuir\u00e1n la potencia de Rusia.<br \/>\nVlad\u00edmir Putin hizo hincapi\u00e9 en que como resultado de las guerras desatadas por EEUU despu\u00e9s de 2001 hab\u00edan fallecido 900 mil personas, m\u00e1s de 38 millones se convirtieron en refugiados. Por lo tanto los intentos de Estados Unidos y sus aliados de la OTAN de llorar l\u00e1grimas de cocodrilo a nadie har\u00e1n creer. Codician el dominio global a toda costa. Rusia los est\u00e1 desafiando.<\/p>\n<p>Embajador de Rusia, Mikhail Ledenev.<\/p>\n","protected":false},"excerpt":{"rendered":"<p>Mikhail Ledenev En el transcurso de la historia la capital de Baviera ya se ha convertido en el centro de los \u201cputsches de la cervecer\u00eda\u201d, que hicieron posible la llegada de Hitler al poder y el estallido de la Segunda Guerra Mundial, que culmin\u00f3 con una cat\u00e1strofe para Alemania. Esta vez los participantes de la [&hellip;]<\/p>\n","protected":false},"author":1,"featured_media":0,"comment_status":"closed","ping_status":"closed","sticky":false,"template":"","format":"standard","meta":{"_acf_changed":false,"footnotes":""},"categories":[9],"tags":[],"class_list":["post-139793","post","type-post","status-publish","format-standard","category-opinion"],"acf":{"antetitulo":""},"yoast_head":"<!-- This site is optimized with the Yoast SEO plugin v28.3 - https:\/\/yoast.com\/product\/yoast-seo-wordpress\/ -->\n<title>\u00bfOtra vez M\u00fanich? - El Diario - Bolivia<\/title>\n<meta name=\"robots\" content=\"index, follow, max-snippet:-1, max-image-preview:large, max-video-preview:-1\" \/>\n<link rel=\"canonical\" href=\"https:\/\/www.eldiario.net\/portal\/2023\/02\/24\/otra-vez-munich\/\" \/>\n<meta property=\"og:locale\" content=\"es_ES\" \/>\n<meta property=\"og:type\" content=\"article\" \/>\n<meta property=\"og:title\" content=\"\u00bfOtra vez M\u00fanich? - El Diario - Bolivia\" \/>\n<meta property=\"og:description\" content=\"Mikhail Ledenev En el transcurso de la historia la capital de Baviera ya se ha convertido en el centro de los \u201cputsches de la cervecer\u00eda\u201d, que hicieron posible la llegada de Hitler al poder y el estallido de la Segunda Guerra Mundial, que culmin\u00f3 con una cat\u00e1strofe para Alemania. Esta vez los participantes de la [&hellip;]\" \/>\n<meta property=\"og:url\" content=\"https:\/\/www.eldiario.net\/portal\/2023\/02\/24\/otra-vez-munich\/\" \/>\n<meta property=\"og:site_name\" content=\"El Diario - Bolivia\" \/>\n<meta property=\"article:publisher\" content=\"https:\/\/www.facebook.com\/eldiario.bolivia\/\" \/>\n<meta property=\"article:published_time\" content=\"2023-02-24T09:53:12+00:00\" \/>\n<meta name=\"author\" content=\"Jeanette\" \/>\n<meta name=\"twitter:card\" content=\"summary_large_image\" \/>\n<meta name=\"twitter:creator\" content=\"@eldiario_net\" \/>\n<meta name=\"twitter:site\" content=\"@eldiario_net\" \/>\n<meta name=\"twitter:label1\" content=\"Escrito por\" \/>\n\t<meta name=\"twitter:data1\" content=\"Jeanette\" \/>\n\t<meta name=\"twitter:label2\" content=\"Tiempo de lectura\" \/>\n\t<meta name=\"twitter:data2\" content=\"4 minutos\" \/>\n<script type=\"application\/ld+json\" class=\"yoast-schema-graph\">{\"@context\":\"https:\\\/\\\/schema.org\",\"@graph\":[{\"@type\":\"Article\",\"@id\":\"https:\\\/\\\/www.eldiario.net\\\/portal\\\/2023\\\/02\\\/24\\\/otra-vez-munich\\\/#article\",\"isPartOf\":{\"@id\":\"https:\\\/\\\/www.eldiario.net\\\/portal\\\/2023\\\/02\\\/24\\\/otra-vez-munich\\\/\"},\"author\":{\"name\":\"Jeanette\",\"@id\":\"https:\\\/\\\/www.eldiario.net\\\/portal\\\/#\\\/schema\\\/person\\\/f46445640444750d7d753ccd04ae01b7\"},\"headline\":\"\u00bfOtra vez M\u00fanich?\",\"datePublished\":\"2023-02-24T09:53:12+00:00\",\"mainEntityOfPage\":{\"@id\":\"https:\\\/\\\/www.eldiario.net\\\/portal\\\/2023\\\/02\\\/24\\\/otra-vez-munich\\\/\"},\"wordCount\":717,\"publisher\":{\"@id\":\"https:\\\/\\\/www.eldiario.net\\\/portal\\\/#organization\"},\"articleSection\":[\"Opini\u00f3n\"],\"inLanguage\":\"es\"},{\"@type\":\"WebPage\",\"@id\":\"https:\\\/\\\/www.eldiario.net\\\/portal\\\/2023\\\/02\\\/24\\\/otra-vez-munich\\\/\",\"url\":\"https:\\\/\\\/www.eldiario.net\\\/portal\\\/2023\\\/02\\\/24\\\/otra-vez-munich\\\/\",\"name\":\"\u00bfOtra vez M\u00fanich? - El Diario - Bolivia\",\"isPartOf\":{\"@id\":\"https:\\\/\\\/www.eldiario.net\\\/portal\\\/#website\"},\"datePublished\":\"2023-02-24T09:53:12+00:00\",\"breadcrumb\":{\"@id\":\"https:\\\/\\\/www.eldiario.net\\\/portal\\\/2023\\\/02\\\/24\\\/otra-vez-munich\\\/#breadcrumb\"},\"inLanguage\":\"es\",\"potentialAction\":[{\"@type\":\"ReadAction\",\"target\":[\"https:\\\/\\\/www.eldiario.net\\\/portal\\\/2023\\\/02\\\/24\\\/otra-vez-munich\\\/\"]}]},{\"@type\":\"BreadcrumbList\",\"@id\":\"https:\\\/\\\/www.eldiario.net\\\/portal\\\/2023\\\/02\\\/24\\\/otra-vez-munich\\\/#breadcrumb\",\"itemListElement\":[{\"@type\":\"ListItem\",\"position\":1,\"name\":\"Portada\",\"item\":\"https:\\\/\\\/www.eldiario.net\\\/portal\\\/\"},{\"@type\":\"ListItem\",\"position\":2,\"name\":\"\u00bfOtra vez M\u00fanich?\"}]},{\"@type\":\"WebSite\",\"@id\":\"https:\\\/\\\/www.eldiario.net\\\/portal\\\/#website\",\"url\":\"https:\\\/\\\/www.eldiario.net\\\/portal\\\/\",\"name\":\"El Diario - Decano de la prensa nacional\",\"description\":\"El Diario - Decano de la prensa nacional\",\"publisher\":{\"@id\":\"https:\\\/\\\/www.eldiario.net\\\/portal\\\/#organization\"},\"potentialAction\":[{\"@type\":\"SearchAction\",\"target\":{\"@type\":\"EntryPoint\",\"urlTemplate\":\"https:\\\/\\\/www.eldiario.net\\\/portal\\\/?s={search_term_string}\"},\"query-input\":{\"@type\":\"PropertyValueSpecification\",\"valueRequired\":true,\"valueName\":\"search_term_string\"}}],\"inLanguage\":\"es\"},{\"@type\":\"Organization\",\"@id\":\"https:\\\/\\\/www.eldiario.net\\\/portal\\\/#organization\",\"name\":\"El Diario - Decano de la prensa nacional\",\"url\":\"https:\\\/\\\/www.eldiario.net\\\/portal\\\/\",\"logo\":{\"@type\":\"ImageObject\",\"inLanguage\":\"es\",\"@id\":\"https:\\\/\\\/www.eldiario.net\\\/portal\\\/#\\\/schema\\\/logo\\\/image\\\/\",\"url\":\"https:\\\/\\\/www.eldiario.net\\\/portal\\\/wp-content\\\/uploads\\\/2023\\\/07\\\/logo_ED.jpg\",\"contentUrl\":\"https:\\\/\\\/www.eldiario.net\\\/portal\\\/wp-content\\\/uploads\\\/2023\\\/07\\\/logo_ED.jpg\",\"width\":272,\"height\":52,\"caption\":\"El Diario - Decano de la prensa nacional\"},\"image\":{\"@id\":\"https:\\\/\\\/www.eldiario.net\\\/portal\\\/#\\\/schema\\\/logo\\\/image\\\/\"},\"sameAs\":[\"https:\\\/\\\/www.facebook.com\\\/eldiario.bolivia\\\/\",\"https:\\\/\\\/x.com\\\/eldiario_net\"]},{\"@type\":\"Person\",\"@id\":\"https:\\\/\\\/www.eldiario.net\\\/portal\\\/#\\\/schema\\\/person\\\/f46445640444750d7d753ccd04ae01b7\",\"name\":\"Jeanette\",\"image\":{\"@type\":\"ImageObject\",\"inLanguage\":\"es\",\"@id\":\"https:\\\/\\\/secure.gravatar.com\\\/avatar\\\/3ea2118a5f7dad2b7138b1187a6b7ee55f160b9968b66013c3a3ef39dd7e5798?s=96&d=mm&r=g\",\"url\":\"https:\\\/\\\/secure.gravatar.com\\\/avatar\\\/3ea2118a5f7dad2b7138b1187a6b7ee55f160b9968b66013c3a3ef39dd7e5798?s=96&d=mm&r=g\",\"contentUrl\":\"https:\\\/\\\/secure.gravatar.com\\\/avatar\\\/3ea2118a5f7dad2b7138b1187a6b7ee55f160b9968b66013c3a3ef39dd7e5798?s=96&d=mm&r=g\",\"caption\":\"Jeanette\"},\"sameAs\":[\"https:\\\/\\\/www.eldiario.net\\\/portal\"],\"url\":\"https:\\\/\\\/www.eldiario.net\\\/portal\\\/author\\\/jeanette\\\/\"}]}<\/script>\n<!-- \/ Yoast SEO plugin. -->","yoast_head_json":{"title":"\u00bfOtra vez M\u00fanich? - El Diario - Bolivia","robots":{"index":"index","follow":"follow","max-snippet":"max-snippet:-1","max-image-preview":"max-image-preview:large","max-video-preview":"max-video-preview:-1"},"canonical":"https:\/\/www.eldiario.net\/portal\/2023\/02\/24\/otra-vez-munich\/","og_locale":"es_ES","og_type":"article","og_title":"\u00bfOtra vez M\u00fanich? - El Diario - Bolivia","og_description":"Mikhail Ledenev En el transcurso de la historia la capital de Baviera ya se ha convertido en el centro de los \u201cputsches de la cervecer\u00eda\u201d, que hicieron posible la llegada de Hitler al poder y el estallido de la Segunda Guerra Mundial, que culmin\u00f3 con una cat\u00e1strofe para Alemania. Esta vez los participantes de la [&hellip;]","og_url":"https:\/\/www.eldiario.net\/portal\/2023\/02\/24\/otra-vez-munich\/","og_site_name":"El Diario - Bolivia","article_publisher":"https:\/\/www.facebook.com\/eldiario.bolivia\/","article_published_time":"2023-02-24T09:53:12+00:00","author":"Jeanette","twitter_card":"summary_large_image","twitter_creator":"@eldiario_net","twitter_site":"@eldiario_net","twitter_misc":{"Escrito por":"Jeanette","Tiempo de lectura":"4 minutos"},"schema":{"@context":"https:\/\/schema.org","@graph":[{"@type":"Article","@id":"https:\/\/www.eldiario.net\/portal\/2023\/02\/24\/otra-vez-munich\/#article","isPartOf":{"@id":"https:\/\/www.eldiario.net\/portal\/2023\/02\/24\/otra-vez-munich\/"},"author":{"name":"Jeanette","@id":"https:\/\/www.eldiario.net\/portal\/#\/schema\/person\/f46445640444750d7d753ccd04ae01b7"},"headline":"\u00bfOtra vez M\u00fanich?","datePublished":"2023-02-24T09:53:12+00:00","mainEntityOfPage":{"@id":"https:\/\/www.eldiario.net\/portal\/2023\/02\/24\/otra-vez-munich\/"},"wordCount":717,"publisher":{"@id":"https:\/\/www.eldiario.net\/portal\/#organization"},"articleSection":["Opini\u00f3n"],"inLanguage":"es"},{"@type":"WebPage","@id":"https:\/\/www.eldiario.net\/portal\/2023\/02\/24\/otra-vez-munich\/","url":"https:\/\/www.eldiario.net\/portal\/2023\/02\/24\/otra-vez-munich\/","name":"\u00bfOtra vez M\u00fanich? - El Diario - Bolivia","isPartOf":{"@id":"https:\/\/www.eldiario.net\/portal\/#website"},"datePublished":"2023-02-24T09:53:12+00:00","breadcrumb":{"@id":"https:\/\/www.eldiario.net\/portal\/2023\/02\/24\/otra-vez-munich\/#breadcrumb"},"inLanguage":"es","potentialAction":[{"@type":"ReadAction","target":["https:\/\/www.eldiario.net\/portal\/2023\/02\/24\/otra-vez-munich\/"]}]},{"@type":"BreadcrumbList","@id":"https:\/\/www.eldiario.net\/portal\/2023\/02\/24\/otra-vez-munich\/#breadcrumb","itemListElement":[{"@type":"ListItem","position":1,"name":"Portada","item":"https:\/\/www.eldiario.net\/portal\/"},{"@type":"ListItem","position":2,"name":"\u00bfOtra vez M\u00fanich?"}]},{"@type":"WebSite","@id":"https:\/\/www.eldiario.net\/portal\/#website","url":"https:\/\/www.eldiario.net\/portal\/","name":"El Diario - Decano de la prensa nacional","description":"El Diario - Decano de la prensa nacional","publisher":{"@id":"https:\/\/www.eldiario.net\/portal\/#organization"},"potentialAction":[{"@type":"SearchAction","target":{"@type":"EntryPoint","urlTemplate":"https:\/\/www.eldiario.net\/portal\/?s={search_term_string}"},"query-input":{"@type":"PropertyValueSpecification","valueRequired":true,"valueName":"search_term_string"}}],"inLanguage":"es"},{"@type":"Organization","@id":"https:\/\/www.eldiario.net\/portal\/#organization","name":"El Diario - Decano de la prensa nacional","url":"https:\/\/www.eldiario.net\/portal\/","logo":{"@type":"ImageObject","inLanguage":"es","@id":"https:\/\/www.eldiario.net\/portal\/#\/schema\/logo\/image\/","url":"https:\/\/www.eldiario.net\/portal\/wp-content\/uploads\/2023\/07\/logo_ED.jpg","contentUrl":"https:\/\/www.eldiario.net\/portal\/wp-content\/uploads\/2023\/07\/logo_ED.jpg","width":272,"height":52,"caption":"El Diario - Decano de la prensa nacional"},"image":{"@id":"https:\/\/www.eldiario.net\/portal\/#\/schema\/logo\/image\/"},"sameAs":["https:\/\/www.facebook.com\/eldiario.bolivia\/","https:\/\/x.com\/eldiario_net"]},{"@type":"Person","@id":"https:\/\/www.eldiario.net\/portal\/#\/schema\/person\/f46445640444750d7d753ccd04ae01b7","name":"Jeanette","image":{"@type":"ImageObject","inLanguage":"es","@id":"https:\/\/secure.gravatar.com\/avatar\/3ea2118a5f7dad2b7138b1187a6b7ee55f160b9968b66013c3a3ef39dd7e5798?s=96&d=mm&r=g","url":"https:\/\/secure.gravatar.com\/avatar\/3ea2118a5f7dad2b7138b1187a6b7ee55f160b9968b66013c3a3ef39dd7e5798?s=96&d=mm&r=g","contentUrl":"https:\/\/secure.gravatar.com\/avatar\/3ea2118a5f7dad2b7138b1187a6b7ee55f160b9968b66013c3a3ef39dd7e5798?s=96&d=mm&r=g","caption":"Jeanette"},"sameAs":["https:\/\/www.eldiario.net\/portal"],"url":"https:\/\/www.eldiario.net\/portal\/author\/jeanette\/"}]}},"_links":{"self":[{"href":"https:\/\/www.eldiario.net\/portal\/wp-json\/wp\/v2\/posts\/139793","targetHints":{"allow":["GET"]}}],"collection":[{"href":"https:\/\/www.eldiario.net\/portal\/wp-json\/wp\/v2\/posts"}],"about":[{"href":"https:\/\/www.eldiario.net\/portal\/wp-json\/wp\/v2\/types\/post"}],"author":[{"embeddable":true,"href":"https:\/\/www.eldiario.net\/portal\/wp-json\/wp\/v2\/users\/1"}],"replies":[{"embeddable":true,"href":"https:\/\/www.eldiario.net\/portal\/wp-json\/wp\/v2\/comments?post=139793"}],"version-history":[{"count":0,"href":"https:\/\/www.eldiario.net\/portal\/wp-json\/wp\/v2\/posts\/139793\/revisions"}],"wp:attachment":[{"href":"https:\/\/www.eldiario.net\/portal\/wp-json\/wp\/v2\/media?parent=139793"}],"wp:term":[{"taxonomy":"category","embeddable":true,"href":"https:\/\/www.eldiario.net\/portal\/wp-json\/wp\/v2\/categories?post=139793"},{"taxonomy":"post_tag","embeddable":true,"href":"https:\/\/www.eldiario.net\/portal\/wp-json\/wp\/v2\/tags?post=139793"}],"curies":[{"name":"wp","href":"https:\/\/api.w.org\/{rel}","templated":true}]}}