{"id":139784,"date":"2023-02-24T05:51:52","date_gmt":"2023-02-24T09:51:52","guid":{"rendered":"https:\/\/www.eldiario.net\/portal\/?p=139784"},"modified":"2023-02-24T05:51:52","modified_gmt":"2023-02-24T09:51:52","slug":"mucho-gasto","status":"publish","type":"post","link":"https:\/\/www.eldiario.net\/portal\/2023\/02\/24\/mucho-gasto\/","title":{"rendered":"Mucho gasto"},"content":{"rendered":"<p>El gobierno de Luis Arce no ha entendido lo que le dice el FMI y todos los economistas del pa\u00eds: debe reducir el gasto, pero ha decidido hacer exactamente lo contrario.<br \/>\nTiene en el Banco Central 372 millones de d\u00f3lares en efectivo, pero anuncia la creaci\u00f3n de 33 nuevas empresas estatales, en las que quiere invertir 600 millones de d\u00f3lares.<br \/>\nNuevas empresas que, con toda seguridad, han de ser tan antiecon\u00f3micas como las que el MAS cre\u00f3 desde 2006, sin excepci\u00f3n.<br \/>\nQuiz\u00e1 est\u00e9 convencido de que la propaganda pueda resolverlo todo, y por eso ha incrementado los presupuestos de los medios estatales en Bs 12.115.729, con lo que ascienden a Bs 91.770.190, es decir m\u00e1s de 13 millones de d\u00f3lares.<br \/>\nNo es extra\u00f1o, pues el ministro de econom\u00eda Luis Arce destin\u00f3 a propaganda entre 2006 y 2018 un total de 4.000 millones de d\u00f3lares, suma superior a la destinada a salud y educaci\u00f3n en ese mismo per\u00edodo.<br \/>\nEn este gobierno, aumentar el dinero para la propaganda equivale a admitir que las cosas est\u00e1n muy mal, y que, para la gente, el reflejo de la realidad debe ser distorsionado por la propaganda.<br \/>\nEsta vez la situaci\u00f3n es dram\u00e1tica y la irresponsabilidad crece en lugar de disminuir: mientras se conocen denuncias de negociados que estar\u00edan haciendo funcionarios de YPFB en la compra de gasolina y di\u00e9sel.<br \/>\nCarlos Romero, exministro de gobierno, asegura que las importaciones de combustibles son hechas ahora con sobreprecio, en lo que \u00e9l considera que sea el m\u00e1s grande negociado de la historia.<br \/>\nLo normal ser\u00eda que el gobierno respondiera a esas denuncias que vienen de un masista que fue colega de gabinete de ministros del presidente Arce, pero no se ha producido ninguna reacci\u00f3n.<br \/>\nTampoco se ha conocido respuesta alguna a las denuncias que hizo el mismo Romero sobre la participaci\u00f3n del hijo del presidente, Marcelo Arce Mosquiera, en las decisiones sobre la explotaci\u00f3n del litio.<br \/>\nTampoco hubo ninguna explicaci\u00f3n sobre el curioso caso de que la gasolina y el di\u00e9sel para el conusmo interno llegar\u00e1 al pa\u00eds desde Buenos Aires a bordo de camiones cisternas.<br \/>\nEsta operaci\u00f3n provoca que YPFB pague 60 millones de d\u00f3lares m\u00e1s que si esos combustibles fueran tra\u00eddos en lanchas por la hidrov\u00eda o por tren, pero nadie ha dado ninguna explicaci\u00f3n.<br \/>\n\u00bfQui\u00e9nes son los due\u00f1os de los camiones cisterna, 1.500 en total, que transportar\u00e1n los combustibles desde Buenos Aires? Sin entrar en las sospechas de lo que llevan esos camiones en su viaje de ida, lo que ser\u00eda de inter\u00e9s de la FELCN.<\/p>\n<p><a href=\"https:\/\/www.eldiario.net\/portal\/wp-content\/uploads\/2023\/02\/Sin-titulo-1-3.jpg\"><img loading=\"lazy\" decoding=\"async\" class=\"aligncenter  wp-image-139785\" src=\"https:\/\/www.eldiario.net\/portal\/wp-content\/uploads\/2023\/02\/Sin-titulo-1-3.jpg\" alt=\"\" width=\"627\" height=\"126\" \/><\/a><\/p>\n<p><img loading=\"lazy\" decoding=\"async\" class=\"alignleft size-full wp-image-139786\" src=\"https:\/\/www.eldiario.net\/portal\/wp-content\/uploads\/2023\/02\/PETROLEO-3.jpg\" alt=\"\" width=\"150\" height=\"243\" \/><strong>PETR\u00d3LEO<\/strong><\/p>\n<p>Bolivia sigue pagando cada vez m\u00e1s por los refinados de petr\u00f3leo como el queros\u00e9n y el di\u00e9sel. La reciente ca\u00edda en el precio del petr\u00f3leo no es suficiente para contrarrestar el aumento en el precio del di\u00e9sel. Normalmente el precio internacional del di\u00e9sel est\u00e1 relacionado al del petr\u00f3leo con una brecha relativamente estable. En 2022 la brecha entre el precio del di\u00e9sel y el petr\u00f3leo llego a su valor m\u00e1s alto desde que se tienen registros.<\/p>\n<p>&nbsp;<\/p>\n<p>&nbsp;<\/p>\n<p>&nbsp;<\/p>\n<p><img loading=\"lazy\" decoding=\"async\" class=\"alignleft size-full wp-image-139787\" src=\"https:\/\/www.eldiario.net\/portal\/wp-content\/uploads\/2023\/02\/ORO-5.jpg\" alt=\"\" width=\"150\" height=\"240\" \/><strong>ORO<\/strong><\/p>\n<p>Los precios del oro cayeron a su nivel m\u00e1s bajo en aproximadamente dos meses el jueves. El mercado internacional est\u00e1 ansioso por las decisiones de la FED (equivalente al banco central de USA), que podr\u00eda seguir elevando las tasas de inter\u00e9s, que ya est\u00e1 en 4,75%, a\u00fan m\u00e1s. Esto tiene un efecto negativo sobre el precio del oro. Otro efeto de esto es que se reduce la cantidad de dinero que llega en inversi\u00f3n a los pa\u00edses en desarrollo.<\/p>\n<p>&nbsp;<\/p>\n<p>&nbsp;<\/p>\n<p>&nbsp;<\/p>\n<p><img loading=\"lazy\" decoding=\"async\" class=\"alignleft size-full wp-image-139788\" src=\"https:\/\/www.eldiario.net\/portal\/wp-content\/uploads\/2023\/02\/ZINC-4.jpg\" alt=\"\" width=\"150\" height=\"239\" \/><strong>ZINC<\/strong><\/p>\n<p>Un grupo de expertos analistas de investigaci\u00f3n de Commerzbank dijo que, debido a la escasez de oferta y la recuperaci\u00f3n de la demanda china, se espera que el precio promedio del zinc sea de US$ 3800 la tonelada en 2023 esto equivale a US$ 1,75 la libra fina. La reducci\u00f3n en el precio del gas y la energ\u00eda en Europa podr\u00eda resultar en la reapertura de algunas de fundiciones: esto podr\u00eda reducir el precio del zinc a medida que vaya aumentando la oferta europea.<\/p>\n<p>&nbsp;<\/p>\n<p>&nbsp;<\/p>\n<p>&nbsp;<\/p>\n<p><em><strong>Venezuela y Bolivia<\/strong><\/em><\/p>\n<p>Seg\u00fan cifras oficiales de 2022 el comercio entre ambos pa\u00edses lleg\u00f3 a US$ 6,6 millones lo que convierte a Venezuela en uno d los socios comerciales m\u00e1s peque\u00f1os de Bolivia. Esto a pesar de que Bolivia import\u00f3 68% m\u00e1s de Venezuela en 2022 que en 2022. Las exportaciones bolivianas a Venezuela cayeron en 76% en el mismo per\u00edodo.<\/p>\n<p><em><strong>Menos gas<\/strong><\/em><\/p>\n<p>En enero Bolivia volvi\u00f3 a exportar menos gas de lo convenido a Argentina. Seg\u00fan las cifras de la estatal petrolera argentina Enargas, enero fue el tercer mes consecutivo en el que imputaron menos de 7 millones de metros c\u00fabicos d\u00eda en gas de Bolivia. En septiembre 2022 Bolivia exportaba 14 MMm3d, octubre fue el \u00faltimo mes con apenas m\u00e1s de 7MMm3d.<\/p>\n<p><em><strong>Golpe al turismo<\/strong><\/em><\/p>\n<p>Seg\u00fan la C\u00e1mara Nacional de Turismo del Per\u00fa las reservas tur\u00edsticas a Cusco, de lejos el mayor centro tur\u00edstico del pa\u00eds han ca\u00eddo en 90%. La festividad de la virgen de Candelaria de Puno fue suspendida por las protestas en Per\u00fa. El evento folcl\u00f3rico es el m\u00e1s grande del a\u00f1o y se estima que la regi\u00f3n perder\u00e1 m\u00e1s de US$ 13 millones.<\/p>\n<p style=\"text-align: center;\">Lo bueno<br \/>\n***<br \/>\nEs que el Banco Central asegura que el nivel de las reservas en efectivo permitir\u00eda en este momento cubrir el gasto de importaciones por tres meses.<\/p>\n<p style=\"text-align: center;\">Lo malo<br \/>\n***<br \/>\nEs que todos los economistas que analizan la situaci\u00f3n actual dicen que los 372 millones de d\u00f3lares que existen en las reservas no alcanzan para tres semanas.<\/p>\n<p style=\"text-align: center;\">Lo feo<br \/>\n***<br \/>\nEs que la tendencia se mantiene, con un descenso permanente de las reservas, mientras no existen esperanzas de que puedan aumentar en los pr\u00f3ximos meses.<\/p>\n","protected":false},"excerpt":{"rendered":"<p>El gobierno de Luis Arce no ha entendido lo que le dice el FMI y todos los economistas del pa\u00eds: debe reducir el gasto, pero ha decidido hacer exactamente lo contrario. Tiene en el Banco Central 372 millones de d\u00f3lares en efectivo, pero anuncia la creaci\u00f3n de 33 nuevas empresas estatales, en las que quiere [&hellip;]<\/p>\n","protected":false},"author":1,"featured_media":139789,"comment_status":"closed","ping_status":"closed","sticky":false,"template":"","format":"standard","meta":{"_acf_changed":false,"footnotes":""},"categories":[7],"tags":[],"class_list":["post-139784","post","type-post","status-publish","format-standard","has-post-thumbnail","category-economia"],"acf":{"antetitulo":""},"yoast_head":"<!-- This site is optimized with the Yoast SEO plugin v28.3 - https:\/\/yoast.com\/product\/yoast-seo-wordpress\/ -->\n<title>Mucho gasto - El Diario - Bolivia<\/title>\n<meta name=\"robots\" content=\"index, follow, max-snippet:-1, max-image-preview:large, max-video-preview:-1\" \/>\n<link rel=\"canonical\" href=\"https:\/\/www.eldiario.net\/portal\/2023\/02\/24\/mucho-gasto\/\" \/>\n<meta property=\"og:locale\" content=\"es_ES\" \/>\n<meta property=\"og:type\" content=\"article\" \/>\n<meta property=\"og:title\" content=\"Mucho gasto - El Diario - Bolivia\" \/>\n<meta property=\"og:description\" content=\"El gobierno de Luis Arce no ha entendido lo que le dice el FMI y todos los economistas del pa\u00eds: debe reducir el gasto, pero ha decidido hacer exactamente lo contrario. Tiene en el Banco Central 372 millones de d\u00f3lares en efectivo, pero anuncia la creaci\u00f3n de 33 nuevas empresas estatales, en las que quiere [&hellip;]\" \/>\n<meta property=\"og:url\" content=\"https:\/\/www.eldiario.net\/portal\/2023\/02\/24\/mucho-gasto\/\" \/>\n<meta property=\"og:site_name\" content=\"El Diario - Bolivia\" \/>\n<meta property=\"article:publisher\" content=\"https:\/\/www.facebook.com\/eldiario.bolivia\/\" \/>\n<meta property=\"article:published_time\" content=\"2023-02-24T09:51:52+00:00\" \/>\n<meta name=\"author\" content=\"Jeanette\" \/>\n<meta name=\"twitter:card\" content=\"summary_large_image\" \/>\n<meta name=\"twitter:creator\" content=\"@eldiario_net\" \/>\n<meta name=\"twitter:site\" content=\"@eldiario_net\" \/>\n<meta name=\"twitter:label1\" content=\"Escrito por\" \/>\n\t<meta name=\"twitter:data1\" content=\"Jeanette\" \/>\n\t<meta name=\"twitter:label2\" content=\"Tiempo de lectura\" \/>\n\t<meta name=\"twitter:data2\" content=\"6 minutos\" \/>\n<script type=\"application\/ld+json\" class=\"yoast-schema-graph\">{\"@context\":\"https:\\\/\\\/schema.org\",\"@graph\":[{\"@type\":\"Article\",\"@id\":\"https:\\\/\\\/www.eldiario.net\\\/portal\\\/2023\\\/02\\\/24\\\/mucho-gasto\\\/#article\",\"isPartOf\":{\"@id\":\"https:\\\/\\\/www.eldiario.net\\\/portal\\\/2023\\\/02\\\/24\\\/mucho-gasto\\\/\"},\"author\":{\"name\":\"Jeanette\",\"@id\":\"https:\\\/\\\/www.eldiario.net\\\/portal\\\/#\\\/schema\\\/person\\\/f46445640444750d7d753ccd04ae01b7\"},\"headline\":\"Mucho gasto\",\"datePublished\":\"2023-02-24T09:51:52+00:00\",\"mainEntityOfPage\":{\"@id\":\"https:\\\/\\\/www.eldiario.net\\\/portal\\\/2023\\\/02\\\/24\\\/mucho-gasto\\\/\"},\"wordCount\":1008,\"publisher\":{\"@id\":\"https:\\\/\\\/www.eldiario.net\\\/portal\\\/#organization\"},\"image\":{\"@id\":\"https:\\\/\\\/www.eldiario.net\\\/portal\\\/2023\\\/02\\\/24\\\/mucho-gasto\\\/#primaryimage\"},\"thumbnailUrl\":\"\",\"articleSection\":[\"Econom\u00eda\"],\"inLanguage\":\"es\"},{\"@type\":\"WebPage\",\"@id\":\"https:\\\/\\\/www.eldiario.net\\\/portal\\\/2023\\\/02\\\/24\\\/mucho-gasto\\\/\",\"url\":\"https:\\\/\\\/www.eldiario.net\\\/portal\\\/2023\\\/02\\\/24\\\/mucho-gasto\\\/\",\"name\":\"Mucho gasto - El Diario - Bolivia\",\"isPartOf\":{\"@id\":\"https:\\\/\\\/www.eldiario.net\\\/portal\\\/#website\"},\"primaryImageOfPage\":{\"@id\":\"https:\\\/\\\/www.eldiario.net\\\/portal\\\/2023\\\/02\\\/24\\\/mucho-gasto\\\/#primaryimage\"},\"image\":{\"@id\":\"https:\\\/\\\/www.eldiario.net\\\/portal\\\/2023\\\/02\\\/24\\\/mucho-gasto\\\/#primaryimage\"},\"thumbnailUrl\":\"\",\"datePublished\":\"2023-02-24T09:51:52+00:00\",\"breadcrumb\":{\"@id\":\"https:\\\/\\\/www.eldiario.net\\\/portal\\\/2023\\\/02\\\/24\\\/mucho-gasto\\\/#breadcrumb\"},\"inLanguage\":\"es\",\"potentialAction\":[{\"@type\":\"ReadAction\",\"target\":[\"https:\\\/\\\/www.eldiario.net\\\/portal\\\/2023\\\/02\\\/24\\\/mucho-gasto\\\/\"]}]},{\"@type\":\"ImageObject\",\"inLanguage\":\"es\",\"@id\":\"https:\\\/\\\/www.eldiario.net\\\/portal\\\/2023\\\/02\\\/24\\\/mucho-gasto\\\/#primaryimage\",\"url\":\"\",\"contentUrl\":\"\"},{\"@type\":\"BreadcrumbList\",\"@id\":\"https:\\\/\\\/www.eldiario.net\\\/portal\\\/2023\\\/02\\\/24\\\/mucho-gasto\\\/#breadcrumb\",\"itemListElement\":[{\"@type\":\"ListItem\",\"position\":1,\"name\":\"Portada\",\"item\":\"https:\\\/\\\/www.eldiario.net\\\/portal\\\/\"},{\"@type\":\"ListItem\",\"position\":2,\"name\":\"Mucho gasto\"}]},{\"@type\":\"WebSite\",\"@id\":\"https:\\\/\\\/www.eldiario.net\\\/portal\\\/#website\",\"url\":\"https:\\\/\\\/www.eldiario.net\\\/portal\\\/\",\"name\":\"El Diario - Decano de la prensa nacional\",\"description\":\"El Diario - Decano de la prensa nacional\",\"publisher\":{\"@id\":\"https:\\\/\\\/www.eldiario.net\\\/portal\\\/#organization\"},\"potentialAction\":[{\"@type\":\"SearchAction\",\"target\":{\"@type\":\"EntryPoint\",\"urlTemplate\":\"https:\\\/\\\/www.eldiario.net\\\/portal\\\/?s={search_term_string}\"},\"query-input\":{\"@type\":\"PropertyValueSpecification\",\"valueRequired\":true,\"valueName\":\"search_term_string\"}}],\"inLanguage\":\"es\"},{\"@type\":\"Organization\",\"@id\":\"https:\\\/\\\/www.eldiario.net\\\/portal\\\/#organization\",\"name\":\"El Diario - Decano de la prensa nacional\",\"url\":\"https:\\\/\\\/www.eldiario.net\\\/portal\\\/\",\"logo\":{\"@type\":\"ImageObject\",\"inLanguage\":\"es\",\"@id\":\"https:\\\/\\\/www.eldiario.net\\\/portal\\\/#\\\/schema\\\/logo\\\/image\\\/\",\"url\":\"https:\\\/\\\/www.eldiario.net\\\/portal\\\/wp-content\\\/uploads\\\/2023\\\/07\\\/logo_ED.jpg\",\"contentUrl\":\"https:\\\/\\\/www.eldiario.net\\\/portal\\\/wp-content\\\/uploads\\\/2023\\\/07\\\/logo_ED.jpg\",\"width\":272,\"height\":52,\"caption\":\"El Diario - Decano de la prensa nacional\"},\"image\":{\"@id\":\"https:\\\/\\\/www.eldiario.net\\\/portal\\\/#\\\/schema\\\/logo\\\/image\\\/\"},\"sameAs\":[\"https:\\\/\\\/www.facebook.com\\\/eldiario.bolivia\\\/\",\"https:\\\/\\\/x.com\\\/eldiario_net\"]},{\"@type\":\"Person\",\"@id\":\"https:\\\/\\\/www.eldiario.net\\\/portal\\\/#\\\/schema\\\/person\\\/f46445640444750d7d753ccd04ae01b7\",\"name\":\"Jeanette\",\"image\":{\"@type\":\"ImageObject\",\"inLanguage\":\"es\",\"@id\":\"https:\\\/\\\/secure.gravatar.com\\\/avatar\\\/3ea2118a5f7dad2b7138b1187a6b7ee55f160b9968b66013c3a3ef39dd7e5798?s=96&d=mm&r=g\",\"url\":\"https:\\\/\\\/secure.gravatar.com\\\/avatar\\\/3ea2118a5f7dad2b7138b1187a6b7ee55f160b9968b66013c3a3ef39dd7e5798?s=96&d=mm&r=g\",\"contentUrl\":\"https:\\\/\\\/secure.gravatar.com\\\/avatar\\\/3ea2118a5f7dad2b7138b1187a6b7ee55f160b9968b66013c3a3ef39dd7e5798?s=96&d=mm&r=g\",\"caption\":\"Jeanette\"},\"sameAs\":[\"https:\\\/\\\/www.eldiario.net\\\/portal\"],\"url\":\"https:\\\/\\\/www.eldiario.net\\\/portal\\\/author\\\/jeanette\\\/\"}]}<\/script>\n<!-- \/ Yoast SEO plugin. -->","yoast_head_json":{"title":"Mucho gasto - El Diario - Bolivia","robots":{"index":"index","follow":"follow","max-snippet":"max-snippet:-1","max-image-preview":"max-image-preview:large","max-video-preview":"max-video-preview:-1"},"canonical":"https:\/\/www.eldiario.net\/portal\/2023\/02\/24\/mucho-gasto\/","og_locale":"es_ES","og_type":"article","og_title":"Mucho gasto - El Diario - Bolivia","og_description":"El gobierno de Luis Arce no ha entendido lo que le dice el FMI y todos los economistas del pa\u00eds: debe reducir el gasto, pero ha decidido hacer exactamente lo contrario. Tiene en el Banco Central 372 millones de d\u00f3lares en efectivo, pero anuncia la creaci\u00f3n de 33 nuevas empresas estatales, en las que quiere [&hellip;]","og_url":"https:\/\/www.eldiario.net\/portal\/2023\/02\/24\/mucho-gasto\/","og_site_name":"El Diario - Bolivia","article_publisher":"https:\/\/www.facebook.com\/eldiario.bolivia\/","article_published_time":"2023-02-24T09:51:52+00:00","author":"Jeanette","twitter_card":"summary_large_image","twitter_creator":"@eldiario_net","twitter_site":"@eldiario_net","twitter_misc":{"Escrito por":"Jeanette","Tiempo de lectura":"6 minutos"},"schema":{"@context":"https:\/\/schema.org","@graph":[{"@type":"Article","@id":"https:\/\/www.eldiario.net\/portal\/2023\/02\/24\/mucho-gasto\/#article","isPartOf":{"@id":"https:\/\/www.eldiario.net\/portal\/2023\/02\/24\/mucho-gasto\/"},"author":{"name":"Jeanette","@id":"https:\/\/www.eldiario.net\/portal\/#\/schema\/person\/f46445640444750d7d753ccd04ae01b7"},"headline":"Mucho gasto","datePublished":"2023-02-24T09:51:52+00:00","mainEntityOfPage":{"@id":"https:\/\/www.eldiario.net\/portal\/2023\/02\/24\/mucho-gasto\/"},"wordCount":1008,"publisher":{"@id":"https:\/\/www.eldiario.net\/portal\/#organization"},"image":{"@id":"https:\/\/www.eldiario.net\/portal\/2023\/02\/24\/mucho-gasto\/#primaryimage"},"thumbnailUrl":"","articleSection":["Econom\u00eda"],"inLanguage":"es"},{"@type":"WebPage","@id":"https:\/\/www.eldiario.net\/portal\/2023\/02\/24\/mucho-gasto\/","url":"https:\/\/www.eldiario.net\/portal\/2023\/02\/24\/mucho-gasto\/","name":"Mucho gasto - El Diario - Bolivia","isPartOf":{"@id":"https:\/\/www.eldiario.net\/portal\/#website"},"primaryImageOfPage":{"@id":"https:\/\/www.eldiario.net\/portal\/2023\/02\/24\/mucho-gasto\/#primaryimage"},"image":{"@id":"https:\/\/www.eldiario.net\/portal\/2023\/02\/24\/mucho-gasto\/#primaryimage"},"thumbnailUrl":"","datePublished":"2023-02-24T09:51:52+00:00","breadcrumb":{"@id":"https:\/\/www.eldiario.net\/portal\/2023\/02\/24\/mucho-gasto\/#breadcrumb"},"inLanguage":"es","potentialAction":[{"@type":"ReadAction","target":["https:\/\/www.eldiario.net\/portal\/2023\/02\/24\/mucho-gasto\/"]}]},{"@type":"ImageObject","inLanguage":"es","@id":"https:\/\/www.eldiario.net\/portal\/2023\/02\/24\/mucho-gasto\/#primaryimage","url":"","contentUrl":""},{"@type":"BreadcrumbList","@id":"https:\/\/www.eldiario.net\/portal\/2023\/02\/24\/mucho-gasto\/#breadcrumb","itemListElement":[{"@type":"ListItem","position":1,"name":"Portada","item":"https:\/\/www.eldiario.net\/portal\/"},{"@type":"ListItem","position":2,"name":"Mucho gasto"}]},{"@type":"WebSite","@id":"https:\/\/www.eldiario.net\/portal\/#website","url":"https:\/\/www.eldiario.net\/portal\/","name":"El Diario - Decano de la prensa nacional","description":"El Diario - Decano de la prensa nacional","publisher":{"@id":"https:\/\/www.eldiario.net\/portal\/#organization"},"potentialAction":[{"@type":"SearchAction","target":{"@type":"EntryPoint","urlTemplate":"https:\/\/www.eldiario.net\/portal\/?s={search_term_string}"},"query-input":{"@type":"PropertyValueSpecification","valueRequired":true,"valueName":"search_term_string"}}],"inLanguage":"es"},{"@type":"Organization","@id":"https:\/\/www.eldiario.net\/portal\/#organization","name":"El Diario - Decano de la prensa nacional","url":"https:\/\/www.eldiario.net\/portal\/","logo":{"@type":"ImageObject","inLanguage":"es","@id":"https:\/\/www.eldiario.net\/portal\/#\/schema\/logo\/image\/","url":"https:\/\/www.eldiario.net\/portal\/wp-content\/uploads\/2023\/07\/logo_ED.jpg","contentUrl":"https:\/\/www.eldiario.net\/portal\/wp-content\/uploads\/2023\/07\/logo_ED.jpg","width":272,"height":52,"caption":"El Diario - Decano de la prensa nacional"},"image":{"@id":"https:\/\/www.eldiario.net\/portal\/#\/schema\/logo\/image\/"},"sameAs":["https:\/\/www.facebook.com\/eldiario.bolivia\/","https:\/\/x.com\/eldiario_net"]},{"@type":"Person","@id":"https:\/\/www.eldiario.net\/portal\/#\/schema\/person\/f46445640444750d7d753ccd04ae01b7","name":"Jeanette","image":{"@type":"ImageObject","inLanguage":"es","@id":"https:\/\/secure.gravatar.com\/avatar\/3ea2118a5f7dad2b7138b1187a6b7ee55f160b9968b66013c3a3ef39dd7e5798?s=96&d=mm&r=g","url":"https:\/\/secure.gravatar.com\/avatar\/3ea2118a5f7dad2b7138b1187a6b7ee55f160b9968b66013c3a3ef39dd7e5798?s=96&d=mm&r=g","contentUrl":"https:\/\/secure.gravatar.com\/avatar\/3ea2118a5f7dad2b7138b1187a6b7ee55f160b9968b66013c3a3ef39dd7e5798?s=96&d=mm&r=g","caption":"Jeanette"},"sameAs":["https:\/\/www.eldiario.net\/portal"],"url":"https:\/\/www.eldiario.net\/portal\/author\/jeanette\/"}]}},"_links":{"self":[{"href":"https:\/\/www.eldiario.net\/portal\/wp-json\/wp\/v2\/posts\/139784","targetHints":{"allow":["GET"]}}],"collection":[{"href":"https:\/\/www.eldiario.net\/portal\/wp-json\/wp\/v2\/posts"}],"about":[{"href":"https:\/\/www.eldiario.net\/portal\/wp-json\/wp\/v2\/types\/post"}],"author":[{"embeddable":true,"href":"https:\/\/www.eldiario.net\/portal\/wp-json\/wp\/v2\/users\/1"}],"replies":[{"embeddable":true,"href":"https:\/\/www.eldiario.net\/portal\/wp-json\/wp\/v2\/comments?post=139784"}],"version-history":[{"count":0,"href":"https:\/\/www.eldiario.net\/portal\/wp-json\/wp\/v2\/posts\/139784\/revisions"}],"wp:attachment":[{"href":"https:\/\/www.eldiario.net\/portal\/wp-json\/wp\/v2\/media?parent=139784"}],"wp:term":[{"taxonomy":"category","embeddable":true,"href":"https:\/\/www.eldiario.net\/portal\/wp-json\/wp\/v2\/categories?post=139784"},{"taxonomy":"post_tag","embeddable":true,"href":"https:\/\/www.eldiario.net\/portal\/wp-json\/wp\/v2\/tags?post=139784"}],"curies":[{"name":"wp","href":"https:\/\/api.w.org\/{rel}","templated":true}]}}