{"id":139781,"date":"2023-02-24T05:45:27","date_gmt":"2023-02-24T09:45:27","guid":{"rendered":"https:\/\/www.eldiario.net\/portal\/?p=139781"},"modified":"2023-02-24T05:45:27","modified_gmt":"2023-02-24T09:45:27","slug":"el-sector-privado-junto-al-sector-academico-se-unen-para-implementar-la-eficiencia-energetica","status":"publish","type":"post","link":"https:\/\/www.eldiario.net\/portal\/2023\/02\/24\/el-sector-privado-junto-al-sector-academico-se-unen-para-implementar-la-eficiencia-energetica\/","title":{"rendered":"El sector privado junto al sector acad\u00e9mico se unen para implementar la eficiencia energ\u00e9tica"},"content":{"rendered":"<p>La empresa Schneider Electric, la C\u00e1mara de la Construcci\u00f3n de Santa Cruz (Cadecocruz) y la Universidad del Valle (Univalle, Santa Cruz), acordaron implementar el primer Dec\u00e1logo para el uso eficiente de la energ\u00eda, cuyo objetivo apunta a la sostenibilidad y el buen uso de este recurso en el pa\u00eds. Adem\u00e1s, esta iniciativa cuenta con el apoyo de la C\u00e1mara Boliviana de Electricidad (CBE) y la Cooperativa Rural de Electrificaci\u00f3n (CRE).<br \/>\nEn el marco del D\u00eda Mundial de la Eficiencia Energ\u00e9tica, que se celebra cada 5 de marzo, Schneider Electric reuni\u00f3 a organizaciones importante del pa\u00eds para elaborar y firmar el primer \u201cDec\u00e1logo para el uso eficiente de la energ\u00eda\u201d.<br \/>\nEn una conferencia de prensa, realizada ayer, los principales representantes de las tres organizaciones l\u00edderes en sus sectores suscribieron ese documento donde constan algunos compromisos y una declaraci\u00f3n de intenciones y prop\u00f3sitos para promover el \u201cuso responsable y eficiente de la energ\u00eda\u201d.<br \/>\n\u201cUna de las claves para lograr un progreso significativo hacia un futuro con neutralidad de carbono es la innovaci\u00f3n, principalmente tecnol\u00f3gica, y la colaboraci\u00f3n mutua, unificando esfuerzos hacia un mismo objetivo, puesto que la lucha contra el cambio clim\u00e1tico es responsabilidad de todos\u201d, afirm\u00f3 la gerente de Schneider Electric en Bolivia, M\u00f3nica Cabrera.<br \/>\nLos diez puntos establecidos en el \u201cDec\u00e1logo para el uso eficiente de la energ\u00eda\u201d giran en torno a la reducci\u00f3n del consumo de energ\u00eda a trav\u00e9s de acciones que fomentan el ahorro energ\u00e9tico, la optimizaci\u00f3n de los procesos industriales, el uso de energ\u00edas renovables y de las tecnolog\u00edas disponibles para reducir las emisiones de carbono, apuntando como meta la neutralidad.<br \/>\nAsimismo, plantean la socializaci\u00f3n y la educaci\u00f3n sobre la sostenibilidad energ\u00e9tica, transparentar el impacto al medioambiente, midiendo y generando datos de la huella de carbono e incluso asumir la responsabilidad de tomar la iniciativa para gestionar un marco normativo que fomente la inversi\u00f3n e incentive la ejecuci\u00f3n de proyectos que hagan uso eficiente de la energ\u00eda, entre otros.<br \/>\n\u201cPara Cadecocruz es un gusto de compartir algo que consideramos que es el puntal de lo que viene a ser un nuevo reto para la industria de la construcci\u00f3n en Bolivia y en Sudam\u00e9rica\u201d, remarc\u00f3 el gerente General de la C\u00e1mara de la Construcci\u00f3n de Santa Cruz, Javier Arze Justiniano.<br \/>\nAgreg\u00f3 que en ese marco, la instituci\u00f3n integra la Mesa de Infraestructura Sostenible que congrega a cerca de 30 entidades del pa\u00eds y organismos internacionales, cuyos esfuerzos y propuestas deben acompa\u00f1arlas las entidades p\u00fablicas con marcos regulatorios actualizados y que brinden seguridad jur\u00eddica.<br \/>\nPor su parte, el vicerrector de la Universidad del Valle (Univalle, Sede Santa Cruz), Antonio Carvalho, a tiempo de agradecer la iniciativa que ha tenido Schneider Electric, sostuvo que la academia no pod\u00eda estar ausente ante la convocatoria de esta iniciativa, que, con seguridad, con el apoyo de la prensa e instituciones ser\u00e1 una realidad para, no solamente cambiar lo que ahora vemos con algunas dificultades, sino pensar en las generaciones futuras.<br \/>\nEl documento de compromisos, que fue elaborado mediante un proceso consultivo, pretende ser una herramienta de trabajo para facilitar el an\u00e1lisis y reflexi\u00f3n con el Estado, empresariado privado, entidades financieras e instituciones relacionadas al \u00e1mbito energ\u00e9tico. El mismo tambi\u00e9n acompa\u00f1an en la consecuci\u00f3n de la agenda de los Objetivos de Desarrollo Sostenible (ODS).<br \/>\nCabrera indic\u00f3 que como empresas se han marcado un reto ambicioso, pero al mismo tiempo prioritario y necesario como pa\u00eds. \u201cPrioritario porque debemos promover la reducci\u00f3n de la huella de carbono a trav\u00e9s de acciones que fomenten la energizaci\u00f3n y la optimizaci\u00f3n de procesos industriales. Y necesario en el uso de energ\u00edas renovables y de las tecnolog\u00edas disponibles para reducir la dependencia de energ\u00eda proveniente de combustibles f\u00f3siles, lo cual es una tendencia a nivel mundial\u201d, sostuvo.<br \/>\nPIE DE FOTO<br \/>\nFoto<\/p>\n","protected":false},"excerpt":{"rendered":"<p>La empresa Schneider Electric, la C\u00e1mara de la Construcci\u00f3n de Santa Cruz (Cadecocruz) y la Universidad del Valle (Univalle, Santa Cruz), acordaron implementar el primer Dec\u00e1logo para el uso eficiente de la energ\u00eda, cuyo objetivo apunta a la sostenibilidad y el buen uso de este recurso en el pa\u00eds. Adem\u00e1s, esta iniciativa cuenta con el [&hellip;]<\/p>\n","protected":false},"author":1,"featured_media":139782,"comment_status":"closed","ping_status":"closed","sticky":false,"template":"","format":"standard","meta":{"_acf_changed":false,"footnotes":""},"categories":[7],"tags":[],"class_list":["post-139781","post","type-post","status-publish","format-standard","has-post-thumbnail","category-economia"],"acf":{"antetitulo":""},"yoast_head":"<!-- This site is optimized with the Yoast SEO plugin v28.3 - https:\/\/yoast.com\/product\/yoast-seo-wordpress\/ -->\n<title>El sector privado junto al sector acad\u00e9mico se unen para implementar la eficiencia energ\u00e9tica - El Diario - Bolivia<\/title>\n<meta name=\"robots\" content=\"index, follow, max-snippet:-1, max-image-preview:large, max-video-preview:-1\" \/>\n<link rel=\"canonical\" href=\"https:\/\/www.eldiario.net\/portal\/2023\/02\/24\/el-sector-privado-junto-al-sector-academico-se-unen-para-implementar-la-eficiencia-energetica\/\" \/>\n<meta property=\"og:locale\" content=\"es_ES\" \/>\n<meta property=\"og:type\" content=\"article\" \/>\n<meta property=\"og:title\" content=\"El sector privado junto al sector acad\u00e9mico se unen para implementar la eficiencia energ\u00e9tica - El Diario - Bolivia\" \/>\n<meta property=\"og:description\" content=\"La empresa Schneider Electric, la C\u00e1mara de la Construcci\u00f3n de Santa Cruz (Cadecocruz) y la Universidad del Valle (Univalle, Santa Cruz), acordaron implementar el primer Dec\u00e1logo para el uso eficiente de la energ\u00eda, cuyo objetivo apunta a la sostenibilidad y el buen uso de este recurso en el pa\u00eds. Adem\u00e1s, esta iniciativa cuenta con el [&hellip;]\" \/>\n<meta property=\"og:url\" content=\"https:\/\/www.eldiario.net\/portal\/2023\/02\/24\/el-sector-privado-junto-al-sector-academico-se-unen-para-implementar-la-eficiencia-energetica\/\" \/>\n<meta property=\"og:site_name\" content=\"El Diario - Bolivia\" \/>\n<meta property=\"article:publisher\" content=\"https:\/\/www.facebook.com\/eldiario.bolivia\/\" \/>\n<meta property=\"article:published_time\" content=\"2023-02-24T09:45:27+00:00\" \/>\n<meta name=\"author\" content=\"Jeanette\" \/>\n<meta name=\"twitter:card\" content=\"summary_large_image\" \/>\n<meta name=\"twitter:creator\" content=\"@eldiario_net\" \/>\n<meta name=\"twitter:site\" content=\"@eldiario_net\" \/>\n<meta name=\"twitter:label1\" content=\"Escrito por\" \/>\n\t<meta name=\"twitter:data1\" content=\"Jeanette\" \/>\n\t<meta name=\"twitter:label2\" content=\"Tiempo de lectura\" \/>\n\t<meta name=\"twitter:data2\" content=\"3 minutos\" \/>\n<script type=\"application\/ld+json\" class=\"yoast-schema-graph\">{\"@context\":\"https:\\\/\\\/schema.org\",\"@graph\":[{\"@type\":\"Article\",\"@id\":\"https:\\\/\\\/www.eldiario.net\\\/portal\\\/2023\\\/02\\\/24\\\/el-sector-privado-junto-al-sector-academico-se-unen-para-implementar-la-eficiencia-energetica\\\/#article\",\"isPartOf\":{\"@id\":\"https:\\\/\\\/www.eldiario.net\\\/portal\\\/2023\\\/02\\\/24\\\/el-sector-privado-junto-al-sector-academico-se-unen-para-implementar-la-eficiencia-energetica\\\/\"},\"author\":{\"name\":\"Jeanette\",\"@id\":\"https:\\\/\\\/www.eldiario.net\\\/portal\\\/#\\\/schema\\\/person\\\/f46445640444750d7d753ccd04ae01b7\"},\"headline\":\"El sector privado junto al sector acad\u00e9mico se unen para implementar la eficiencia energ\u00e9tica\",\"datePublished\":\"2023-02-24T09:45:27+00:00\",\"mainEntityOfPage\":{\"@id\":\"https:\\\/\\\/www.eldiario.net\\\/portal\\\/2023\\\/02\\\/24\\\/el-sector-privado-junto-al-sector-academico-se-unen-para-implementar-la-eficiencia-energetica\\\/\"},\"wordCount\":697,\"publisher\":{\"@id\":\"https:\\\/\\\/www.eldiario.net\\\/portal\\\/#organization\"},\"image\":{\"@id\":\"https:\\\/\\\/www.eldiario.net\\\/portal\\\/2023\\\/02\\\/24\\\/el-sector-privado-junto-al-sector-academico-se-unen-para-implementar-la-eficiencia-energetica\\\/#primaryimage\"},\"thumbnailUrl\":\"\",\"articleSection\":[\"Econom\u00eda\"],\"inLanguage\":\"es\"},{\"@type\":\"WebPage\",\"@id\":\"https:\\\/\\\/www.eldiario.net\\\/portal\\\/2023\\\/02\\\/24\\\/el-sector-privado-junto-al-sector-academico-se-unen-para-implementar-la-eficiencia-energetica\\\/\",\"url\":\"https:\\\/\\\/www.eldiario.net\\\/portal\\\/2023\\\/02\\\/24\\\/el-sector-privado-junto-al-sector-academico-se-unen-para-implementar-la-eficiencia-energetica\\\/\",\"name\":\"El sector privado junto al sector acad\u00e9mico se unen para implementar la eficiencia energ\u00e9tica - El Diario - Bolivia\",\"isPartOf\":{\"@id\":\"https:\\\/\\\/www.eldiario.net\\\/portal\\\/#website\"},\"primaryImageOfPage\":{\"@id\":\"https:\\\/\\\/www.eldiario.net\\\/portal\\\/2023\\\/02\\\/24\\\/el-sector-privado-junto-al-sector-academico-se-unen-para-implementar-la-eficiencia-energetica\\\/#primaryimage\"},\"image\":{\"@id\":\"https:\\\/\\\/www.eldiario.net\\\/portal\\\/2023\\\/02\\\/24\\\/el-sector-privado-junto-al-sector-academico-se-unen-para-implementar-la-eficiencia-energetica\\\/#primaryimage\"},\"thumbnailUrl\":\"\",\"datePublished\":\"2023-02-24T09:45:27+00:00\",\"breadcrumb\":{\"@id\":\"https:\\\/\\\/www.eldiario.net\\\/portal\\\/2023\\\/02\\\/24\\\/el-sector-privado-junto-al-sector-academico-se-unen-para-implementar-la-eficiencia-energetica\\\/#breadcrumb\"},\"inLanguage\":\"es\",\"potentialAction\":[{\"@type\":\"ReadAction\",\"target\":[\"https:\\\/\\\/www.eldiario.net\\\/portal\\\/2023\\\/02\\\/24\\\/el-sector-privado-junto-al-sector-academico-se-unen-para-implementar-la-eficiencia-energetica\\\/\"]}]},{\"@type\":\"ImageObject\",\"inLanguage\":\"es\",\"@id\":\"https:\\\/\\\/www.eldiario.net\\\/portal\\\/2023\\\/02\\\/24\\\/el-sector-privado-junto-al-sector-academico-se-unen-para-implementar-la-eficiencia-energetica\\\/#primaryimage\",\"url\":\"\",\"contentUrl\":\"\"},{\"@type\":\"BreadcrumbList\",\"@id\":\"https:\\\/\\\/www.eldiario.net\\\/portal\\\/2023\\\/02\\\/24\\\/el-sector-privado-junto-al-sector-academico-se-unen-para-implementar-la-eficiencia-energetica\\\/#breadcrumb\",\"itemListElement\":[{\"@type\":\"ListItem\",\"position\":1,\"name\":\"Portada\",\"item\":\"https:\\\/\\\/www.eldiario.net\\\/portal\\\/\"},{\"@type\":\"ListItem\",\"position\":2,\"name\":\"El sector privado junto al sector acad\u00e9mico se unen para implementar la eficiencia energ\u00e9tica\"}]},{\"@type\":\"WebSite\",\"@id\":\"https:\\\/\\\/www.eldiario.net\\\/portal\\\/#website\",\"url\":\"https:\\\/\\\/www.eldiario.net\\\/portal\\\/\",\"name\":\"El Diario - Decano de la prensa nacional\",\"description\":\"El Diario - Decano de la prensa nacional\",\"publisher\":{\"@id\":\"https:\\\/\\\/www.eldiario.net\\\/portal\\\/#organization\"},\"potentialAction\":[{\"@type\":\"SearchAction\",\"target\":{\"@type\":\"EntryPoint\",\"urlTemplate\":\"https:\\\/\\\/www.eldiario.net\\\/portal\\\/?s={search_term_string}\"},\"query-input\":{\"@type\":\"PropertyValueSpecification\",\"valueRequired\":true,\"valueName\":\"search_term_string\"}}],\"inLanguage\":\"es\"},{\"@type\":\"Organization\",\"@id\":\"https:\\\/\\\/www.eldiario.net\\\/portal\\\/#organization\",\"name\":\"El Diario - Decano de la prensa nacional\",\"url\":\"https:\\\/\\\/www.eldiario.net\\\/portal\\\/\",\"logo\":{\"@type\":\"ImageObject\",\"inLanguage\":\"es\",\"@id\":\"https:\\\/\\\/www.eldiario.net\\\/portal\\\/#\\\/schema\\\/logo\\\/image\\\/\",\"url\":\"https:\\\/\\\/www.eldiario.net\\\/portal\\\/wp-content\\\/uploads\\\/2023\\\/07\\\/logo_ED.jpg\",\"contentUrl\":\"https:\\\/\\\/www.eldiario.net\\\/portal\\\/wp-content\\\/uploads\\\/2023\\\/07\\\/logo_ED.jpg\",\"width\":272,\"height\":52,\"caption\":\"El Diario - Decano de la prensa nacional\"},\"image\":{\"@id\":\"https:\\\/\\\/www.eldiario.net\\\/portal\\\/#\\\/schema\\\/logo\\\/image\\\/\"},\"sameAs\":[\"https:\\\/\\\/www.facebook.com\\\/eldiario.bolivia\\\/\",\"https:\\\/\\\/x.com\\\/eldiario_net\"]},{\"@type\":\"Person\",\"@id\":\"https:\\\/\\\/www.eldiario.net\\\/portal\\\/#\\\/schema\\\/person\\\/f46445640444750d7d753ccd04ae01b7\",\"name\":\"Jeanette\",\"image\":{\"@type\":\"ImageObject\",\"inLanguage\":\"es\",\"@id\":\"https:\\\/\\\/secure.gravatar.com\\\/avatar\\\/3ea2118a5f7dad2b7138b1187a6b7ee55f160b9968b66013c3a3ef39dd7e5798?s=96&d=mm&r=g\",\"url\":\"https:\\\/\\\/secure.gravatar.com\\\/avatar\\\/3ea2118a5f7dad2b7138b1187a6b7ee55f160b9968b66013c3a3ef39dd7e5798?s=96&d=mm&r=g\",\"contentUrl\":\"https:\\\/\\\/secure.gravatar.com\\\/avatar\\\/3ea2118a5f7dad2b7138b1187a6b7ee55f160b9968b66013c3a3ef39dd7e5798?s=96&d=mm&r=g\",\"caption\":\"Jeanette\"},\"sameAs\":[\"https:\\\/\\\/www.eldiario.net\\\/portal\"],\"url\":\"https:\\\/\\\/www.eldiario.net\\\/portal\\\/author\\\/jeanette\\\/\"}]}<\/script>\n<!-- \/ Yoast SEO plugin. -->","yoast_head_json":{"title":"El sector privado junto al sector acad\u00e9mico se unen para implementar la eficiencia energ\u00e9tica - El Diario - Bolivia","robots":{"index":"index","follow":"follow","max-snippet":"max-snippet:-1","max-image-preview":"max-image-preview:large","max-video-preview":"max-video-preview:-1"},"canonical":"https:\/\/www.eldiario.net\/portal\/2023\/02\/24\/el-sector-privado-junto-al-sector-academico-se-unen-para-implementar-la-eficiencia-energetica\/","og_locale":"es_ES","og_type":"article","og_title":"El sector privado junto al sector acad\u00e9mico se unen para implementar la eficiencia energ\u00e9tica - El Diario - Bolivia","og_description":"La empresa Schneider Electric, la C\u00e1mara de la Construcci\u00f3n de Santa Cruz (Cadecocruz) y la Universidad del Valle (Univalle, Santa Cruz), acordaron implementar el primer Dec\u00e1logo para el uso eficiente de la energ\u00eda, cuyo objetivo apunta a la sostenibilidad y el buen uso de este recurso en el pa\u00eds. Adem\u00e1s, esta iniciativa cuenta con el [&hellip;]","og_url":"https:\/\/www.eldiario.net\/portal\/2023\/02\/24\/el-sector-privado-junto-al-sector-academico-se-unen-para-implementar-la-eficiencia-energetica\/","og_site_name":"El Diario - Bolivia","article_publisher":"https:\/\/www.facebook.com\/eldiario.bolivia\/","article_published_time":"2023-02-24T09:45:27+00:00","author":"Jeanette","twitter_card":"summary_large_image","twitter_creator":"@eldiario_net","twitter_site":"@eldiario_net","twitter_misc":{"Escrito por":"Jeanette","Tiempo de lectura":"3 minutos"},"schema":{"@context":"https:\/\/schema.org","@graph":[{"@type":"Article","@id":"https:\/\/www.eldiario.net\/portal\/2023\/02\/24\/el-sector-privado-junto-al-sector-academico-se-unen-para-implementar-la-eficiencia-energetica\/#article","isPartOf":{"@id":"https:\/\/www.eldiario.net\/portal\/2023\/02\/24\/el-sector-privado-junto-al-sector-academico-se-unen-para-implementar-la-eficiencia-energetica\/"},"author":{"name":"Jeanette","@id":"https:\/\/www.eldiario.net\/portal\/#\/schema\/person\/f46445640444750d7d753ccd04ae01b7"},"headline":"El sector privado junto al sector acad\u00e9mico se unen para implementar la eficiencia energ\u00e9tica","datePublished":"2023-02-24T09:45:27+00:00","mainEntityOfPage":{"@id":"https:\/\/www.eldiario.net\/portal\/2023\/02\/24\/el-sector-privado-junto-al-sector-academico-se-unen-para-implementar-la-eficiencia-energetica\/"},"wordCount":697,"publisher":{"@id":"https:\/\/www.eldiario.net\/portal\/#organization"},"image":{"@id":"https:\/\/www.eldiario.net\/portal\/2023\/02\/24\/el-sector-privado-junto-al-sector-academico-se-unen-para-implementar-la-eficiencia-energetica\/#primaryimage"},"thumbnailUrl":"","articleSection":["Econom\u00eda"],"inLanguage":"es"},{"@type":"WebPage","@id":"https:\/\/www.eldiario.net\/portal\/2023\/02\/24\/el-sector-privado-junto-al-sector-academico-se-unen-para-implementar-la-eficiencia-energetica\/","url":"https:\/\/www.eldiario.net\/portal\/2023\/02\/24\/el-sector-privado-junto-al-sector-academico-se-unen-para-implementar-la-eficiencia-energetica\/","name":"El sector privado junto al sector acad\u00e9mico se unen para implementar la eficiencia energ\u00e9tica - El Diario - Bolivia","isPartOf":{"@id":"https:\/\/www.eldiario.net\/portal\/#website"},"primaryImageOfPage":{"@id":"https:\/\/www.eldiario.net\/portal\/2023\/02\/24\/el-sector-privado-junto-al-sector-academico-se-unen-para-implementar-la-eficiencia-energetica\/#primaryimage"},"image":{"@id":"https:\/\/www.eldiario.net\/portal\/2023\/02\/24\/el-sector-privado-junto-al-sector-academico-se-unen-para-implementar-la-eficiencia-energetica\/#primaryimage"},"thumbnailUrl":"","datePublished":"2023-02-24T09:45:27+00:00","breadcrumb":{"@id":"https:\/\/www.eldiario.net\/portal\/2023\/02\/24\/el-sector-privado-junto-al-sector-academico-se-unen-para-implementar-la-eficiencia-energetica\/#breadcrumb"},"inLanguage":"es","potentialAction":[{"@type":"ReadAction","target":["https:\/\/www.eldiario.net\/portal\/2023\/02\/24\/el-sector-privado-junto-al-sector-academico-se-unen-para-implementar-la-eficiencia-energetica\/"]}]},{"@type":"ImageObject","inLanguage":"es","@id":"https:\/\/www.eldiario.net\/portal\/2023\/02\/24\/el-sector-privado-junto-al-sector-academico-se-unen-para-implementar-la-eficiencia-energetica\/#primaryimage","url":"","contentUrl":""},{"@type":"BreadcrumbList","@id":"https:\/\/www.eldiario.net\/portal\/2023\/02\/24\/el-sector-privado-junto-al-sector-academico-se-unen-para-implementar-la-eficiencia-energetica\/#breadcrumb","itemListElement":[{"@type":"ListItem","position":1,"name":"Portada","item":"https:\/\/www.eldiario.net\/portal\/"},{"@type":"ListItem","position":2,"name":"El sector privado junto al sector acad\u00e9mico se unen para implementar la eficiencia energ\u00e9tica"}]},{"@type":"WebSite","@id":"https:\/\/www.eldiario.net\/portal\/#website","url":"https:\/\/www.eldiario.net\/portal\/","name":"El Diario - Decano de la prensa nacional","description":"El Diario - Decano de la prensa nacional","publisher":{"@id":"https:\/\/www.eldiario.net\/portal\/#organization"},"potentialAction":[{"@type":"SearchAction","target":{"@type":"EntryPoint","urlTemplate":"https:\/\/www.eldiario.net\/portal\/?s={search_term_string}"},"query-input":{"@type":"PropertyValueSpecification","valueRequired":true,"valueName":"search_term_string"}}],"inLanguage":"es"},{"@type":"Organization","@id":"https:\/\/www.eldiario.net\/portal\/#organization","name":"El Diario - Decano de la prensa nacional","url":"https:\/\/www.eldiario.net\/portal\/","logo":{"@type":"ImageObject","inLanguage":"es","@id":"https:\/\/www.eldiario.net\/portal\/#\/schema\/logo\/image\/","url":"https:\/\/www.eldiario.net\/portal\/wp-content\/uploads\/2023\/07\/logo_ED.jpg","contentUrl":"https:\/\/www.eldiario.net\/portal\/wp-content\/uploads\/2023\/07\/logo_ED.jpg","width":272,"height":52,"caption":"El Diario - Decano de la prensa nacional"},"image":{"@id":"https:\/\/www.eldiario.net\/portal\/#\/schema\/logo\/image\/"},"sameAs":["https:\/\/www.facebook.com\/eldiario.bolivia\/","https:\/\/x.com\/eldiario_net"]},{"@type":"Person","@id":"https:\/\/www.eldiario.net\/portal\/#\/schema\/person\/f46445640444750d7d753ccd04ae01b7","name":"Jeanette","image":{"@type":"ImageObject","inLanguage":"es","@id":"https:\/\/secure.gravatar.com\/avatar\/3ea2118a5f7dad2b7138b1187a6b7ee55f160b9968b66013c3a3ef39dd7e5798?s=96&d=mm&r=g","url":"https:\/\/secure.gravatar.com\/avatar\/3ea2118a5f7dad2b7138b1187a6b7ee55f160b9968b66013c3a3ef39dd7e5798?s=96&d=mm&r=g","contentUrl":"https:\/\/secure.gravatar.com\/avatar\/3ea2118a5f7dad2b7138b1187a6b7ee55f160b9968b66013c3a3ef39dd7e5798?s=96&d=mm&r=g","caption":"Jeanette"},"sameAs":["https:\/\/www.eldiario.net\/portal"],"url":"https:\/\/www.eldiario.net\/portal\/author\/jeanette\/"}]}},"_links":{"self":[{"href":"https:\/\/www.eldiario.net\/portal\/wp-json\/wp\/v2\/posts\/139781","targetHints":{"allow":["GET"]}}],"collection":[{"href":"https:\/\/www.eldiario.net\/portal\/wp-json\/wp\/v2\/posts"}],"about":[{"href":"https:\/\/www.eldiario.net\/portal\/wp-json\/wp\/v2\/types\/post"}],"author":[{"embeddable":true,"href":"https:\/\/www.eldiario.net\/portal\/wp-json\/wp\/v2\/users\/1"}],"replies":[{"embeddable":true,"href":"https:\/\/www.eldiario.net\/portal\/wp-json\/wp\/v2\/comments?post=139781"}],"version-history":[{"count":0,"href":"https:\/\/www.eldiario.net\/portal\/wp-json\/wp\/v2\/posts\/139781\/revisions"}],"wp:attachment":[{"href":"https:\/\/www.eldiario.net\/portal\/wp-json\/wp\/v2\/media?parent=139781"}],"wp:term":[{"taxonomy":"category","embeddable":true,"href":"https:\/\/www.eldiario.net\/portal\/wp-json\/wp\/v2\/categories?post=139781"},{"taxonomy":"post_tag","embeddable":true,"href":"https:\/\/www.eldiario.net\/portal\/wp-json\/wp\/v2\/tags?post=139781"}],"curies":[{"name":"wp","href":"https:\/\/api.w.org\/{rel}","templated":true}]}}