{"id":139777,"date":"2023-02-24T05:44:43","date_gmt":"2023-02-24T09:44:43","guid":{"rendered":"https:\/\/www.eldiario.net\/portal\/?p=139777"},"modified":"2023-02-24T05:44:43","modified_gmt":"2023-02-24T09:44:43","slug":"la-produccion-de-gas-natural-y-liquidos-cayo-en-2022","status":"publish","type":"post","link":"https:\/\/www.eldiario.net\/portal\/2023\/02\/24\/la-produccion-de-gas-natural-y-liquidos-cayo-en-2022\/","title":{"rendered":"La producci\u00f3n de gas natural  y l\u00edquidos cay\u00f3 en 2022"},"content":{"rendered":"<p>La producci\u00f3n de gas natural cay\u00f3 de 45,1 millones de metros c\u00fabicos d\u00eda (MMmcd) en 2021 a 41,3 MMmcd en 2022, asimismo, la situaci\u00f3n empeora en el caso de los l\u00edquidos, pues la reducci\u00f3n fue de 41 mil barriles por d\u00eda a s\u00f3lo 37 mil, de acuerdo a los datos presentados por el presidente de Yacimientos Petrol\u00edferos Fiscales Bolivianos (YPFB), Armin Dorgathen, en su Rendici\u00f3n de Cuentas.<br \/>\nDijo que a pesar de la baja producci\u00f3n se registr\u00f3 2.970 millones de d\u00f3lares en la renta petrolera, debido en parte de los altos precios del petr\u00f3leo en el mercado internacional, ya que sin el incremento hubiera alcanzado la cifra de 2018, de 2.277 millones.<br \/>\nSin embargo, los economistas lamentaron, en varias oportunidades, que el gas se haya hecho gas y que la ca\u00edda de la producci\u00f3n no haya logrado aprovechar los precios altos del crudo, en la venta de gas natural a Brasil y Argentina.<br \/>\nEl a\u00f1o pasado el analista del sector hidrocarburos de la Fundaci\u00f3n Jubileo, Ra\u00fal Velasco, anticip\u00f3 que Bolivia dej\u00f3 de ser exportador para convertirse en un importador ante la ca\u00edda de la producci\u00f3n de gas.<br \/>\nLos datos oficiales del Instituto Nacional de Estad\u00edstica (INE) indican que las importaciones entre combustibles y lubricantes alcanzaron los 4.365 millones de d\u00f3lares, un incremento en el valor de 94% respecto al 2021.<br \/>\nDe acuerdo a datos del Presidente de YPFB, el 2014 se alcanz\u00f3 una renta petrolera de 5.489 millones de d\u00f3lares, y a partir de 2015 la cifra baj\u00f3 con algunos incrementos, pero no pasaron los 3.000 millones.<br \/>\nSuma de derivados<br \/>\nMientras una nota de prensa de YPFB indica que los ingresos operativos consolidados por ventas de gas natural y sus productos derivados como urea granulada, gas licuado de petr\u00f3leo (GLP) y gasolina rica en isopentano, se incrementaron en m\u00e1s de 27% en la gesti\u00f3n 2022, de acuerdo a declaraciones de Dorgathen Tapia.<br \/>\n\u201cSeg\u00fan mercado, m\u00e1s de 6.314 millones de d\u00f3lares son los ingresos consolidados por la venta de todos los productos que tenemos como YPFB en la gesti\u00f3n 2022, valor que representa un ingreso superior significativo de 27,2%. el mayor en los \u00faltimos 8 a\u00f1os en materia de recaudaciones en relaci\u00f3n al monto registrado en 2021\u201d, destac\u00f3 la autoridad.<br \/>\nInversiones<br \/>\nEn lo que respecta a las inversiones, los datos presentados por el titular de la estatal petrolera, se\u00f1alan que la ejecuci\u00f3n lleg\u00f3 a 399,83 millones de d\u00f3lares, pero podr\u00eda cambiar el monto pues est\u00e1 sujeto a modificaciones por el pago de la deuda flotante y auditor\u00edas externas.<br \/>\nComo todos los a\u00f1os, la explotaci\u00f3n lider\u00f3 la inversi\u00f3n con 135,74 millones de d\u00f3lares, seguido de la exploraci\u00f3n con 107,3 millones, distribuci\u00f3n con 72,10 millones, transporte 46,70 millones, refinaci\u00f3n 18,67 millones, plantas e industrializaci\u00f3n 11,24 millones, comercializaci\u00f3n 3,01 millones, almacenaje 2,65 millones y otras inversiones 2,40 millones.<br \/>\nTambi\u00e9n se inform\u00f3 que las empresas filiales y subsidiarias alcanzaron una ejecuci\u00f3n de 225,40 millones de d\u00f3lares, las operadoras 57,07 millones y Casa Matriz 117,37 millones.<br \/>\nDe acuerdo a los datos presentados por Dorgathen, el 2014 la inversi\u00f3n alcanz\u00f3 a 2.114,66 millones de d\u00f3lares, en donde Casa Matriz alcanz\u00f3 una ejecuci\u00f3n de 604,45 millones, mientras las empresas operadoras registraron una cifra de 968,21 millones y las empresas filiales y subsidiarias 541,99 millones.<br \/>\nSin embargo, en 2015, a pesar de que la ejecuci\u00f3n baj\u00f3 a 1.938,86 millones de d\u00f3lares, YPFB subi\u00f3 su inversi\u00f3n a 634,96 millones, las m\u00e1s alta hasta la fecha pero no fue mayor a las empresas operadoras, que registraron una cifra de 732,39 millones.<br \/>\nEl titular de YPFB fue optimista al indicar que la exploraci\u00f3n avanza, y esta gesti\u00f3n ingresar\u00e1 en esta tarea los pozos Chan\u00e9 X1, Bermejo y I\u00f1au X3D.<br \/>\nLa considerable mejora en la eficiencia de las operaciones que encara la estatal petrolera permiti\u00f3 generar recursos extraordinarios con relaci\u00f3n a 2021, per\u00edodo en el que se registr\u00f3 un ingreso total por USD 4.965,5 millones.<br \/>\nA este escenario favorable contribuyeron los logros alcanzados en la negociaci\u00f3n de los contratos de exportaci\u00f3n de gas natural con los pa\u00edses vecinos, y el incremento en las exportaciones de urea (fertilizante derivado del gas), GLP y gasolina rica en isopentano.<br \/>\n\u0093Desde el a\u00f1o 2016 nunca se lleg\u00f3 a ver un monto de esta magnitud, lo cual nos muestra que el trabajo realizado para poder llegar a ese valor, se debe a las gestiones efectuadas desde finales del a\u00f1o 2020. Reafirmamos nuestro compromiso de contribuir a la reactivaci\u00f3n econ\u00f3mica de las familias bolivianas que encara el presidente Lucho Arce\u0094, destac\u00f3 la autoridad.<br \/>\nDurante la gesti\u00f3n 2022, la estatal petrolera garantiz\u00f3 la entrega de estos productos al mercado interno. Los excedentes de gas natural y sus productos derivados se exportaron a diferentes mercados de la regi\u00f3n: gas natural se envi\u00f3 a Brasil y Argentina; urea se vendi\u00f3 a Brasil, Argentina, Paraguay, Per\u00fa y Uruguay; y GLP se comercializ\u00f3 a Brasil, Paraguay y Per\u00fa. Desde octubre de 2016 se exporta isopentano a Brasil, Per\u00fa y a otros pa\u00edses.<\/p>\n\n","protected":false},"excerpt":{"rendered":"<p>La producci\u00f3n de gas natural cay\u00f3 de 45,1 millones de metros c\u00fabicos d\u00eda (MMmcd) en 2021 a 41,3 MMmcd en 2022, asimismo, la situaci\u00f3n empeora en el caso de los l\u00edquidos, pues la reducci\u00f3n fue de 41 mil barriles por d\u00eda a s\u00f3lo 37 mil, de acuerdo a los datos presentados por el presidente de [&hellip;]<\/p>\n","protected":false},"author":1,"featured_media":139778,"comment_status":"closed","ping_status":"closed","sticky":false,"template":"","format":"standard","meta":{"_acf_changed":false,"footnotes":""},"categories":[7],"tags":[],"class_list":["post-139777","post","type-post","status-publish","format-standard","has-post-thumbnail","category-economia"],"acf":{"antetitulo":""},"yoast_head":"<!-- This site is optimized with the Yoast SEO plugin v28.3 - https:\/\/yoast.com\/product\/yoast-seo-wordpress\/ -->\n<title>La producci\u00f3n de gas natural y l\u00edquidos cay\u00f3 en 2022 - El Diario - Bolivia<\/title>\n<meta name=\"robots\" content=\"index, follow, max-snippet:-1, max-image-preview:large, max-video-preview:-1\" \/>\n<link rel=\"canonical\" href=\"https:\/\/www.eldiario.net\/portal\/2023\/02\/24\/la-produccion-de-gas-natural-y-liquidos-cayo-en-2022\/\" \/>\n<meta property=\"og:locale\" content=\"es_ES\" \/>\n<meta property=\"og:type\" content=\"article\" \/>\n<meta property=\"og:title\" content=\"La producci\u00f3n de gas natural y l\u00edquidos cay\u00f3 en 2022 - El Diario - Bolivia\" \/>\n<meta property=\"og:description\" content=\"La producci\u00f3n de gas natural cay\u00f3 de 45,1 millones de metros c\u00fabicos d\u00eda (MMmcd) en 2021 a 41,3 MMmcd en 2022, asimismo, la situaci\u00f3n empeora en el caso de los l\u00edquidos, pues la reducci\u00f3n fue de 41 mil barriles por d\u00eda a s\u00f3lo 37 mil, de acuerdo a los datos presentados por el presidente de [&hellip;]\" \/>\n<meta property=\"og:url\" content=\"https:\/\/www.eldiario.net\/portal\/2023\/02\/24\/la-produccion-de-gas-natural-y-liquidos-cayo-en-2022\/\" \/>\n<meta property=\"og:site_name\" content=\"El Diario - Bolivia\" \/>\n<meta property=\"article:publisher\" content=\"https:\/\/www.facebook.com\/eldiario.bolivia\/\" \/>\n<meta property=\"article:published_time\" content=\"2023-02-24T09:44:43+00:00\" \/>\n<meta name=\"author\" content=\"Jeanette\" \/>\n<meta name=\"twitter:card\" content=\"summary_large_image\" \/>\n<meta name=\"twitter:creator\" content=\"@eldiario_net\" \/>\n<meta name=\"twitter:site\" content=\"@eldiario_net\" \/>\n<meta name=\"twitter:label1\" content=\"Escrito por\" \/>\n\t<meta name=\"twitter:data1\" content=\"Jeanette\" \/>\n\t<meta name=\"twitter:label2\" content=\"Tiempo de lectura\" \/>\n\t<meta name=\"twitter:data2\" content=\"4 minutos\" \/>\n<script type=\"application\/ld+json\" class=\"yoast-schema-graph\">{\"@context\":\"https:\\\/\\\/schema.org\",\"@graph\":[{\"@type\":\"Article\",\"@id\":\"https:\\\/\\\/www.eldiario.net\\\/portal\\\/2023\\\/02\\\/24\\\/la-produccion-de-gas-natural-y-liquidos-cayo-en-2022\\\/#article\",\"isPartOf\":{\"@id\":\"https:\\\/\\\/www.eldiario.net\\\/portal\\\/2023\\\/02\\\/24\\\/la-produccion-de-gas-natural-y-liquidos-cayo-en-2022\\\/\"},\"author\":{\"name\":\"Jeanette\",\"@id\":\"https:\\\/\\\/www.eldiario.net\\\/portal\\\/#\\\/schema\\\/person\\\/f46445640444750d7d753ccd04ae01b7\"},\"headline\":\"La producci\u00f3n de gas natural y l\u00edquidos cay\u00f3 en 2022\",\"datePublished\":\"2023-02-24T09:44:43+00:00\",\"mainEntityOfPage\":{\"@id\":\"https:\\\/\\\/www.eldiario.net\\\/portal\\\/2023\\\/02\\\/24\\\/la-produccion-de-gas-natural-y-liquidos-cayo-en-2022\\\/\"},\"wordCount\":854,\"publisher\":{\"@id\":\"https:\\\/\\\/www.eldiario.net\\\/portal\\\/#organization\"},\"image\":{\"@id\":\"https:\\\/\\\/www.eldiario.net\\\/portal\\\/2023\\\/02\\\/24\\\/la-produccion-de-gas-natural-y-liquidos-cayo-en-2022\\\/#primaryimage\"},\"thumbnailUrl\":\"\",\"articleSection\":[\"Econom\u00eda\"],\"inLanguage\":\"es\"},{\"@type\":\"WebPage\",\"@id\":\"https:\\\/\\\/www.eldiario.net\\\/portal\\\/2023\\\/02\\\/24\\\/la-produccion-de-gas-natural-y-liquidos-cayo-en-2022\\\/\",\"url\":\"https:\\\/\\\/www.eldiario.net\\\/portal\\\/2023\\\/02\\\/24\\\/la-produccion-de-gas-natural-y-liquidos-cayo-en-2022\\\/\",\"name\":\"La producci\u00f3n de gas natural y l\u00edquidos cay\u00f3 en 2022 - El Diario - Bolivia\",\"isPartOf\":{\"@id\":\"https:\\\/\\\/www.eldiario.net\\\/portal\\\/#website\"},\"primaryImageOfPage\":{\"@id\":\"https:\\\/\\\/www.eldiario.net\\\/portal\\\/2023\\\/02\\\/24\\\/la-produccion-de-gas-natural-y-liquidos-cayo-en-2022\\\/#primaryimage\"},\"image\":{\"@id\":\"https:\\\/\\\/www.eldiario.net\\\/portal\\\/2023\\\/02\\\/24\\\/la-produccion-de-gas-natural-y-liquidos-cayo-en-2022\\\/#primaryimage\"},\"thumbnailUrl\":\"\",\"datePublished\":\"2023-02-24T09:44:43+00:00\",\"breadcrumb\":{\"@id\":\"https:\\\/\\\/www.eldiario.net\\\/portal\\\/2023\\\/02\\\/24\\\/la-produccion-de-gas-natural-y-liquidos-cayo-en-2022\\\/#breadcrumb\"},\"inLanguage\":\"es\",\"potentialAction\":[{\"@type\":\"ReadAction\",\"target\":[\"https:\\\/\\\/www.eldiario.net\\\/portal\\\/2023\\\/02\\\/24\\\/la-produccion-de-gas-natural-y-liquidos-cayo-en-2022\\\/\"]}]},{\"@type\":\"ImageObject\",\"inLanguage\":\"es\",\"@id\":\"https:\\\/\\\/www.eldiario.net\\\/portal\\\/2023\\\/02\\\/24\\\/la-produccion-de-gas-natural-y-liquidos-cayo-en-2022\\\/#primaryimage\",\"url\":\"\",\"contentUrl\":\"\"},{\"@type\":\"BreadcrumbList\",\"@id\":\"https:\\\/\\\/www.eldiario.net\\\/portal\\\/2023\\\/02\\\/24\\\/la-produccion-de-gas-natural-y-liquidos-cayo-en-2022\\\/#breadcrumb\",\"itemListElement\":[{\"@type\":\"ListItem\",\"position\":1,\"name\":\"Portada\",\"item\":\"https:\\\/\\\/www.eldiario.net\\\/portal\\\/\"},{\"@type\":\"ListItem\",\"position\":2,\"name\":\"La producci\u00f3n de gas natural y l\u00edquidos cay\u00f3 en 2022\"}]},{\"@type\":\"WebSite\",\"@id\":\"https:\\\/\\\/www.eldiario.net\\\/portal\\\/#website\",\"url\":\"https:\\\/\\\/www.eldiario.net\\\/portal\\\/\",\"name\":\"El Diario - Decano de la prensa nacional\",\"description\":\"El Diario - Decano de la prensa nacional\",\"publisher\":{\"@id\":\"https:\\\/\\\/www.eldiario.net\\\/portal\\\/#organization\"},\"potentialAction\":[{\"@type\":\"SearchAction\",\"target\":{\"@type\":\"EntryPoint\",\"urlTemplate\":\"https:\\\/\\\/www.eldiario.net\\\/portal\\\/?s={search_term_string}\"},\"query-input\":{\"@type\":\"PropertyValueSpecification\",\"valueRequired\":true,\"valueName\":\"search_term_string\"}}],\"inLanguage\":\"es\"},{\"@type\":\"Organization\",\"@id\":\"https:\\\/\\\/www.eldiario.net\\\/portal\\\/#organization\",\"name\":\"El Diario - Decano de la prensa nacional\",\"url\":\"https:\\\/\\\/www.eldiario.net\\\/portal\\\/\",\"logo\":{\"@type\":\"ImageObject\",\"inLanguage\":\"es\",\"@id\":\"https:\\\/\\\/www.eldiario.net\\\/portal\\\/#\\\/schema\\\/logo\\\/image\\\/\",\"url\":\"https:\\\/\\\/www.eldiario.net\\\/portal\\\/wp-content\\\/uploads\\\/2023\\\/07\\\/logo_ED.jpg\",\"contentUrl\":\"https:\\\/\\\/www.eldiario.net\\\/portal\\\/wp-content\\\/uploads\\\/2023\\\/07\\\/logo_ED.jpg\",\"width\":272,\"height\":52,\"caption\":\"El Diario - Decano de la prensa nacional\"},\"image\":{\"@id\":\"https:\\\/\\\/www.eldiario.net\\\/portal\\\/#\\\/schema\\\/logo\\\/image\\\/\"},\"sameAs\":[\"https:\\\/\\\/www.facebook.com\\\/eldiario.bolivia\\\/\",\"https:\\\/\\\/x.com\\\/eldiario_net\"]},{\"@type\":\"Person\",\"@id\":\"https:\\\/\\\/www.eldiario.net\\\/portal\\\/#\\\/schema\\\/person\\\/f46445640444750d7d753ccd04ae01b7\",\"name\":\"Jeanette\",\"image\":{\"@type\":\"ImageObject\",\"inLanguage\":\"es\",\"@id\":\"https:\\\/\\\/secure.gravatar.com\\\/avatar\\\/3ea2118a5f7dad2b7138b1187a6b7ee55f160b9968b66013c3a3ef39dd7e5798?s=96&d=mm&r=g\",\"url\":\"https:\\\/\\\/secure.gravatar.com\\\/avatar\\\/3ea2118a5f7dad2b7138b1187a6b7ee55f160b9968b66013c3a3ef39dd7e5798?s=96&d=mm&r=g\",\"contentUrl\":\"https:\\\/\\\/secure.gravatar.com\\\/avatar\\\/3ea2118a5f7dad2b7138b1187a6b7ee55f160b9968b66013c3a3ef39dd7e5798?s=96&d=mm&r=g\",\"caption\":\"Jeanette\"},\"sameAs\":[\"https:\\\/\\\/www.eldiario.net\\\/portal\"],\"url\":\"https:\\\/\\\/www.eldiario.net\\\/portal\\\/author\\\/jeanette\\\/\"}]}<\/script>\n<!-- \/ Yoast SEO plugin. -->","yoast_head_json":{"title":"La producci\u00f3n de gas natural y l\u00edquidos cay\u00f3 en 2022 - El Diario - Bolivia","robots":{"index":"index","follow":"follow","max-snippet":"max-snippet:-1","max-image-preview":"max-image-preview:large","max-video-preview":"max-video-preview:-1"},"canonical":"https:\/\/www.eldiario.net\/portal\/2023\/02\/24\/la-produccion-de-gas-natural-y-liquidos-cayo-en-2022\/","og_locale":"es_ES","og_type":"article","og_title":"La producci\u00f3n de gas natural y l\u00edquidos cay\u00f3 en 2022 - El Diario - Bolivia","og_description":"La producci\u00f3n de gas natural cay\u00f3 de 45,1 millones de metros c\u00fabicos d\u00eda (MMmcd) en 2021 a 41,3 MMmcd en 2022, asimismo, la situaci\u00f3n empeora en el caso de los l\u00edquidos, pues la reducci\u00f3n fue de 41 mil barriles por d\u00eda a s\u00f3lo 37 mil, de acuerdo a los datos presentados por el presidente de [&hellip;]","og_url":"https:\/\/www.eldiario.net\/portal\/2023\/02\/24\/la-produccion-de-gas-natural-y-liquidos-cayo-en-2022\/","og_site_name":"El Diario - Bolivia","article_publisher":"https:\/\/www.facebook.com\/eldiario.bolivia\/","article_published_time":"2023-02-24T09:44:43+00:00","author":"Jeanette","twitter_card":"summary_large_image","twitter_creator":"@eldiario_net","twitter_site":"@eldiario_net","twitter_misc":{"Escrito por":"Jeanette","Tiempo de lectura":"4 minutos"},"schema":{"@context":"https:\/\/schema.org","@graph":[{"@type":"Article","@id":"https:\/\/www.eldiario.net\/portal\/2023\/02\/24\/la-produccion-de-gas-natural-y-liquidos-cayo-en-2022\/#article","isPartOf":{"@id":"https:\/\/www.eldiario.net\/portal\/2023\/02\/24\/la-produccion-de-gas-natural-y-liquidos-cayo-en-2022\/"},"author":{"name":"Jeanette","@id":"https:\/\/www.eldiario.net\/portal\/#\/schema\/person\/f46445640444750d7d753ccd04ae01b7"},"headline":"La producci\u00f3n de gas natural y l\u00edquidos cay\u00f3 en 2022","datePublished":"2023-02-24T09:44:43+00:00","mainEntityOfPage":{"@id":"https:\/\/www.eldiario.net\/portal\/2023\/02\/24\/la-produccion-de-gas-natural-y-liquidos-cayo-en-2022\/"},"wordCount":854,"publisher":{"@id":"https:\/\/www.eldiario.net\/portal\/#organization"},"image":{"@id":"https:\/\/www.eldiario.net\/portal\/2023\/02\/24\/la-produccion-de-gas-natural-y-liquidos-cayo-en-2022\/#primaryimage"},"thumbnailUrl":"","articleSection":["Econom\u00eda"],"inLanguage":"es"},{"@type":"WebPage","@id":"https:\/\/www.eldiario.net\/portal\/2023\/02\/24\/la-produccion-de-gas-natural-y-liquidos-cayo-en-2022\/","url":"https:\/\/www.eldiario.net\/portal\/2023\/02\/24\/la-produccion-de-gas-natural-y-liquidos-cayo-en-2022\/","name":"La producci\u00f3n de gas natural y l\u00edquidos cay\u00f3 en 2022 - El Diario - Bolivia","isPartOf":{"@id":"https:\/\/www.eldiario.net\/portal\/#website"},"primaryImageOfPage":{"@id":"https:\/\/www.eldiario.net\/portal\/2023\/02\/24\/la-produccion-de-gas-natural-y-liquidos-cayo-en-2022\/#primaryimage"},"image":{"@id":"https:\/\/www.eldiario.net\/portal\/2023\/02\/24\/la-produccion-de-gas-natural-y-liquidos-cayo-en-2022\/#primaryimage"},"thumbnailUrl":"","datePublished":"2023-02-24T09:44:43+00:00","breadcrumb":{"@id":"https:\/\/www.eldiario.net\/portal\/2023\/02\/24\/la-produccion-de-gas-natural-y-liquidos-cayo-en-2022\/#breadcrumb"},"inLanguage":"es","potentialAction":[{"@type":"ReadAction","target":["https:\/\/www.eldiario.net\/portal\/2023\/02\/24\/la-produccion-de-gas-natural-y-liquidos-cayo-en-2022\/"]}]},{"@type":"ImageObject","inLanguage":"es","@id":"https:\/\/www.eldiario.net\/portal\/2023\/02\/24\/la-produccion-de-gas-natural-y-liquidos-cayo-en-2022\/#primaryimage","url":"","contentUrl":""},{"@type":"BreadcrumbList","@id":"https:\/\/www.eldiario.net\/portal\/2023\/02\/24\/la-produccion-de-gas-natural-y-liquidos-cayo-en-2022\/#breadcrumb","itemListElement":[{"@type":"ListItem","position":1,"name":"Portada","item":"https:\/\/www.eldiario.net\/portal\/"},{"@type":"ListItem","position":2,"name":"La producci\u00f3n de gas natural y l\u00edquidos cay\u00f3 en 2022"}]},{"@type":"WebSite","@id":"https:\/\/www.eldiario.net\/portal\/#website","url":"https:\/\/www.eldiario.net\/portal\/","name":"El Diario - Decano de la prensa nacional","description":"El Diario - Decano de la prensa nacional","publisher":{"@id":"https:\/\/www.eldiario.net\/portal\/#organization"},"potentialAction":[{"@type":"SearchAction","target":{"@type":"EntryPoint","urlTemplate":"https:\/\/www.eldiario.net\/portal\/?s={search_term_string}"},"query-input":{"@type":"PropertyValueSpecification","valueRequired":true,"valueName":"search_term_string"}}],"inLanguage":"es"},{"@type":"Organization","@id":"https:\/\/www.eldiario.net\/portal\/#organization","name":"El Diario - Decano de la prensa nacional","url":"https:\/\/www.eldiario.net\/portal\/","logo":{"@type":"ImageObject","inLanguage":"es","@id":"https:\/\/www.eldiario.net\/portal\/#\/schema\/logo\/image\/","url":"https:\/\/www.eldiario.net\/portal\/wp-content\/uploads\/2023\/07\/logo_ED.jpg","contentUrl":"https:\/\/www.eldiario.net\/portal\/wp-content\/uploads\/2023\/07\/logo_ED.jpg","width":272,"height":52,"caption":"El Diario - Decano de la prensa nacional"},"image":{"@id":"https:\/\/www.eldiario.net\/portal\/#\/schema\/logo\/image\/"},"sameAs":["https:\/\/www.facebook.com\/eldiario.bolivia\/","https:\/\/x.com\/eldiario_net"]},{"@type":"Person","@id":"https:\/\/www.eldiario.net\/portal\/#\/schema\/person\/f46445640444750d7d753ccd04ae01b7","name":"Jeanette","image":{"@type":"ImageObject","inLanguage":"es","@id":"https:\/\/secure.gravatar.com\/avatar\/3ea2118a5f7dad2b7138b1187a6b7ee55f160b9968b66013c3a3ef39dd7e5798?s=96&d=mm&r=g","url":"https:\/\/secure.gravatar.com\/avatar\/3ea2118a5f7dad2b7138b1187a6b7ee55f160b9968b66013c3a3ef39dd7e5798?s=96&d=mm&r=g","contentUrl":"https:\/\/secure.gravatar.com\/avatar\/3ea2118a5f7dad2b7138b1187a6b7ee55f160b9968b66013c3a3ef39dd7e5798?s=96&d=mm&r=g","caption":"Jeanette"},"sameAs":["https:\/\/www.eldiario.net\/portal"],"url":"https:\/\/www.eldiario.net\/portal\/author\/jeanette\/"}]}},"_links":{"self":[{"href":"https:\/\/www.eldiario.net\/portal\/wp-json\/wp\/v2\/posts\/139777","targetHints":{"allow":["GET"]}}],"collection":[{"href":"https:\/\/www.eldiario.net\/portal\/wp-json\/wp\/v2\/posts"}],"about":[{"href":"https:\/\/www.eldiario.net\/portal\/wp-json\/wp\/v2\/types\/post"}],"author":[{"embeddable":true,"href":"https:\/\/www.eldiario.net\/portal\/wp-json\/wp\/v2\/users\/1"}],"replies":[{"embeddable":true,"href":"https:\/\/www.eldiario.net\/portal\/wp-json\/wp\/v2\/comments?post=139777"}],"version-history":[{"count":0,"href":"https:\/\/www.eldiario.net\/portal\/wp-json\/wp\/v2\/posts\/139777\/revisions"}],"wp:attachment":[{"href":"https:\/\/www.eldiario.net\/portal\/wp-json\/wp\/v2\/media?parent=139777"}],"wp:term":[{"taxonomy":"category","embeddable":true,"href":"https:\/\/www.eldiario.net\/portal\/wp-json\/wp\/v2\/categories?post=139777"},{"taxonomy":"post_tag","embeddable":true,"href":"https:\/\/www.eldiario.net\/portal\/wp-json\/wp\/v2\/tags?post=139777"}],"curies":[{"name":"wp","href":"https:\/\/api.w.org\/{rel}","templated":true}]}}