{"id":139774,"date":"2023-02-24T05:43:49","date_gmt":"2023-02-24T09:43:49","guid":{"rendered":"https:\/\/www.eldiario.net\/portal\/?p=139774"},"modified":"2023-02-24T05:43:49","modified_gmt":"2023-02-24T09:43:49","slug":"remesas-pasaron-us-1-400-millones-en-la-gestion-2022","status":"publish","type":"post","link":"https:\/\/www.eldiario.net\/portal\/2023\/02\/24\/remesas-pasaron-us-1-400-millones-en-la-gestion-2022\/","title":{"rendered":"Remesas pasaron $us 1.400  millones en la gesti\u00f3n 2022"},"content":{"rendered":"<p>Las remesas alcanzaron los 1.437 millones de d\u00f3lares en la gesti\u00f3n 2022, estos recursos ayudan a las Reservas Internacionales. Santa Cruz recibe m\u00e1s del 50%, de acuerdo a informaci\u00f3n del presidente del Banco Central de Bolivia, Edwin Rojas.<br \/>\nLa autoridad calific\u00f3 al monto de r\u00e9cord y respecto a similar per\u00edodo de 2021, las transferencias fueron mayores en 38 millones de d\u00f3lares, equivalentes a un incremento de 2,7%.<br \/>\nSe trata del valor en remesas m\u00e1s alto alcanzado en todo el tiempo que se lleva el registro de este indicador, m\u00e1s a\u00fan considerando un contexto internacional afectado por la pandemia de covid-19, entre otros factores adversos, afirm\u00f3 Rojas Ulo.<br \/>\nEl presidente del BCB indic\u00f3 que los recursos generados por las remesas de los connacionales tienen efectos positivos en la econom\u00eda boliviana porque incrementan el nivel de ingreso, ahorro e inversi\u00f3n de las familias receptoras de este dinero, adem\u00e1s que promueven la inclusi\u00f3n financiera, dinamizan la econom\u00eda y fortalecen las reservas internacionales.<br \/>\nPor pa\u00eds de origen, las remesas provinieron principalmente de Espa\u00f1a, con 31,4% de participaci\u00f3n, seguido de Chile con 21,6%, Estados Unidos 20,7%, Brasil 5,8% y Argentina 4,7%<br \/>\nLos departamentos receptores de estas remesas, principalmente fueron Santa Cruz, con 51,8%; Cochabamba, con 24,7%; y La Paz, con 11,5%, que en conjunto representan el 88% del total recibido<br \/>\nBono remesas<br \/>\nPor otra parte, como se recordar\u00e1 el BCB hace unas semanas atr\u00e1s lanz\u00f3 el Bono Remesa con el objetivo de que las personas que reciben recursos de sus parientes del exterior puedan realizar inversiones en esta propuesta a tasas m\u00e1s atractivas respecto a otras entidades financieras.<br \/>\nEl titular del BCB dijo que no es correcto tratar de vincular el Bono Remesa con una pol\u00edtica para mejora las reservas, que son diferentes.<br \/>\nExplic\u00f3 que la propuesta nace en una convenci\u00f3n en el marco de Naciones Unidas en 1999, en el caso de Bolivia, recomiendan implementar algunas pol\u00edticas que permitan a los receptores de estos recursos a poder invertir y obtener una rentabilidad.<br \/>\nRojas se\u00f1al\u00f3 que en t\u00e9rminos rendimientos, es superior a los que ofrece el mercado financiero, y est\u00e1n pr\u00f3ximos a alcanzar los 100 mil d\u00f3lares.<br \/>\nReconoci\u00f3 que las personas que reciben estas remesas, se destinan a diversos gastos, como el corriente, a inversi\u00f3n y una parte al ahorro.<br \/>\nComo se recordar\u00e1, cuando fue lanzado el Bono Remesa, la autoridad dijo que se esperaba alcanzar los 50 millones de d\u00f3lares a lo largo de esta gesti\u00f3n.<\/p>\n","protected":false},"excerpt":{"rendered":"<p>Las remesas alcanzaron los 1.437 millones de d\u00f3lares en la gesti\u00f3n 2022, estos recursos ayudan a las Reservas Internacionales. Santa Cruz recibe m\u00e1s del 50%, de acuerdo a informaci\u00f3n del presidente del Banco Central de Bolivia, Edwin Rojas. La autoridad calific\u00f3 al monto de r\u00e9cord y respecto a similar per\u00edodo de 2021, las transferencias fueron [&hellip;]<\/p>\n","protected":false},"author":1,"featured_media":139775,"comment_status":"closed","ping_status":"closed","sticky":false,"template":"","format":"standard","meta":{"_acf_changed":false,"footnotes":""},"categories":[7],"tags":[],"class_list":["post-139774","post","type-post","status-publish","format-standard","has-post-thumbnail","category-economia"],"acf":{"antetitulo":""},"yoast_head":"<!-- This site is optimized with the Yoast SEO plugin v28.3 - https:\/\/yoast.com\/product\/yoast-seo-wordpress\/ -->\n<title>Remesas pasaron $us 1.400 millones en la gesti\u00f3n 2022 - El Diario - Bolivia<\/title>\n<meta name=\"robots\" content=\"index, follow, max-snippet:-1, max-image-preview:large, max-video-preview:-1\" \/>\n<link rel=\"canonical\" href=\"https:\/\/www.eldiario.net\/portal\/2023\/02\/24\/remesas-pasaron-us-1-400-millones-en-la-gestion-2022\/\" \/>\n<meta property=\"og:locale\" content=\"es_ES\" \/>\n<meta property=\"og:type\" content=\"article\" \/>\n<meta property=\"og:title\" content=\"Remesas pasaron $us 1.400 millones en la gesti\u00f3n 2022 - El Diario - Bolivia\" \/>\n<meta property=\"og:description\" content=\"Las remesas alcanzaron los 1.437 millones de d\u00f3lares en la gesti\u00f3n 2022, estos recursos ayudan a las Reservas Internacionales. Santa Cruz recibe m\u00e1s del 50%, de acuerdo a informaci\u00f3n del presidente del Banco Central de Bolivia, Edwin Rojas. La autoridad calific\u00f3 al monto de r\u00e9cord y respecto a similar per\u00edodo de 2021, las transferencias fueron [&hellip;]\" \/>\n<meta property=\"og:url\" content=\"https:\/\/www.eldiario.net\/portal\/2023\/02\/24\/remesas-pasaron-us-1-400-millones-en-la-gestion-2022\/\" \/>\n<meta property=\"og:site_name\" content=\"El Diario - Bolivia\" \/>\n<meta property=\"article:publisher\" content=\"https:\/\/www.facebook.com\/eldiario.bolivia\/\" \/>\n<meta property=\"article:published_time\" content=\"2023-02-24T09:43:49+00:00\" \/>\n<meta name=\"author\" content=\"Jeanette\" \/>\n<meta name=\"twitter:card\" content=\"summary_large_image\" \/>\n<meta name=\"twitter:creator\" content=\"@eldiario_net\" \/>\n<meta name=\"twitter:site\" content=\"@eldiario_net\" \/>\n<meta name=\"twitter:label1\" content=\"Escrito por\" \/>\n\t<meta name=\"twitter:data1\" content=\"Jeanette\" \/>\n\t<meta name=\"twitter:label2\" content=\"Tiempo de lectura\" \/>\n\t<meta name=\"twitter:data2\" content=\"2 minutos\" \/>\n<script type=\"application\/ld+json\" class=\"yoast-schema-graph\">{\"@context\":\"https:\\\/\\\/schema.org\",\"@graph\":[{\"@type\":\"Article\",\"@id\":\"https:\\\/\\\/www.eldiario.net\\\/portal\\\/2023\\\/02\\\/24\\\/remesas-pasaron-us-1-400-millones-en-la-gestion-2022\\\/#article\",\"isPartOf\":{\"@id\":\"https:\\\/\\\/www.eldiario.net\\\/portal\\\/2023\\\/02\\\/24\\\/remesas-pasaron-us-1-400-millones-en-la-gestion-2022\\\/\"},\"author\":{\"name\":\"Jeanette\",\"@id\":\"https:\\\/\\\/www.eldiario.net\\\/portal\\\/#\\\/schema\\\/person\\\/f46445640444750d7d753ccd04ae01b7\"},\"headline\":\"Remesas pasaron $us 1.400 millones en la gesti\u00f3n 2022\",\"datePublished\":\"2023-02-24T09:43:49+00:00\",\"mainEntityOfPage\":{\"@id\":\"https:\\\/\\\/www.eldiario.net\\\/portal\\\/2023\\\/02\\\/24\\\/remesas-pasaron-us-1-400-millones-en-la-gestion-2022\\\/\"},\"wordCount\":423,\"publisher\":{\"@id\":\"https:\\\/\\\/www.eldiario.net\\\/portal\\\/#organization\"},\"image\":{\"@id\":\"https:\\\/\\\/www.eldiario.net\\\/portal\\\/2023\\\/02\\\/24\\\/remesas-pasaron-us-1-400-millones-en-la-gestion-2022\\\/#primaryimage\"},\"thumbnailUrl\":\"\",\"articleSection\":[\"Econom\u00eda\"],\"inLanguage\":\"es\"},{\"@type\":\"WebPage\",\"@id\":\"https:\\\/\\\/www.eldiario.net\\\/portal\\\/2023\\\/02\\\/24\\\/remesas-pasaron-us-1-400-millones-en-la-gestion-2022\\\/\",\"url\":\"https:\\\/\\\/www.eldiario.net\\\/portal\\\/2023\\\/02\\\/24\\\/remesas-pasaron-us-1-400-millones-en-la-gestion-2022\\\/\",\"name\":\"Remesas pasaron $us 1.400 millones en la gesti\u00f3n 2022 - El Diario - Bolivia\",\"isPartOf\":{\"@id\":\"https:\\\/\\\/www.eldiario.net\\\/portal\\\/#website\"},\"primaryImageOfPage\":{\"@id\":\"https:\\\/\\\/www.eldiario.net\\\/portal\\\/2023\\\/02\\\/24\\\/remesas-pasaron-us-1-400-millones-en-la-gestion-2022\\\/#primaryimage\"},\"image\":{\"@id\":\"https:\\\/\\\/www.eldiario.net\\\/portal\\\/2023\\\/02\\\/24\\\/remesas-pasaron-us-1-400-millones-en-la-gestion-2022\\\/#primaryimage\"},\"thumbnailUrl\":\"\",\"datePublished\":\"2023-02-24T09:43:49+00:00\",\"breadcrumb\":{\"@id\":\"https:\\\/\\\/www.eldiario.net\\\/portal\\\/2023\\\/02\\\/24\\\/remesas-pasaron-us-1-400-millones-en-la-gestion-2022\\\/#breadcrumb\"},\"inLanguage\":\"es\",\"potentialAction\":[{\"@type\":\"ReadAction\",\"target\":[\"https:\\\/\\\/www.eldiario.net\\\/portal\\\/2023\\\/02\\\/24\\\/remesas-pasaron-us-1-400-millones-en-la-gestion-2022\\\/\"]}]},{\"@type\":\"ImageObject\",\"inLanguage\":\"es\",\"@id\":\"https:\\\/\\\/www.eldiario.net\\\/portal\\\/2023\\\/02\\\/24\\\/remesas-pasaron-us-1-400-millones-en-la-gestion-2022\\\/#primaryimage\",\"url\":\"\",\"contentUrl\":\"\"},{\"@type\":\"BreadcrumbList\",\"@id\":\"https:\\\/\\\/www.eldiario.net\\\/portal\\\/2023\\\/02\\\/24\\\/remesas-pasaron-us-1-400-millones-en-la-gestion-2022\\\/#breadcrumb\",\"itemListElement\":[{\"@type\":\"ListItem\",\"position\":1,\"name\":\"Portada\",\"item\":\"https:\\\/\\\/www.eldiario.net\\\/portal\\\/\"},{\"@type\":\"ListItem\",\"position\":2,\"name\":\"Remesas pasaron $us 1.400 millones en la gesti\u00f3n 2022\"}]},{\"@type\":\"WebSite\",\"@id\":\"https:\\\/\\\/www.eldiario.net\\\/portal\\\/#website\",\"url\":\"https:\\\/\\\/www.eldiario.net\\\/portal\\\/\",\"name\":\"El Diario - Decano de la prensa nacional\",\"description\":\"El Diario - Decano de la prensa nacional\",\"publisher\":{\"@id\":\"https:\\\/\\\/www.eldiario.net\\\/portal\\\/#organization\"},\"potentialAction\":[{\"@type\":\"SearchAction\",\"target\":{\"@type\":\"EntryPoint\",\"urlTemplate\":\"https:\\\/\\\/www.eldiario.net\\\/portal\\\/?s={search_term_string}\"},\"query-input\":{\"@type\":\"PropertyValueSpecification\",\"valueRequired\":true,\"valueName\":\"search_term_string\"}}],\"inLanguage\":\"es\"},{\"@type\":\"Organization\",\"@id\":\"https:\\\/\\\/www.eldiario.net\\\/portal\\\/#organization\",\"name\":\"El Diario - Decano de la prensa nacional\",\"url\":\"https:\\\/\\\/www.eldiario.net\\\/portal\\\/\",\"logo\":{\"@type\":\"ImageObject\",\"inLanguage\":\"es\",\"@id\":\"https:\\\/\\\/www.eldiario.net\\\/portal\\\/#\\\/schema\\\/logo\\\/image\\\/\",\"url\":\"https:\\\/\\\/www.eldiario.net\\\/portal\\\/wp-content\\\/uploads\\\/2023\\\/07\\\/logo_ED.jpg\",\"contentUrl\":\"https:\\\/\\\/www.eldiario.net\\\/portal\\\/wp-content\\\/uploads\\\/2023\\\/07\\\/logo_ED.jpg\",\"width\":272,\"height\":52,\"caption\":\"El Diario - Decano de la prensa nacional\"},\"image\":{\"@id\":\"https:\\\/\\\/www.eldiario.net\\\/portal\\\/#\\\/schema\\\/logo\\\/image\\\/\"},\"sameAs\":[\"https:\\\/\\\/www.facebook.com\\\/eldiario.bolivia\\\/\",\"https:\\\/\\\/x.com\\\/eldiario_net\"]},{\"@type\":\"Person\",\"@id\":\"https:\\\/\\\/www.eldiario.net\\\/portal\\\/#\\\/schema\\\/person\\\/f46445640444750d7d753ccd04ae01b7\",\"name\":\"Jeanette\",\"image\":{\"@type\":\"ImageObject\",\"inLanguage\":\"es\",\"@id\":\"https:\\\/\\\/secure.gravatar.com\\\/avatar\\\/3ea2118a5f7dad2b7138b1187a6b7ee55f160b9968b66013c3a3ef39dd7e5798?s=96&d=mm&r=g\",\"url\":\"https:\\\/\\\/secure.gravatar.com\\\/avatar\\\/3ea2118a5f7dad2b7138b1187a6b7ee55f160b9968b66013c3a3ef39dd7e5798?s=96&d=mm&r=g\",\"contentUrl\":\"https:\\\/\\\/secure.gravatar.com\\\/avatar\\\/3ea2118a5f7dad2b7138b1187a6b7ee55f160b9968b66013c3a3ef39dd7e5798?s=96&d=mm&r=g\",\"caption\":\"Jeanette\"},\"sameAs\":[\"https:\\\/\\\/www.eldiario.net\\\/portal\"],\"url\":\"https:\\\/\\\/www.eldiario.net\\\/portal\\\/author\\\/jeanette\\\/\"}]}<\/script>\n<!-- \/ Yoast SEO plugin. -->","yoast_head_json":{"title":"Remesas pasaron $us 1.400 millones en la gesti\u00f3n 2022 - El Diario - Bolivia","robots":{"index":"index","follow":"follow","max-snippet":"max-snippet:-1","max-image-preview":"max-image-preview:large","max-video-preview":"max-video-preview:-1"},"canonical":"https:\/\/www.eldiario.net\/portal\/2023\/02\/24\/remesas-pasaron-us-1-400-millones-en-la-gestion-2022\/","og_locale":"es_ES","og_type":"article","og_title":"Remesas pasaron $us 1.400 millones en la gesti\u00f3n 2022 - El Diario - Bolivia","og_description":"Las remesas alcanzaron los 1.437 millones de d\u00f3lares en la gesti\u00f3n 2022, estos recursos ayudan a las Reservas Internacionales. Santa Cruz recibe m\u00e1s del 50%, de acuerdo a informaci\u00f3n del presidente del Banco Central de Bolivia, Edwin Rojas. La autoridad calific\u00f3 al monto de r\u00e9cord y respecto a similar per\u00edodo de 2021, las transferencias fueron [&hellip;]","og_url":"https:\/\/www.eldiario.net\/portal\/2023\/02\/24\/remesas-pasaron-us-1-400-millones-en-la-gestion-2022\/","og_site_name":"El Diario - Bolivia","article_publisher":"https:\/\/www.facebook.com\/eldiario.bolivia\/","article_published_time":"2023-02-24T09:43:49+00:00","author":"Jeanette","twitter_card":"summary_large_image","twitter_creator":"@eldiario_net","twitter_site":"@eldiario_net","twitter_misc":{"Escrito por":"Jeanette","Tiempo de lectura":"2 minutos"},"schema":{"@context":"https:\/\/schema.org","@graph":[{"@type":"Article","@id":"https:\/\/www.eldiario.net\/portal\/2023\/02\/24\/remesas-pasaron-us-1-400-millones-en-la-gestion-2022\/#article","isPartOf":{"@id":"https:\/\/www.eldiario.net\/portal\/2023\/02\/24\/remesas-pasaron-us-1-400-millones-en-la-gestion-2022\/"},"author":{"name":"Jeanette","@id":"https:\/\/www.eldiario.net\/portal\/#\/schema\/person\/f46445640444750d7d753ccd04ae01b7"},"headline":"Remesas pasaron $us 1.400 millones en la gesti\u00f3n 2022","datePublished":"2023-02-24T09:43:49+00:00","mainEntityOfPage":{"@id":"https:\/\/www.eldiario.net\/portal\/2023\/02\/24\/remesas-pasaron-us-1-400-millones-en-la-gestion-2022\/"},"wordCount":423,"publisher":{"@id":"https:\/\/www.eldiario.net\/portal\/#organization"},"image":{"@id":"https:\/\/www.eldiario.net\/portal\/2023\/02\/24\/remesas-pasaron-us-1-400-millones-en-la-gestion-2022\/#primaryimage"},"thumbnailUrl":"","articleSection":["Econom\u00eda"],"inLanguage":"es"},{"@type":"WebPage","@id":"https:\/\/www.eldiario.net\/portal\/2023\/02\/24\/remesas-pasaron-us-1-400-millones-en-la-gestion-2022\/","url":"https:\/\/www.eldiario.net\/portal\/2023\/02\/24\/remesas-pasaron-us-1-400-millones-en-la-gestion-2022\/","name":"Remesas pasaron $us 1.400 millones en la gesti\u00f3n 2022 - El Diario - Bolivia","isPartOf":{"@id":"https:\/\/www.eldiario.net\/portal\/#website"},"primaryImageOfPage":{"@id":"https:\/\/www.eldiario.net\/portal\/2023\/02\/24\/remesas-pasaron-us-1-400-millones-en-la-gestion-2022\/#primaryimage"},"image":{"@id":"https:\/\/www.eldiario.net\/portal\/2023\/02\/24\/remesas-pasaron-us-1-400-millones-en-la-gestion-2022\/#primaryimage"},"thumbnailUrl":"","datePublished":"2023-02-24T09:43:49+00:00","breadcrumb":{"@id":"https:\/\/www.eldiario.net\/portal\/2023\/02\/24\/remesas-pasaron-us-1-400-millones-en-la-gestion-2022\/#breadcrumb"},"inLanguage":"es","potentialAction":[{"@type":"ReadAction","target":["https:\/\/www.eldiario.net\/portal\/2023\/02\/24\/remesas-pasaron-us-1-400-millones-en-la-gestion-2022\/"]}]},{"@type":"ImageObject","inLanguage":"es","@id":"https:\/\/www.eldiario.net\/portal\/2023\/02\/24\/remesas-pasaron-us-1-400-millones-en-la-gestion-2022\/#primaryimage","url":"","contentUrl":""},{"@type":"BreadcrumbList","@id":"https:\/\/www.eldiario.net\/portal\/2023\/02\/24\/remesas-pasaron-us-1-400-millones-en-la-gestion-2022\/#breadcrumb","itemListElement":[{"@type":"ListItem","position":1,"name":"Portada","item":"https:\/\/www.eldiario.net\/portal\/"},{"@type":"ListItem","position":2,"name":"Remesas pasaron $us 1.400 millones en la gesti\u00f3n 2022"}]},{"@type":"WebSite","@id":"https:\/\/www.eldiario.net\/portal\/#website","url":"https:\/\/www.eldiario.net\/portal\/","name":"El Diario - Decano de la prensa nacional","description":"El Diario - Decano de la prensa nacional","publisher":{"@id":"https:\/\/www.eldiario.net\/portal\/#organization"},"potentialAction":[{"@type":"SearchAction","target":{"@type":"EntryPoint","urlTemplate":"https:\/\/www.eldiario.net\/portal\/?s={search_term_string}"},"query-input":{"@type":"PropertyValueSpecification","valueRequired":true,"valueName":"search_term_string"}}],"inLanguage":"es"},{"@type":"Organization","@id":"https:\/\/www.eldiario.net\/portal\/#organization","name":"El Diario - Decano de la prensa nacional","url":"https:\/\/www.eldiario.net\/portal\/","logo":{"@type":"ImageObject","inLanguage":"es","@id":"https:\/\/www.eldiario.net\/portal\/#\/schema\/logo\/image\/","url":"https:\/\/www.eldiario.net\/portal\/wp-content\/uploads\/2023\/07\/logo_ED.jpg","contentUrl":"https:\/\/www.eldiario.net\/portal\/wp-content\/uploads\/2023\/07\/logo_ED.jpg","width":272,"height":52,"caption":"El Diario - Decano de la prensa nacional"},"image":{"@id":"https:\/\/www.eldiario.net\/portal\/#\/schema\/logo\/image\/"},"sameAs":["https:\/\/www.facebook.com\/eldiario.bolivia\/","https:\/\/x.com\/eldiario_net"]},{"@type":"Person","@id":"https:\/\/www.eldiario.net\/portal\/#\/schema\/person\/f46445640444750d7d753ccd04ae01b7","name":"Jeanette","image":{"@type":"ImageObject","inLanguage":"es","@id":"https:\/\/secure.gravatar.com\/avatar\/3ea2118a5f7dad2b7138b1187a6b7ee55f160b9968b66013c3a3ef39dd7e5798?s=96&d=mm&r=g","url":"https:\/\/secure.gravatar.com\/avatar\/3ea2118a5f7dad2b7138b1187a6b7ee55f160b9968b66013c3a3ef39dd7e5798?s=96&d=mm&r=g","contentUrl":"https:\/\/secure.gravatar.com\/avatar\/3ea2118a5f7dad2b7138b1187a6b7ee55f160b9968b66013c3a3ef39dd7e5798?s=96&d=mm&r=g","caption":"Jeanette"},"sameAs":["https:\/\/www.eldiario.net\/portal"],"url":"https:\/\/www.eldiario.net\/portal\/author\/jeanette\/"}]}},"_links":{"self":[{"href":"https:\/\/www.eldiario.net\/portal\/wp-json\/wp\/v2\/posts\/139774","targetHints":{"allow":["GET"]}}],"collection":[{"href":"https:\/\/www.eldiario.net\/portal\/wp-json\/wp\/v2\/posts"}],"about":[{"href":"https:\/\/www.eldiario.net\/portal\/wp-json\/wp\/v2\/types\/post"}],"author":[{"embeddable":true,"href":"https:\/\/www.eldiario.net\/portal\/wp-json\/wp\/v2\/users\/1"}],"replies":[{"embeddable":true,"href":"https:\/\/www.eldiario.net\/portal\/wp-json\/wp\/v2\/comments?post=139774"}],"version-history":[{"count":0,"href":"https:\/\/www.eldiario.net\/portal\/wp-json\/wp\/v2\/posts\/139774\/revisions"}],"wp:attachment":[{"href":"https:\/\/www.eldiario.net\/portal\/wp-json\/wp\/v2\/media?parent=139774"}],"wp:term":[{"taxonomy":"category","embeddable":true,"href":"https:\/\/www.eldiario.net\/portal\/wp-json\/wp\/v2\/categories?post=139774"},{"taxonomy":"post_tag","embeddable":true,"href":"https:\/\/www.eldiario.net\/portal\/wp-json\/wp\/v2\/tags?post=139774"}],"curies":[{"name":"wp","href":"https:\/\/api.w.org\/{rel}","templated":true}]}}