{"id":139772,"date":"2023-02-24T05:43:01","date_gmt":"2023-02-24T09:43:01","guid":{"rendered":"https:\/\/www.eldiario.net\/portal\/?p=139772"},"modified":"2023-02-24T05:43:01","modified_gmt":"2023-02-24T09:43:01","slug":"esperan-que-se-incentive-participacion-de-privados-en-produccion-de-biodiesel","status":"publish","type":"post","link":"https:\/\/www.eldiario.net\/portal\/2023\/02\/24\/esperan-que-se-incentive-participacion-de-privados-en-produccion-de-biodiesel\/","title":{"rendered":"Esperan que se incentive participaci\u00f3n  de privados en producci\u00f3n de biodi\u00e9sel"},"content":{"rendered":"<p>Ante los anuncios de autoridades del sector de hidrocarburos de incursionar con fuerza en la producci\u00f3n de biodi\u00e9sel, con el objetivo de reducir los gastos de importaci\u00f3n, el presidente del Instituto Boliviano de Comercio Exterior (IBCE), Demetrio Soruco espera que se incentive la participaci\u00f3n de los privados en la producci\u00f3n de este hidrocarburo.<br \/>\nEl Gobierno anunci\u00f3 la construcci\u00f3n de una planta de biodi\u00e9sel con una inversi\u00f3n de 387 millones de d\u00f3lares, con el objetivo de reducir la importaci\u00f3n del combustible, que el a\u00f1o pasado se increment\u00f3 en valor debido al alza de los carburantes en el mercado internacional.<br \/>\nSoruco destac\u00f3 la iniciativa gubernamental en la implementaci\u00f3n de combustibles a partir de insumos diferentes, como se lo hace con el etanol, que ya se mezcla con gasolina, cuyo uso redujo la compra de materias primas de pa\u00edses vecinos.<br \/>\nRecord\u00f3 que el sector de hidrocarburos pasa por una coyuntura complicada por la guerra entre Rusia y Ucrania, que provoc\u00f3 un alza de los precios de los combustibles a nivel mundial.<br \/>\nEn Bolivia, el presupuesto destinado a la compra de combustibles, se duplic\u00f3, a pesar de este escenario adverso, Soruco se\u00f1al\u00f3 que tambi\u00e9n esta situaci\u00f3n muestra oportunidades para el pa\u00eds, con la producci\u00f3n de biocombustibles.<br \/>\nTenemos proyectos de energ\u00eda alternativa, como el etanol, que ya se usa en el mercado nacional para mezclarlo con la gasolina, apunta a reducir los vol\u00famenes de importaci\u00f3n de este combustible, mencion\u00f3.<br \/>\nLa inversi\u00f3n en biodi\u00e9sel est\u00e1 cercana a los 400 millones de d\u00f3lares, la planta se ubicar\u00e1 en Santa Cruz, la propuesta gubernamental est\u00e1 alineada a posici\u00f3n del IBCE, en implementar la sustituci\u00f3n competitiva de importaciones, de esta manera se ahorra divisas y se desarrolla la industria local.<br \/>\nEl titular del IBCE espera que se incentive la participaci\u00f3n de los privados para producir hidrocarburos como el di\u00e9sel, para el mercado local, y reducir los vol\u00famenes de compra.<br \/>\nDe acuerdo a datos de YPFB, la producci\u00f3n de l\u00edquidos baj\u00f3, por tanto, \u00e9sta podr\u00eda ser una de las explicaciones del aumento de la compra de combustibles para el mercado local.<\/p>\n","protected":false},"excerpt":{"rendered":"<p>Ante los anuncios de autoridades del sector de hidrocarburos de incursionar con fuerza en la producci\u00f3n de biodi\u00e9sel, con el objetivo de reducir los gastos de importaci\u00f3n, el presidente del Instituto Boliviano de Comercio Exterior (IBCE), Demetrio Soruco espera que se incentive la participaci\u00f3n de los privados en la producci\u00f3n de este hidrocarburo. El Gobierno [&hellip;]<\/p>\n","protected":false},"author":1,"featured_media":0,"comment_status":"closed","ping_status":"closed","sticky":false,"template":"","format":"standard","meta":{"_acf_changed":false,"footnotes":""},"categories":[7],"tags":[],"class_list":["post-139772","post","type-post","status-publish","format-standard","category-economia"],"acf":{"antetitulo":""},"yoast_head":"<!-- This site is optimized with the Yoast SEO plugin v28.3 - https:\/\/yoast.com\/product\/yoast-seo-wordpress\/ -->\n<title>Esperan que se incentive participaci\u00f3n de privados en producci\u00f3n de biodi\u00e9sel - El Diario - Bolivia<\/title>\n<meta name=\"robots\" content=\"index, follow, max-snippet:-1, max-image-preview:large, max-video-preview:-1\" \/>\n<link rel=\"canonical\" href=\"https:\/\/www.eldiario.net\/portal\/2023\/02\/24\/esperan-que-se-incentive-participacion-de-privados-en-produccion-de-biodiesel\/\" \/>\n<meta property=\"og:locale\" content=\"es_ES\" \/>\n<meta property=\"og:type\" content=\"article\" \/>\n<meta property=\"og:title\" content=\"Esperan que se incentive participaci\u00f3n de privados en producci\u00f3n de biodi\u00e9sel - El Diario - Bolivia\" \/>\n<meta property=\"og:description\" content=\"Ante los anuncios de autoridades del sector de hidrocarburos de incursionar con fuerza en la producci\u00f3n de biodi\u00e9sel, con el objetivo de reducir los gastos de importaci\u00f3n, el presidente del Instituto Boliviano de Comercio Exterior (IBCE), Demetrio Soruco espera que se incentive la participaci\u00f3n de los privados en la producci\u00f3n de este hidrocarburo. El Gobierno [&hellip;]\" \/>\n<meta property=\"og:url\" content=\"https:\/\/www.eldiario.net\/portal\/2023\/02\/24\/esperan-que-se-incentive-participacion-de-privados-en-produccion-de-biodiesel\/\" \/>\n<meta property=\"og:site_name\" content=\"El Diario - Bolivia\" \/>\n<meta property=\"article:publisher\" content=\"https:\/\/www.facebook.com\/eldiario.bolivia\/\" \/>\n<meta property=\"article:published_time\" content=\"2023-02-24T09:43:01+00:00\" \/>\n<meta name=\"author\" content=\"Jeanette\" \/>\n<meta name=\"twitter:card\" content=\"summary_large_image\" \/>\n<meta name=\"twitter:creator\" content=\"@eldiario_net\" \/>\n<meta name=\"twitter:site\" content=\"@eldiario_net\" \/>\n<meta name=\"twitter:label1\" content=\"Escrito por\" \/>\n\t<meta name=\"twitter:data1\" content=\"Jeanette\" \/>\n\t<meta name=\"twitter:label2\" content=\"Tiempo de lectura\" \/>\n\t<meta name=\"twitter:data2\" content=\"2 minutos\" \/>\n<script type=\"application\/ld+json\" class=\"yoast-schema-graph\">{\"@context\":\"https:\\\/\\\/schema.org\",\"@graph\":[{\"@type\":\"Article\",\"@id\":\"https:\\\/\\\/www.eldiario.net\\\/portal\\\/2023\\\/02\\\/24\\\/esperan-que-se-incentive-participacion-de-privados-en-produccion-de-biodiesel\\\/#article\",\"isPartOf\":{\"@id\":\"https:\\\/\\\/www.eldiario.net\\\/portal\\\/2023\\\/02\\\/24\\\/esperan-que-se-incentive-participacion-de-privados-en-produccion-de-biodiesel\\\/\"},\"author\":{\"name\":\"Jeanette\",\"@id\":\"https:\\\/\\\/www.eldiario.net\\\/portal\\\/#\\\/schema\\\/person\\\/f46445640444750d7d753ccd04ae01b7\"},\"headline\":\"Esperan que se incentive participaci\u00f3n de privados en producci\u00f3n de biodi\u00e9sel\",\"datePublished\":\"2023-02-24T09:43:01+00:00\",\"mainEntityOfPage\":{\"@id\":\"https:\\\/\\\/www.eldiario.net\\\/portal\\\/2023\\\/02\\\/24\\\/esperan-que-se-incentive-participacion-de-privados-en-produccion-de-biodiesel\\\/\"},\"wordCount\":385,\"publisher\":{\"@id\":\"https:\\\/\\\/www.eldiario.net\\\/portal\\\/#organization\"},\"articleSection\":[\"Econom\u00eda\"],\"inLanguage\":\"es\"},{\"@type\":\"WebPage\",\"@id\":\"https:\\\/\\\/www.eldiario.net\\\/portal\\\/2023\\\/02\\\/24\\\/esperan-que-se-incentive-participacion-de-privados-en-produccion-de-biodiesel\\\/\",\"url\":\"https:\\\/\\\/www.eldiario.net\\\/portal\\\/2023\\\/02\\\/24\\\/esperan-que-se-incentive-participacion-de-privados-en-produccion-de-biodiesel\\\/\",\"name\":\"Esperan que se incentive participaci\u00f3n de privados en producci\u00f3n de biodi\u00e9sel - El Diario - Bolivia\",\"isPartOf\":{\"@id\":\"https:\\\/\\\/www.eldiario.net\\\/portal\\\/#website\"},\"datePublished\":\"2023-02-24T09:43:01+00:00\",\"breadcrumb\":{\"@id\":\"https:\\\/\\\/www.eldiario.net\\\/portal\\\/2023\\\/02\\\/24\\\/esperan-que-se-incentive-participacion-de-privados-en-produccion-de-biodiesel\\\/#breadcrumb\"},\"inLanguage\":\"es\",\"potentialAction\":[{\"@type\":\"ReadAction\",\"target\":[\"https:\\\/\\\/www.eldiario.net\\\/portal\\\/2023\\\/02\\\/24\\\/esperan-que-se-incentive-participacion-de-privados-en-produccion-de-biodiesel\\\/\"]}]},{\"@type\":\"BreadcrumbList\",\"@id\":\"https:\\\/\\\/www.eldiario.net\\\/portal\\\/2023\\\/02\\\/24\\\/esperan-que-se-incentive-participacion-de-privados-en-produccion-de-biodiesel\\\/#breadcrumb\",\"itemListElement\":[{\"@type\":\"ListItem\",\"position\":1,\"name\":\"Portada\",\"item\":\"https:\\\/\\\/www.eldiario.net\\\/portal\\\/\"},{\"@type\":\"ListItem\",\"position\":2,\"name\":\"Esperan que se incentive participaci\u00f3n de privados en producci\u00f3n de biodi\u00e9sel\"}]},{\"@type\":\"WebSite\",\"@id\":\"https:\\\/\\\/www.eldiario.net\\\/portal\\\/#website\",\"url\":\"https:\\\/\\\/www.eldiario.net\\\/portal\\\/\",\"name\":\"El Diario - Decano de la prensa nacional\",\"description\":\"El Diario - Decano de la prensa nacional\",\"publisher\":{\"@id\":\"https:\\\/\\\/www.eldiario.net\\\/portal\\\/#organization\"},\"potentialAction\":[{\"@type\":\"SearchAction\",\"target\":{\"@type\":\"EntryPoint\",\"urlTemplate\":\"https:\\\/\\\/www.eldiario.net\\\/portal\\\/?s={search_term_string}\"},\"query-input\":{\"@type\":\"PropertyValueSpecification\",\"valueRequired\":true,\"valueName\":\"search_term_string\"}}],\"inLanguage\":\"es\"},{\"@type\":\"Organization\",\"@id\":\"https:\\\/\\\/www.eldiario.net\\\/portal\\\/#organization\",\"name\":\"El Diario - Decano de la prensa nacional\",\"url\":\"https:\\\/\\\/www.eldiario.net\\\/portal\\\/\",\"logo\":{\"@type\":\"ImageObject\",\"inLanguage\":\"es\",\"@id\":\"https:\\\/\\\/www.eldiario.net\\\/portal\\\/#\\\/schema\\\/logo\\\/image\\\/\",\"url\":\"https:\\\/\\\/www.eldiario.net\\\/portal\\\/wp-content\\\/uploads\\\/2023\\\/07\\\/logo_ED.jpg\",\"contentUrl\":\"https:\\\/\\\/www.eldiario.net\\\/portal\\\/wp-content\\\/uploads\\\/2023\\\/07\\\/logo_ED.jpg\",\"width\":272,\"height\":52,\"caption\":\"El Diario - Decano de la prensa nacional\"},\"image\":{\"@id\":\"https:\\\/\\\/www.eldiario.net\\\/portal\\\/#\\\/schema\\\/logo\\\/image\\\/\"},\"sameAs\":[\"https:\\\/\\\/www.facebook.com\\\/eldiario.bolivia\\\/\",\"https:\\\/\\\/x.com\\\/eldiario_net\"]},{\"@type\":\"Person\",\"@id\":\"https:\\\/\\\/www.eldiario.net\\\/portal\\\/#\\\/schema\\\/person\\\/f46445640444750d7d753ccd04ae01b7\",\"name\":\"Jeanette\",\"image\":{\"@type\":\"ImageObject\",\"inLanguage\":\"es\",\"@id\":\"https:\\\/\\\/secure.gravatar.com\\\/avatar\\\/3ea2118a5f7dad2b7138b1187a6b7ee55f160b9968b66013c3a3ef39dd7e5798?s=96&d=mm&r=g\",\"url\":\"https:\\\/\\\/secure.gravatar.com\\\/avatar\\\/3ea2118a5f7dad2b7138b1187a6b7ee55f160b9968b66013c3a3ef39dd7e5798?s=96&d=mm&r=g\",\"contentUrl\":\"https:\\\/\\\/secure.gravatar.com\\\/avatar\\\/3ea2118a5f7dad2b7138b1187a6b7ee55f160b9968b66013c3a3ef39dd7e5798?s=96&d=mm&r=g\",\"caption\":\"Jeanette\"},\"sameAs\":[\"https:\\\/\\\/www.eldiario.net\\\/portal\"],\"url\":\"https:\\\/\\\/www.eldiario.net\\\/portal\\\/author\\\/jeanette\\\/\"}]}<\/script>\n<!-- \/ Yoast SEO plugin. -->","yoast_head_json":{"title":"Esperan que se incentive participaci\u00f3n de privados en producci\u00f3n de biodi\u00e9sel - El Diario - Bolivia","robots":{"index":"index","follow":"follow","max-snippet":"max-snippet:-1","max-image-preview":"max-image-preview:large","max-video-preview":"max-video-preview:-1"},"canonical":"https:\/\/www.eldiario.net\/portal\/2023\/02\/24\/esperan-que-se-incentive-participacion-de-privados-en-produccion-de-biodiesel\/","og_locale":"es_ES","og_type":"article","og_title":"Esperan que se incentive participaci\u00f3n de privados en producci\u00f3n de biodi\u00e9sel - El Diario - Bolivia","og_description":"Ante los anuncios de autoridades del sector de hidrocarburos de incursionar con fuerza en la producci\u00f3n de biodi\u00e9sel, con el objetivo de reducir los gastos de importaci\u00f3n, el presidente del Instituto Boliviano de Comercio Exterior (IBCE), Demetrio Soruco espera que se incentive la participaci\u00f3n de los privados en la producci\u00f3n de este hidrocarburo. El Gobierno [&hellip;]","og_url":"https:\/\/www.eldiario.net\/portal\/2023\/02\/24\/esperan-que-se-incentive-participacion-de-privados-en-produccion-de-biodiesel\/","og_site_name":"El Diario - Bolivia","article_publisher":"https:\/\/www.facebook.com\/eldiario.bolivia\/","article_published_time":"2023-02-24T09:43:01+00:00","author":"Jeanette","twitter_card":"summary_large_image","twitter_creator":"@eldiario_net","twitter_site":"@eldiario_net","twitter_misc":{"Escrito por":"Jeanette","Tiempo de lectura":"2 minutos"},"schema":{"@context":"https:\/\/schema.org","@graph":[{"@type":"Article","@id":"https:\/\/www.eldiario.net\/portal\/2023\/02\/24\/esperan-que-se-incentive-participacion-de-privados-en-produccion-de-biodiesel\/#article","isPartOf":{"@id":"https:\/\/www.eldiario.net\/portal\/2023\/02\/24\/esperan-que-se-incentive-participacion-de-privados-en-produccion-de-biodiesel\/"},"author":{"name":"Jeanette","@id":"https:\/\/www.eldiario.net\/portal\/#\/schema\/person\/f46445640444750d7d753ccd04ae01b7"},"headline":"Esperan que se incentive participaci\u00f3n de privados en producci\u00f3n de biodi\u00e9sel","datePublished":"2023-02-24T09:43:01+00:00","mainEntityOfPage":{"@id":"https:\/\/www.eldiario.net\/portal\/2023\/02\/24\/esperan-que-se-incentive-participacion-de-privados-en-produccion-de-biodiesel\/"},"wordCount":385,"publisher":{"@id":"https:\/\/www.eldiario.net\/portal\/#organization"},"articleSection":["Econom\u00eda"],"inLanguage":"es"},{"@type":"WebPage","@id":"https:\/\/www.eldiario.net\/portal\/2023\/02\/24\/esperan-que-se-incentive-participacion-de-privados-en-produccion-de-biodiesel\/","url":"https:\/\/www.eldiario.net\/portal\/2023\/02\/24\/esperan-que-se-incentive-participacion-de-privados-en-produccion-de-biodiesel\/","name":"Esperan que se incentive participaci\u00f3n de privados en producci\u00f3n de biodi\u00e9sel - El Diario - Bolivia","isPartOf":{"@id":"https:\/\/www.eldiario.net\/portal\/#website"},"datePublished":"2023-02-24T09:43:01+00:00","breadcrumb":{"@id":"https:\/\/www.eldiario.net\/portal\/2023\/02\/24\/esperan-que-se-incentive-participacion-de-privados-en-produccion-de-biodiesel\/#breadcrumb"},"inLanguage":"es","potentialAction":[{"@type":"ReadAction","target":["https:\/\/www.eldiario.net\/portal\/2023\/02\/24\/esperan-que-se-incentive-participacion-de-privados-en-produccion-de-biodiesel\/"]}]},{"@type":"BreadcrumbList","@id":"https:\/\/www.eldiario.net\/portal\/2023\/02\/24\/esperan-que-se-incentive-participacion-de-privados-en-produccion-de-biodiesel\/#breadcrumb","itemListElement":[{"@type":"ListItem","position":1,"name":"Portada","item":"https:\/\/www.eldiario.net\/portal\/"},{"@type":"ListItem","position":2,"name":"Esperan que se incentive participaci\u00f3n de privados en producci\u00f3n de biodi\u00e9sel"}]},{"@type":"WebSite","@id":"https:\/\/www.eldiario.net\/portal\/#website","url":"https:\/\/www.eldiario.net\/portal\/","name":"El Diario - Decano de la prensa nacional","description":"El Diario - Decano de la prensa nacional","publisher":{"@id":"https:\/\/www.eldiario.net\/portal\/#organization"},"potentialAction":[{"@type":"SearchAction","target":{"@type":"EntryPoint","urlTemplate":"https:\/\/www.eldiario.net\/portal\/?s={search_term_string}"},"query-input":{"@type":"PropertyValueSpecification","valueRequired":true,"valueName":"search_term_string"}}],"inLanguage":"es"},{"@type":"Organization","@id":"https:\/\/www.eldiario.net\/portal\/#organization","name":"El Diario - Decano de la prensa nacional","url":"https:\/\/www.eldiario.net\/portal\/","logo":{"@type":"ImageObject","inLanguage":"es","@id":"https:\/\/www.eldiario.net\/portal\/#\/schema\/logo\/image\/","url":"https:\/\/www.eldiario.net\/portal\/wp-content\/uploads\/2023\/07\/logo_ED.jpg","contentUrl":"https:\/\/www.eldiario.net\/portal\/wp-content\/uploads\/2023\/07\/logo_ED.jpg","width":272,"height":52,"caption":"El Diario - Decano de la prensa nacional"},"image":{"@id":"https:\/\/www.eldiario.net\/portal\/#\/schema\/logo\/image\/"},"sameAs":["https:\/\/www.facebook.com\/eldiario.bolivia\/","https:\/\/x.com\/eldiario_net"]},{"@type":"Person","@id":"https:\/\/www.eldiario.net\/portal\/#\/schema\/person\/f46445640444750d7d753ccd04ae01b7","name":"Jeanette","image":{"@type":"ImageObject","inLanguage":"es","@id":"https:\/\/secure.gravatar.com\/avatar\/3ea2118a5f7dad2b7138b1187a6b7ee55f160b9968b66013c3a3ef39dd7e5798?s=96&d=mm&r=g","url":"https:\/\/secure.gravatar.com\/avatar\/3ea2118a5f7dad2b7138b1187a6b7ee55f160b9968b66013c3a3ef39dd7e5798?s=96&d=mm&r=g","contentUrl":"https:\/\/secure.gravatar.com\/avatar\/3ea2118a5f7dad2b7138b1187a6b7ee55f160b9968b66013c3a3ef39dd7e5798?s=96&d=mm&r=g","caption":"Jeanette"},"sameAs":["https:\/\/www.eldiario.net\/portal"],"url":"https:\/\/www.eldiario.net\/portal\/author\/jeanette\/"}]}},"_links":{"self":[{"href":"https:\/\/www.eldiario.net\/portal\/wp-json\/wp\/v2\/posts\/139772","targetHints":{"allow":["GET"]}}],"collection":[{"href":"https:\/\/www.eldiario.net\/portal\/wp-json\/wp\/v2\/posts"}],"about":[{"href":"https:\/\/www.eldiario.net\/portal\/wp-json\/wp\/v2\/types\/post"}],"author":[{"embeddable":true,"href":"https:\/\/www.eldiario.net\/portal\/wp-json\/wp\/v2\/users\/1"}],"replies":[{"embeddable":true,"href":"https:\/\/www.eldiario.net\/portal\/wp-json\/wp\/v2\/comments?post=139772"}],"version-history":[{"count":0,"href":"https:\/\/www.eldiario.net\/portal\/wp-json\/wp\/v2\/posts\/139772\/revisions"}],"wp:attachment":[{"href":"https:\/\/www.eldiario.net\/portal\/wp-json\/wp\/v2\/media?parent=139772"}],"wp:term":[{"taxonomy":"category","embeddable":true,"href":"https:\/\/www.eldiario.net\/portal\/wp-json\/wp\/v2\/categories?post=139772"},{"taxonomy":"post_tag","embeddable":true,"href":"https:\/\/www.eldiario.net\/portal\/wp-json\/wp\/v2\/tags?post=139772"}],"curies":[{"name":"wp","href":"https:\/\/api.w.org\/{rel}","templated":true}]}}