{"id":139770,"date":"2023-02-24T05:42:19","date_gmt":"2023-02-24T09:42:19","guid":{"rendered":"https:\/\/www.eldiario.net\/portal\/?p=139770"},"modified":"2023-02-24T05:42:19","modified_gmt":"2023-02-24T09:42:19","slug":"ada-capacita-a-avicultores-para-prevenir-la-gripe-aviar","status":"publish","type":"post","link":"https:\/\/www.eldiario.net\/portal\/2023\/02\/24\/ada-capacita-a-avicultores-para-prevenir-la-gripe-aviar\/","title":{"rendered":"ADA capacita a avicultores  para prevenir la gripe aviar"},"content":{"rendered":"<p>La Asociaci\u00f3n de Avicultores de Santa Cruz (ADA) capacita a avicultores, adem\u00e1s de representantes de mataderos artesanales de Mairana y Portachuelo sobre las medidas de bioseguridad, prevenci\u00f3n y detecci\u00f3n temprana de la gripe aviar en el departamento.<br \/>\nEl jefe del Departamento T\u00e9cnico de ADA, Jos\u00e9 Miguel Peducass\u00e9, explic\u00f3 al sector la importancia de reforzar la bioseguridad en las granjas con el uso correcto de los filtros sanitarios, la restricci\u00f3n del ingreso de personas a los predios, el correcto manejo de aves muertas y desechos.<br \/>\nAdem\u00e1s, del control de plagas y aves silvestres en predios productivos y otras acciones ejecutadas en Santa Cruz, son acciones para evitar el ingreso de la enfermedad a este departamento.<br \/>\nMientras que el presidente de ADA, Omar Castro, exhort\u00f3 a los av\u00edcolas a actuar con responsabilidad notificando inmediatamente al Servicio Nacional de Sanidad Agropecuaria e Inocuidad Alimentaria (Senasag) o a la ADA cualquier mortalidad inusual de aves en las granjas.<br \/>\nADA trabaja y coordina permanentemente acciones de bioseguridad y control con los gobiernos municipales, la Gobernaci\u00f3n y el Senasag, para prevenir el ingreso de la influenza aviar al departamento cruce\u00f1o, as\u00ed como estar preparados ante cualquier brote que pueda presentarse.<br \/>\n\u201cLa Asociaci\u00f3n de Avicultores de Santa Cruz continuar\u00e1 visitando los distintos municipios del departamento, para informar a las personas involucradas en la cadena av\u00edcola todo lo referido a la influenza aviar y concienciarlas sobre las graves consecuencias para el sector de no tomarse las acciones preventivas correspondientes\u201d, afirm\u00f3 la entidad en una nota institucional.<br \/>\nEl presidente de la Asociaci\u00f3n de Avicultores de Mairana, Gober Cejas, inform\u00f3 que en su municipio se a\u00fanan esfuerzos entre productores, galponeros, transportistas, Polic\u00eda y medios de comunicaci\u00f3n para evitar el ingreso de la influenza aviar.<br \/>\nDesde Portachuelo, el productor de pollo parrillero Omar Bar\u00f3n hizo un llamado a todos los productores del departamento a trabajar de manera conjunta sin escatimar esfuerzos para evitar el ingreso de esta enfermedad.<br \/>\n\u201cSomos, nosotros, los que estamos d\u00eda a d\u00eda en nuestras granjas, somos los \u00fanicos que podemos cuidar y asegurar que se cumplan todas las medidas de bioseguridad\u201d, puntualiz\u00f3 el productor av\u00edcola.<br \/>\nCon permanentes trabajos de vigilancia en regiones de producci\u00f3n de aves, Bolivia se constitu\u00eda como pa\u00eds libre de gripe aviar; sin embargo, a finales de enero se report\u00f3 esta enfermedad en Cochabamba, por lo que el Gobierno activ\u00f3 el Plan de Emergencia Zoosanitaria.<\/p>\n","protected":false},"excerpt":{"rendered":"<p>La Asociaci\u00f3n de Avicultores de Santa Cruz (ADA) capacita a avicultores, adem\u00e1s de representantes de mataderos artesanales de Mairana y Portachuelo sobre las medidas de bioseguridad, prevenci\u00f3n y detecci\u00f3n temprana de la gripe aviar en el departamento. El jefe del Departamento T\u00e9cnico de ADA, Jos\u00e9 Miguel Peducass\u00e9, explic\u00f3 al sector la importancia de reforzar la [&hellip;]<\/p>\n","protected":false},"author":1,"featured_media":0,"comment_status":"closed","ping_status":"closed","sticky":false,"template":"","format":"standard","meta":{"_acf_changed":false,"footnotes":""},"categories":[7],"tags":[],"class_list":["post-139770","post","type-post","status-publish","format-standard","category-economia"],"acf":{"antetitulo":""},"yoast_head":"<!-- This site is optimized with the Yoast SEO plugin v28.3 - https:\/\/yoast.com\/product\/yoast-seo-wordpress\/ -->\n<title>ADA capacita a avicultores para prevenir la gripe aviar - El Diario - Bolivia<\/title>\n<meta name=\"robots\" content=\"index, follow, max-snippet:-1, max-image-preview:large, max-video-preview:-1\" \/>\n<link rel=\"canonical\" href=\"https:\/\/www.eldiario.net\/portal\/2023\/02\/24\/ada-capacita-a-avicultores-para-prevenir-la-gripe-aviar\/\" \/>\n<meta property=\"og:locale\" content=\"es_ES\" \/>\n<meta property=\"og:type\" content=\"article\" \/>\n<meta property=\"og:title\" content=\"ADA capacita a avicultores para prevenir la gripe aviar - El Diario - Bolivia\" \/>\n<meta property=\"og:description\" content=\"La Asociaci\u00f3n de Avicultores de Santa Cruz (ADA) capacita a avicultores, adem\u00e1s de representantes de mataderos artesanales de Mairana y Portachuelo sobre las medidas de bioseguridad, prevenci\u00f3n y detecci\u00f3n temprana de la gripe aviar en el departamento. El jefe del Departamento T\u00e9cnico de ADA, Jos\u00e9 Miguel Peducass\u00e9, explic\u00f3 al sector la importancia de reforzar la [&hellip;]\" \/>\n<meta property=\"og:url\" content=\"https:\/\/www.eldiario.net\/portal\/2023\/02\/24\/ada-capacita-a-avicultores-para-prevenir-la-gripe-aviar\/\" \/>\n<meta property=\"og:site_name\" content=\"El Diario - Bolivia\" \/>\n<meta property=\"article:publisher\" content=\"https:\/\/www.facebook.com\/eldiario.bolivia\/\" \/>\n<meta property=\"article:published_time\" content=\"2023-02-24T09:42:19+00:00\" \/>\n<meta name=\"author\" content=\"Jeanette\" \/>\n<meta name=\"twitter:card\" content=\"summary_large_image\" \/>\n<meta name=\"twitter:creator\" content=\"@eldiario_net\" \/>\n<meta name=\"twitter:site\" content=\"@eldiario_net\" \/>\n<meta name=\"twitter:label1\" content=\"Escrito por\" \/>\n\t<meta name=\"twitter:data1\" content=\"Jeanette\" \/>\n\t<meta name=\"twitter:label2\" content=\"Tiempo de lectura\" \/>\n\t<meta name=\"twitter:data2\" content=\"2 minutos\" \/>\n<script type=\"application\/ld+json\" class=\"yoast-schema-graph\">{\"@context\":\"https:\\\/\\\/schema.org\",\"@graph\":[{\"@type\":\"Article\",\"@id\":\"https:\\\/\\\/www.eldiario.net\\\/portal\\\/2023\\\/02\\\/24\\\/ada-capacita-a-avicultores-para-prevenir-la-gripe-aviar\\\/#article\",\"isPartOf\":{\"@id\":\"https:\\\/\\\/www.eldiario.net\\\/portal\\\/2023\\\/02\\\/24\\\/ada-capacita-a-avicultores-para-prevenir-la-gripe-aviar\\\/\"},\"author\":{\"name\":\"Jeanette\",\"@id\":\"https:\\\/\\\/www.eldiario.net\\\/portal\\\/#\\\/schema\\\/person\\\/f46445640444750d7d753ccd04ae01b7\"},\"headline\":\"ADA capacita a avicultores para prevenir la gripe aviar\",\"datePublished\":\"2023-02-24T09:42:19+00:00\",\"mainEntityOfPage\":{\"@id\":\"https:\\\/\\\/www.eldiario.net\\\/portal\\\/2023\\\/02\\\/24\\\/ada-capacita-a-avicultores-para-prevenir-la-gripe-aviar\\\/\"},\"wordCount\":423,\"publisher\":{\"@id\":\"https:\\\/\\\/www.eldiario.net\\\/portal\\\/#organization\"},\"articleSection\":[\"Econom\u00eda\"],\"inLanguage\":\"es\"},{\"@type\":\"WebPage\",\"@id\":\"https:\\\/\\\/www.eldiario.net\\\/portal\\\/2023\\\/02\\\/24\\\/ada-capacita-a-avicultores-para-prevenir-la-gripe-aviar\\\/\",\"url\":\"https:\\\/\\\/www.eldiario.net\\\/portal\\\/2023\\\/02\\\/24\\\/ada-capacita-a-avicultores-para-prevenir-la-gripe-aviar\\\/\",\"name\":\"ADA capacita a avicultores para prevenir la gripe aviar - El Diario - Bolivia\",\"isPartOf\":{\"@id\":\"https:\\\/\\\/www.eldiario.net\\\/portal\\\/#website\"},\"datePublished\":\"2023-02-24T09:42:19+00:00\",\"breadcrumb\":{\"@id\":\"https:\\\/\\\/www.eldiario.net\\\/portal\\\/2023\\\/02\\\/24\\\/ada-capacita-a-avicultores-para-prevenir-la-gripe-aviar\\\/#breadcrumb\"},\"inLanguage\":\"es\",\"potentialAction\":[{\"@type\":\"ReadAction\",\"target\":[\"https:\\\/\\\/www.eldiario.net\\\/portal\\\/2023\\\/02\\\/24\\\/ada-capacita-a-avicultores-para-prevenir-la-gripe-aviar\\\/\"]}]},{\"@type\":\"BreadcrumbList\",\"@id\":\"https:\\\/\\\/www.eldiario.net\\\/portal\\\/2023\\\/02\\\/24\\\/ada-capacita-a-avicultores-para-prevenir-la-gripe-aviar\\\/#breadcrumb\",\"itemListElement\":[{\"@type\":\"ListItem\",\"position\":1,\"name\":\"Portada\",\"item\":\"https:\\\/\\\/www.eldiario.net\\\/portal\\\/\"},{\"@type\":\"ListItem\",\"position\":2,\"name\":\"ADA capacita a avicultores para prevenir la gripe aviar\"}]},{\"@type\":\"WebSite\",\"@id\":\"https:\\\/\\\/www.eldiario.net\\\/portal\\\/#website\",\"url\":\"https:\\\/\\\/www.eldiario.net\\\/portal\\\/\",\"name\":\"El Diario - Decano de la prensa nacional\",\"description\":\"El Diario - Decano de la prensa nacional\",\"publisher\":{\"@id\":\"https:\\\/\\\/www.eldiario.net\\\/portal\\\/#organization\"},\"potentialAction\":[{\"@type\":\"SearchAction\",\"target\":{\"@type\":\"EntryPoint\",\"urlTemplate\":\"https:\\\/\\\/www.eldiario.net\\\/portal\\\/?s={search_term_string}\"},\"query-input\":{\"@type\":\"PropertyValueSpecification\",\"valueRequired\":true,\"valueName\":\"search_term_string\"}}],\"inLanguage\":\"es\"},{\"@type\":\"Organization\",\"@id\":\"https:\\\/\\\/www.eldiario.net\\\/portal\\\/#organization\",\"name\":\"El Diario - Decano de la prensa nacional\",\"url\":\"https:\\\/\\\/www.eldiario.net\\\/portal\\\/\",\"logo\":{\"@type\":\"ImageObject\",\"inLanguage\":\"es\",\"@id\":\"https:\\\/\\\/www.eldiario.net\\\/portal\\\/#\\\/schema\\\/logo\\\/image\\\/\",\"url\":\"https:\\\/\\\/www.eldiario.net\\\/portal\\\/wp-content\\\/uploads\\\/2023\\\/07\\\/logo_ED.jpg\",\"contentUrl\":\"https:\\\/\\\/www.eldiario.net\\\/portal\\\/wp-content\\\/uploads\\\/2023\\\/07\\\/logo_ED.jpg\",\"width\":272,\"height\":52,\"caption\":\"El Diario - Decano de la prensa nacional\"},\"image\":{\"@id\":\"https:\\\/\\\/www.eldiario.net\\\/portal\\\/#\\\/schema\\\/logo\\\/image\\\/\"},\"sameAs\":[\"https:\\\/\\\/www.facebook.com\\\/eldiario.bolivia\\\/\",\"https:\\\/\\\/x.com\\\/eldiario_net\"]},{\"@type\":\"Person\",\"@id\":\"https:\\\/\\\/www.eldiario.net\\\/portal\\\/#\\\/schema\\\/person\\\/f46445640444750d7d753ccd04ae01b7\",\"name\":\"Jeanette\",\"image\":{\"@type\":\"ImageObject\",\"inLanguage\":\"es\",\"@id\":\"https:\\\/\\\/secure.gravatar.com\\\/avatar\\\/3ea2118a5f7dad2b7138b1187a6b7ee55f160b9968b66013c3a3ef39dd7e5798?s=96&d=mm&r=g\",\"url\":\"https:\\\/\\\/secure.gravatar.com\\\/avatar\\\/3ea2118a5f7dad2b7138b1187a6b7ee55f160b9968b66013c3a3ef39dd7e5798?s=96&d=mm&r=g\",\"contentUrl\":\"https:\\\/\\\/secure.gravatar.com\\\/avatar\\\/3ea2118a5f7dad2b7138b1187a6b7ee55f160b9968b66013c3a3ef39dd7e5798?s=96&d=mm&r=g\",\"caption\":\"Jeanette\"},\"sameAs\":[\"https:\\\/\\\/www.eldiario.net\\\/portal\"],\"url\":\"https:\\\/\\\/www.eldiario.net\\\/portal\\\/author\\\/jeanette\\\/\"}]}<\/script>\n<!-- \/ Yoast SEO plugin. -->","yoast_head_json":{"title":"ADA capacita a avicultores para prevenir la gripe aviar - El Diario - Bolivia","robots":{"index":"index","follow":"follow","max-snippet":"max-snippet:-1","max-image-preview":"max-image-preview:large","max-video-preview":"max-video-preview:-1"},"canonical":"https:\/\/www.eldiario.net\/portal\/2023\/02\/24\/ada-capacita-a-avicultores-para-prevenir-la-gripe-aviar\/","og_locale":"es_ES","og_type":"article","og_title":"ADA capacita a avicultores para prevenir la gripe aviar - El Diario - Bolivia","og_description":"La Asociaci\u00f3n de Avicultores de Santa Cruz (ADA) capacita a avicultores, adem\u00e1s de representantes de mataderos artesanales de Mairana y Portachuelo sobre las medidas de bioseguridad, prevenci\u00f3n y detecci\u00f3n temprana de la gripe aviar en el departamento. El jefe del Departamento T\u00e9cnico de ADA, Jos\u00e9 Miguel Peducass\u00e9, explic\u00f3 al sector la importancia de reforzar la [&hellip;]","og_url":"https:\/\/www.eldiario.net\/portal\/2023\/02\/24\/ada-capacita-a-avicultores-para-prevenir-la-gripe-aviar\/","og_site_name":"El Diario - Bolivia","article_publisher":"https:\/\/www.facebook.com\/eldiario.bolivia\/","article_published_time":"2023-02-24T09:42:19+00:00","author":"Jeanette","twitter_card":"summary_large_image","twitter_creator":"@eldiario_net","twitter_site":"@eldiario_net","twitter_misc":{"Escrito por":"Jeanette","Tiempo de lectura":"2 minutos"},"schema":{"@context":"https:\/\/schema.org","@graph":[{"@type":"Article","@id":"https:\/\/www.eldiario.net\/portal\/2023\/02\/24\/ada-capacita-a-avicultores-para-prevenir-la-gripe-aviar\/#article","isPartOf":{"@id":"https:\/\/www.eldiario.net\/portal\/2023\/02\/24\/ada-capacita-a-avicultores-para-prevenir-la-gripe-aviar\/"},"author":{"name":"Jeanette","@id":"https:\/\/www.eldiario.net\/portal\/#\/schema\/person\/f46445640444750d7d753ccd04ae01b7"},"headline":"ADA capacita a avicultores para prevenir la gripe aviar","datePublished":"2023-02-24T09:42:19+00:00","mainEntityOfPage":{"@id":"https:\/\/www.eldiario.net\/portal\/2023\/02\/24\/ada-capacita-a-avicultores-para-prevenir-la-gripe-aviar\/"},"wordCount":423,"publisher":{"@id":"https:\/\/www.eldiario.net\/portal\/#organization"},"articleSection":["Econom\u00eda"],"inLanguage":"es"},{"@type":"WebPage","@id":"https:\/\/www.eldiario.net\/portal\/2023\/02\/24\/ada-capacita-a-avicultores-para-prevenir-la-gripe-aviar\/","url":"https:\/\/www.eldiario.net\/portal\/2023\/02\/24\/ada-capacita-a-avicultores-para-prevenir-la-gripe-aviar\/","name":"ADA capacita a avicultores para prevenir la gripe aviar - El Diario - Bolivia","isPartOf":{"@id":"https:\/\/www.eldiario.net\/portal\/#website"},"datePublished":"2023-02-24T09:42:19+00:00","breadcrumb":{"@id":"https:\/\/www.eldiario.net\/portal\/2023\/02\/24\/ada-capacita-a-avicultores-para-prevenir-la-gripe-aviar\/#breadcrumb"},"inLanguage":"es","potentialAction":[{"@type":"ReadAction","target":["https:\/\/www.eldiario.net\/portal\/2023\/02\/24\/ada-capacita-a-avicultores-para-prevenir-la-gripe-aviar\/"]}]},{"@type":"BreadcrumbList","@id":"https:\/\/www.eldiario.net\/portal\/2023\/02\/24\/ada-capacita-a-avicultores-para-prevenir-la-gripe-aviar\/#breadcrumb","itemListElement":[{"@type":"ListItem","position":1,"name":"Portada","item":"https:\/\/www.eldiario.net\/portal\/"},{"@type":"ListItem","position":2,"name":"ADA capacita a avicultores para prevenir la gripe aviar"}]},{"@type":"WebSite","@id":"https:\/\/www.eldiario.net\/portal\/#website","url":"https:\/\/www.eldiario.net\/portal\/","name":"El Diario - Decano de la prensa nacional","description":"El Diario - Decano de la prensa nacional","publisher":{"@id":"https:\/\/www.eldiario.net\/portal\/#organization"},"potentialAction":[{"@type":"SearchAction","target":{"@type":"EntryPoint","urlTemplate":"https:\/\/www.eldiario.net\/portal\/?s={search_term_string}"},"query-input":{"@type":"PropertyValueSpecification","valueRequired":true,"valueName":"search_term_string"}}],"inLanguage":"es"},{"@type":"Organization","@id":"https:\/\/www.eldiario.net\/portal\/#organization","name":"El Diario - Decano de la prensa nacional","url":"https:\/\/www.eldiario.net\/portal\/","logo":{"@type":"ImageObject","inLanguage":"es","@id":"https:\/\/www.eldiario.net\/portal\/#\/schema\/logo\/image\/","url":"https:\/\/www.eldiario.net\/portal\/wp-content\/uploads\/2023\/07\/logo_ED.jpg","contentUrl":"https:\/\/www.eldiario.net\/portal\/wp-content\/uploads\/2023\/07\/logo_ED.jpg","width":272,"height":52,"caption":"El Diario - Decano de la prensa nacional"},"image":{"@id":"https:\/\/www.eldiario.net\/portal\/#\/schema\/logo\/image\/"},"sameAs":["https:\/\/www.facebook.com\/eldiario.bolivia\/","https:\/\/x.com\/eldiario_net"]},{"@type":"Person","@id":"https:\/\/www.eldiario.net\/portal\/#\/schema\/person\/f46445640444750d7d753ccd04ae01b7","name":"Jeanette","image":{"@type":"ImageObject","inLanguage":"es","@id":"https:\/\/secure.gravatar.com\/avatar\/3ea2118a5f7dad2b7138b1187a6b7ee55f160b9968b66013c3a3ef39dd7e5798?s=96&d=mm&r=g","url":"https:\/\/secure.gravatar.com\/avatar\/3ea2118a5f7dad2b7138b1187a6b7ee55f160b9968b66013c3a3ef39dd7e5798?s=96&d=mm&r=g","contentUrl":"https:\/\/secure.gravatar.com\/avatar\/3ea2118a5f7dad2b7138b1187a6b7ee55f160b9968b66013c3a3ef39dd7e5798?s=96&d=mm&r=g","caption":"Jeanette"},"sameAs":["https:\/\/www.eldiario.net\/portal"],"url":"https:\/\/www.eldiario.net\/portal\/author\/jeanette\/"}]}},"_links":{"self":[{"href":"https:\/\/www.eldiario.net\/portal\/wp-json\/wp\/v2\/posts\/139770","targetHints":{"allow":["GET"]}}],"collection":[{"href":"https:\/\/www.eldiario.net\/portal\/wp-json\/wp\/v2\/posts"}],"about":[{"href":"https:\/\/www.eldiario.net\/portal\/wp-json\/wp\/v2\/types\/post"}],"author":[{"embeddable":true,"href":"https:\/\/www.eldiario.net\/portal\/wp-json\/wp\/v2\/users\/1"}],"replies":[{"embeddable":true,"href":"https:\/\/www.eldiario.net\/portal\/wp-json\/wp\/v2\/comments?post=139770"}],"version-history":[{"count":0,"href":"https:\/\/www.eldiario.net\/portal\/wp-json\/wp\/v2\/posts\/139770\/revisions"}],"wp:attachment":[{"href":"https:\/\/www.eldiario.net\/portal\/wp-json\/wp\/v2\/media?parent=139770"}],"wp:term":[{"taxonomy":"category","embeddable":true,"href":"https:\/\/www.eldiario.net\/portal\/wp-json\/wp\/v2\/categories?post=139770"},{"taxonomy":"post_tag","embeddable":true,"href":"https:\/\/www.eldiario.net\/portal\/wp-json\/wp\/v2\/tags?post=139770"}],"curies":[{"name":"wp","href":"https:\/\/api.w.org\/{rel}","templated":true}]}}