{"id":139346,"date":"2023-02-21T05:51:17","date_gmt":"2023-02-21T09:51:17","guid":{"rendered":"https:\/\/www.eldiario.net\/portal\/?p=139346"},"modified":"2023-02-21T05:51:17","modified_gmt":"2023-02-21T09:51:17","slug":"ven-que-morales-incurre-en-delito-de-seduccion-de-tropa","status":"publish","type":"post","link":"https:\/\/www.eldiario.net\/portal\/2023\/02\/21\/ven-que-morales-incurre-en-delito-de-seduccion-de-tropa\/","title":{"rendered":"Ven que Morales incurre en  delito de seducci\u00f3n de tropa"},"content":{"rendered":"<p class=\"v1MsoNormal\">Tras los anuncios del expresidente Evo Morales en relaci\u00f3n a planes para las elecciones 2025 en coordinaci\u00f3n con efectivos de la Polic\u00eda y Fuerzas Armadas, opositores advierten que el jefe del Movimiento al Socialismo (MAS) incurre en el delito de seducci\u00f3n de tropa y planea un golpe de Estado a Luis Arce.<\/p>\n<p class=\"v1MsoNormal\">El fin de semana, Morales revel\u00f3 que en la actualidad elabora un plan con miras a las elecciones junto a ex comandantes militares y policiales, resaltando que se sostienen reuniones reservadas para evitar persecuci\u00f3n y posibles bajas entre los efectivos que respaldan su posible postulaci\u00f3n a la presidencia.<\/p>\n<p class=\"v1MsoNormal\">\u00abNo quiero que nadie se moleste, vamos a trabajar con algunos ex comandantes de las Fuerzas Armadas, como tambi\u00e9n algunos (oficiales) de manera muy reservada, para no ser despedido, suspendido, perseguido amenazado\u00bb, indic\u00f3 el l\u00edder cocalero durante la emisi\u00f3n de su programa dominical en la estaci\u00f3n de radio de las federaciones del tr\u00f3pico.<\/p>\n<p class=\"v1MsoNormal\">Al respecto, el diputado por Comunidad Ciudadana, Alejandro Reyes, se\u00f1al\u00f3 que estas declaraciones se constituyen en una confesi\u00f3n de que oficiales de alto rango, y en funciones, \u00abest\u00e1n deliberando y se incurre en seducci\u00f3n de tropas\u00bb, dijo.<\/p>\n<p class=\"v1MsoNormal\">Sostuvo adem\u00e1s que, si Morales cuenta con informaci\u00f3n sobre narcotr\u00e1fico y lucha contra el crimen, debe presentar evidencias y denunciar en las instancias que corresponda, \u00abde lo contrario se convierte en c\u00f3mplice\u00bb de una actividad il\u00edcita.<\/p>\n<p class=\"v1MsoNormal\">En criterio de Reyes, el verdadero tema es que Morales busca \u00absocabar el actual gobierno de Arce\u00bb.<\/p>\n<p class=\"v1MsoNormal\">Desde el Conade, se advirti\u00f3 que por las declaraciones del l\u00edder del MAS, existe la posibilidad de que se planee un golpe al actual gobierno. \u00abEst\u00e1 anunciando una actividad golpista, porque las FFAA, el sector pasivo si puede involucrarse en la pol\u00edtica, (pero) el sector activo no puede, por lo tanto, las declaraciones de Evo Morales las consideramos como un anuncio de golpe de Estado\u00bb, indic\u00f3 el activista Manuel Morales.<\/p>\n","protected":false},"excerpt":{"rendered":"<p>Tras los anuncios del expresidente Evo Morales en relaci\u00f3n a planes para las elecciones 2025 en coordinaci\u00f3n con efectivos de la Polic\u00eda y Fuerzas Armadas, opositores advierten que el jefe del Movimiento al Socialismo (MAS) incurre en el delito de seducci\u00f3n de tropa y planea un golpe de Estado a Luis Arce. El fin de [&hellip;]<\/p>\n","protected":false},"author":1,"featured_media":139347,"comment_status":"closed","ping_status":"closed","sticky":false,"template":"","format":"standard","meta":{"_acf_changed":false,"footnotes":""},"categories":[14],"tags":[],"class_list":["post-139346","post","type-post","status-publish","format-standard","has-post-thumbnail","category-politica"],"acf":{"antetitulo":""},"yoast_head":"<!-- This site is optimized with the Yoast SEO plugin v28.4 - https:\/\/yoast.com\/product\/yoast-seo-wordpress\/ -->\n<title>Ven que Morales incurre en delito de seducci\u00f3n de tropa - El Diario - Bolivia<\/title>\n<meta name=\"robots\" content=\"index, follow, max-snippet:-1, max-image-preview:large, max-video-preview:-1\" \/>\n<link rel=\"canonical\" href=\"https:\/\/www.eldiario.net\/portal\/2023\/02\/21\/ven-que-morales-incurre-en-delito-de-seduccion-de-tropa\/\" \/>\n<meta property=\"og:locale\" content=\"es_ES\" \/>\n<meta property=\"og:type\" content=\"article\" \/>\n<meta property=\"og:title\" content=\"Ven que Morales incurre en delito de seducci\u00f3n de tropa - El Diario - Bolivia\" \/>\n<meta property=\"og:description\" content=\"Tras los anuncios del expresidente Evo Morales en relaci\u00f3n a planes para las elecciones 2025 en coordinaci\u00f3n con efectivos de la Polic\u00eda y Fuerzas Armadas, opositores advierten que el jefe del Movimiento al Socialismo (MAS) incurre en el delito de seducci\u00f3n de tropa y planea un golpe de Estado a Luis Arce. El fin de [&hellip;]\" \/>\n<meta property=\"og:url\" content=\"https:\/\/www.eldiario.net\/portal\/2023\/02\/21\/ven-que-morales-incurre-en-delito-de-seduccion-de-tropa\/\" \/>\n<meta property=\"og:site_name\" content=\"El Diario - Bolivia\" \/>\n<meta property=\"article:publisher\" content=\"https:\/\/www.facebook.com\/eldiario.bolivia\/\" \/>\n<meta property=\"article:published_time\" content=\"2023-02-21T09:51:17+00:00\" \/>\n<meta name=\"author\" content=\"Jeanette\" \/>\n<meta name=\"twitter:card\" content=\"summary_large_image\" \/>\n<meta name=\"twitter:creator\" content=\"@eldiario_net\" \/>\n<meta name=\"twitter:site\" content=\"@eldiario_net\" \/>\n<meta name=\"twitter:label1\" content=\"Escrito por\" \/>\n\t<meta name=\"twitter:data1\" content=\"Jeanette\" \/>\n\t<meta name=\"twitter:label2\" content=\"Tiempo de lectura\" \/>\n\t<meta name=\"twitter:data2\" content=\"2 minutos\" \/>\n<script type=\"application\/ld+json\" class=\"yoast-schema-graph\">{\"@context\":\"https:\\\/\\\/schema.org\",\"@graph\":[{\"@type\":\"Article\",\"@id\":\"https:\\\/\\\/www.eldiario.net\\\/portal\\\/2023\\\/02\\\/21\\\/ven-que-morales-incurre-en-delito-de-seduccion-de-tropa\\\/#article\",\"isPartOf\":{\"@id\":\"https:\\\/\\\/www.eldiario.net\\\/portal\\\/2023\\\/02\\\/21\\\/ven-que-morales-incurre-en-delito-de-seduccion-de-tropa\\\/\"},\"author\":{\"name\":\"Jeanette\",\"@id\":\"https:\\\/\\\/www.eldiario.net\\\/portal\\\/#\\\/schema\\\/person\\\/f46445640444750d7d753ccd04ae01b7\"},\"headline\":\"Ven que Morales incurre en delito de seducci\u00f3n de tropa\",\"datePublished\":\"2023-02-21T09:51:17+00:00\",\"mainEntityOfPage\":{\"@id\":\"https:\\\/\\\/www.eldiario.net\\\/portal\\\/2023\\\/02\\\/21\\\/ven-que-morales-incurre-en-delito-de-seduccion-de-tropa\\\/\"},\"wordCount\":345,\"publisher\":{\"@id\":\"https:\\\/\\\/www.eldiario.net\\\/portal\\\/#organization\"},\"image\":{\"@id\":\"https:\\\/\\\/www.eldiario.net\\\/portal\\\/2023\\\/02\\\/21\\\/ven-que-morales-incurre-en-delito-de-seduccion-de-tropa\\\/#primaryimage\"},\"thumbnailUrl\":\"\",\"articleSection\":[\"Pol\u00edtica\"],\"inLanguage\":\"es\"},{\"@type\":\"WebPage\",\"@id\":\"https:\\\/\\\/www.eldiario.net\\\/portal\\\/2023\\\/02\\\/21\\\/ven-que-morales-incurre-en-delito-de-seduccion-de-tropa\\\/\",\"url\":\"https:\\\/\\\/www.eldiario.net\\\/portal\\\/2023\\\/02\\\/21\\\/ven-que-morales-incurre-en-delito-de-seduccion-de-tropa\\\/\",\"name\":\"Ven que Morales incurre en delito de seducci\u00f3n de tropa - El Diario - Bolivia\",\"isPartOf\":{\"@id\":\"https:\\\/\\\/www.eldiario.net\\\/portal\\\/#website\"},\"primaryImageOfPage\":{\"@id\":\"https:\\\/\\\/www.eldiario.net\\\/portal\\\/2023\\\/02\\\/21\\\/ven-que-morales-incurre-en-delito-de-seduccion-de-tropa\\\/#primaryimage\"},\"image\":{\"@id\":\"https:\\\/\\\/www.eldiario.net\\\/portal\\\/2023\\\/02\\\/21\\\/ven-que-morales-incurre-en-delito-de-seduccion-de-tropa\\\/#primaryimage\"},\"thumbnailUrl\":\"\",\"datePublished\":\"2023-02-21T09:51:17+00:00\",\"breadcrumb\":{\"@id\":\"https:\\\/\\\/www.eldiario.net\\\/portal\\\/2023\\\/02\\\/21\\\/ven-que-morales-incurre-en-delito-de-seduccion-de-tropa\\\/#breadcrumb\"},\"inLanguage\":\"es\",\"potentialAction\":[{\"@type\":\"ReadAction\",\"target\":[\"https:\\\/\\\/www.eldiario.net\\\/portal\\\/2023\\\/02\\\/21\\\/ven-que-morales-incurre-en-delito-de-seduccion-de-tropa\\\/\"]}]},{\"@type\":\"ImageObject\",\"inLanguage\":\"es\",\"@id\":\"https:\\\/\\\/www.eldiario.net\\\/portal\\\/2023\\\/02\\\/21\\\/ven-que-morales-incurre-en-delito-de-seduccion-de-tropa\\\/#primaryimage\",\"url\":\"\",\"contentUrl\":\"\"},{\"@type\":\"BreadcrumbList\",\"@id\":\"https:\\\/\\\/www.eldiario.net\\\/portal\\\/2023\\\/02\\\/21\\\/ven-que-morales-incurre-en-delito-de-seduccion-de-tropa\\\/#breadcrumb\",\"itemListElement\":[{\"@type\":\"ListItem\",\"position\":1,\"name\":\"Portada\",\"item\":\"https:\\\/\\\/www.eldiario.net\\\/portal\\\/\"},{\"@type\":\"ListItem\",\"position\":2,\"name\":\"Ven que Morales incurre en delito de seducci\u00f3n de tropa\"}]},{\"@type\":\"WebSite\",\"@id\":\"https:\\\/\\\/www.eldiario.net\\\/portal\\\/#website\",\"url\":\"https:\\\/\\\/www.eldiario.net\\\/portal\\\/\",\"name\":\"El Diario - Decano de la prensa nacional\",\"description\":\"El Diario - Decano de la prensa nacional\",\"publisher\":{\"@id\":\"https:\\\/\\\/www.eldiario.net\\\/portal\\\/#organization\"},\"potentialAction\":[{\"@type\":\"SearchAction\",\"target\":{\"@type\":\"EntryPoint\",\"urlTemplate\":\"https:\\\/\\\/www.eldiario.net\\\/portal\\\/?s={search_term_string}\"},\"query-input\":{\"@type\":\"PropertyValueSpecification\",\"valueRequired\":true,\"valueName\":\"search_term_string\"}}],\"inLanguage\":\"es\"},{\"@type\":\"Organization\",\"@id\":\"https:\\\/\\\/www.eldiario.net\\\/portal\\\/#organization\",\"name\":\"El Diario - Decano de la prensa nacional\",\"url\":\"https:\\\/\\\/www.eldiario.net\\\/portal\\\/\",\"logo\":{\"@type\":\"ImageObject\",\"inLanguage\":\"es\",\"@id\":\"https:\\\/\\\/www.eldiario.net\\\/portal\\\/#\\\/schema\\\/logo\\\/image\\\/\",\"url\":\"https:\\\/\\\/www.eldiario.net\\\/portal\\\/wp-content\\\/uploads\\\/2023\\\/07\\\/logo_ED.jpg\",\"contentUrl\":\"https:\\\/\\\/www.eldiario.net\\\/portal\\\/wp-content\\\/uploads\\\/2023\\\/07\\\/logo_ED.jpg\",\"width\":272,\"height\":52,\"caption\":\"El Diario - Decano de la prensa nacional\"},\"image\":{\"@id\":\"https:\\\/\\\/www.eldiario.net\\\/portal\\\/#\\\/schema\\\/logo\\\/image\\\/\"},\"sameAs\":[\"https:\\\/\\\/www.facebook.com\\\/eldiario.bolivia\\\/\",\"https:\\\/\\\/x.com\\\/eldiario_net\"]},{\"@type\":\"Person\",\"@id\":\"https:\\\/\\\/www.eldiario.net\\\/portal\\\/#\\\/schema\\\/person\\\/f46445640444750d7d753ccd04ae01b7\",\"name\":\"Jeanette\",\"image\":{\"@type\":\"ImageObject\",\"inLanguage\":\"es\",\"@id\":\"https:\\\/\\\/secure.gravatar.com\\\/avatar\\\/3ea2118a5f7dad2b7138b1187a6b7ee55f160b9968b66013c3a3ef39dd7e5798?s=96&d=mm&r=g\",\"url\":\"https:\\\/\\\/secure.gravatar.com\\\/avatar\\\/3ea2118a5f7dad2b7138b1187a6b7ee55f160b9968b66013c3a3ef39dd7e5798?s=96&d=mm&r=g\",\"contentUrl\":\"https:\\\/\\\/secure.gravatar.com\\\/avatar\\\/3ea2118a5f7dad2b7138b1187a6b7ee55f160b9968b66013c3a3ef39dd7e5798?s=96&d=mm&r=g\",\"caption\":\"Jeanette\"},\"sameAs\":[\"https:\\\/\\\/www.eldiario.net\\\/portal\"],\"url\":\"https:\\\/\\\/www.eldiario.net\\\/portal\\\/author\\\/jeanette\\\/\"}]}<\/script>\n<!-- \/ Yoast SEO plugin. -->","yoast_head_json":{"title":"Ven que Morales incurre en delito de seducci\u00f3n de tropa - El Diario - Bolivia","robots":{"index":"index","follow":"follow","max-snippet":"max-snippet:-1","max-image-preview":"max-image-preview:large","max-video-preview":"max-video-preview:-1"},"canonical":"https:\/\/www.eldiario.net\/portal\/2023\/02\/21\/ven-que-morales-incurre-en-delito-de-seduccion-de-tropa\/","og_locale":"es_ES","og_type":"article","og_title":"Ven que Morales incurre en delito de seducci\u00f3n de tropa - El Diario - Bolivia","og_description":"Tras los anuncios del expresidente Evo Morales en relaci\u00f3n a planes para las elecciones 2025 en coordinaci\u00f3n con efectivos de la Polic\u00eda y Fuerzas Armadas, opositores advierten que el jefe del Movimiento al Socialismo (MAS) incurre en el delito de seducci\u00f3n de tropa y planea un golpe de Estado a Luis Arce. El fin de [&hellip;]","og_url":"https:\/\/www.eldiario.net\/portal\/2023\/02\/21\/ven-que-morales-incurre-en-delito-de-seduccion-de-tropa\/","og_site_name":"El Diario - Bolivia","article_publisher":"https:\/\/www.facebook.com\/eldiario.bolivia\/","article_published_time":"2023-02-21T09:51:17+00:00","author":"Jeanette","twitter_card":"summary_large_image","twitter_creator":"@eldiario_net","twitter_site":"@eldiario_net","twitter_misc":{"Escrito por":"Jeanette","Tiempo de lectura":"2 minutos"},"schema":{"@context":"https:\/\/schema.org","@graph":[{"@type":"Article","@id":"https:\/\/www.eldiario.net\/portal\/2023\/02\/21\/ven-que-morales-incurre-en-delito-de-seduccion-de-tropa\/#article","isPartOf":{"@id":"https:\/\/www.eldiario.net\/portal\/2023\/02\/21\/ven-que-morales-incurre-en-delito-de-seduccion-de-tropa\/"},"author":{"name":"Jeanette","@id":"https:\/\/www.eldiario.net\/portal\/#\/schema\/person\/f46445640444750d7d753ccd04ae01b7"},"headline":"Ven que Morales incurre en delito de seducci\u00f3n de tropa","datePublished":"2023-02-21T09:51:17+00:00","mainEntityOfPage":{"@id":"https:\/\/www.eldiario.net\/portal\/2023\/02\/21\/ven-que-morales-incurre-en-delito-de-seduccion-de-tropa\/"},"wordCount":345,"publisher":{"@id":"https:\/\/www.eldiario.net\/portal\/#organization"},"image":{"@id":"https:\/\/www.eldiario.net\/portal\/2023\/02\/21\/ven-que-morales-incurre-en-delito-de-seduccion-de-tropa\/#primaryimage"},"thumbnailUrl":"","articleSection":["Pol\u00edtica"],"inLanguage":"es"},{"@type":"WebPage","@id":"https:\/\/www.eldiario.net\/portal\/2023\/02\/21\/ven-que-morales-incurre-en-delito-de-seduccion-de-tropa\/","url":"https:\/\/www.eldiario.net\/portal\/2023\/02\/21\/ven-que-morales-incurre-en-delito-de-seduccion-de-tropa\/","name":"Ven que Morales incurre en delito de seducci\u00f3n de tropa - El Diario - Bolivia","isPartOf":{"@id":"https:\/\/www.eldiario.net\/portal\/#website"},"primaryImageOfPage":{"@id":"https:\/\/www.eldiario.net\/portal\/2023\/02\/21\/ven-que-morales-incurre-en-delito-de-seduccion-de-tropa\/#primaryimage"},"image":{"@id":"https:\/\/www.eldiario.net\/portal\/2023\/02\/21\/ven-que-morales-incurre-en-delito-de-seduccion-de-tropa\/#primaryimage"},"thumbnailUrl":"","datePublished":"2023-02-21T09:51:17+00:00","breadcrumb":{"@id":"https:\/\/www.eldiario.net\/portal\/2023\/02\/21\/ven-que-morales-incurre-en-delito-de-seduccion-de-tropa\/#breadcrumb"},"inLanguage":"es","potentialAction":[{"@type":"ReadAction","target":["https:\/\/www.eldiario.net\/portal\/2023\/02\/21\/ven-que-morales-incurre-en-delito-de-seduccion-de-tropa\/"]}]},{"@type":"ImageObject","inLanguage":"es","@id":"https:\/\/www.eldiario.net\/portal\/2023\/02\/21\/ven-que-morales-incurre-en-delito-de-seduccion-de-tropa\/#primaryimage","url":"","contentUrl":""},{"@type":"BreadcrumbList","@id":"https:\/\/www.eldiario.net\/portal\/2023\/02\/21\/ven-que-morales-incurre-en-delito-de-seduccion-de-tropa\/#breadcrumb","itemListElement":[{"@type":"ListItem","position":1,"name":"Portada","item":"https:\/\/www.eldiario.net\/portal\/"},{"@type":"ListItem","position":2,"name":"Ven que Morales incurre en delito de seducci\u00f3n de tropa"}]},{"@type":"WebSite","@id":"https:\/\/www.eldiario.net\/portal\/#website","url":"https:\/\/www.eldiario.net\/portal\/","name":"El Diario - Decano de la prensa nacional","description":"El Diario - Decano de la prensa nacional","publisher":{"@id":"https:\/\/www.eldiario.net\/portal\/#organization"},"potentialAction":[{"@type":"SearchAction","target":{"@type":"EntryPoint","urlTemplate":"https:\/\/www.eldiario.net\/portal\/?s={search_term_string}"},"query-input":{"@type":"PropertyValueSpecification","valueRequired":true,"valueName":"search_term_string"}}],"inLanguage":"es"},{"@type":"Organization","@id":"https:\/\/www.eldiario.net\/portal\/#organization","name":"El Diario - Decano de la prensa nacional","url":"https:\/\/www.eldiario.net\/portal\/","logo":{"@type":"ImageObject","inLanguage":"es","@id":"https:\/\/www.eldiario.net\/portal\/#\/schema\/logo\/image\/","url":"https:\/\/www.eldiario.net\/portal\/wp-content\/uploads\/2023\/07\/logo_ED.jpg","contentUrl":"https:\/\/www.eldiario.net\/portal\/wp-content\/uploads\/2023\/07\/logo_ED.jpg","width":272,"height":52,"caption":"El Diario - Decano de la prensa nacional"},"image":{"@id":"https:\/\/www.eldiario.net\/portal\/#\/schema\/logo\/image\/"},"sameAs":["https:\/\/www.facebook.com\/eldiario.bolivia\/","https:\/\/x.com\/eldiario_net"]},{"@type":"Person","@id":"https:\/\/www.eldiario.net\/portal\/#\/schema\/person\/f46445640444750d7d753ccd04ae01b7","name":"Jeanette","image":{"@type":"ImageObject","inLanguage":"es","@id":"https:\/\/secure.gravatar.com\/avatar\/3ea2118a5f7dad2b7138b1187a6b7ee55f160b9968b66013c3a3ef39dd7e5798?s=96&d=mm&r=g","url":"https:\/\/secure.gravatar.com\/avatar\/3ea2118a5f7dad2b7138b1187a6b7ee55f160b9968b66013c3a3ef39dd7e5798?s=96&d=mm&r=g","contentUrl":"https:\/\/secure.gravatar.com\/avatar\/3ea2118a5f7dad2b7138b1187a6b7ee55f160b9968b66013c3a3ef39dd7e5798?s=96&d=mm&r=g","caption":"Jeanette"},"sameAs":["https:\/\/www.eldiario.net\/portal"],"url":"https:\/\/www.eldiario.net\/portal\/author\/jeanette\/"}]}},"_links":{"self":[{"href":"https:\/\/www.eldiario.net\/portal\/wp-json\/wp\/v2\/posts\/139346","targetHints":{"allow":["GET"]}}],"collection":[{"href":"https:\/\/www.eldiario.net\/portal\/wp-json\/wp\/v2\/posts"}],"about":[{"href":"https:\/\/www.eldiario.net\/portal\/wp-json\/wp\/v2\/types\/post"}],"author":[{"embeddable":true,"href":"https:\/\/www.eldiario.net\/portal\/wp-json\/wp\/v2\/users\/1"}],"replies":[{"embeddable":true,"href":"https:\/\/www.eldiario.net\/portal\/wp-json\/wp\/v2\/comments?post=139346"}],"version-history":[{"count":0,"href":"https:\/\/www.eldiario.net\/portal\/wp-json\/wp\/v2\/posts\/139346\/revisions"}],"wp:attachment":[{"href":"https:\/\/www.eldiario.net\/portal\/wp-json\/wp\/v2\/media?parent=139346"}],"wp:term":[{"taxonomy":"category","embeddable":true,"href":"https:\/\/www.eldiario.net\/portal\/wp-json\/wp\/v2\/categories?post=139346"},{"taxonomy":"post_tag","embeddable":true,"href":"https:\/\/www.eldiario.net\/portal\/wp-json\/wp\/v2\/tags?post=139346"}],"curies":[{"name":"wp","href":"https:\/\/api.w.org\/{rel}","templated":true}]}}