{"id":139342,"date":"2023-02-21T05:49:58","date_gmt":"2023-02-21T09:49:58","guid":{"rendered":"https:\/\/www.eldiario.net\/portal\/?p=139342"},"modified":"2023-02-21T05:49:58","modified_gmt":"2023-02-21T09:49:58","slug":"creemos-pide-informe-a-ypfb-sobre-certificacion-de-reservas","status":"publish","type":"post","link":"https:\/\/www.eldiario.net\/portal\/2023\/02\/21\/creemos-pide-informe-a-ypfb-sobre-certificacion-de-reservas\/","title":{"rendered":"Creemos pide informe a YPFB  sobre certificaci\u00f3n de reservas"},"content":{"rendered":"<p class=\"v1MsoNormal\">El jefe de la Bancada de Creemos, senador Henry Montero, inform\u00f3 que solicit\u00f3 informaci\u00f3n al presidente interino de Yacimientos Petrol\u00edferos Fiscales Bolivianos (YPFB), Armin Dorgathen Tapia, sobre la certificaci\u00f3n de las reservas probadas y probables, totalidad de los campos gas\u00edferos y petroleros, adem\u00e1s de las inversiones p\u00fablicas y privadas en exploraci\u00f3n de hidrocarburos en el pa\u00eds.<\/p>\n<p class=\"v1MsoNormal\">\u00abAl presente a\u00f1o no tenemos la certificaci\u00f3n de la reservas probadas y probables de gas, el \u00faltimo estudio fue realizado en el a\u00f1o 2017 por la Empresa Sproule que report\u00f3 que ten\u00edamos solo como 10TCF de reservas probadas; desde entonces pasaron seis a\u00f1os desde esa certificaci\u00f3n y no hubo nuevos datos que den certidumbre sobre la situaci\u00f3n hidrocarbur\u00edfera en el pa\u00eds\u00bb, afirm\u00f3 el parlamentario cruce\u00f1o.<\/p>\n<p class=\"v1MsoNormal\">As\u00ed mismo, record\u00f3 que la Ley 3058 de Hidrocarburos manda que cada a\u00f1o se deban realizar los estudios respectivos para la certificaci\u00f3n de las reservas gas\u00edferas, \u00abel Gobierno hace caso omiso de la norma y hasta la fecha no publica nuevos datos\u00bb, agreg\u00f3 Montero.<\/p>\n<p class=\"v1MsoNormal\">En la Petici\u00f3n de Informe Escrito, destacan las preguntas sobre la cantidad de los campos gas\u00edferos y petroleros, la cantidad de producci\u00f3n, las \u00e1reas reservadas en favor de YPFB, la exploraci\u00f3n y descubrimiento de nuevos campos, las inversiones en exploraci\u00f3n y explotaci\u00f3n, las reservas probadas, probables y posibles, el pago por costos de recuperaci\u00f3n y otros.<\/p>\n<p class=\"v1MsoNormal\">\n","protected":false},"excerpt":{"rendered":"<p>El jefe de la Bancada de Creemos, senador Henry Montero, inform\u00f3 que solicit\u00f3 informaci\u00f3n al presidente interino de Yacimientos Petrol\u00edferos Fiscales Bolivianos (YPFB), Armin Dorgathen Tapia, sobre la certificaci\u00f3n de las reservas probadas y probables, totalidad de los campos gas\u00edferos y petroleros, adem\u00e1s de las inversiones p\u00fablicas y privadas en exploraci\u00f3n de hidrocarburos en el [&hellip;]<\/p>\n","protected":false},"author":1,"featured_media":139343,"comment_status":"closed","ping_status":"closed","sticky":false,"template":"","format":"standard","meta":{"_acf_changed":false,"footnotes":""},"categories":[14],"tags":[],"class_list":["post-139342","post","type-post","status-publish","format-standard","has-post-thumbnail","category-politica"],"acf":{"antetitulo":""},"yoast_head":"<!-- This site is optimized with the Yoast SEO plugin v28.4 - https:\/\/yoast.com\/product\/yoast-seo-wordpress\/ -->\n<title>Creemos pide informe a YPFB sobre certificaci\u00f3n de reservas - El Diario - Bolivia<\/title>\n<meta name=\"robots\" content=\"index, follow, max-snippet:-1, max-image-preview:large, max-video-preview:-1\" \/>\n<link rel=\"canonical\" href=\"https:\/\/www.eldiario.net\/portal\/2023\/02\/21\/creemos-pide-informe-a-ypfb-sobre-certificacion-de-reservas\/\" \/>\n<meta property=\"og:locale\" content=\"es_ES\" \/>\n<meta property=\"og:type\" content=\"article\" \/>\n<meta property=\"og:title\" content=\"Creemos pide informe a YPFB sobre certificaci\u00f3n de reservas - El Diario - Bolivia\" \/>\n<meta property=\"og:description\" content=\"El jefe de la Bancada de Creemos, senador Henry Montero, inform\u00f3 que solicit\u00f3 informaci\u00f3n al presidente interino de Yacimientos Petrol\u00edferos Fiscales Bolivianos (YPFB), Armin Dorgathen Tapia, sobre la certificaci\u00f3n de las reservas probadas y probables, totalidad de los campos gas\u00edferos y petroleros, adem\u00e1s de las inversiones p\u00fablicas y privadas en exploraci\u00f3n de hidrocarburos en el [&hellip;]\" \/>\n<meta property=\"og:url\" content=\"https:\/\/www.eldiario.net\/portal\/2023\/02\/21\/creemos-pide-informe-a-ypfb-sobre-certificacion-de-reservas\/\" \/>\n<meta property=\"og:site_name\" content=\"El Diario - Bolivia\" \/>\n<meta property=\"article:publisher\" content=\"https:\/\/www.facebook.com\/eldiario.bolivia\/\" \/>\n<meta property=\"article:published_time\" content=\"2023-02-21T09:49:58+00:00\" \/>\n<meta name=\"author\" content=\"Jeanette\" \/>\n<meta name=\"twitter:card\" content=\"summary_large_image\" \/>\n<meta name=\"twitter:creator\" content=\"@eldiario_net\" \/>\n<meta name=\"twitter:site\" content=\"@eldiario_net\" \/>\n<meta name=\"twitter:label1\" content=\"Escrito por\" \/>\n\t<meta name=\"twitter:data1\" content=\"Jeanette\" \/>\n\t<meta name=\"twitter:label2\" content=\"Tiempo de lectura\" \/>\n\t<meta name=\"twitter:data2\" content=\"2 minutos\" \/>\n<script type=\"application\/ld+json\" class=\"yoast-schema-graph\">{\"@context\":\"https:\\\/\\\/schema.org\",\"@graph\":[{\"@type\":\"Article\",\"@id\":\"https:\\\/\\\/www.eldiario.net\\\/portal\\\/2023\\\/02\\\/21\\\/creemos-pide-informe-a-ypfb-sobre-certificacion-de-reservas\\\/#article\",\"isPartOf\":{\"@id\":\"https:\\\/\\\/www.eldiario.net\\\/portal\\\/2023\\\/02\\\/21\\\/creemos-pide-informe-a-ypfb-sobre-certificacion-de-reservas\\\/\"},\"author\":{\"name\":\"Jeanette\",\"@id\":\"https:\\\/\\\/www.eldiario.net\\\/portal\\\/#\\\/schema\\\/person\\\/f46445640444750d7d753ccd04ae01b7\"},\"headline\":\"Creemos pide informe a YPFB sobre certificaci\u00f3n de reservas\",\"datePublished\":\"2023-02-21T09:49:58+00:00\",\"mainEntityOfPage\":{\"@id\":\"https:\\\/\\\/www.eldiario.net\\\/portal\\\/2023\\\/02\\\/21\\\/creemos-pide-informe-a-ypfb-sobre-certificacion-de-reservas\\\/\"},\"wordCount\":257,\"publisher\":{\"@id\":\"https:\\\/\\\/www.eldiario.net\\\/portal\\\/#organization\"},\"image\":{\"@id\":\"https:\\\/\\\/www.eldiario.net\\\/portal\\\/2023\\\/02\\\/21\\\/creemos-pide-informe-a-ypfb-sobre-certificacion-de-reservas\\\/#primaryimage\"},\"thumbnailUrl\":\"\",\"articleSection\":[\"Pol\u00edtica\"],\"inLanguage\":\"es\"},{\"@type\":\"WebPage\",\"@id\":\"https:\\\/\\\/www.eldiario.net\\\/portal\\\/2023\\\/02\\\/21\\\/creemos-pide-informe-a-ypfb-sobre-certificacion-de-reservas\\\/\",\"url\":\"https:\\\/\\\/www.eldiario.net\\\/portal\\\/2023\\\/02\\\/21\\\/creemos-pide-informe-a-ypfb-sobre-certificacion-de-reservas\\\/\",\"name\":\"Creemos pide informe a YPFB sobre certificaci\u00f3n de reservas - El Diario - Bolivia\",\"isPartOf\":{\"@id\":\"https:\\\/\\\/www.eldiario.net\\\/portal\\\/#website\"},\"primaryImageOfPage\":{\"@id\":\"https:\\\/\\\/www.eldiario.net\\\/portal\\\/2023\\\/02\\\/21\\\/creemos-pide-informe-a-ypfb-sobre-certificacion-de-reservas\\\/#primaryimage\"},\"image\":{\"@id\":\"https:\\\/\\\/www.eldiario.net\\\/portal\\\/2023\\\/02\\\/21\\\/creemos-pide-informe-a-ypfb-sobre-certificacion-de-reservas\\\/#primaryimage\"},\"thumbnailUrl\":\"\",\"datePublished\":\"2023-02-21T09:49:58+00:00\",\"breadcrumb\":{\"@id\":\"https:\\\/\\\/www.eldiario.net\\\/portal\\\/2023\\\/02\\\/21\\\/creemos-pide-informe-a-ypfb-sobre-certificacion-de-reservas\\\/#breadcrumb\"},\"inLanguage\":\"es\",\"potentialAction\":[{\"@type\":\"ReadAction\",\"target\":[\"https:\\\/\\\/www.eldiario.net\\\/portal\\\/2023\\\/02\\\/21\\\/creemos-pide-informe-a-ypfb-sobre-certificacion-de-reservas\\\/\"]}]},{\"@type\":\"ImageObject\",\"inLanguage\":\"es\",\"@id\":\"https:\\\/\\\/www.eldiario.net\\\/portal\\\/2023\\\/02\\\/21\\\/creemos-pide-informe-a-ypfb-sobre-certificacion-de-reservas\\\/#primaryimage\",\"url\":\"\",\"contentUrl\":\"\"},{\"@type\":\"BreadcrumbList\",\"@id\":\"https:\\\/\\\/www.eldiario.net\\\/portal\\\/2023\\\/02\\\/21\\\/creemos-pide-informe-a-ypfb-sobre-certificacion-de-reservas\\\/#breadcrumb\",\"itemListElement\":[{\"@type\":\"ListItem\",\"position\":1,\"name\":\"Portada\",\"item\":\"https:\\\/\\\/www.eldiario.net\\\/portal\\\/\"},{\"@type\":\"ListItem\",\"position\":2,\"name\":\"Creemos pide informe a YPFB sobre certificaci\u00f3n de reservas\"}]},{\"@type\":\"WebSite\",\"@id\":\"https:\\\/\\\/www.eldiario.net\\\/portal\\\/#website\",\"url\":\"https:\\\/\\\/www.eldiario.net\\\/portal\\\/\",\"name\":\"El Diario - Decano de la prensa nacional\",\"description\":\"El Diario - Decano de la prensa nacional\",\"publisher\":{\"@id\":\"https:\\\/\\\/www.eldiario.net\\\/portal\\\/#organization\"},\"potentialAction\":[{\"@type\":\"SearchAction\",\"target\":{\"@type\":\"EntryPoint\",\"urlTemplate\":\"https:\\\/\\\/www.eldiario.net\\\/portal\\\/?s={search_term_string}\"},\"query-input\":{\"@type\":\"PropertyValueSpecification\",\"valueRequired\":true,\"valueName\":\"search_term_string\"}}],\"inLanguage\":\"es\"},{\"@type\":\"Organization\",\"@id\":\"https:\\\/\\\/www.eldiario.net\\\/portal\\\/#organization\",\"name\":\"El Diario - Decano de la prensa nacional\",\"url\":\"https:\\\/\\\/www.eldiario.net\\\/portal\\\/\",\"logo\":{\"@type\":\"ImageObject\",\"inLanguage\":\"es\",\"@id\":\"https:\\\/\\\/www.eldiario.net\\\/portal\\\/#\\\/schema\\\/logo\\\/image\\\/\",\"url\":\"https:\\\/\\\/www.eldiario.net\\\/portal\\\/wp-content\\\/uploads\\\/2023\\\/07\\\/logo_ED.jpg\",\"contentUrl\":\"https:\\\/\\\/www.eldiario.net\\\/portal\\\/wp-content\\\/uploads\\\/2023\\\/07\\\/logo_ED.jpg\",\"width\":272,\"height\":52,\"caption\":\"El Diario - Decano de la prensa nacional\"},\"image\":{\"@id\":\"https:\\\/\\\/www.eldiario.net\\\/portal\\\/#\\\/schema\\\/logo\\\/image\\\/\"},\"sameAs\":[\"https:\\\/\\\/www.facebook.com\\\/eldiario.bolivia\\\/\",\"https:\\\/\\\/x.com\\\/eldiario_net\"]},{\"@type\":\"Person\",\"@id\":\"https:\\\/\\\/www.eldiario.net\\\/portal\\\/#\\\/schema\\\/person\\\/f46445640444750d7d753ccd04ae01b7\",\"name\":\"Jeanette\",\"image\":{\"@type\":\"ImageObject\",\"inLanguage\":\"es\",\"@id\":\"https:\\\/\\\/secure.gravatar.com\\\/avatar\\\/3ea2118a5f7dad2b7138b1187a6b7ee55f160b9968b66013c3a3ef39dd7e5798?s=96&d=mm&r=g\",\"url\":\"https:\\\/\\\/secure.gravatar.com\\\/avatar\\\/3ea2118a5f7dad2b7138b1187a6b7ee55f160b9968b66013c3a3ef39dd7e5798?s=96&d=mm&r=g\",\"contentUrl\":\"https:\\\/\\\/secure.gravatar.com\\\/avatar\\\/3ea2118a5f7dad2b7138b1187a6b7ee55f160b9968b66013c3a3ef39dd7e5798?s=96&d=mm&r=g\",\"caption\":\"Jeanette\"},\"sameAs\":[\"https:\\\/\\\/www.eldiario.net\\\/portal\"],\"url\":\"https:\\\/\\\/www.eldiario.net\\\/portal\\\/author\\\/jeanette\\\/\"}]}<\/script>\n<!-- \/ Yoast SEO plugin. -->","yoast_head_json":{"title":"Creemos pide informe a YPFB sobre certificaci\u00f3n de reservas - El Diario - Bolivia","robots":{"index":"index","follow":"follow","max-snippet":"max-snippet:-1","max-image-preview":"max-image-preview:large","max-video-preview":"max-video-preview:-1"},"canonical":"https:\/\/www.eldiario.net\/portal\/2023\/02\/21\/creemos-pide-informe-a-ypfb-sobre-certificacion-de-reservas\/","og_locale":"es_ES","og_type":"article","og_title":"Creemos pide informe a YPFB sobre certificaci\u00f3n de reservas - El Diario - Bolivia","og_description":"El jefe de la Bancada de Creemos, senador Henry Montero, inform\u00f3 que solicit\u00f3 informaci\u00f3n al presidente interino de Yacimientos Petrol\u00edferos Fiscales Bolivianos (YPFB), Armin Dorgathen Tapia, sobre la certificaci\u00f3n de las reservas probadas y probables, totalidad de los campos gas\u00edferos y petroleros, adem\u00e1s de las inversiones p\u00fablicas y privadas en exploraci\u00f3n de hidrocarburos en el [&hellip;]","og_url":"https:\/\/www.eldiario.net\/portal\/2023\/02\/21\/creemos-pide-informe-a-ypfb-sobre-certificacion-de-reservas\/","og_site_name":"El Diario - Bolivia","article_publisher":"https:\/\/www.facebook.com\/eldiario.bolivia\/","article_published_time":"2023-02-21T09:49:58+00:00","author":"Jeanette","twitter_card":"summary_large_image","twitter_creator":"@eldiario_net","twitter_site":"@eldiario_net","twitter_misc":{"Escrito por":"Jeanette","Tiempo de lectura":"2 minutos"},"schema":{"@context":"https:\/\/schema.org","@graph":[{"@type":"Article","@id":"https:\/\/www.eldiario.net\/portal\/2023\/02\/21\/creemos-pide-informe-a-ypfb-sobre-certificacion-de-reservas\/#article","isPartOf":{"@id":"https:\/\/www.eldiario.net\/portal\/2023\/02\/21\/creemos-pide-informe-a-ypfb-sobre-certificacion-de-reservas\/"},"author":{"name":"Jeanette","@id":"https:\/\/www.eldiario.net\/portal\/#\/schema\/person\/f46445640444750d7d753ccd04ae01b7"},"headline":"Creemos pide informe a YPFB sobre certificaci\u00f3n de reservas","datePublished":"2023-02-21T09:49:58+00:00","mainEntityOfPage":{"@id":"https:\/\/www.eldiario.net\/portal\/2023\/02\/21\/creemos-pide-informe-a-ypfb-sobre-certificacion-de-reservas\/"},"wordCount":257,"publisher":{"@id":"https:\/\/www.eldiario.net\/portal\/#organization"},"image":{"@id":"https:\/\/www.eldiario.net\/portal\/2023\/02\/21\/creemos-pide-informe-a-ypfb-sobre-certificacion-de-reservas\/#primaryimage"},"thumbnailUrl":"","articleSection":["Pol\u00edtica"],"inLanguage":"es"},{"@type":"WebPage","@id":"https:\/\/www.eldiario.net\/portal\/2023\/02\/21\/creemos-pide-informe-a-ypfb-sobre-certificacion-de-reservas\/","url":"https:\/\/www.eldiario.net\/portal\/2023\/02\/21\/creemos-pide-informe-a-ypfb-sobre-certificacion-de-reservas\/","name":"Creemos pide informe a YPFB sobre certificaci\u00f3n de reservas - El Diario - Bolivia","isPartOf":{"@id":"https:\/\/www.eldiario.net\/portal\/#website"},"primaryImageOfPage":{"@id":"https:\/\/www.eldiario.net\/portal\/2023\/02\/21\/creemos-pide-informe-a-ypfb-sobre-certificacion-de-reservas\/#primaryimage"},"image":{"@id":"https:\/\/www.eldiario.net\/portal\/2023\/02\/21\/creemos-pide-informe-a-ypfb-sobre-certificacion-de-reservas\/#primaryimage"},"thumbnailUrl":"","datePublished":"2023-02-21T09:49:58+00:00","breadcrumb":{"@id":"https:\/\/www.eldiario.net\/portal\/2023\/02\/21\/creemos-pide-informe-a-ypfb-sobre-certificacion-de-reservas\/#breadcrumb"},"inLanguage":"es","potentialAction":[{"@type":"ReadAction","target":["https:\/\/www.eldiario.net\/portal\/2023\/02\/21\/creemos-pide-informe-a-ypfb-sobre-certificacion-de-reservas\/"]}]},{"@type":"ImageObject","inLanguage":"es","@id":"https:\/\/www.eldiario.net\/portal\/2023\/02\/21\/creemos-pide-informe-a-ypfb-sobre-certificacion-de-reservas\/#primaryimage","url":"","contentUrl":""},{"@type":"BreadcrumbList","@id":"https:\/\/www.eldiario.net\/portal\/2023\/02\/21\/creemos-pide-informe-a-ypfb-sobre-certificacion-de-reservas\/#breadcrumb","itemListElement":[{"@type":"ListItem","position":1,"name":"Portada","item":"https:\/\/www.eldiario.net\/portal\/"},{"@type":"ListItem","position":2,"name":"Creemos pide informe a YPFB sobre certificaci\u00f3n de reservas"}]},{"@type":"WebSite","@id":"https:\/\/www.eldiario.net\/portal\/#website","url":"https:\/\/www.eldiario.net\/portal\/","name":"El Diario - Decano de la prensa nacional","description":"El Diario - Decano de la prensa nacional","publisher":{"@id":"https:\/\/www.eldiario.net\/portal\/#organization"},"potentialAction":[{"@type":"SearchAction","target":{"@type":"EntryPoint","urlTemplate":"https:\/\/www.eldiario.net\/portal\/?s={search_term_string}"},"query-input":{"@type":"PropertyValueSpecification","valueRequired":true,"valueName":"search_term_string"}}],"inLanguage":"es"},{"@type":"Organization","@id":"https:\/\/www.eldiario.net\/portal\/#organization","name":"El Diario - Decano de la prensa nacional","url":"https:\/\/www.eldiario.net\/portal\/","logo":{"@type":"ImageObject","inLanguage":"es","@id":"https:\/\/www.eldiario.net\/portal\/#\/schema\/logo\/image\/","url":"https:\/\/www.eldiario.net\/portal\/wp-content\/uploads\/2023\/07\/logo_ED.jpg","contentUrl":"https:\/\/www.eldiario.net\/portal\/wp-content\/uploads\/2023\/07\/logo_ED.jpg","width":272,"height":52,"caption":"El Diario - Decano de la prensa nacional"},"image":{"@id":"https:\/\/www.eldiario.net\/portal\/#\/schema\/logo\/image\/"},"sameAs":["https:\/\/www.facebook.com\/eldiario.bolivia\/","https:\/\/x.com\/eldiario_net"]},{"@type":"Person","@id":"https:\/\/www.eldiario.net\/portal\/#\/schema\/person\/f46445640444750d7d753ccd04ae01b7","name":"Jeanette","image":{"@type":"ImageObject","inLanguage":"es","@id":"https:\/\/secure.gravatar.com\/avatar\/3ea2118a5f7dad2b7138b1187a6b7ee55f160b9968b66013c3a3ef39dd7e5798?s=96&d=mm&r=g","url":"https:\/\/secure.gravatar.com\/avatar\/3ea2118a5f7dad2b7138b1187a6b7ee55f160b9968b66013c3a3ef39dd7e5798?s=96&d=mm&r=g","contentUrl":"https:\/\/secure.gravatar.com\/avatar\/3ea2118a5f7dad2b7138b1187a6b7ee55f160b9968b66013c3a3ef39dd7e5798?s=96&d=mm&r=g","caption":"Jeanette"},"sameAs":["https:\/\/www.eldiario.net\/portal"],"url":"https:\/\/www.eldiario.net\/portal\/author\/jeanette\/"}]}},"_links":{"self":[{"href":"https:\/\/www.eldiario.net\/portal\/wp-json\/wp\/v2\/posts\/139342","targetHints":{"allow":["GET"]}}],"collection":[{"href":"https:\/\/www.eldiario.net\/portal\/wp-json\/wp\/v2\/posts"}],"about":[{"href":"https:\/\/www.eldiario.net\/portal\/wp-json\/wp\/v2\/types\/post"}],"author":[{"embeddable":true,"href":"https:\/\/www.eldiario.net\/portal\/wp-json\/wp\/v2\/users\/1"}],"replies":[{"embeddable":true,"href":"https:\/\/www.eldiario.net\/portal\/wp-json\/wp\/v2\/comments?post=139342"}],"version-history":[{"count":0,"href":"https:\/\/www.eldiario.net\/portal\/wp-json\/wp\/v2\/posts\/139342\/revisions"}],"wp:attachment":[{"href":"https:\/\/www.eldiario.net\/portal\/wp-json\/wp\/v2\/media?parent=139342"}],"wp:term":[{"taxonomy":"category","embeddable":true,"href":"https:\/\/www.eldiario.net\/portal\/wp-json\/wp\/v2\/categories?post=139342"},{"taxonomy":"post_tag","embeddable":true,"href":"https:\/\/www.eldiario.net\/portal\/wp-json\/wp\/v2\/tags?post=139342"}],"curies":[{"name":"wp","href":"https:\/\/api.w.org\/{rel}","templated":true}]}}