{"id":139335,"date":"2023-02-21T05:47:36","date_gmt":"2023-02-21T09:47:36","guid":{"rendered":"https:\/\/www.eldiario.net\/portal\/?p=139335"},"modified":"2023-02-21T05:47:36","modified_gmt":"2023-02-21T09:47:36","slug":"defensa-al-consumidor-decomiso-mas-de-5-mil-bebidas-alcoholicas","status":"publish","type":"post","link":"https:\/\/www.eldiario.net\/portal\/2023\/02\/21\/defensa-al-consumidor-decomiso-mas-de-5-mil-bebidas-alcoholicas\/","title":{"rendered":"Defensa al consumidor decomis\u00f3  m\u00e1s de 5 mil bebidas alcoh\u00f3licas"},"content":{"rendered":"<p class=\"v1gmail-MsoNormalCxSpMiddle\">El viceministro de Defensa al Consumidor, Jorge Silva, report\u00f3 que, durante el fin de semana de carnaval, operativos de esta repartici\u00f3n intervinieron en distintas entradas folkl\u00f3ricas y far\u00e1ndulas, decomisando m\u00e1s de 5.000 unidades de bebidas alcoh\u00f3licas de distinta procedencia.<\/p>\n<p class=\"v1MsoNormal\">En declaraciones a medios de prensa en la Sede de Gobierno, Silva detall\u00f3 que durante los dos primeros d\u00edas del carnaval 2023, se procedi\u00f3 con la ejecuci\u00f3n de operativos de control al expendio de bebidas alcoh\u00f3licas y espumas, as\u00ed mismo, se atendieron denuncias de la ciudadan\u00eda en temas relacionados a transporte p\u00fablico.<\/p>\n<p class=\"v1MsoNormal\">En este sentido, inform\u00f3 que en el recorrido de entradas folkl\u00f3ricas se procedi\u00f3 con el decomiso de bebidas y espumas observadas por su procedencia, registros y autorizaciones.<\/p>\n<p class=\"v1MsoNormal\">\u00abEste comiso se ha hecho no solo a las bebidas alcoh\u00f3licas sino tambi\u00e9n a la venta de espumas, sobrepasa los miles de unidades. Son m\u00e1s de 5000 unidades de bebidas sobre todo cerveza, singani y ron que se ha decomisado\u00bb, detall\u00f3 la autoridad.<\/p>\n<p class=\"v1MsoNormal\">Inform\u00f3 adem\u00e1s que se han recibido m\u00e1s de 150 reclamos de la poblaci\u00f3n, relacionados al servicio de transporte interdepartamental, siendo la vulneraci\u00f3n m\u00e1s recurrente, el incumplimiento de horarios y la elevaci\u00f3n de tarifas.<\/p>\n<p class=\"v1MsoNormal\">\u00abPor la falta de cumplimiento de los horarios, sobrecarga de pasajeros y en otros casos porque se pretendi\u00f3 incrementar los precios de las tarifas previamente establecidas por la ATT\u00bb, inform\u00f3.<\/p>\n","protected":false},"excerpt":{"rendered":"<p>El viceministro de Defensa al Consumidor, Jorge Silva, report\u00f3 que, durante el fin de semana de carnaval, operativos de esta repartici\u00f3n intervinieron en distintas entradas folkl\u00f3ricas y far\u00e1ndulas, decomisando m\u00e1s de 5.000 unidades de bebidas alcoh\u00f3licas de distinta procedencia. En declaraciones a medios de prensa en la Sede de Gobierno, Silva detall\u00f3 que durante los [&hellip;]<\/p>\n","protected":false},"author":1,"featured_media":139336,"comment_status":"closed","ping_status":"closed","sticky":false,"template":"","format":"standard","meta":{"_acf_changed":false,"footnotes":""},"categories":[39],"tags":[],"class_list":["post-139335","post","type-post","status-publish","format-standard","has-post-thumbnail","category-sociedad"],"acf":{"antetitulo":""},"yoast_head":"<!-- This site is optimized with the Yoast SEO plugin v28.4 - https:\/\/yoast.com\/product\/yoast-seo-wordpress\/ -->\n<title>Defensa al consumidor decomis\u00f3 m\u00e1s de 5 mil bebidas alcoh\u00f3licas - El Diario - Bolivia<\/title>\n<meta name=\"robots\" content=\"index, follow, max-snippet:-1, max-image-preview:large, max-video-preview:-1\" \/>\n<link rel=\"canonical\" href=\"https:\/\/www.eldiario.net\/portal\/2023\/02\/21\/defensa-al-consumidor-decomiso-mas-de-5-mil-bebidas-alcoholicas\/\" \/>\n<meta property=\"og:locale\" content=\"es_ES\" \/>\n<meta property=\"og:type\" content=\"article\" \/>\n<meta property=\"og:title\" content=\"Defensa al consumidor decomis\u00f3 m\u00e1s de 5 mil bebidas alcoh\u00f3licas - El Diario - Bolivia\" \/>\n<meta property=\"og:description\" content=\"El viceministro de Defensa al Consumidor, Jorge Silva, report\u00f3 que, durante el fin de semana de carnaval, operativos de esta repartici\u00f3n intervinieron en distintas entradas folkl\u00f3ricas y far\u00e1ndulas, decomisando m\u00e1s de 5.000 unidades de bebidas alcoh\u00f3licas de distinta procedencia. En declaraciones a medios de prensa en la Sede de Gobierno, Silva detall\u00f3 que durante los [&hellip;]\" \/>\n<meta property=\"og:url\" content=\"https:\/\/www.eldiario.net\/portal\/2023\/02\/21\/defensa-al-consumidor-decomiso-mas-de-5-mil-bebidas-alcoholicas\/\" \/>\n<meta property=\"og:site_name\" content=\"El Diario - Bolivia\" \/>\n<meta property=\"article:publisher\" content=\"https:\/\/www.facebook.com\/eldiario.bolivia\/\" \/>\n<meta property=\"article:published_time\" content=\"2023-02-21T09:47:36+00:00\" \/>\n<meta name=\"author\" content=\"Jeanette\" \/>\n<meta name=\"twitter:card\" content=\"summary_large_image\" \/>\n<meta name=\"twitter:creator\" content=\"@eldiario_net\" \/>\n<meta name=\"twitter:site\" content=\"@eldiario_net\" \/>\n<meta name=\"twitter:label1\" content=\"Escrito por\" \/>\n\t<meta name=\"twitter:data1\" content=\"Jeanette\" \/>\n\t<meta name=\"twitter:label2\" content=\"Tiempo de lectura\" \/>\n\t<meta name=\"twitter:data2\" content=\"2 minutos\" \/>\n<script type=\"application\/ld+json\" class=\"yoast-schema-graph\">{\"@context\":\"https:\\\/\\\/schema.org\",\"@graph\":[{\"@type\":\"Article\",\"@id\":\"https:\\\/\\\/www.eldiario.net\\\/portal\\\/2023\\\/02\\\/21\\\/defensa-al-consumidor-decomiso-mas-de-5-mil-bebidas-alcoholicas\\\/#article\",\"isPartOf\":{\"@id\":\"https:\\\/\\\/www.eldiario.net\\\/portal\\\/2023\\\/02\\\/21\\\/defensa-al-consumidor-decomiso-mas-de-5-mil-bebidas-alcoholicas\\\/\"},\"author\":{\"name\":\"Jeanette\",\"@id\":\"https:\\\/\\\/www.eldiario.net\\\/portal\\\/#\\\/schema\\\/person\\\/f46445640444750d7d753ccd04ae01b7\"},\"headline\":\"Defensa al consumidor decomis\u00f3 m\u00e1s de 5 mil bebidas alcoh\u00f3licas\",\"datePublished\":\"2023-02-21T09:47:36+00:00\",\"mainEntityOfPage\":{\"@id\":\"https:\\\/\\\/www.eldiario.net\\\/portal\\\/2023\\\/02\\\/21\\\/defensa-al-consumidor-decomiso-mas-de-5-mil-bebidas-alcoholicas\\\/\"},\"wordCount\":251,\"publisher\":{\"@id\":\"https:\\\/\\\/www.eldiario.net\\\/portal\\\/#organization\"},\"image\":{\"@id\":\"https:\\\/\\\/www.eldiario.net\\\/portal\\\/2023\\\/02\\\/21\\\/defensa-al-consumidor-decomiso-mas-de-5-mil-bebidas-alcoholicas\\\/#primaryimage\"},\"thumbnailUrl\":\"\",\"articleSection\":[\"Sociedad - Seguridad\"],\"inLanguage\":\"es\"},{\"@type\":\"WebPage\",\"@id\":\"https:\\\/\\\/www.eldiario.net\\\/portal\\\/2023\\\/02\\\/21\\\/defensa-al-consumidor-decomiso-mas-de-5-mil-bebidas-alcoholicas\\\/\",\"url\":\"https:\\\/\\\/www.eldiario.net\\\/portal\\\/2023\\\/02\\\/21\\\/defensa-al-consumidor-decomiso-mas-de-5-mil-bebidas-alcoholicas\\\/\",\"name\":\"Defensa al consumidor decomis\u00f3 m\u00e1s de 5 mil bebidas alcoh\u00f3licas - El Diario - Bolivia\",\"isPartOf\":{\"@id\":\"https:\\\/\\\/www.eldiario.net\\\/portal\\\/#website\"},\"primaryImageOfPage\":{\"@id\":\"https:\\\/\\\/www.eldiario.net\\\/portal\\\/2023\\\/02\\\/21\\\/defensa-al-consumidor-decomiso-mas-de-5-mil-bebidas-alcoholicas\\\/#primaryimage\"},\"image\":{\"@id\":\"https:\\\/\\\/www.eldiario.net\\\/portal\\\/2023\\\/02\\\/21\\\/defensa-al-consumidor-decomiso-mas-de-5-mil-bebidas-alcoholicas\\\/#primaryimage\"},\"thumbnailUrl\":\"\",\"datePublished\":\"2023-02-21T09:47:36+00:00\",\"breadcrumb\":{\"@id\":\"https:\\\/\\\/www.eldiario.net\\\/portal\\\/2023\\\/02\\\/21\\\/defensa-al-consumidor-decomiso-mas-de-5-mil-bebidas-alcoholicas\\\/#breadcrumb\"},\"inLanguage\":\"es\",\"potentialAction\":[{\"@type\":\"ReadAction\",\"target\":[\"https:\\\/\\\/www.eldiario.net\\\/portal\\\/2023\\\/02\\\/21\\\/defensa-al-consumidor-decomiso-mas-de-5-mil-bebidas-alcoholicas\\\/\"]}]},{\"@type\":\"ImageObject\",\"inLanguage\":\"es\",\"@id\":\"https:\\\/\\\/www.eldiario.net\\\/portal\\\/2023\\\/02\\\/21\\\/defensa-al-consumidor-decomiso-mas-de-5-mil-bebidas-alcoholicas\\\/#primaryimage\",\"url\":\"\",\"contentUrl\":\"\"},{\"@type\":\"BreadcrumbList\",\"@id\":\"https:\\\/\\\/www.eldiario.net\\\/portal\\\/2023\\\/02\\\/21\\\/defensa-al-consumidor-decomiso-mas-de-5-mil-bebidas-alcoholicas\\\/#breadcrumb\",\"itemListElement\":[{\"@type\":\"ListItem\",\"position\":1,\"name\":\"Portada\",\"item\":\"https:\\\/\\\/www.eldiario.net\\\/portal\\\/\"},{\"@type\":\"ListItem\",\"position\":2,\"name\":\"Defensa al consumidor decomis\u00f3 m\u00e1s de 5 mil bebidas alcoh\u00f3licas\"}]},{\"@type\":\"WebSite\",\"@id\":\"https:\\\/\\\/www.eldiario.net\\\/portal\\\/#website\",\"url\":\"https:\\\/\\\/www.eldiario.net\\\/portal\\\/\",\"name\":\"El Diario - Decano de la prensa nacional\",\"description\":\"El Diario - Decano de la prensa nacional\",\"publisher\":{\"@id\":\"https:\\\/\\\/www.eldiario.net\\\/portal\\\/#organization\"},\"potentialAction\":[{\"@type\":\"SearchAction\",\"target\":{\"@type\":\"EntryPoint\",\"urlTemplate\":\"https:\\\/\\\/www.eldiario.net\\\/portal\\\/?s={search_term_string}\"},\"query-input\":{\"@type\":\"PropertyValueSpecification\",\"valueRequired\":true,\"valueName\":\"search_term_string\"}}],\"inLanguage\":\"es\"},{\"@type\":\"Organization\",\"@id\":\"https:\\\/\\\/www.eldiario.net\\\/portal\\\/#organization\",\"name\":\"El Diario - Decano de la prensa nacional\",\"url\":\"https:\\\/\\\/www.eldiario.net\\\/portal\\\/\",\"logo\":{\"@type\":\"ImageObject\",\"inLanguage\":\"es\",\"@id\":\"https:\\\/\\\/www.eldiario.net\\\/portal\\\/#\\\/schema\\\/logo\\\/image\\\/\",\"url\":\"https:\\\/\\\/www.eldiario.net\\\/portal\\\/wp-content\\\/uploads\\\/2023\\\/07\\\/logo_ED.jpg\",\"contentUrl\":\"https:\\\/\\\/www.eldiario.net\\\/portal\\\/wp-content\\\/uploads\\\/2023\\\/07\\\/logo_ED.jpg\",\"width\":272,\"height\":52,\"caption\":\"El Diario - Decano de la prensa nacional\"},\"image\":{\"@id\":\"https:\\\/\\\/www.eldiario.net\\\/portal\\\/#\\\/schema\\\/logo\\\/image\\\/\"},\"sameAs\":[\"https:\\\/\\\/www.facebook.com\\\/eldiario.bolivia\\\/\",\"https:\\\/\\\/x.com\\\/eldiario_net\"]},{\"@type\":\"Person\",\"@id\":\"https:\\\/\\\/www.eldiario.net\\\/portal\\\/#\\\/schema\\\/person\\\/f46445640444750d7d753ccd04ae01b7\",\"name\":\"Jeanette\",\"image\":{\"@type\":\"ImageObject\",\"inLanguage\":\"es\",\"@id\":\"https:\\\/\\\/secure.gravatar.com\\\/avatar\\\/3ea2118a5f7dad2b7138b1187a6b7ee55f160b9968b66013c3a3ef39dd7e5798?s=96&d=mm&r=g\",\"url\":\"https:\\\/\\\/secure.gravatar.com\\\/avatar\\\/3ea2118a5f7dad2b7138b1187a6b7ee55f160b9968b66013c3a3ef39dd7e5798?s=96&d=mm&r=g\",\"contentUrl\":\"https:\\\/\\\/secure.gravatar.com\\\/avatar\\\/3ea2118a5f7dad2b7138b1187a6b7ee55f160b9968b66013c3a3ef39dd7e5798?s=96&d=mm&r=g\",\"caption\":\"Jeanette\"},\"sameAs\":[\"https:\\\/\\\/www.eldiario.net\\\/portal\"],\"url\":\"https:\\\/\\\/www.eldiario.net\\\/portal\\\/author\\\/jeanette\\\/\"}]}<\/script>\n<!-- \/ Yoast SEO plugin. -->","yoast_head_json":{"title":"Defensa al consumidor decomis\u00f3 m\u00e1s de 5 mil bebidas alcoh\u00f3licas - El Diario - Bolivia","robots":{"index":"index","follow":"follow","max-snippet":"max-snippet:-1","max-image-preview":"max-image-preview:large","max-video-preview":"max-video-preview:-1"},"canonical":"https:\/\/www.eldiario.net\/portal\/2023\/02\/21\/defensa-al-consumidor-decomiso-mas-de-5-mil-bebidas-alcoholicas\/","og_locale":"es_ES","og_type":"article","og_title":"Defensa al consumidor decomis\u00f3 m\u00e1s de 5 mil bebidas alcoh\u00f3licas - El Diario - Bolivia","og_description":"El viceministro de Defensa al Consumidor, Jorge Silva, report\u00f3 que, durante el fin de semana de carnaval, operativos de esta repartici\u00f3n intervinieron en distintas entradas folkl\u00f3ricas y far\u00e1ndulas, decomisando m\u00e1s de 5.000 unidades de bebidas alcoh\u00f3licas de distinta procedencia. En declaraciones a medios de prensa en la Sede de Gobierno, Silva detall\u00f3 que durante los [&hellip;]","og_url":"https:\/\/www.eldiario.net\/portal\/2023\/02\/21\/defensa-al-consumidor-decomiso-mas-de-5-mil-bebidas-alcoholicas\/","og_site_name":"El Diario - Bolivia","article_publisher":"https:\/\/www.facebook.com\/eldiario.bolivia\/","article_published_time":"2023-02-21T09:47:36+00:00","author":"Jeanette","twitter_card":"summary_large_image","twitter_creator":"@eldiario_net","twitter_site":"@eldiario_net","twitter_misc":{"Escrito por":"Jeanette","Tiempo de lectura":"2 minutos"},"schema":{"@context":"https:\/\/schema.org","@graph":[{"@type":"Article","@id":"https:\/\/www.eldiario.net\/portal\/2023\/02\/21\/defensa-al-consumidor-decomiso-mas-de-5-mil-bebidas-alcoholicas\/#article","isPartOf":{"@id":"https:\/\/www.eldiario.net\/portal\/2023\/02\/21\/defensa-al-consumidor-decomiso-mas-de-5-mil-bebidas-alcoholicas\/"},"author":{"name":"Jeanette","@id":"https:\/\/www.eldiario.net\/portal\/#\/schema\/person\/f46445640444750d7d753ccd04ae01b7"},"headline":"Defensa al consumidor decomis\u00f3 m\u00e1s de 5 mil bebidas alcoh\u00f3licas","datePublished":"2023-02-21T09:47:36+00:00","mainEntityOfPage":{"@id":"https:\/\/www.eldiario.net\/portal\/2023\/02\/21\/defensa-al-consumidor-decomiso-mas-de-5-mil-bebidas-alcoholicas\/"},"wordCount":251,"publisher":{"@id":"https:\/\/www.eldiario.net\/portal\/#organization"},"image":{"@id":"https:\/\/www.eldiario.net\/portal\/2023\/02\/21\/defensa-al-consumidor-decomiso-mas-de-5-mil-bebidas-alcoholicas\/#primaryimage"},"thumbnailUrl":"","articleSection":["Sociedad - Seguridad"],"inLanguage":"es"},{"@type":"WebPage","@id":"https:\/\/www.eldiario.net\/portal\/2023\/02\/21\/defensa-al-consumidor-decomiso-mas-de-5-mil-bebidas-alcoholicas\/","url":"https:\/\/www.eldiario.net\/portal\/2023\/02\/21\/defensa-al-consumidor-decomiso-mas-de-5-mil-bebidas-alcoholicas\/","name":"Defensa al consumidor decomis\u00f3 m\u00e1s de 5 mil bebidas alcoh\u00f3licas - El Diario - Bolivia","isPartOf":{"@id":"https:\/\/www.eldiario.net\/portal\/#website"},"primaryImageOfPage":{"@id":"https:\/\/www.eldiario.net\/portal\/2023\/02\/21\/defensa-al-consumidor-decomiso-mas-de-5-mil-bebidas-alcoholicas\/#primaryimage"},"image":{"@id":"https:\/\/www.eldiario.net\/portal\/2023\/02\/21\/defensa-al-consumidor-decomiso-mas-de-5-mil-bebidas-alcoholicas\/#primaryimage"},"thumbnailUrl":"","datePublished":"2023-02-21T09:47:36+00:00","breadcrumb":{"@id":"https:\/\/www.eldiario.net\/portal\/2023\/02\/21\/defensa-al-consumidor-decomiso-mas-de-5-mil-bebidas-alcoholicas\/#breadcrumb"},"inLanguage":"es","potentialAction":[{"@type":"ReadAction","target":["https:\/\/www.eldiario.net\/portal\/2023\/02\/21\/defensa-al-consumidor-decomiso-mas-de-5-mil-bebidas-alcoholicas\/"]}]},{"@type":"ImageObject","inLanguage":"es","@id":"https:\/\/www.eldiario.net\/portal\/2023\/02\/21\/defensa-al-consumidor-decomiso-mas-de-5-mil-bebidas-alcoholicas\/#primaryimage","url":"","contentUrl":""},{"@type":"BreadcrumbList","@id":"https:\/\/www.eldiario.net\/portal\/2023\/02\/21\/defensa-al-consumidor-decomiso-mas-de-5-mil-bebidas-alcoholicas\/#breadcrumb","itemListElement":[{"@type":"ListItem","position":1,"name":"Portada","item":"https:\/\/www.eldiario.net\/portal\/"},{"@type":"ListItem","position":2,"name":"Defensa al consumidor decomis\u00f3 m\u00e1s de 5 mil bebidas alcoh\u00f3licas"}]},{"@type":"WebSite","@id":"https:\/\/www.eldiario.net\/portal\/#website","url":"https:\/\/www.eldiario.net\/portal\/","name":"El Diario - Decano de la prensa nacional","description":"El Diario - Decano de la prensa nacional","publisher":{"@id":"https:\/\/www.eldiario.net\/portal\/#organization"},"potentialAction":[{"@type":"SearchAction","target":{"@type":"EntryPoint","urlTemplate":"https:\/\/www.eldiario.net\/portal\/?s={search_term_string}"},"query-input":{"@type":"PropertyValueSpecification","valueRequired":true,"valueName":"search_term_string"}}],"inLanguage":"es"},{"@type":"Organization","@id":"https:\/\/www.eldiario.net\/portal\/#organization","name":"El Diario - Decano de la prensa nacional","url":"https:\/\/www.eldiario.net\/portal\/","logo":{"@type":"ImageObject","inLanguage":"es","@id":"https:\/\/www.eldiario.net\/portal\/#\/schema\/logo\/image\/","url":"https:\/\/www.eldiario.net\/portal\/wp-content\/uploads\/2023\/07\/logo_ED.jpg","contentUrl":"https:\/\/www.eldiario.net\/portal\/wp-content\/uploads\/2023\/07\/logo_ED.jpg","width":272,"height":52,"caption":"El Diario - Decano de la prensa nacional"},"image":{"@id":"https:\/\/www.eldiario.net\/portal\/#\/schema\/logo\/image\/"},"sameAs":["https:\/\/www.facebook.com\/eldiario.bolivia\/","https:\/\/x.com\/eldiario_net"]},{"@type":"Person","@id":"https:\/\/www.eldiario.net\/portal\/#\/schema\/person\/f46445640444750d7d753ccd04ae01b7","name":"Jeanette","image":{"@type":"ImageObject","inLanguage":"es","@id":"https:\/\/secure.gravatar.com\/avatar\/3ea2118a5f7dad2b7138b1187a6b7ee55f160b9968b66013c3a3ef39dd7e5798?s=96&d=mm&r=g","url":"https:\/\/secure.gravatar.com\/avatar\/3ea2118a5f7dad2b7138b1187a6b7ee55f160b9968b66013c3a3ef39dd7e5798?s=96&d=mm&r=g","contentUrl":"https:\/\/secure.gravatar.com\/avatar\/3ea2118a5f7dad2b7138b1187a6b7ee55f160b9968b66013c3a3ef39dd7e5798?s=96&d=mm&r=g","caption":"Jeanette"},"sameAs":["https:\/\/www.eldiario.net\/portal"],"url":"https:\/\/www.eldiario.net\/portal\/author\/jeanette\/"}]}},"_links":{"self":[{"href":"https:\/\/www.eldiario.net\/portal\/wp-json\/wp\/v2\/posts\/139335","targetHints":{"allow":["GET"]}}],"collection":[{"href":"https:\/\/www.eldiario.net\/portal\/wp-json\/wp\/v2\/posts"}],"about":[{"href":"https:\/\/www.eldiario.net\/portal\/wp-json\/wp\/v2\/types\/post"}],"author":[{"embeddable":true,"href":"https:\/\/www.eldiario.net\/portal\/wp-json\/wp\/v2\/users\/1"}],"replies":[{"embeddable":true,"href":"https:\/\/www.eldiario.net\/portal\/wp-json\/wp\/v2\/comments?post=139335"}],"version-history":[{"count":0,"href":"https:\/\/www.eldiario.net\/portal\/wp-json\/wp\/v2\/posts\/139335\/revisions"}],"wp:attachment":[{"href":"https:\/\/www.eldiario.net\/portal\/wp-json\/wp\/v2\/media?parent=139335"}],"wp:term":[{"taxonomy":"category","embeddable":true,"href":"https:\/\/www.eldiario.net\/portal\/wp-json\/wp\/v2\/categories?post=139335"},{"taxonomy":"post_tag","embeddable":true,"href":"https:\/\/www.eldiario.net\/portal\/wp-json\/wp\/v2\/tags?post=139335"}],"curies":[{"name":"wp","href":"https:\/\/api.w.org\/{rel}","templated":true}]}}