{"id":139331,"date":"2023-02-21T05:46:24","date_gmt":"2023-02-21T09:46:24","guid":{"rendered":"https:\/\/www.eldiario.net\/portal\/?p=139331"},"modified":"2023-02-21T05:46:24","modified_gmt":"2023-02-21T09:46:24","slug":"mujer-es-hallada-sin-vida-en-su-domicilio-con-signos-de-violencia","status":"publish","type":"post","link":"https:\/\/www.eldiario.net\/portal\/2023\/02\/21\/mujer-es-hallada-sin-vida-en-su-domicilio-con-signos-de-violencia\/","title":{"rendered":"Mujer es hallada sin vida en su  domicilio con signos de violencia"},"content":{"rendered":"<p class=\"v1MsoNormal\">Los efectivos de la Polic\u00eda atendieron ayer el caso de una mujer que fue hallada sin vida en su domicilio, ubicado en la zona de Alto Lima en la ciudad de El Alto, la misma presentaba signos de violencia, por lo que se procedi\u00f3 a la aprehensi\u00f3n de su pareja en espera de los resultados de los estudios forenses.<\/p>\n<p class=\"v1MsoNormal\">En primera instancia, existen dos hip\u00f3tesis para explicar el hecho. Primero se sospecha que fue v\u00edctima de feminicidio, motivo por el que se procedi\u00f3 con la aprehensi\u00f3n de la pareja, sin embargo, tambi\u00e9n se sospecha de una bronco aspiraci\u00f3n como causa de muerte.<\/p>\n<p class=\"v1MsoNormal\">De momento, el caso es investigado por personal forense para establecer las causas del deceso y poder iniciar los procesos respectivos.<\/p>\n<p class=\"v1MsoNormal\">Seg\u00fan las primeras indagaciones, la pareja sostuvo una fuerte discusi\u00f3n en horas de la noche del domingo, al d\u00eda siguiente, la mujer fue hallada recostada en su cama sin vida y con algunos signos de violencia en su cuerpo.<\/p>\n<p class=\"v1MsoNormal\">La mujer dej\u00f3 en la orfandad a cuatro ni\u00f1os.<\/p>\n","protected":false},"excerpt":{"rendered":"<p>Los efectivos de la Polic\u00eda atendieron ayer el caso de una mujer que fue hallada sin vida en su domicilio, ubicado en la zona de Alto Lima en la ciudad de El Alto, la misma presentaba signos de violencia, por lo que se procedi\u00f3 a la aprehensi\u00f3n de su pareja en espera de los resultados [&hellip;]<\/p>\n","protected":false},"author":1,"featured_media":139332,"comment_status":"closed","ping_status":"closed","sticky":false,"template":"","format":"standard","meta":{"_acf_changed":false,"footnotes":""},"categories":[39],"tags":[],"class_list":["post-139331","post","type-post","status-publish","format-standard","has-post-thumbnail","category-sociedad"],"acf":{"antetitulo":""},"yoast_head":"<!-- This site is optimized with the Yoast SEO plugin v28.4 - https:\/\/yoast.com\/product\/yoast-seo-wordpress\/ -->\n<title>Mujer es hallada sin vida en su domicilio con signos de violencia - El Diario - Bolivia<\/title>\n<meta name=\"robots\" content=\"index, follow, max-snippet:-1, max-image-preview:large, max-video-preview:-1\" \/>\n<link rel=\"canonical\" href=\"https:\/\/www.eldiario.net\/portal\/2023\/02\/21\/mujer-es-hallada-sin-vida-en-su-domicilio-con-signos-de-violencia\/\" \/>\n<meta property=\"og:locale\" content=\"es_ES\" \/>\n<meta property=\"og:type\" content=\"article\" \/>\n<meta property=\"og:title\" content=\"Mujer es hallada sin vida en su domicilio con signos de violencia - El Diario - Bolivia\" \/>\n<meta property=\"og:description\" content=\"Los efectivos de la Polic\u00eda atendieron ayer el caso de una mujer que fue hallada sin vida en su domicilio, ubicado en la zona de Alto Lima en la ciudad de El Alto, la misma presentaba signos de violencia, por lo que se procedi\u00f3 a la aprehensi\u00f3n de su pareja en espera de los resultados [&hellip;]\" \/>\n<meta property=\"og:url\" content=\"https:\/\/www.eldiario.net\/portal\/2023\/02\/21\/mujer-es-hallada-sin-vida-en-su-domicilio-con-signos-de-violencia\/\" \/>\n<meta property=\"og:site_name\" content=\"El Diario - Bolivia\" \/>\n<meta property=\"article:publisher\" content=\"https:\/\/www.facebook.com\/eldiario.bolivia\/\" \/>\n<meta property=\"article:published_time\" content=\"2023-02-21T09:46:24+00:00\" \/>\n<meta name=\"author\" content=\"Jeanette\" \/>\n<meta name=\"twitter:card\" content=\"summary_large_image\" \/>\n<meta name=\"twitter:creator\" content=\"@eldiario_net\" \/>\n<meta name=\"twitter:site\" content=\"@eldiario_net\" \/>\n<meta name=\"twitter:label1\" content=\"Escrito por\" \/>\n\t<meta name=\"twitter:data1\" content=\"Jeanette\" \/>\n\t<meta name=\"twitter:label2\" content=\"Tiempo de lectura\" \/>\n\t<meta name=\"twitter:data2\" content=\"1 minuto\" \/>\n<script type=\"application\/ld+json\" class=\"yoast-schema-graph\">{\"@context\":\"https:\\\/\\\/schema.org\",\"@graph\":[{\"@type\":\"Article\",\"@id\":\"https:\\\/\\\/www.eldiario.net\\\/portal\\\/2023\\\/02\\\/21\\\/mujer-es-hallada-sin-vida-en-su-domicilio-con-signos-de-violencia\\\/#article\",\"isPartOf\":{\"@id\":\"https:\\\/\\\/www.eldiario.net\\\/portal\\\/2023\\\/02\\\/21\\\/mujer-es-hallada-sin-vida-en-su-domicilio-con-signos-de-violencia\\\/\"},\"author\":{\"name\":\"Jeanette\",\"@id\":\"https:\\\/\\\/www.eldiario.net\\\/portal\\\/#\\\/schema\\\/person\\\/f46445640444750d7d753ccd04ae01b7\"},\"headline\":\"Mujer es hallada sin vida en su domicilio con signos de violencia\",\"datePublished\":\"2023-02-21T09:46:24+00:00\",\"mainEntityOfPage\":{\"@id\":\"https:\\\/\\\/www.eldiario.net\\\/portal\\\/2023\\\/02\\\/21\\\/mujer-es-hallada-sin-vida-en-su-domicilio-con-signos-de-violencia\\\/\"},\"wordCount\":194,\"publisher\":{\"@id\":\"https:\\\/\\\/www.eldiario.net\\\/portal\\\/#organization\"},\"image\":{\"@id\":\"https:\\\/\\\/www.eldiario.net\\\/portal\\\/2023\\\/02\\\/21\\\/mujer-es-hallada-sin-vida-en-su-domicilio-con-signos-de-violencia\\\/#primaryimage\"},\"thumbnailUrl\":\"\",\"articleSection\":[\"Sociedad - Seguridad\"],\"inLanguage\":\"es\"},{\"@type\":\"WebPage\",\"@id\":\"https:\\\/\\\/www.eldiario.net\\\/portal\\\/2023\\\/02\\\/21\\\/mujer-es-hallada-sin-vida-en-su-domicilio-con-signos-de-violencia\\\/\",\"url\":\"https:\\\/\\\/www.eldiario.net\\\/portal\\\/2023\\\/02\\\/21\\\/mujer-es-hallada-sin-vida-en-su-domicilio-con-signos-de-violencia\\\/\",\"name\":\"Mujer es hallada sin vida en su domicilio con signos de violencia - El Diario - Bolivia\",\"isPartOf\":{\"@id\":\"https:\\\/\\\/www.eldiario.net\\\/portal\\\/#website\"},\"primaryImageOfPage\":{\"@id\":\"https:\\\/\\\/www.eldiario.net\\\/portal\\\/2023\\\/02\\\/21\\\/mujer-es-hallada-sin-vida-en-su-domicilio-con-signos-de-violencia\\\/#primaryimage\"},\"image\":{\"@id\":\"https:\\\/\\\/www.eldiario.net\\\/portal\\\/2023\\\/02\\\/21\\\/mujer-es-hallada-sin-vida-en-su-domicilio-con-signos-de-violencia\\\/#primaryimage\"},\"thumbnailUrl\":\"\",\"datePublished\":\"2023-02-21T09:46:24+00:00\",\"breadcrumb\":{\"@id\":\"https:\\\/\\\/www.eldiario.net\\\/portal\\\/2023\\\/02\\\/21\\\/mujer-es-hallada-sin-vida-en-su-domicilio-con-signos-de-violencia\\\/#breadcrumb\"},\"inLanguage\":\"es\",\"potentialAction\":[{\"@type\":\"ReadAction\",\"target\":[\"https:\\\/\\\/www.eldiario.net\\\/portal\\\/2023\\\/02\\\/21\\\/mujer-es-hallada-sin-vida-en-su-domicilio-con-signos-de-violencia\\\/\"]}]},{\"@type\":\"ImageObject\",\"inLanguage\":\"es\",\"@id\":\"https:\\\/\\\/www.eldiario.net\\\/portal\\\/2023\\\/02\\\/21\\\/mujer-es-hallada-sin-vida-en-su-domicilio-con-signos-de-violencia\\\/#primaryimage\",\"url\":\"\",\"contentUrl\":\"\"},{\"@type\":\"BreadcrumbList\",\"@id\":\"https:\\\/\\\/www.eldiario.net\\\/portal\\\/2023\\\/02\\\/21\\\/mujer-es-hallada-sin-vida-en-su-domicilio-con-signos-de-violencia\\\/#breadcrumb\",\"itemListElement\":[{\"@type\":\"ListItem\",\"position\":1,\"name\":\"Portada\",\"item\":\"https:\\\/\\\/www.eldiario.net\\\/portal\\\/\"},{\"@type\":\"ListItem\",\"position\":2,\"name\":\"Mujer es hallada sin vida en su domicilio con signos de violencia\"}]},{\"@type\":\"WebSite\",\"@id\":\"https:\\\/\\\/www.eldiario.net\\\/portal\\\/#website\",\"url\":\"https:\\\/\\\/www.eldiario.net\\\/portal\\\/\",\"name\":\"El Diario - Decano de la prensa nacional\",\"description\":\"El Diario - Decano de la prensa nacional\",\"publisher\":{\"@id\":\"https:\\\/\\\/www.eldiario.net\\\/portal\\\/#organization\"},\"potentialAction\":[{\"@type\":\"SearchAction\",\"target\":{\"@type\":\"EntryPoint\",\"urlTemplate\":\"https:\\\/\\\/www.eldiario.net\\\/portal\\\/?s={search_term_string}\"},\"query-input\":{\"@type\":\"PropertyValueSpecification\",\"valueRequired\":true,\"valueName\":\"search_term_string\"}}],\"inLanguage\":\"es\"},{\"@type\":\"Organization\",\"@id\":\"https:\\\/\\\/www.eldiario.net\\\/portal\\\/#organization\",\"name\":\"El Diario - Decano de la prensa nacional\",\"url\":\"https:\\\/\\\/www.eldiario.net\\\/portal\\\/\",\"logo\":{\"@type\":\"ImageObject\",\"inLanguage\":\"es\",\"@id\":\"https:\\\/\\\/www.eldiario.net\\\/portal\\\/#\\\/schema\\\/logo\\\/image\\\/\",\"url\":\"https:\\\/\\\/www.eldiario.net\\\/portal\\\/wp-content\\\/uploads\\\/2023\\\/07\\\/logo_ED.jpg\",\"contentUrl\":\"https:\\\/\\\/www.eldiario.net\\\/portal\\\/wp-content\\\/uploads\\\/2023\\\/07\\\/logo_ED.jpg\",\"width\":272,\"height\":52,\"caption\":\"El Diario - Decano de la prensa nacional\"},\"image\":{\"@id\":\"https:\\\/\\\/www.eldiario.net\\\/portal\\\/#\\\/schema\\\/logo\\\/image\\\/\"},\"sameAs\":[\"https:\\\/\\\/www.facebook.com\\\/eldiario.bolivia\\\/\",\"https:\\\/\\\/x.com\\\/eldiario_net\"]},{\"@type\":\"Person\",\"@id\":\"https:\\\/\\\/www.eldiario.net\\\/portal\\\/#\\\/schema\\\/person\\\/f46445640444750d7d753ccd04ae01b7\",\"name\":\"Jeanette\",\"image\":{\"@type\":\"ImageObject\",\"inLanguage\":\"es\",\"@id\":\"https:\\\/\\\/secure.gravatar.com\\\/avatar\\\/3ea2118a5f7dad2b7138b1187a6b7ee55f160b9968b66013c3a3ef39dd7e5798?s=96&d=mm&r=g\",\"url\":\"https:\\\/\\\/secure.gravatar.com\\\/avatar\\\/3ea2118a5f7dad2b7138b1187a6b7ee55f160b9968b66013c3a3ef39dd7e5798?s=96&d=mm&r=g\",\"contentUrl\":\"https:\\\/\\\/secure.gravatar.com\\\/avatar\\\/3ea2118a5f7dad2b7138b1187a6b7ee55f160b9968b66013c3a3ef39dd7e5798?s=96&d=mm&r=g\",\"caption\":\"Jeanette\"},\"sameAs\":[\"https:\\\/\\\/www.eldiario.net\\\/portal\"],\"url\":\"https:\\\/\\\/www.eldiario.net\\\/portal\\\/author\\\/jeanette\\\/\"}]}<\/script>\n<!-- \/ Yoast SEO plugin. -->","yoast_head_json":{"title":"Mujer es hallada sin vida en su domicilio con signos de violencia - El Diario - Bolivia","robots":{"index":"index","follow":"follow","max-snippet":"max-snippet:-1","max-image-preview":"max-image-preview:large","max-video-preview":"max-video-preview:-1"},"canonical":"https:\/\/www.eldiario.net\/portal\/2023\/02\/21\/mujer-es-hallada-sin-vida-en-su-domicilio-con-signos-de-violencia\/","og_locale":"es_ES","og_type":"article","og_title":"Mujer es hallada sin vida en su domicilio con signos de violencia - El Diario - Bolivia","og_description":"Los efectivos de la Polic\u00eda atendieron ayer el caso de una mujer que fue hallada sin vida en su domicilio, ubicado en la zona de Alto Lima en la ciudad de El Alto, la misma presentaba signos de violencia, por lo que se procedi\u00f3 a la aprehensi\u00f3n de su pareja en espera de los resultados [&hellip;]","og_url":"https:\/\/www.eldiario.net\/portal\/2023\/02\/21\/mujer-es-hallada-sin-vida-en-su-domicilio-con-signos-de-violencia\/","og_site_name":"El Diario - Bolivia","article_publisher":"https:\/\/www.facebook.com\/eldiario.bolivia\/","article_published_time":"2023-02-21T09:46:24+00:00","author":"Jeanette","twitter_card":"summary_large_image","twitter_creator":"@eldiario_net","twitter_site":"@eldiario_net","twitter_misc":{"Escrito por":"Jeanette","Tiempo de lectura":"1 minuto"},"schema":{"@context":"https:\/\/schema.org","@graph":[{"@type":"Article","@id":"https:\/\/www.eldiario.net\/portal\/2023\/02\/21\/mujer-es-hallada-sin-vida-en-su-domicilio-con-signos-de-violencia\/#article","isPartOf":{"@id":"https:\/\/www.eldiario.net\/portal\/2023\/02\/21\/mujer-es-hallada-sin-vida-en-su-domicilio-con-signos-de-violencia\/"},"author":{"name":"Jeanette","@id":"https:\/\/www.eldiario.net\/portal\/#\/schema\/person\/f46445640444750d7d753ccd04ae01b7"},"headline":"Mujer es hallada sin vida en su domicilio con signos de violencia","datePublished":"2023-02-21T09:46:24+00:00","mainEntityOfPage":{"@id":"https:\/\/www.eldiario.net\/portal\/2023\/02\/21\/mujer-es-hallada-sin-vida-en-su-domicilio-con-signos-de-violencia\/"},"wordCount":194,"publisher":{"@id":"https:\/\/www.eldiario.net\/portal\/#organization"},"image":{"@id":"https:\/\/www.eldiario.net\/portal\/2023\/02\/21\/mujer-es-hallada-sin-vida-en-su-domicilio-con-signos-de-violencia\/#primaryimage"},"thumbnailUrl":"","articleSection":["Sociedad - Seguridad"],"inLanguage":"es"},{"@type":"WebPage","@id":"https:\/\/www.eldiario.net\/portal\/2023\/02\/21\/mujer-es-hallada-sin-vida-en-su-domicilio-con-signos-de-violencia\/","url":"https:\/\/www.eldiario.net\/portal\/2023\/02\/21\/mujer-es-hallada-sin-vida-en-su-domicilio-con-signos-de-violencia\/","name":"Mujer es hallada sin vida en su domicilio con signos de violencia - El Diario - Bolivia","isPartOf":{"@id":"https:\/\/www.eldiario.net\/portal\/#website"},"primaryImageOfPage":{"@id":"https:\/\/www.eldiario.net\/portal\/2023\/02\/21\/mujer-es-hallada-sin-vida-en-su-domicilio-con-signos-de-violencia\/#primaryimage"},"image":{"@id":"https:\/\/www.eldiario.net\/portal\/2023\/02\/21\/mujer-es-hallada-sin-vida-en-su-domicilio-con-signos-de-violencia\/#primaryimage"},"thumbnailUrl":"","datePublished":"2023-02-21T09:46:24+00:00","breadcrumb":{"@id":"https:\/\/www.eldiario.net\/portal\/2023\/02\/21\/mujer-es-hallada-sin-vida-en-su-domicilio-con-signos-de-violencia\/#breadcrumb"},"inLanguage":"es","potentialAction":[{"@type":"ReadAction","target":["https:\/\/www.eldiario.net\/portal\/2023\/02\/21\/mujer-es-hallada-sin-vida-en-su-domicilio-con-signos-de-violencia\/"]}]},{"@type":"ImageObject","inLanguage":"es","@id":"https:\/\/www.eldiario.net\/portal\/2023\/02\/21\/mujer-es-hallada-sin-vida-en-su-domicilio-con-signos-de-violencia\/#primaryimage","url":"","contentUrl":""},{"@type":"BreadcrumbList","@id":"https:\/\/www.eldiario.net\/portal\/2023\/02\/21\/mujer-es-hallada-sin-vida-en-su-domicilio-con-signos-de-violencia\/#breadcrumb","itemListElement":[{"@type":"ListItem","position":1,"name":"Portada","item":"https:\/\/www.eldiario.net\/portal\/"},{"@type":"ListItem","position":2,"name":"Mujer es hallada sin vida en su domicilio con signos de violencia"}]},{"@type":"WebSite","@id":"https:\/\/www.eldiario.net\/portal\/#website","url":"https:\/\/www.eldiario.net\/portal\/","name":"El Diario - Decano de la prensa nacional","description":"El Diario - Decano de la prensa nacional","publisher":{"@id":"https:\/\/www.eldiario.net\/portal\/#organization"},"potentialAction":[{"@type":"SearchAction","target":{"@type":"EntryPoint","urlTemplate":"https:\/\/www.eldiario.net\/portal\/?s={search_term_string}"},"query-input":{"@type":"PropertyValueSpecification","valueRequired":true,"valueName":"search_term_string"}}],"inLanguage":"es"},{"@type":"Organization","@id":"https:\/\/www.eldiario.net\/portal\/#organization","name":"El Diario - Decano de la prensa nacional","url":"https:\/\/www.eldiario.net\/portal\/","logo":{"@type":"ImageObject","inLanguage":"es","@id":"https:\/\/www.eldiario.net\/portal\/#\/schema\/logo\/image\/","url":"https:\/\/www.eldiario.net\/portal\/wp-content\/uploads\/2023\/07\/logo_ED.jpg","contentUrl":"https:\/\/www.eldiario.net\/portal\/wp-content\/uploads\/2023\/07\/logo_ED.jpg","width":272,"height":52,"caption":"El Diario - Decano de la prensa nacional"},"image":{"@id":"https:\/\/www.eldiario.net\/portal\/#\/schema\/logo\/image\/"},"sameAs":["https:\/\/www.facebook.com\/eldiario.bolivia\/","https:\/\/x.com\/eldiario_net"]},{"@type":"Person","@id":"https:\/\/www.eldiario.net\/portal\/#\/schema\/person\/f46445640444750d7d753ccd04ae01b7","name":"Jeanette","image":{"@type":"ImageObject","inLanguage":"es","@id":"https:\/\/secure.gravatar.com\/avatar\/3ea2118a5f7dad2b7138b1187a6b7ee55f160b9968b66013c3a3ef39dd7e5798?s=96&d=mm&r=g","url":"https:\/\/secure.gravatar.com\/avatar\/3ea2118a5f7dad2b7138b1187a6b7ee55f160b9968b66013c3a3ef39dd7e5798?s=96&d=mm&r=g","contentUrl":"https:\/\/secure.gravatar.com\/avatar\/3ea2118a5f7dad2b7138b1187a6b7ee55f160b9968b66013c3a3ef39dd7e5798?s=96&d=mm&r=g","caption":"Jeanette"},"sameAs":["https:\/\/www.eldiario.net\/portal"],"url":"https:\/\/www.eldiario.net\/portal\/author\/jeanette\/"}]}},"_links":{"self":[{"href":"https:\/\/www.eldiario.net\/portal\/wp-json\/wp\/v2\/posts\/139331","targetHints":{"allow":["GET"]}}],"collection":[{"href":"https:\/\/www.eldiario.net\/portal\/wp-json\/wp\/v2\/posts"}],"about":[{"href":"https:\/\/www.eldiario.net\/portal\/wp-json\/wp\/v2\/types\/post"}],"author":[{"embeddable":true,"href":"https:\/\/www.eldiario.net\/portal\/wp-json\/wp\/v2\/users\/1"}],"replies":[{"embeddable":true,"href":"https:\/\/www.eldiario.net\/portal\/wp-json\/wp\/v2\/comments?post=139331"}],"version-history":[{"count":0,"href":"https:\/\/www.eldiario.net\/portal\/wp-json\/wp\/v2\/posts\/139331\/revisions"}],"wp:attachment":[{"href":"https:\/\/www.eldiario.net\/portal\/wp-json\/wp\/v2\/media?parent=139331"}],"wp:term":[{"taxonomy":"category","embeddable":true,"href":"https:\/\/www.eldiario.net\/portal\/wp-json\/wp\/v2\/categories?post=139331"},{"taxonomy":"post_tag","embeddable":true,"href":"https:\/\/www.eldiario.net\/portal\/wp-json\/wp\/v2\/tags?post=139331"}],"curies":[{"name":"wp","href":"https:\/\/api.w.org\/{rel}","templated":true}]}}