{"id":139328,"date":"2023-02-21T05:45:18","date_gmt":"2023-02-21T09:45:18","guid":{"rendered":"https:\/\/www.eldiario.net\/portal\/?p=139328"},"modified":"2023-02-21T05:45:18","modified_gmt":"2023-02-21T09:45:18","slug":"alza-del-precio-de-papa-nadie-lo-detiene","status":"publish","type":"post","link":"https:\/\/www.eldiario.net\/portal\/2023\/02\/21\/alza-del-precio-de-papa-nadie-lo-detiene\/","title":{"rendered":"Alza del precio de papa nadie lo detiene"},"content":{"rendered":"<p class=\"v1MsoNormal\">La escasez de oferta de papa provoc\u00f3 un incremento del precio del tub\u00e9rculo en el mercado boliviano, que est\u00e1 cerca a los 100 bolivianos la arroba, y no baja de 50 bolivianos, situaci\u00f3n que es atribuida a la falta de producci\u00f3n por efecto de la falta de lluvias a nivel nacional. El contrabando ayud\u00f3 a bajar el valor, pero problemas en Per\u00fa redujeron el comercio il\u00edcito.<\/p>\n<p class=\"v1MsoNormal\">En las \u00faltimas semanas, se observ\u00f3 un incremento del precio de la arroba de papa, en m\u00e1s del 100%, y los vendedores lo atribuyen a la falta de oferta, pues indican que los productores informan que la producci\u00f3n cay\u00f3 por falta de lluvias.<\/p>\n<p class=\"v1MsoNormal\">La Empresa de Apoyo a la Producci\u00f3n de Alimentos (Emapa) creada para equilibrar el mercado de precios de los productos agr\u00edcolas se aplaz\u00f3 con la papa pues no hizo ning\u00fan esfuerzo para bajar el valor del tub\u00e9rculo.<\/p>\n<p class=\"v1MsoNormal\">Asimismo, el Ministerio de Desarrollo Rural y Tierras se dio la tarea de organizar ferias para fijar un valor alto de la papa y ya encontrar un precio como antes, lo que muestra que el precio justo no se aplica en este caso, criticaron los internautas en las redes sociales.<\/p>\n<p class=\"v1MsoNormal\">El contrabando de papa desde Per\u00fa lograba equilibrar el precio en rangos por debajo de los 50 bolivianos la arroba, pero los problemas sociales en el vecino pa\u00eds afectaron a la oferta del producto en el mercado nacional.<\/p>\n<p class=\"v1MsoNormal\">En los \u00faltimos a\u00f1os se destin\u00f3 recursos significativos al \u00e1rea rural, que superan los 3.000 millones de bolivianos, con el objetivo la seguridad alimentaria, pero al parecer el pa\u00eds est\u00e1 lejos de alcanzar la meta.<\/p>\n<p class=\"v1MsoNormal\">Ya expertos en temas agropecuarios indicaron que si no fuera el contrabando, los precios se incrementa debido a la falta de productos agr\u00edcolas, como est\u00e1 sucediendo, pero tambi\u00e9n el clima deber\u00eda jugar un rol en la producci\u00f3n agr\u00edcola.<\/p>\n<p class=\"v1MsoNormal\">La cadena internacional Deutsche Welle difundi\u00f3 un reportaje sobre la papa y su incremento que sufri\u00f3 en el mercado nacional, entre los argumentos menciona el cambio clim\u00e1tico, que provoc\u00f3 sequ\u00eda en regiones productivas, as\u00ed como las heladas.<\/p>\n<p class=\"v1MsoNormal\">Se\u00f1ala que la regi\u00f3n del altiplano boliviano es vulnerable a los cambios clim\u00e1ticos, y que en las \u00faltimas d\u00e9cadas se redujeron las precipitaciones pluviales, y que el precio de la papa se ha multiplicado.<\/p>\n","protected":false},"excerpt":{"rendered":"<p>La escasez de oferta de papa provoc\u00f3 un incremento del precio del tub\u00e9rculo en el mercado boliviano, que est\u00e1 cerca a los 100 bolivianos la arroba, y no baja de 50 bolivianos, situaci\u00f3n que es atribuida a la falta de producci\u00f3n por efecto de la falta de lluvias a nivel nacional. El contrabando ayud\u00f3 a [&hellip;]<\/p>\n","protected":false},"author":1,"featured_media":139329,"comment_status":"closed","ping_status":"closed","sticky":false,"template":"","format":"standard","meta":{"_acf_changed":false,"footnotes":""},"categories":[7],"tags":[],"class_list":["post-139328","post","type-post","status-publish","format-standard","has-post-thumbnail","category-economia"],"acf":{"antetitulo":""},"yoast_head":"<!-- This site is optimized with the Yoast SEO plugin v28.4 - https:\/\/yoast.com\/product\/yoast-seo-wordpress\/ -->\n<title>Alza del precio de papa nadie lo detiene - El Diario - Bolivia<\/title>\n<meta name=\"robots\" content=\"index, follow, max-snippet:-1, max-image-preview:large, max-video-preview:-1\" \/>\n<link rel=\"canonical\" href=\"https:\/\/www.eldiario.net\/portal\/2023\/02\/21\/alza-del-precio-de-papa-nadie-lo-detiene\/\" \/>\n<meta property=\"og:locale\" content=\"es_ES\" \/>\n<meta property=\"og:type\" content=\"article\" \/>\n<meta property=\"og:title\" content=\"Alza del precio de papa nadie lo detiene - El Diario - Bolivia\" \/>\n<meta property=\"og:description\" content=\"La escasez de oferta de papa provoc\u00f3 un incremento del precio del tub\u00e9rculo en el mercado boliviano, que est\u00e1 cerca a los 100 bolivianos la arroba, y no baja de 50 bolivianos, situaci\u00f3n que es atribuida a la falta de producci\u00f3n por efecto de la falta de lluvias a nivel nacional. El contrabando ayud\u00f3 a [&hellip;]\" \/>\n<meta property=\"og:url\" content=\"https:\/\/www.eldiario.net\/portal\/2023\/02\/21\/alza-del-precio-de-papa-nadie-lo-detiene\/\" \/>\n<meta property=\"og:site_name\" content=\"El Diario - Bolivia\" \/>\n<meta property=\"article:publisher\" content=\"https:\/\/www.facebook.com\/eldiario.bolivia\/\" \/>\n<meta property=\"article:published_time\" content=\"2023-02-21T09:45:18+00:00\" \/>\n<meta name=\"author\" content=\"Jeanette\" \/>\n<meta name=\"twitter:card\" content=\"summary_large_image\" \/>\n<meta name=\"twitter:creator\" content=\"@eldiario_net\" \/>\n<meta name=\"twitter:site\" content=\"@eldiario_net\" \/>\n<meta name=\"twitter:label1\" content=\"Escrito por\" \/>\n\t<meta name=\"twitter:data1\" content=\"Jeanette\" \/>\n\t<meta name=\"twitter:label2\" content=\"Tiempo de lectura\" \/>\n\t<meta name=\"twitter:data2\" content=\"2 minutos\" \/>\n<script type=\"application\/ld+json\" class=\"yoast-schema-graph\">{\"@context\":\"https:\\\/\\\/schema.org\",\"@graph\":[{\"@type\":\"Article\",\"@id\":\"https:\\\/\\\/www.eldiario.net\\\/portal\\\/2023\\\/02\\\/21\\\/alza-del-precio-de-papa-nadie-lo-detiene\\\/#article\",\"isPartOf\":{\"@id\":\"https:\\\/\\\/www.eldiario.net\\\/portal\\\/2023\\\/02\\\/21\\\/alza-del-precio-de-papa-nadie-lo-detiene\\\/\"},\"author\":{\"name\":\"Jeanette\",\"@id\":\"https:\\\/\\\/www.eldiario.net\\\/portal\\\/#\\\/schema\\\/person\\\/f46445640444750d7d753ccd04ae01b7\"},\"headline\":\"Alza del precio de papa nadie lo detiene\",\"datePublished\":\"2023-02-21T09:45:18+00:00\",\"mainEntityOfPage\":{\"@id\":\"https:\\\/\\\/www.eldiario.net\\\/portal\\\/2023\\\/02\\\/21\\\/alza-del-precio-de-papa-nadie-lo-detiene\\\/\"},\"wordCount\":405,\"publisher\":{\"@id\":\"https:\\\/\\\/www.eldiario.net\\\/portal\\\/#organization\"},\"image\":{\"@id\":\"https:\\\/\\\/www.eldiario.net\\\/portal\\\/2023\\\/02\\\/21\\\/alza-del-precio-de-papa-nadie-lo-detiene\\\/#primaryimage\"},\"thumbnailUrl\":\"\",\"articleSection\":[\"Econom\u00eda\"],\"inLanguage\":\"es\"},{\"@type\":\"WebPage\",\"@id\":\"https:\\\/\\\/www.eldiario.net\\\/portal\\\/2023\\\/02\\\/21\\\/alza-del-precio-de-papa-nadie-lo-detiene\\\/\",\"url\":\"https:\\\/\\\/www.eldiario.net\\\/portal\\\/2023\\\/02\\\/21\\\/alza-del-precio-de-papa-nadie-lo-detiene\\\/\",\"name\":\"Alza del precio de papa nadie lo detiene - El Diario - Bolivia\",\"isPartOf\":{\"@id\":\"https:\\\/\\\/www.eldiario.net\\\/portal\\\/#website\"},\"primaryImageOfPage\":{\"@id\":\"https:\\\/\\\/www.eldiario.net\\\/portal\\\/2023\\\/02\\\/21\\\/alza-del-precio-de-papa-nadie-lo-detiene\\\/#primaryimage\"},\"image\":{\"@id\":\"https:\\\/\\\/www.eldiario.net\\\/portal\\\/2023\\\/02\\\/21\\\/alza-del-precio-de-papa-nadie-lo-detiene\\\/#primaryimage\"},\"thumbnailUrl\":\"\",\"datePublished\":\"2023-02-21T09:45:18+00:00\",\"breadcrumb\":{\"@id\":\"https:\\\/\\\/www.eldiario.net\\\/portal\\\/2023\\\/02\\\/21\\\/alza-del-precio-de-papa-nadie-lo-detiene\\\/#breadcrumb\"},\"inLanguage\":\"es\",\"potentialAction\":[{\"@type\":\"ReadAction\",\"target\":[\"https:\\\/\\\/www.eldiario.net\\\/portal\\\/2023\\\/02\\\/21\\\/alza-del-precio-de-papa-nadie-lo-detiene\\\/\"]}]},{\"@type\":\"ImageObject\",\"inLanguage\":\"es\",\"@id\":\"https:\\\/\\\/www.eldiario.net\\\/portal\\\/2023\\\/02\\\/21\\\/alza-del-precio-de-papa-nadie-lo-detiene\\\/#primaryimage\",\"url\":\"\",\"contentUrl\":\"\"},{\"@type\":\"BreadcrumbList\",\"@id\":\"https:\\\/\\\/www.eldiario.net\\\/portal\\\/2023\\\/02\\\/21\\\/alza-del-precio-de-papa-nadie-lo-detiene\\\/#breadcrumb\",\"itemListElement\":[{\"@type\":\"ListItem\",\"position\":1,\"name\":\"Portada\",\"item\":\"https:\\\/\\\/www.eldiario.net\\\/portal\\\/\"},{\"@type\":\"ListItem\",\"position\":2,\"name\":\"Alza del precio de papa nadie lo detiene\"}]},{\"@type\":\"WebSite\",\"@id\":\"https:\\\/\\\/www.eldiario.net\\\/portal\\\/#website\",\"url\":\"https:\\\/\\\/www.eldiario.net\\\/portal\\\/\",\"name\":\"El Diario - Decano de la prensa nacional\",\"description\":\"El Diario - Decano de la prensa nacional\",\"publisher\":{\"@id\":\"https:\\\/\\\/www.eldiario.net\\\/portal\\\/#organization\"},\"potentialAction\":[{\"@type\":\"SearchAction\",\"target\":{\"@type\":\"EntryPoint\",\"urlTemplate\":\"https:\\\/\\\/www.eldiario.net\\\/portal\\\/?s={search_term_string}\"},\"query-input\":{\"@type\":\"PropertyValueSpecification\",\"valueRequired\":true,\"valueName\":\"search_term_string\"}}],\"inLanguage\":\"es\"},{\"@type\":\"Organization\",\"@id\":\"https:\\\/\\\/www.eldiario.net\\\/portal\\\/#organization\",\"name\":\"El Diario - Decano de la prensa nacional\",\"url\":\"https:\\\/\\\/www.eldiario.net\\\/portal\\\/\",\"logo\":{\"@type\":\"ImageObject\",\"inLanguage\":\"es\",\"@id\":\"https:\\\/\\\/www.eldiario.net\\\/portal\\\/#\\\/schema\\\/logo\\\/image\\\/\",\"url\":\"https:\\\/\\\/www.eldiario.net\\\/portal\\\/wp-content\\\/uploads\\\/2023\\\/07\\\/logo_ED.jpg\",\"contentUrl\":\"https:\\\/\\\/www.eldiario.net\\\/portal\\\/wp-content\\\/uploads\\\/2023\\\/07\\\/logo_ED.jpg\",\"width\":272,\"height\":52,\"caption\":\"El Diario - Decano de la prensa nacional\"},\"image\":{\"@id\":\"https:\\\/\\\/www.eldiario.net\\\/portal\\\/#\\\/schema\\\/logo\\\/image\\\/\"},\"sameAs\":[\"https:\\\/\\\/www.facebook.com\\\/eldiario.bolivia\\\/\",\"https:\\\/\\\/x.com\\\/eldiario_net\"]},{\"@type\":\"Person\",\"@id\":\"https:\\\/\\\/www.eldiario.net\\\/portal\\\/#\\\/schema\\\/person\\\/f46445640444750d7d753ccd04ae01b7\",\"name\":\"Jeanette\",\"image\":{\"@type\":\"ImageObject\",\"inLanguage\":\"es\",\"@id\":\"https:\\\/\\\/secure.gravatar.com\\\/avatar\\\/3ea2118a5f7dad2b7138b1187a6b7ee55f160b9968b66013c3a3ef39dd7e5798?s=96&d=mm&r=g\",\"url\":\"https:\\\/\\\/secure.gravatar.com\\\/avatar\\\/3ea2118a5f7dad2b7138b1187a6b7ee55f160b9968b66013c3a3ef39dd7e5798?s=96&d=mm&r=g\",\"contentUrl\":\"https:\\\/\\\/secure.gravatar.com\\\/avatar\\\/3ea2118a5f7dad2b7138b1187a6b7ee55f160b9968b66013c3a3ef39dd7e5798?s=96&d=mm&r=g\",\"caption\":\"Jeanette\"},\"sameAs\":[\"https:\\\/\\\/www.eldiario.net\\\/portal\"],\"url\":\"https:\\\/\\\/www.eldiario.net\\\/portal\\\/author\\\/jeanette\\\/\"}]}<\/script>\n<!-- \/ Yoast SEO plugin. -->","yoast_head_json":{"title":"Alza del precio de papa nadie lo detiene - El Diario - Bolivia","robots":{"index":"index","follow":"follow","max-snippet":"max-snippet:-1","max-image-preview":"max-image-preview:large","max-video-preview":"max-video-preview:-1"},"canonical":"https:\/\/www.eldiario.net\/portal\/2023\/02\/21\/alza-del-precio-de-papa-nadie-lo-detiene\/","og_locale":"es_ES","og_type":"article","og_title":"Alza del precio de papa nadie lo detiene - El Diario - Bolivia","og_description":"La escasez de oferta de papa provoc\u00f3 un incremento del precio del tub\u00e9rculo en el mercado boliviano, que est\u00e1 cerca a los 100 bolivianos la arroba, y no baja de 50 bolivianos, situaci\u00f3n que es atribuida a la falta de producci\u00f3n por efecto de la falta de lluvias a nivel nacional. El contrabando ayud\u00f3 a [&hellip;]","og_url":"https:\/\/www.eldiario.net\/portal\/2023\/02\/21\/alza-del-precio-de-papa-nadie-lo-detiene\/","og_site_name":"El Diario - Bolivia","article_publisher":"https:\/\/www.facebook.com\/eldiario.bolivia\/","article_published_time":"2023-02-21T09:45:18+00:00","author":"Jeanette","twitter_card":"summary_large_image","twitter_creator":"@eldiario_net","twitter_site":"@eldiario_net","twitter_misc":{"Escrito por":"Jeanette","Tiempo de lectura":"2 minutos"},"schema":{"@context":"https:\/\/schema.org","@graph":[{"@type":"Article","@id":"https:\/\/www.eldiario.net\/portal\/2023\/02\/21\/alza-del-precio-de-papa-nadie-lo-detiene\/#article","isPartOf":{"@id":"https:\/\/www.eldiario.net\/portal\/2023\/02\/21\/alza-del-precio-de-papa-nadie-lo-detiene\/"},"author":{"name":"Jeanette","@id":"https:\/\/www.eldiario.net\/portal\/#\/schema\/person\/f46445640444750d7d753ccd04ae01b7"},"headline":"Alza del precio de papa nadie lo detiene","datePublished":"2023-02-21T09:45:18+00:00","mainEntityOfPage":{"@id":"https:\/\/www.eldiario.net\/portal\/2023\/02\/21\/alza-del-precio-de-papa-nadie-lo-detiene\/"},"wordCount":405,"publisher":{"@id":"https:\/\/www.eldiario.net\/portal\/#organization"},"image":{"@id":"https:\/\/www.eldiario.net\/portal\/2023\/02\/21\/alza-del-precio-de-papa-nadie-lo-detiene\/#primaryimage"},"thumbnailUrl":"","articleSection":["Econom\u00eda"],"inLanguage":"es"},{"@type":"WebPage","@id":"https:\/\/www.eldiario.net\/portal\/2023\/02\/21\/alza-del-precio-de-papa-nadie-lo-detiene\/","url":"https:\/\/www.eldiario.net\/portal\/2023\/02\/21\/alza-del-precio-de-papa-nadie-lo-detiene\/","name":"Alza del precio de papa nadie lo detiene - El Diario - Bolivia","isPartOf":{"@id":"https:\/\/www.eldiario.net\/portal\/#website"},"primaryImageOfPage":{"@id":"https:\/\/www.eldiario.net\/portal\/2023\/02\/21\/alza-del-precio-de-papa-nadie-lo-detiene\/#primaryimage"},"image":{"@id":"https:\/\/www.eldiario.net\/portal\/2023\/02\/21\/alza-del-precio-de-papa-nadie-lo-detiene\/#primaryimage"},"thumbnailUrl":"","datePublished":"2023-02-21T09:45:18+00:00","breadcrumb":{"@id":"https:\/\/www.eldiario.net\/portal\/2023\/02\/21\/alza-del-precio-de-papa-nadie-lo-detiene\/#breadcrumb"},"inLanguage":"es","potentialAction":[{"@type":"ReadAction","target":["https:\/\/www.eldiario.net\/portal\/2023\/02\/21\/alza-del-precio-de-papa-nadie-lo-detiene\/"]}]},{"@type":"ImageObject","inLanguage":"es","@id":"https:\/\/www.eldiario.net\/portal\/2023\/02\/21\/alza-del-precio-de-papa-nadie-lo-detiene\/#primaryimage","url":"","contentUrl":""},{"@type":"BreadcrumbList","@id":"https:\/\/www.eldiario.net\/portal\/2023\/02\/21\/alza-del-precio-de-papa-nadie-lo-detiene\/#breadcrumb","itemListElement":[{"@type":"ListItem","position":1,"name":"Portada","item":"https:\/\/www.eldiario.net\/portal\/"},{"@type":"ListItem","position":2,"name":"Alza del precio de papa nadie lo detiene"}]},{"@type":"WebSite","@id":"https:\/\/www.eldiario.net\/portal\/#website","url":"https:\/\/www.eldiario.net\/portal\/","name":"El Diario - Decano de la prensa nacional","description":"El Diario - Decano de la prensa nacional","publisher":{"@id":"https:\/\/www.eldiario.net\/portal\/#organization"},"potentialAction":[{"@type":"SearchAction","target":{"@type":"EntryPoint","urlTemplate":"https:\/\/www.eldiario.net\/portal\/?s={search_term_string}"},"query-input":{"@type":"PropertyValueSpecification","valueRequired":true,"valueName":"search_term_string"}}],"inLanguage":"es"},{"@type":"Organization","@id":"https:\/\/www.eldiario.net\/portal\/#organization","name":"El Diario - Decano de la prensa nacional","url":"https:\/\/www.eldiario.net\/portal\/","logo":{"@type":"ImageObject","inLanguage":"es","@id":"https:\/\/www.eldiario.net\/portal\/#\/schema\/logo\/image\/","url":"https:\/\/www.eldiario.net\/portal\/wp-content\/uploads\/2023\/07\/logo_ED.jpg","contentUrl":"https:\/\/www.eldiario.net\/portal\/wp-content\/uploads\/2023\/07\/logo_ED.jpg","width":272,"height":52,"caption":"El Diario - Decano de la prensa nacional"},"image":{"@id":"https:\/\/www.eldiario.net\/portal\/#\/schema\/logo\/image\/"},"sameAs":["https:\/\/www.facebook.com\/eldiario.bolivia\/","https:\/\/x.com\/eldiario_net"]},{"@type":"Person","@id":"https:\/\/www.eldiario.net\/portal\/#\/schema\/person\/f46445640444750d7d753ccd04ae01b7","name":"Jeanette","image":{"@type":"ImageObject","inLanguage":"es","@id":"https:\/\/secure.gravatar.com\/avatar\/3ea2118a5f7dad2b7138b1187a6b7ee55f160b9968b66013c3a3ef39dd7e5798?s=96&d=mm&r=g","url":"https:\/\/secure.gravatar.com\/avatar\/3ea2118a5f7dad2b7138b1187a6b7ee55f160b9968b66013c3a3ef39dd7e5798?s=96&d=mm&r=g","contentUrl":"https:\/\/secure.gravatar.com\/avatar\/3ea2118a5f7dad2b7138b1187a6b7ee55f160b9968b66013c3a3ef39dd7e5798?s=96&d=mm&r=g","caption":"Jeanette"},"sameAs":["https:\/\/www.eldiario.net\/portal"],"url":"https:\/\/www.eldiario.net\/portal\/author\/jeanette\/"}]}},"_links":{"self":[{"href":"https:\/\/www.eldiario.net\/portal\/wp-json\/wp\/v2\/posts\/139328","targetHints":{"allow":["GET"]}}],"collection":[{"href":"https:\/\/www.eldiario.net\/portal\/wp-json\/wp\/v2\/posts"}],"about":[{"href":"https:\/\/www.eldiario.net\/portal\/wp-json\/wp\/v2\/types\/post"}],"author":[{"embeddable":true,"href":"https:\/\/www.eldiario.net\/portal\/wp-json\/wp\/v2\/users\/1"}],"replies":[{"embeddable":true,"href":"https:\/\/www.eldiario.net\/portal\/wp-json\/wp\/v2\/comments?post=139328"}],"version-history":[{"count":0,"href":"https:\/\/www.eldiario.net\/portal\/wp-json\/wp\/v2\/posts\/139328\/revisions"}],"wp:attachment":[{"href":"https:\/\/www.eldiario.net\/portal\/wp-json\/wp\/v2\/media?parent=139328"}],"wp:term":[{"taxonomy":"category","embeddable":true,"href":"https:\/\/www.eldiario.net\/portal\/wp-json\/wp\/v2\/categories?post=139328"},{"taxonomy":"post_tag","embeddable":true,"href":"https:\/\/www.eldiario.net\/portal\/wp-json\/wp\/v2\/tags?post=139328"}],"curies":[{"name":"wp","href":"https:\/\/api.w.org\/{rel}","templated":true}]}}