{"id":139092,"date":"2023-02-20T00:05:01","date_gmt":"2023-02-20T04:05:01","guid":{"rendered":"https:\/\/www.eldiario.net\/portal\/?p=139092"},"modified":"2023-02-20T00:05:01","modified_gmt":"2023-02-20T04:05:01","slug":"revisa-la-cantidad-de-tweets-que-realizas","status":"publish","type":"post","link":"https:\/\/www.eldiario.net\/portal\/2023\/02\/20\/revisa-la-cantidad-de-tweets-que-realizas\/","title":{"rendered":"Revisa la cantidad de tweets que realizas"},"content":{"rendered":"<p>Ahora Elon Musk quiere que te limites en la cantidad de tweets que publicas al d\u00eda en Twitter.<br \/>\nEsta es una nueva regla que tendr\u00e1 Twitter y es que la enorme cantidad de cambios ha hecho que muchas personas est\u00e9n a nada de abandonar la red social. Elon Musk sigue realizando modificaciones sin mucho sentido. De hecho, en las \u00faltimas horas lo que se ha visto es que Twitter empezar\u00e1 a limitar la cantidad de tweets que se pueden publicar en la red social.<br \/>\nLa medida que ha llegado en un momento en el cual Twitter no pasa por su mejor momento. El l\u00edmite es elevado, pero resulta extra\u00f1o que ahora exista un l\u00edmite cuando antes de que Elon Musk tomase el poder no exist\u00eda nada. De hecho, la red social contaba de una mayor libertad que la que tiene ahora.<br \/>\nEl abanderado de la libertad parece haber decidido encerrar en una caja imaginaria a la red social y limitar los diferentes usos que se pueden dar. De hecho, uno de los grandes cambios es la nueva forma de utilizar la API de la red social. Gracias a las quejas Twitter ha recapitulado y ofrecer\u00e1 una API gratuita.<br \/>\nEn caso de sobrepasar el l\u00edmite de tweets diarios no podr\u00e1s publicar m\u00e1s en Twitter<br \/>\nLos nuevos l\u00edmites de Twitter que se pueden consultar dentro de su p\u00e1gina de ayuda son bastante claros y no dejan rastro a que se cometa cualquier tipo de equivocaci\u00f3n. En primera instancia, el servicio de Twitter ahora establece en 500 el n\u00famero de mensajes diarios que se pueden enviar.<br \/>\nAdem\u00e1s, en el caso de los tweets solo se podr\u00e1n publicar 2.400 tweets al d\u00eda ya que este es el n\u00famero l\u00edmite que admite el servicio. Las modificaciones en los datos del usuario solo podr\u00e1n realizarse cuatro veces durante periodos de una hora. El l\u00edmite en cuanto a las cuentas que se pueden seguir se encuentra en 400 por d\u00eda.<br \/>\nTom en cuanta que si se siguen a 5.000 cuentas dentro de Twitter la red social empezar\u00e1 a realizar comprobaciones en su API para evitar el seguimiento masivo de usuarios.<\/p>\n","protected":false},"excerpt":{"rendered":"<p>Ahora Elon Musk quiere que te limites en la cantidad de tweets que publicas al d\u00eda en Twitter. Esta es una nueva regla que tendr\u00e1 Twitter y es que la enorme cantidad de cambios ha hecho que muchas personas est\u00e9n a nada de abandonar la red social. Elon Musk sigue realizando modificaciones sin mucho sentido. [&hellip;]<\/p>\n","protected":false},"author":1,"featured_media":139093,"comment_status":"closed","ping_status":"closed","sticky":false,"template":"","format":"standard","meta":{"_acf_changed":false,"footnotes":""},"categories":[46],"tags":[],"class_list":["post-139092","post","type-post","status-publish","format-standard","has-post-thumbnail","category-ciencia-computacion"],"acf":{"antetitulo":""},"yoast_head":"<!-- This site is optimized with the Yoast SEO plugin v28.3 - https:\/\/yoast.com\/product\/yoast-seo-wordpress\/ -->\n<title>Revisa la cantidad de tweets que realizas - El Diario - Bolivia<\/title>\n<meta name=\"robots\" content=\"index, follow, max-snippet:-1, max-image-preview:large, max-video-preview:-1\" \/>\n<link rel=\"canonical\" href=\"https:\/\/www.eldiario.net\/portal\/2023\/02\/20\/revisa-la-cantidad-de-tweets-que-realizas\/\" \/>\n<meta property=\"og:locale\" content=\"es_ES\" \/>\n<meta property=\"og:type\" content=\"article\" \/>\n<meta property=\"og:title\" content=\"Revisa la cantidad de tweets que realizas - El Diario - Bolivia\" \/>\n<meta property=\"og:description\" content=\"Ahora Elon Musk quiere que te limites en la cantidad de tweets que publicas al d\u00eda en Twitter. Esta es una nueva regla que tendr\u00e1 Twitter y es que la enorme cantidad de cambios ha hecho que muchas personas est\u00e9n a nada de abandonar la red social. Elon Musk sigue realizando modificaciones sin mucho sentido. [&hellip;]\" \/>\n<meta property=\"og:url\" content=\"https:\/\/www.eldiario.net\/portal\/2023\/02\/20\/revisa-la-cantidad-de-tweets-que-realizas\/\" \/>\n<meta property=\"og:site_name\" content=\"El Diario - Bolivia\" \/>\n<meta property=\"article:publisher\" content=\"https:\/\/www.facebook.com\/eldiario.bolivia\/\" \/>\n<meta property=\"article:published_time\" content=\"2023-02-20T04:05:01+00:00\" \/>\n<meta name=\"author\" content=\"Jeanette\" \/>\n<meta name=\"twitter:card\" content=\"summary_large_image\" \/>\n<meta name=\"twitter:creator\" content=\"@eldiario_net\" \/>\n<meta name=\"twitter:site\" content=\"@eldiario_net\" \/>\n<meta name=\"twitter:label1\" content=\"Escrito por\" \/>\n\t<meta name=\"twitter:data1\" content=\"Jeanette\" \/>\n\t<meta name=\"twitter:label2\" content=\"Tiempo de lectura\" \/>\n\t<meta name=\"twitter:data2\" content=\"2 minutos\" \/>\n<script type=\"application\/ld+json\" class=\"yoast-schema-graph\">{\"@context\":\"https:\\\/\\\/schema.org\",\"@graph\":[{\"@type\":\"Article\",\"@id\":\"https:\\\/\\\/www.eldiario.net\\\/portal\\\/2023\\\/02\\\/20\\\/revisa-la-cantidad-de-tweets-que-realizas\\\/#article\",\"isPartOf\":{\"@id\":\"https:\\\/\\\/www.eldiario.net\\\/portal\\\/2023\\\/02\\\/20\\\/revisa-la-cantidad-de-tweets-que-realizas\\\/\"},\"author\":{\"name\":\"Jeanette\",\"@id\":\"https:\\\/\\\/www.eldiario.net\\\/portal\\\/#\\\/schema\\\/person\\\/f46445640444750d7d753ccd04ae01b7\"},\"headline\":\"Revisa la cantidad de tweets que realizas\",\"datePublished\":\"2023-02-20T04:05:01+00:00\",\"mainEntityOfPage\":{\"@id\":\"https:\\\/\\\/www.eldiario.net\\\/portal\\\/2023\\\/02\\\/20\\\/revisa-la-cantidad-de-tweets-que-realizas\\\/\"},\"wordCount\":377,\"publisher\":{\"@id\":\"https:\\\/\\\/www.eldiario.net\\\/portal\\\/#organization\"},\"image\":{\"@id\":\"https:\\\/\\\/www.eldiario.net\\\/portal\\\/2023\\\/02\\\/20\\\/revisa-la-cantidad-de-tweets-que-realizas\\\/#primaryimage\"},\"thumbnailUrl\":\"\",\"articleSection\":[\"Ciencia y Computaci\u00f3n\"],\"inLanguage\":\"es\"},{\"@type\":\"WebPage\",\"@id\":\"https:\\\/\\\/www.eldiario.net\\\/portal\\\/2023\\\/02\\\/20\\\/revisa-la-cantidad-de-tweets-que-realizas\\\/\",\"url\":\"https:\\\/\\\/www.eldiario.net\\\/portal\\\/2023\\\/02\\\/20\\\/revisa-la-cantidad-de-tweets-que-realizas\\\/\",\"name\":\"Revisa la cantidad de tweets que realizas - El Diario - Bolivia\",\"isPartOf\":{\"@id\":\"https:\\\/\\\/www.eldiario.net\\\/portal\\\/#website\"},\"primaryImageOfPage\":{\"@id\":\"https:\\\/\\\/www.eldiario.net\\\/portal\\\/2023\\\/02\\\/20\\\/revisa-la-cantidad-de-tweets-que-realizas\\\/#primaryimage\"},\"image\":{\"@id\":\"https:\\\/\\\/www.eldiario.net\\\/portal\\\/2023\\\/02\\\/20\\\/revisa-la-cantidad-de-tweets-que-realizas\\\/#primaryimage\"},\"thumbnailUrl\":\"\",\"datePublished\":\"2023-02-20T04:05:01+00:00\",\"breadcrumb\":{\"@id\":\"https:\\\/\\\/www.eldiario.net\\\/portal\\\/2023\\\/02\\\/20\\\/revisa-la-cantidad-de-tweets-que-realizas\\\/#breadcrumb\"},\"inLanguage\":\"es\",\"potentialAction\":[{\"@type\":\"ReadAction\",\"target\":[\"https:\\\/\\\/www.eldiario.net\\\/portal\\\/2023\\\/02\\\/20\\\/revisa-la-cantidad-de-tweets-que-realizas\\\/\"]}]},{\"@type\":\"ImageObject\",\"inLanguage\":\"es\",\"@id\":\"https:\\\/\\\/www.eldiario.net\\\/portal\\\/2023\\\/02\\\/20\\\/revisa-la-cantidad-de-tweets-que-realizas\\\/#primaryimage\",\"url\":\"\",\"contentUrl\":\"\"},{\"@type\":\"BreadcrumbList\",\"@id\":\"https:\\\/\\\/www.eldiario.net\\\/portal\\\/2023\\\/02\\\/20\\\/revisa-la-cantidad-de-tweets-que-realizas\\\/#breadcrumb\",\"itemListElement\":[{\"@type\":\"ListItem\",\"position\":1,\"name\":\"Portada\",\"item\":\"https:\\\/\\\/www.eldiario.net\\\/portal\\\/\"},{\"@type\":\"ListItem\",\"position\":2,\"name\":\"Revisa la cantidad de tweets que realizas\"}]},{\"@type\":\"WebSite\",\"@id\":\"https:\\\/\\\/www.eldiario.net\\\/portal\\\/#website\",\"url\":\"https:\\\/\\\/www.eldiario.net\\\/portal\\\/\",\"name\":\"El Diario - Decano de la prensa nacional\",\"description\":\"El Diario - Decano de la prensa nacional\",\"publisher\":{\"@id\":\"https:\\\/\\\/www.eldiario.net\\\/portal\\\/#organization\"},\"potentialAction\":[{\"@type\":\"SearchAction\",\"target\":{\"@type\":\"EntryPoint\",\"urlTemplate\":\"https:\\\/\\\/www.eldiario.net\\\/portal\\\/?s={search_term_string}\"},\"query-input\":{\"@type\":\"PropertyValueSpecification\",\"valueRequired\":true,\"valueName\":\"search_term_string\"}}],\"inLanguage\":\"es\"},{\"@type\":\"Organization\",\"@id\":\"https:\\\/\\\/www.eldiario.net\\\/portal\\\/#organization\",\"name\":\"El Diario - Decano de la prensa nacional\",\"url\":\"https:\\\/\\\/www.eldiario.net\\\/portal\\\/\",\"logo\":{\"@type\":\"ImageObject\",\"inLanguage\":\"es\",\"@id\":\"https:\\\/\\\/www.eldiario.net\\\/portal\\\/#\\\/schema\\\/logo\\\/image\\\/\",\"url\":\"https:\\\/\\\/www.eldiario.net\\\/portal\\\/wp-content\\\/uploads\\\/2023\\\/07\\\/logo_ED.jpg\",\"contentUrl\":\"https:\\\/\\\/www.eldiario.net\\\/portal\\\/wp-content\\\/uploads\\\/2023\\\/07\\\/logo_ED.jpg\",\"width\":272,\"height\":52,\"caption\":\"El Diario - Decano de la prensa nacional\"},\"image\":{\"@id\":\"https:\\\/\\\/www.eldiario.net\\\/portal\\\/#\\\/schema\\\/logo\\\/image\\\/\"},\"sameAs\":[\"https:\\\/\\\/www.facebook.com\\\/eldiario.bolivia\\\/\",\"https:\\\/\\\/x.com\\\/eldiario_net\"]},{\"@type\":\"Person\",\"@id\":\"https:\\\/\\\/www.eldiario.net\\\/portal\\\/#\\\/schema\\\/person\\\/f46445640444750d7d753ccd04ae01b7\",\"name\":\"Jeanette\",\"image\":{\"@type\":\"ImageObject\",\"inLanguage\":\"es\",\"@id\":\"https:\\\/\\\/secure.gravatar.com\\\/avatar\\\/3ea2118a5f7dad2b7138b1187a6b7ee55f160b9968b66013c3a3ef39dd7e5798?s=96&d=mm&r=g\",\"url\":\"https:\\\/\\\/secure.gravatar.com\\\/avatar\\\/3ea2118a5f7dad2b7138b1187a6b7ee55f160b9968b66013c3a3ef39dd7e5798?s=96&d=mm&r=g\",\"contentUrl\":\"https:\\\/\\\/secure.gravatar.com\\\/avatar\\\/3ea2118a5f7dad2b7138b1187a6b7ee55f160b9968b66013c3a3ef39dd7e5798?s=96&d=mm&r=g\",\"caption\":\"Jeanette\"},\"sameAs\":[\"https:\\\/\\\/www.eldiario.net\\\/portal\"],\"url\":\"https:\\\/\\\/www.eldiario.net\\\/portal\\\/author\\\/jeanette\\\/\"}]}<\/script>\n<!-- \/ Yoast SEO plugin. -->","yoast_head_json":{"title":"Revisa la cantidad de tweets que realizas - El Diario - Bolivia","robots":{"index":"index","follow":"follow","max-snippet":"max-snippet:-1","max-image-preview":"max-image-preview:large","max-video-preview":"max-video-preview:-1"},"canonical":"https:\/\/www.eldiario.net\/portal\/2023\/02\/20\/revisa-la-cantidad-de-tweets-que-realizas\/","og_locale":"es_ES","og_type":"article","og_title":"Revisa la cantidad de tweets que realizas - El Diario - Bolivia","og_description":"Ahora Elon Musk quiere que te limites en la cantidad de tweets que publicas al d\u00eda en Twitter. Esta es una nueva regla que tendr\u00e1 Twitter y es que la enorme cantidad de cambios ha hecho que muchas personas est\u00e9n a nada de abandonar la red social. Elon Musk sigue realizando modificaciones sin mucho sentido. [&hellip;]","og_url":"https:\/\/www.eldiario.net\/portal\/2023\/02\/20\/revisa-la-cantidad-de-tweets-que-realizas\/","og_site_name":"El Diario - Bolivia","article_publisher":"https:\/\/www.facebook.com\/eldiario.bolivia\/","article_published_time":"2023-02-20T04:05:01+00:00","author":"Jeanette","twitter_card":"summary_large_image","twitter_creator":"@eldiario_net","twitter_site":"@eldiario_net","twitter_misc":{"Escrito por":"Jeanette","Tiempo de lectura":"2 minutos"},"schema":{"@context":"https:\/\/schema.org","@graph":[{"@type":"Article","@id":"https:\/\/www.eldiario.net\/portal\/2023\/02\/20\/revisa-la-cantidad-de-tweets-que-realizas\/#article","isPartOf":{"@id":"https:\/\/www.eldiario.net\/portal\/2023\/02\/20\/revisa-la-cantidad-de-tweets-que-realizas\/"},"author":{"name":"Jeanette","@id":"https:\/\/www.eldiario.net\/portal\/#\/schema\/person\/f46445640444750d7d753ccd04ae01b7"},"headline":"Revisa la cantidad de tweets que realizas","datePublished":"2023-02-20T04:05:01+00:00","mainEntityOfPage":{"@id":"https:\/\/www.eldiario.net\/portal\/2023\/02\/20\/revisa-la-cantidad-de-tweets-que-realizas\/"},"wordCount":377,"publisher":{"@id":"https:\/\/www.eldiario.net\/portal\/#organization"},"image":{"@id":"https:\/\/www.eldiario.net\/portal\/2023\/02\/20\/revisa-la-cantidad-de-tweets-que-realizas\/#primaryimage"},"thumbnailUrl":"","articleSection":["Ciencia y Computaci\u00f3n"],"inLanguage":"es"},{"@type":"WebPage","@id":"https:\/\/www.eldiario.net\/portal\/2023\/02\/20\/revisa-la-cantidad-de-tweets-que-realizas\/","url":"https:\/\/www.eldiario.net\/portal\/2023\/02\/20\/revisa-la-cantidad-de-tweets-que-realizas\/","name":"Revisa la cantidad de tweets que realizas - El Diario - Bolivia","isPartOf":{"@id":"https:\/\/www.eldiario.net\/portal\/#website"},"primaryImageOfPage":{"@id":"https:\/\/www.eldiario.net\/portal\/2023\/02\/20\/revisa-la-cantidad-de-tweets-que-realizas\/#primaryimage"},"image":{"@id":"https:\/\/www.eldiario.net\/portal\/2023\/02\/20\/revisa-la-cantidad-de-tweets-que-realizas\/#primaryimage"},"thumbnailUrl":"","datePublished":"2023-02-20T04:05:01+00:00","breadcrumb":{"@id":"https:\/\/www.eldiario.net\/portal\/2023\/02\/20\/revisa-la-cantidad-de-tweets-que-realizas\/#breadcrumb"},"inLanguage":"es","potentialAction":[{"@type":"ReadAction","target":["https:\/\/www.eldiario.net\/portal\/2023\/02\/20\/revisa-la-cantidad-de-tweets-que-realizas\/"]}]},{"@type":"ImageObject","inLanguage":"es","@id":"https:\/\/www.eldiario.net\/portal\/2023\/02\/20\/revisa-la-cantidad-de-tweets-que-realizas\/#primaryimage","url":"","contentUrl":""},{"@type":"BreadcrumbList","@id":"https:\/\/www.eldiario.net\/portal\/2023\/02\/20\/revisa-la-cantidad-de-tweets-que-realizas\/#breadcrumb","itemListElement":[{"@type":"ListItem","position":1,"name":"Portada","item":"https:\/\/www.eldiario.net\/portal\/"},{"@type":"ListItem","position":2,"name":"Revisa la cantidad de tweets que realizas"}]},{"@type":"WebSite","@id":"https:\/\/www.eldiario.net\/portal\/#website","url":"https:\/\/www.eldiario.net\/portal\/","name":"El Diario - Decano de la prensa nacional","description":"El Diario - Decano de la prensa nacional","publisher":{"@id":"https:\/\/www.eldiario.net\/portal\/#organization"},"potentialAction":[{"@type":"SearchAction","target":{"@type":"EntryPoint","urlTemplate":"https:\/\/www.eldiario.net\/portal\/?s={search_term_string}"},"query-input":{"@type":"PropertyValueSpecification","valueRequired":true,"valueName":"search_term_string"}}],"inLanguage":"es"},{"@type":"Organization","@id":"https:\/\/www.eldiario.net\/portal\/#organization","name":"El Diario - Decano de la prensa nacional","url":"https:\/\/www.eldiario.net\/portal\/","logo":{"@type":"ImageObject","inLanguage":"es","@id":"https:\/\/www.eldiario.net\/portal\/#\/schema\/logo\/image\/","url":"https:\/\/www.eldiario.net\/portal\/wp-content\/uploads\/2023\/07\/logo_ED.jpg","contentUrl":"https:\/\/www.eldiario.net\/portal\/wp-content\/uploads\/2023\/07\/logo_ED.jpg","width":272,"height":52,"caption":"El Diario - Decano de la prensa nacional"},"image":{"@id":"https:\/\/www.eldiario.net\/portal\/#\/schema\/logo\/image\/"},"sameAs":["https:\/\/www.facebook.com\/eldiario.bolivia\/","https:\/\/x.com\/eldiario_net"]},{"@type":"Person","@id":"https:\/\/www.eldiario.net\/portal\/#\/schema\/person\/f46445640444750d7d753ccd04ae01b7","name":"Jeanette","image":{"@type":"ImageObject","inLanguage":"es","@id":"https:\/\/secure.gravatar.com\/avatar\/3ea2118a5f7dad2b7138b1187a6b7ee55f160b9968b66013c3a3ef39dd7e5798?s=96&d=mm&r=g","url":"https:\/\/secure.gravatar.com\/avatar\/3ea2118a5f7dad2b7138b1187a6b7ee55f160b9968b66013c3a3ef39dd7e5798?s=96&d=mm&r=g","contentUrl":"https:\/\/secure.gravatar.com\/avatar\/3ea2118a5f7dad2b7138b1187a6b7ee55f160b9968b66013c3a3ef39dd7e5798?s=96&d=mm&r=g","caption":"Jeanette"},"sameAs":["https:\/\/www.eldiario.net\/portal"],"url":"https:\/\/www.eldiario.net\/portal\/author\/jeanette\/"}]}},"_links":{"self":[{"href":"https:\/\/www.eldiario.net\/portal\/wp-json\/wp\/v2\/posts\/139092","targetHints":{"allow":["GET"]}}],"collection":[{"href":"https:\/\/www.eldiario.net\/portal\/wp-json\/wp\/v2\/posts"}],"about":[{"href":"https:\/\/www.eldiario.net\/portal\/wp-json\/wp\/v2\/types\/post"}],"author":[{"embeddable":true,"href":"https:\/\/www.eldiario.net\/portal\/wp-json\/wp\/v2\/users\/1"}],"replies":[{"embeddable":true,"href":"https:\/\/www.eldiario.net\/portal\/wp-json\/wp\/v2\/comments?post=139092"}],"version-history":[{"count":0,"href":"https:\/\/www.eldiario.net\/portal\/wp-json\/wp\/v2\/posts\/139092\/revisions"}],"wp:attachment":[{"href":"https:\/\/www.eldiario.net\/portal\/wp-json\/wp\/v2\/media?parent=139092"}],"wp:term":[{"taxonomy":"category","embeddable":true,"href":"https:\/\/www.eldiario.net\/portal\/wp-json\/wp\/v2\/categories?post=139092"},{"taxonomy":"post_tag","embeddable":true,"href":"https:\/\/www.eldiario.net\/portal\/wp-json\/wp\/v2\/tags?post=139092"}],"curies":[{"name":"wp","href":"https:\/\/api.w.org\/{rel}","templated":true}]}}