{"id":13860,"date":"2021-06-30T06:05:10","date_gmt":"2021-06-30T10:05:10","guid":{"rendered":"https:\/\/www.eldiario.net\/portal\/?p=13860"},"modified":"2021-06-30T06:05:10","modified_gmt":"2021-06-30T10:05:10","slug":"morales-debe-hacerse-responsable-de-sus-declaraciones-contra-el-alto","status":"publish","type":"post","link":"https:\/\/www.eldiario.net\/portal\/2021\/06\/30\/morales-debe-hacerse-responsable-de-sus-declaraciones-contra-el-alto\/","title":{"rendered":"Morales debe hacerse responsable de sus declaraciones contra El Alto"},"content":{"rendered":"<p>Luego que organizaciones sociales de la ciudad de El Alto exigieron al expresidente Evo Morales expresar disculpas por declaraciones ofensivas contra esta ciudad y sus habitantes, el senador por el Movimiento al Socialismo (MAS) F\u00e9lix Ajpi se\u00f1al\u00f3 que el exmandatario debe hacerse responsable por sus palabras.<br \/>\nLos representantes de distintos sectores de la ciudad de El Alto han expresado cuestionamientos en contra de las palabras del exmandatario en los \u00faltimos d\u00edas, entre estas se encuentra el reclamo de las juntas vecinales que dieron un plazo de 48 para que Morales se disculpe con esta ciudad.<br \/>\nEl senador Ajpi sostuvo que las declaraciones de Morales, las cuales fueron calificadas por distintos sectores de la ciudad de El Alto como ofensivas, deben ser aclaradas por el exmandatario, adem\u00e1s de considerar retractarse por haber emitido este tipo de comentarios.<br \/>\nSe\u00f1al\u00f3 que Morales debe aceptar las consecuencias de sus declaraciones y asumir la responsabilidad de sus actos y palabras.<br \/>\n\u201cDepende de Evo Morales, si El Alto le ha pedido por sus exabruptos, \u00e9l tiene que decidir si se disculpa o no, nadie le ha dicho que se manifieste de esa manera, cada uno acepta sus responsabilidades\u201d, refiri\u00f3 el legislador.<br \/>\nEl pasado lunes, representantes de juntas vecinales de la ciudad de El Alto conminaron al expresidente a presentar disculpas a esta urbe en un plazo de 48 horas antes que se asuman otro tipo de medidas en contra del jefe del partido azul.<br \/>\n\u201cEl pueblo alte\u00f1o lo ha llevado al poder y ha gozado por muchos a\u00f1os, en cambio \u00bfqu\u00e9 ha hecho esta exautoridad?, nada, todav\u00eda declarando que los alte\u00f1os somos busca pegas. Por esa raz\u00f3n se\u00f1or Evo Morales esc\u00facheme: usted tiene que disculparse, usted tiene que pedir disculpas a la ciudad de El Alto, caso contrario nosotros ya veremos, las organizaciones sociales veremos qu\u00e9 situaci\u00f3n vamos a tomar en este aspecto\u201d, manifest\u00f3 el dirigente Fernando Rivero en declaraciones a la prensa.<br \/>\nSimilares criterios fueron expresados d\u00edas atr\u00e1s por autoridades como la alcaldesa de esta ciudad Eva Copa y el exdirigente Roberto de la Cruz.<br \/>\nEstos cuestionamientos surgen tras la difusi\u00f3n de un video en el que se ve a Morales reunido con dirigencia del MAS en el a\u00f1o 2020 entre sus declaraciones se\u00f1al\u00f3 que se deb\u00eda proteger al entonces gobierno de Jeanine \u00c1\u00f1ez y que en caso que la expresidenta del Senado hubiese asumido la presidencia los alte\u00f1os se pelear\u00edan por ministerios.<\/p>\n<figure id=\"attachment_13862\" aria-describedby=\"caption-attachment-13862\" style=\"width: 300px\" class=\"wp-caption aligncenter\"><img loading=\"lazy\" decoding=\"async\" class=\"size-medium wp-image-13862\" src=\"https:\/\/www.eldiario.net\/portal\/wp-content\/uploads\/2021\/06\/Pol-290-300x208.jpg\" alt=\"\" width=\"300\" height=\"208\" srcset=\"https:\/\/www.eldiario.net\/portal\/wp-content\/uploads\/2021\/06\/Pol-290-300x208.jpg 300w, https:\/\/www.eldiario.net\/portal\/wp-content\/uploads\/2021\/06\/Pol-290-218x150.jpg 218w, https:\/\/www.eldiario.net\/portal\/wp-content\/uploads\/2021\/06\/Pol-290-696x482.jpg 696w, https:\/\/www.eldiario.net\/portal\/wp-content\/uploads\/2021\/06\/Pol-290.jpg 720w\" sizes=\"auto, (max-width: 300px) 100vw, 300px\" \/><figcaption id=\"caption-attachment-13862\" class=\"wp-caption-text\">Senador por el MAS, F\u00e9lix Ajpi.<\/figcaption><\/figure>\n","protected":false},"excerpt":{"rendered":"<p>Luego que organizaciones sociales de la ciudad de El Alto exigieron al expresidente Evo Morales expresar disculpas por declaraciones ofensivas contra esta ciudad y sus habitantes, el senador por el Movimiento al Socialismo (MAS) F\u00e9lix Ajpi se\u00f1al\u00f3 que el exmandatario debe hacerse responsable por sus palabras. Los representantes de distintos sectores de la ciudad de [&hellip;]<\/p>\n","protected":false},"author":1,"featured_media":13861,"comment_status":"closed","ping_status":"closed","sticky":false,"template":"","format":"standard","meta":{"_acf_changed":false,"footnotes":""},"categories":[14],"tags":[],"class_list":["post-13860","post","type-post","status-publish","format-standard","has-post-thumbnail","category-politica"],"acf":{"antetitulo":""},"yoast_head":"<!-- This site is optimized with the Yoast SEO plugin v28.4 - https:\/\/yoast.com\/product\/yoast-seo-wordpress\/ -->\n<title>Morales debe hacerse responsable de sus declaraciones contra El Alto - El Diario - Bolivia<\/title>\n<meta name=\"robots\" content=\"index, follow, max-snippet:-1, max-image-preview:large, max-video-preview:-1\" \/>\n<link rel=\"canonical\" href=\"https:\/\/www.eldiario.net\/portal\/2021\/06\/30\/morales-debe-hacerse-responsable-de-sus-declaraciones-contra-el-alto\/\" \/>\n<meta property=\"og:locale\" content=\"es_ES\" \/>\n<meta property=\"og:type\" content=\"article\" \/>\n<meta property=\"og:title\" content=\"Morales debe hacerse responsable de sus declaraciones contra El Alto - El Diario - Bolivia\" \/>\n<meta property=\"og:description\" content=\"Luego que organizaciones sociales de la ciudad de El Alto exigieron al expresidente Evo Morales expresar disculpas por declaraciones ofensivas contra esta ciudad y sus habitantes, el senador por el Movimiento al Socialismo (MAS) F\u00e9lix Ajpi se\u00f1al\u00f3 que el exmandatario debe hacerse responsable por sus palabras. Los representantes de distintos sectores de la ciudad de [&hellip;]\" \/>\n<meta property=\"og:url\" content=\"https:\/\/www.eldiario.net\/portal\/2021\/06\/30\/morales-debe-hacerse-responsable-de-sus-declaraciones-contra-el-alto\/\" \/>\n<meta property=\"og:site_name\" content=\"El Diario - Bolivia\" \/>\n<meta property=\"article:publisher\" content=\"https:\/\/www.facebook.com\/eldiario.bolivia\/\" \/>\n<meta property=\"article:published_time\" content=\"2021-06-30T10:05:10+00:00\" \/>\n<meta name=\"author\" content=\"Jeanette\" \/>\n<meta name=\"twitter:card\" content=\"summary_large_image\" \/>\n<meta name=\"twitter:creator\" content=\"@eldiario_net\" \/>\n<meta name=\"twitter:site\" content=\"@eldiario_net\" \/>\n<meta name=\"twitter:label1\" content=\"Escrito por\" \/>\n\t<meta name=\"twitter:data1\" content=\"Jeanette\" \/>\n\t<meta name=\"twitter:label2\" content=\"Tiempo de lectura\" \/>\n\t<meta name=\"twitter:data2\" content=\"2 minutos\" \/>\n<script type=\"application\/ld+json\" class=\"yoast-schema-graph\">{\"@context\":\"https:\\\/\\\/schema.org\",\"@graph\":[{\"@type\":\"Article\",\"@id\":\"https:\\\/\\\/www.eldiario.net\\\/portal\\\/2021\\\/06\\\/30\\\/morales-debe-hacerse-responsable-de-sus-declaraciones-contra-el-alto\\\/#article\",\"isPartOf\":{\"@id\":\"https:\\\/\\\/www.eldiario.net\\\/portal\\\/2021\\\/06\\\/30\\\/morales-debe-hacerse-responsable-de-sus-declaraciones-contra-el-alto\\\/\"},\"author\":{\"name\":\"Jeanette\",\"@id\":\"https:\\\/\\\/www.eldiario.net\\\/portal\\\/#\\\/schema\\\/person\\\/2c57cf2b7a7ae032e449e4c9b1019eac\"},\"headline\":\"Morales debe hacerse responsable de sus declaraciones contra El Alto\",\"datePublished\":\"2021-06-30T10:05:10+00:00\",\"mainEntityOfPage\":{\"@id\":\"https:\\\/\\\/www.eldiario.net\\\/portal\\\/2021\\\/06\\\/30\\\/morales-debe-hacerse-responsable-de-sus-declaraciones-contra-el-alto\\\/\"},\"wordCount\":440,\"publisher\":{\"@id\":\"https:\\\/\\\/www.eldiario.net\\\/portal\\\/#organization\"},\"image\":{\"@id\":\"https:\\\/\\\/www.eldiario.net\\\/portal\\\/2021\\\/06\\\/30\\\/morales-debe-hacerse-responsable-de-sus-declaraciones-contra-el-alto\\\/#primaryimage\"},\"thumbnailUrl\":\"\",\"articleSection\":[\"Pol\u00edtica\"],\"inLanguage\":\"es\"},{\"@type\":\"WebPage\",\"@id\":\"https:\\\/\\\/www.eldiario.net\\\/portal\\\/2021\\\/06\\\/30\\\/morales-debe-hacerse-responsable-de-sus-declaraciones-contra-el-alto\\\/\",\"url\":\"https:\\\/\\\/www.eldiario.net\\\/portal\\\/2021\\\/06\\\/30\\\/morales-debe-hacerse-responsable-de-sus-declaraciones-contra-el-alto\\\/\",\"name\":\"Morales debe hacerse responsable de sus declaraciones contra El Alto - El Diario - Bolivia\",\"isPartOf\":{\"@id\":\"https:\\\/\\\/www.eldiario.net\\\/portal\\\/#website\"},\"primaryImageOfPage\":{\"@id\":\"https:\\\/\\\/www.eldiario.net\\\/portal\\\/2021\\\/06\\\/30\\\/morales-debe-hacerse-responsable-de-sus-declaraciones-contra-el-alto\\\/#primaryimage\"},\"image\":{\"@id\":\"https:\\\/\\\/www.eldiario.net\\\/portal\\\/2021\\\/06\\\/30\\\/morales-debe-hacerse-responsable-de-sus-declaraciones-contra-el-alto\\\/#primaryimage\"},\"thumbnailUrl\":\"\",\"datePublished\":\"2021-06-30T10:05:10+00:00\",\"breadcrumb\":{\"@id\":\"https:\\\/\\\/www.eldiario.net\\\/portal\\\/2021\\\/06\\\/30\\\/morales-debe-hacerse-responsable-de-sus-declaraciones-contra-el-alto\\\/#breadcrumb\"},\"inLanguage\":\"es\",\"potentialAction\":[{\"@type\":\"ReadAction\",\"target\":[\"https:\\\/\\\/www.eldiario.net\\\/portal\\\/2021\\\/06\\\/30\\\/morales-debe-hacerse-responsable-de-sus-declaraciones-contra-el-alto\\\/\"]}]},{\"@type\":\"ImageObject\",\"inLanguage\":\"es\",\"@id\":\"https:\\\/\\\/www.eldiario.net\\\/portal\\\/2021\\\/06\\\/30\\\/morales-debe-hacerse-responsable-de-sus-declaraciones-contra-el-alto\\\/#primaryimage\",\"url\":\"\",\"contentUrl\":\"\"},{\"@type\":\"BreadcrumbList\",\"@id\":\"https:\\\/\\\/www.eldiario.net\\\/portal\\\/2021\\\/06\\\/30\\\/morales-debe-hacerse-responsable-de-sus-declaraciones-contra-el-alto\\\/#breadcrumb\",\"itemListElement\":[{\"@type\":\"ListItem\",\"position\":1,\"name\":\"Portada\",\"item\":\"https:\\\/\\\/www.eldiario.net\\\/portal\\\/\"},{\"@type\":\"ListItem\",\"position\":2,\"name\":\"Morales debe hacerse responsable de sus declaraciones contra El Alto\"}]},{\"@type\":\"WebSite\",\"@id\":\"https:\\\/\\\/www.eldiario.net\\\/portal\\\/#website\",\"url\":\"https:\\\/\\\/www.eldiario.net\\\/portal\\\/\",\"name\":\"El Diario - Decano de la prensa nacional\",\"description\":\"El Diario - Decano de la prensa nacional\",\"publisher\":{\"@id\":\"https:\\\/\\\/www.eldiario.net\\\/portal\\\/#organization\"},\"potentialAction\":[{\"@type\":\"SearchAction\",\"target\":{\"@type\":\"EntryPoint\",\"urlTemplate\":\"https:\\\/\\\/www.eldiario.net\\\/portal\\\/?s={search_term_string}\"},\"query-input\":{\"@type\":\"PropertyValueSpecification\",\"valueRequired\":true,\"valueName\":\"search_term_string\"}}],\"inLanguage\":\"es\"},{\"@type\":\"Organization\",\"@id\":\"https:\\\/\\\/www.eldiario.net\\\/portal\\\/#organization\",\"name\":\"El Diario - Decano de la prensa nacional\",\"url\":\"https:\\\/\\\/www.eldiario.net\\\/portal\\\/\",\"logo\":{\"@type\":\"ImageObject\",\"inLanguage\":\"es\",\"@id\":\"https:\\\/\\\/www.eldiario.net\\\/portal\\\/#\\\/schema\\\/logo\\\/image\\\/\",\"url\":\"https:\\\/\\\/www.eldiario.net\\\/portal\\\/wp-content\\\/uploads\\\/2023\\\/07\\\/logo_ED.jpg\",\"contentUrl\":\"https:\\\/\\\/www.eldiario.net\\\/portal\\\/wp-content\\\/uploads\\\/2023\\\/07\\\/logo_ED.jpg\",\"width\":272,\"height\":52,\"caption\":\"El Diario - Decano de la prensa nacional\"},\"image\":{\"@id\":\"https:\\\/\\\/www.eldiario.net\\\/portal\\\/#\\\/schema\\\/logo\\\/image\\\/\"},\"sameAs\":[\"https:\\\/\\\/www.facebook.com\\\/eldiario.bolivia\\\/\",\"https:\\\/\\\/x.com\\\/eldiario_net\"]},{\"@type\":\"Person\",\"@id\":\"https:\\\/\\\/www.eldiario.net\\\/portal\\\/#\\\/schema\\\/person\\\/2c57cf2b7a7ae032e449e4c9b1019eac\",\"name\":\"Jeanette\",\"image\":{\"@type\":\"ImageObject\",\"inLanguage\":\"es\",\"@id\":\"https:\\\/\\\/secure.gravatar.com\\\/avatar\\\/3ea2118a5f7dad2b7138b1187a6b7ee55f160b9968b66013c3a3ef39dd7e5798?s=96&d=mm&r=g\",\"url\":\"https:\\\/\\\/secure.gravatar.com\\\/avatar\\\/3ea2118a5f7dad2b7138b1187a6b7ee55f160b9968b66013c3a3ef39dd7e5798?s=96&d=mm&r=g\",\"contentUrl\":\"https:\\\/\\\/secure.gravatar.com\\\/avatar\\\/3ea2118a5f7dad2b7138b1187a6b7ee55f160b9968b66013c3a3ef39dd7e5798?s=96&d=mm&r=g\",\"caption\":\"Jeanette\"},\"sameAs\":[\"https:\\\/\\\/www.eldiario.net\\\/portal\"],\"url\":\"https:\\\/\\\/www.eldiario.net\\\/portal\\\/author\\\/jeanette\\\/\"}]}<\/script>\n<!-- \/ Yoast SEO plugin. -->","yoast_head_json":{"title":"Morales debe hacerse responsable de sus declaraciones contra El Alto - El Diario - Bolivia","robots":{"index":"index","follow":"follow","max-snippet":"max-snippet:-1","max-image-preview":"max-image-preview:large","max-video-preview":"max-video-preview:-1"},"canonical":"https:\/\/www.eldiario.net\/portal\/2021\/06\/30\/morales-debe-hacerse-responsable-de-sus-declaraciones-contra-el-alto\/","og_locale":"es_ES","og_type":"article","og_title":"Morales debe hacerse responsable de sus declaraciones contra El Alto - El Diario - Bolivia","og_description":"Luego que organizaciones sociales de la ciudad de El Alto exigieron al expresidente Evo Morales expresar disculpas por declaraciones ofensivas contra esta ciudad y sus habitantes, el senador por el Movimiento al Socialismo (MAS) F\u00e9lix Ajpi se\u00f1al\u00f3 que el exmandatario debe hacerse responsable por sus palabras. Los representantes de distintos sectores de la ciudad de [&hellip;]","og_url":"https:\/\/www.eldiario.net\/portal\/2021\/06\/30\/morales-debe-hacerse-responsable-de-sus-declaraciones-contra-el-alto\/","og_site_name":"El Diario - Bolivia","article_publisher":"https:\/\/www.facebook.com\/eldiario.bolivia\/","article_published_time":"2021-06-30T10:05:10+00:00","author":"Jeanette","twitter_card":"summary_large_image","twitter_creator":"@eldiario_net","twitter_site":"@eldiario_net","twitter_misc":{"Escrito por":"Jeanette","Tiempo de lectura":"2 minutos"},"schema":{"@context":"https:\/\/schema.org","@graph":[{"@type":"Article","@id":"https:\/\/www.eldiario.net\/portal\/2021\/06\/30\/morales-debe-hacerse-responsable-de-sus-declaraciones-contra-el-alto\/#article","isPartOf":{"@id":"https:\/\/www.eldiario.net\/portal\/2021\/06\/30\/morales-debe-hacerse-responsable-de-sus-declaraciones-contra-el-alto\/"},"author":{"name":"Jeanette","@id":"https:\/\/www.eldiario.net\/portal\/#\/schema\/person\/2c57cf2b7a7ae032e449e4c9b1019eac"},"headline":"Morales debe hacerse responsable de sus declaraciones contra El Alto","datePublished":"2021-06-30T10:05:10+00:00","mainEntityOfPage":{"@id":"https:\/\/www.eldiario.net\/portal\/2021\/06\/30\/morales-debe-hacerse-responsable-de-sus-declaraciones-contra-el-alto\/"},"wordCount":440,"publisher":{"@id":"https:\/\/www.eldiario.net\/portal\/#organization"},"image":{"@id":"https:\/\/www.eldiario.net\/portal\/2021\/06\/30\/morales-debe-hacerse-responsable-de-sus-declaraciones-contra-el-alto\/#primaryimage"},"thumbnailUrl":"","articleSection":["Pol\u00edtica"],"inLanguage":"es"},{"@type":"WebPage","@id":"https:\/\/www.eldiario.net\/portal\/2021\/06\/30\/morales-debe-hacerse-responsable-de-sus-declaraciones-contra-el-alto\/","url":"https:\/\/www.eldiario.net\/portal\/2021\/06\/30\/morales-debe-hacerse-responsable-de-sus-declaraciones-contra-el-alto\/","name":"Morales debe hacerse responsable de sus declaraciones contra El Alto - El Diario - Bolivia","isPartOf":{"@id":"https:\/\/www.eldiario.net\/portal\/#website"},"primaryImageOfPage":{"@id":"https:\/\/www.eldiario.net\/portal\/2021\/06\/30\/morales-debe-hacerse-responsable-de-sus-declaraciones-contra-el-alto\/#primaryimage"},"image":{"@id":"https:\/\/www.eldiario.net\/portal\/2021\/06\/30\/morales-debe-hacerse-responsable-de-sus-declaraciones-contra-el-alto\/#primaryimage"},"thumbnailUrl":"","datePublished":"2021-06-30T10:05:10+00:00","breadcrumb":{"@id":"https:\/\/www.eldiario.net\/portal\/2021\/06\/30\/morales-debe-hacerse-responsable-de-sus-declaraciones-contra-el-alto\/#breadcrumb"},"inLanguage":"es","potentialAction":[{"@type":"ReadAction","target":["https:\/\/www.eldiario.net\/portal\/2021\/06\/30\/morales-debe-hacerse-responsable-de-sus-declaraciones-contra-el-alto\/"]}]},{"@type":"ImageObject","inLanguage":"es","@id":"https:\/\/www.eldiario.net\/portal\/2021\/06\/30\/morales-debe-hacerse-responsable-de-sus-declaraciones-contra-el-alto\/#primaryimage","url":"","contentUrl":""},{"@type":"BreadcrumbList","@id":"https:\/\/www.eldiario.net\/portal\/2021\/06\/30\/morales-debe-hacerse-responsable-de-sus-declaraciones-contra-el-alto\/#breadcrumb","itemListElement":[{"@type":"ListItem","position":1,"name":"Portada","item":"https:\/\/www.eldiario.net\/portal\/"},{"@type":"ListItem","position":2,"name":"Morales debe hacerse responsable de sus declaraciones contra El Alto"}]},{"@type":"WebSite","@id":"https:\/\/www.eldiario.net\/portal\/#website","url":"https:\/\/www.eldiario.net\/portal\/","name":"El Diario - Decano de la prensa nacional","description":"El Diario - Decano de la prensa nacional","publisher":{"@id":"https:\/\/www.eldiario.net\/portal\/#organization"},"potentialAction":[{"@type":"SearchAction","target":{"@type":"EntryPoint","urlTemplate":"https:\/\/www.eldiario.net\/portal\/?s={search_term_string}"},"query-input":{"@type":"PropertyValueSpecification","valueRequired":true,"valueName":"search_term_string"}}],"inLanguage":"es"},{"@type":"Organization","@id":"https:\/\/www.eldiario.net\/portal\/#organization","name":"El Diario - Decano de la prensa nacional","url":"https:\/\/www.eldiario.net\/portal\/","logo":{"@type":"ImageObject","inLanguage":"es","@id":"https:\/\/www.eldiario.net\/portal\/#\/schema\/logo\/image\/","url":"https:\/\/www.eldiario.net\/portal\/wp-content\/uploads\/2023\/07\/logo_ED.jpg","contentUrl":"https:\/\/www.eldiario.net\/portal\/wp-content\/uploads\/2023\/07\/logo_ED.jpg","width":272,"height":52,"caption":"El Diario - Decano de la prensa nacional"},"image":{"@id":"https:\/\/www.eldiario.net\/portal\/#\/schema\/logo\/image\/"},"sameAs":["https:\/\/www.facebook.com\/eldiario.bolivia\/","https:\/\/x.com\/eldiario_net"]},{"@type":"Person","@id":"https:\/\/www.eldiario.net\/portal\/#\/schema\/person\/2c57cf2b7a7ae032e449e4c9b1019eac","name":"Jeanette","image":{"@type":"ImageObject","inLanguage":"es","@id":"https:\/\/secure.gravatar.com\/avatar\/3ea2118a5f7dad2b7138b1187a6b7ee55f160b9968b66013c3a3ef39dd7e5798?s=96&d=mm&r=g","url":"https:\/\/secure.gravatar.com\/avatar\/3ea2118a5f7dad2b7138b1187a6b7ee55f160b9968b66013c3a3ef39dd7e5798?s=96&d=mm&r=g","contentUrl":"https:\/\/secure.gravatar.com\/avatar\/3ea2118a5f7dad2b7138b1187a6b7ee55f160b9968b66013c3a3ef39dd7e5798?s=96&d=mm&r=g","caption":"Jeanette"},"sameAs":["https:\/\/www.eldiario.net\/portal"],"url":"https:\/\/www.eldiario.net\/portal\/author\/jeanette\/"}]}},"_links":{"self":[{"href":"https:\/\/www.eldiario.net\/portal\/wp-json\/wp\/v2\/posts\/13860","targetHints":{"allow":["GET"]}}],"collection":[{"href":"https:\/\/www.eldiario.net\/portal\/wp-json\/wp\/v2\/posts"}],"about":[{"href":"https:\/\/www.eldiario.net\/portal\/wp-json\/wp\/v2\/types\/post"}],"author":[{"embeddable":true,"href":"https:\/\/www.eldiario.net\/portal\/wp-json\/wp\/v2\/users\/1"}],"replies":[{"embeddable":true,"href":"https:\/\/www.eldiario.net\/portal\/wp-json\/wp\/v2\/comments?post=13860"}],"version-history":[{"count":0,"href":"https:\/\/www.eldiario.net\/portal\/wp-json\/wp\/v2\/posts\/13860\/revisions"}],"wp:attachment":[{"href":"https:\/\/www.eldiario.net\/portal\/wp-json\/wp\/v2\/media?parent=13860"}],"wp:term":[{"taxonomy":"category","embeddable":true,"href":"https:\/\/www.eldiario.net\/portal\/wp-json\/wp\/v2\/categories?post=13860"},{"taxonomy":"post_tag","embeddable":true,"href":"https:\/\/www.eldiario.net\/portal\/wp-json\/wp\/v2\/tags?post=13860"}],"curies":[{"name":"wp","href":"https:\/\/api.w.org\/{rel}","templated":true}]}}