{"id":13857,"date":"2021-06-30T06:03:10","date_gmt":"2021-06-30T10:03:10","guid":{"rendered":"https:\/\/www.eldiario.net\/portal\/?p=13857"},"modified":"2021-06-30T06:03:10","modified_gmt":"2021-06-30T10:03:10","slug":"fallece-diputado-tras-larga-lucha-contra-coronavirus","status":"publish","type":"post","link":"https:\/\/www.eldiario.net\/portal\/2021\/06\/30\/fallece-diputado-tras-larga-lucha-contra-coronavirus\/","title":{"rendered":"Fallece diputado tras larga  lucha contra coronavirus"},"content":{"rendered":"<p>Luego de varias semanas de internaci\u00f3n en cuidados intensivos a causa de un cuadro grave de covid-19, esta jornada se anunci\u00f3 el deceso del diputado por la agrupaci\u00f3n Comunidad Ciudadana (CC) C\u00e9sar Virguetti Pinto. La dirigencia de esta organizaci\u00f3n pol\u00edtica y legisladores expresaron su pesar ante la irremediable p\u00e9rdida.<br \/>\nLa ma\u00f1ana de este martes se confirm\u00f3 la muerte del legislador representante del departamento de Cochabamba, quien perdi\u00f3 la vida en horas de la madrugada a causa de complicaciones en su salud por covid-19.<br \/>\nMediante una publicaci\u00f3n en redes sociales, el expresidente y l\u00edder de la alianza Comunidad Ciudadana, Carlos Mesa Gisbert, expres\u00f3 su profundo pesar por la p\u00e9rdida de un miembro de su bancada parlamentaria, destacando su ardua labor en la defensa de la democracia y los derechos humanos.<br \/>\n\u201cExpreso mi profundo pesar por la muerte de C\u00e9sar Virguetti Pinto, diputado por Comunidad Ciudadana, luchador infatigable por la democracia y los Derechos Humanos; padre, esposo, amigo y sobre todo persona de bien, fallecido tras una larga agon\u00eda por el covid-19. Paz en tu tumba, amigo\u201d, se\u00f1al\u00f3 Mesa.<br \/>\nEl senador Rodrigo Paz Pereira se sum\u00f3 a las muestras de solidaridad para la familia del extinto parlamentario y destac\u00f3 la labor del legislador en la defensa de la democracia y el compromiso con su pa\u00eds.<br \/>\n\u201cTodo el respaldo y cari\u00f1o a la familia de Don C\u00e9sar Virguetti, hombre de principios democr\u00e1ticos y compromiso con los derechos humanos en Bolivia. QEPD\u201d, manifest\u00f3 Paz.<br \/>\nPor su parte, el presidente de la C\u00e1mara de Diputados, Freddy Mamani Laura, se\u00f1al\u00f3 que la cualidad de humanidad debe estar por encima de toda diferencia pol\u00edtica, por lo que lament\u00f3 la p\u00e9rdida de su colega legislador y pidi\u00f3 paz en su tumba.<br \/>\n\u201cNuestra humanidad est\u00e1 por encima de las diferencias pol\u00edticas. Lamento profundamente el sensible fallecimiento del diputado uninominal por Cochabamba, Cesar Augusto Virguetti Pinto, quien fue parte de la alianza pol\u00edtica Comunidad Ciudadana. Paz en su tumba\u201d comparti\u00f3 el parlamentario.<br \/>\nA los 66 a\u00f1os, el diputado Virguetti fue elegido diputado por el departamento de Cochabamba por la alianza Comunidad Ciudadana en las recientes elecciones del a\u00f1o 2020, tambi\u00e9n fue miembro fundador de esta organizaci\u00f3n pol\u00edtica, soci\u00f3logo de profesi\u00f3n, adem\u00e1s de docente de la Facultad de Humanidades en la Universidad Mayor de San Sim\u00f3n.<\/p>\n","protected":false},"excerpt":{"rendered":"<p>Luego de varias semanas de internaci\u00f3n en cuidados intensivos a causa de un cuadro grave de covid-19, esta jornada se anunci\u00f3 el deceso del diputado por la agrupaci\u00f3n Comunidad Ciudadana (CC) C\u00e9sar Virguetti Pinto. La dirigencia de esta organizaci\u00f3n pol\u00edtica y legisladores expresaron su pesar ante la irremediable p\u00e9rdida. La ma\u00f1ana de este martes se [&hellip;]<\/p>\n","protected":false},"author":1,"featured_media":13858,"comment_status":"closed","ping_status":"closed","sticky":false,"template":"","format":"standard","meta":{"_acf_changed":false,"footnotes":""},"categories":[14],"tags":[],"class_list":["post-13857","post","type-post","status-publish","format-standard","has-post-thumbnail","category-politica"],"acf":{"antetitulo":""},"yoast_head":"<!-- This site is optimized with the Yoast SEO plugin v28.4 - https:\/\/yoast.com\/product\/yoast-seo-wordpress\/ -->\n<title>Fallece diputado tras larga lucha contra coronavirus - El Diario - Bolivia<\/title>\n<meta name=\"robots\" content=\"index, follow, max-snippet:-1, max-image-preview:large, max-video-preview:-1\" \/>\n<link rel=\"canonical\" href=\"https:\/\/www.eldiario.net\/portal\/2021\/06\/30\/fallece-diputado-tras-larga-lucha-contra-coronavirus\/\" \/>\n<meta property=\"og:locale\" content=\"es_ES\" \/>\n<meta property=\"og:type\" content=\"article\" \/>\n<meta property=\"og:title\" content=\"Fallece diputado tras larga lucha contra coronavirus - El Diario - Bolivia\" \/>\n<meta property=\"og:description\" content=\"Luego de varias semanas de internaci\u00f3n en cuidados intensivos a causa de un cuadro grave de covid-19, esta jornada se anunci\u00f3 el deceso del diputado por la agrupaci\u00f3n Comunidad Ciudadana (CC) C\u00e9sar Virguetti Pinto. La dirigencia de esta organizaci\u00f3n pol\u00edtica y legisladores expresaron su pesar ante la irremediable p\u00e9rdida. La ma\u00f1ana de este martes se [&hellip;]\" \/>\n<meta property=\"og:url\" content=\"https:\/\/www.eldiario.net\/portal\/2021\/06\/30\/fallece-diputado-tras-larga-lucha-contra-coronavirus\/\" \/>\n<meta property=\"og:site_name\" content=\"El Diario - Bolivia\" \/>\n<meta property=\"article:publisher\" content=\"https:\/\/www.facebook.com\/eldiario.bolivia\/\" \/>\n<meta property=\"article:published_time\" content=\"2021-06-30T10:03:10+00:00\" \/>\n<meta name=\"author\" content=\"Jeanette\" \/>\n<meta name=\"twitter:card\" content=\"summary_large_image\" \/>\n<meta name=\"twitter:creator\" content=\"@eldiario_net\" \/>\n<meta name=\"twitter:site\" content=\"@eldiario_net\" \/>\n<meta name=\"twitter:label1\" content=\"Escrito por\" \/>\n\t<meta name=\"twitter:data1\" content=\"Jeanette\" \/>\n\t<meta name=\"twitter:label2\" content=\"Tiempo de lectura\" \/>\n\t<meta name=\"twitter:data2\" content=\"2 minutos\" \/>\n<script type=\"application\/ld+json\" class=\"yoast-schema-graph\">{\"@context\":\"https:\\\/\\\/schema.org\",\"@graph\":[{\"@type\":\"Article\",\"@id\":\"https:\\\/\\\/www.eldiario.net\\\/portal\\\/2021\\\/06\\\/30\\\/fallece-diputado-tras-larga-lucha-contra-coronavirus\\\/#article\",\"isPartOf\":{\"@id\":\"https:\\\/\\\/www.eldiario.net\\\/portal\\\/2021\\\/06\\\/30\\\/fallece-diputado-tras-larga-lucha-contra-coronavirus\\\/\"},\"author\":{\"name\":\"Jeanette\",\"@id\":\"https:\\\/\\\/www.eldiario.net\\\/portal\\\/#\\\/schema\\\/person\\\/2c57cf2b7a7ae032e449e4c9b1019eac\"},\"headline\":\"Fallece diputado tras larga lucha contra coronavirus\",\"datePublished\":\"2021-06-30T10:03:10+00:00\",\"mainEntityOfPage\":{\"@id\":\"https:\\\/\\\/www.eldiario.net\\\/portal\\\/2021\\\/06\\\/30\\\/fallece-diputado-tras-larga-lucha-contra-coronavirus\\\/\"},\"wordCount\":412,\"publisher\":{\"@id\":\"https:\\\/\\\/www.eldiario.net\\\/portal\\\/#organization\"},\"image\":{\"@id\":\"https:\\\/\\\/www.eldiario.net\\\/portal\\\/2021\\\/06\\\/30\\\/fallece-diputado-tras-larga-lucha-contra-coronavirus\\\/#primaryimage\"},\"thumbnailUrl\":\"\",\"articleSection\":[\"Pol\u00edtica\"],\"inLanguage\":\"es\"},{\"@type\":\"WebPage\",\"@id\":\"https:\\\/\\\/www.eldiario.net\\\/portal\\\/2021\\\/06\\\/30\\\/fallece-diputado-tras-larga-lucha-contra-coronavirus\\\/\",\"url\":\"https:\\\/\\\/www.eldiario.net\\\/portal\\\/2021\\\/06\\\/30\\\/fallece-diputado-tras-larga-lucha-contra-coronavirus\\\/\",\"name\":\"Fallece diputado tras larga lucha contra coronavirus - El Diario - Bolivia\",\"isPartOf\":{\"@id\":\"https:\\\/\\\/www.eldiario.net\\\/portal\\\/#website\"},\"primaryImageOfPage\":{\"@id\":\"https:\\\/\\\/www.eldiario.net\\\/portal\\\/2021\\\/06\\\/30\\\/fallece-diputado-tras-larga-lucha-contra-coronavirus\\\/#primaryimage\"},\"image\":{\"@id\":\"https:\\\/\\\/www.eldiario.net\\\/portal\\\/2021\\\/06\\\/30\\\/fallece-diputado-tras-larga-lucha-contra-coronavirus\\\/#primaryimage\"},\"thumbnailUrl\":\"\",\"datePublished\":\"2021-06-30T10:03:10+00:00\",\"breadcrumb\":{\"@id\":\"https:\\\/\\\/www.eldiario.net\\\/portal\\\/2021\\\/06\\\/30\\\/fallece-diputado-tras-larga-lucha-contra-coronavirus\\\/#breadcrumb\"},\"inLanguage\":\"es\",\"potentialAction\":[{\"@type\":\"ReadAction\",\"target\":[\"https:\\\/\\\/www.eldiario.net\\\/portal\\\/2021\\\/06\\\/30\\\/fallece-diputado-tras-larga-lucha-contra-coronavirus\\\/\"]}]},{\"@type\":\"ImageObject\",\"inLanguage\":\"es\",\"@id\":\"https:\\\/\\\/www.eldiario.net\\\/portal\\\/2021\\\/06\\\/30\\\/fallece-diputado-tras-larga-lucha-contra-coronavirus\\\/#primaryimage\",\"url\":\"\",\"contentUrl\":\"\"},{\"@type\":\"BreadcrumbList\",\"@id\":\"https:\\\/\\\/www.eldiario.net\\\/portal\\\/2021\\\/06\\\/30\\\/fallece-diputado-tras-larga-lucha-contra-coronavirus\\\/#breadcrumb\",\"itemListElement\":[{\"@type\":\"ListItem\",\"position\":1,\"name\":\"Portada\",\"item\":\"https:\\\/\\\/www.eldiario.net\\\/portal\\\/\"},{\"@type\":\"ListItem\",\"position\":2,\"name\":\"Fallece diputado tras larga lucha contra coronavirus\"}]},{\"@type\":\"WebSite\",\"@id\":\"https:\\\/\\\/www.eldiario.net\\\/portal\\\/#website\",\"url\":\"https:\\\/\\\/www.eldiario.net\\\/portal\\\/\",\"name\":\"El Diario - Decano de la prensa nacional\",\"description\":\"El Diario - Decano de la prensa nacional\",\"publisher\":{\"@id\":\"https:\\\/\\\/www.eldiario.net\\\/portal\\\/#organization\"},\"potentialAction\":[{\"@type\":\"SearchAction\",\"target\":{\"@type\":\"EntryPoint\",\"urlTemplate\":\"https:\\\/\\\/www.eldiario.net\\\/portal\\\/?s={search_term_string}\"},\"query-input\":{\"@type\":\"PropertyValueSpecification\",\"valueRequired\":true,\"valueName\":\"search_term_string\"}}],\"inLanguage\":\"es\"},{\"@type\":\"Organization\",\"@id\":\"https:\\\/\\\/www.eldiario.net\\\/portal\\\/#organization\",\"name\":\"El Diario - Decano de la prensa nacional\",\"url\":\"https:\\\/\\\/www.eldiario.net\\\/portal\\\/\",\"logo\":{\"@type\":\"ImageObject\",\"inLanguage\":\"es\",\"@id\":\"https:\\\/\\\/www.eldiario.net\\\/portal\\\/#\\\/schema\\\/logo\\\/image\\\/\",\"url\":\"https:\\\/\\\/www.eldiario.net\\\/portal\\\/wp-content\\\/uploads\\\/2023\\\/07\\\/logo_ED.jpg\",\"contentUrl\":\"https:\\\/\\\/www.eldiario.net\\\/portal\\\/wp-content\\\/uploads\\\/2023\\\/07\\\/logo_ED.jpg\",\"width\":272,\"height\":52,\"caption\":\"El Diario - Decano de la prensa nacional\"},\"image\":{\"@id\":\"https:\\\/\\\/www.eldiario.net\\\/portal\\\/#\\\/schema\\\/logo\\\/image\\\/\"},\"sameAs\":[\"https:\\\/\\\/www.facebook.com\\\/eldiario.bolivia\\\/\",\"https:\\\/\\\/x.com\\\/eldiario_net\"]},{\"@type\":\"Person\",\"@id\":\"https:\\\/\\\/www.eldiario.net\\\/portal\\\/#\\\/schema\\\/person\\\/2c57cf2b7a7ae032e449e4c9b1019eac\",\"name\":\"Jeanette\",\"image\":{\"@type\":\"ImageObject\",\"inLanguage\":\"es\",\"@id\":\"https:\\\/\\\/secure.gravatar.com\\\/avatar\\\/3ea2118a5f7dad2b7138b1187a6b7ee55f160b9968b66013c3a3ef39dd7e5798?s=96&d=mm&r=g\",\"url\":\"https:\\\/\\\/secure.gravatar.com\\\/avatar\\\/3ea2118a5f7dad2b7138b1187a6b7ee55f160b9968b66013c3a3ef39dd7e5798?s=96&d=mm&r=g\",\"contentUrl\":\"https:\\\/\\\/secure.gravatar.com\\\/avatar\\\/3ea2118a5f7dad2b7138b1187a6b7ee55f160b9968b66013c3a3ef39dd7e5798?s=96&d=mm&r=g\",\"caption\":\"Jeanette\"},\"sameAs\":[\"https:\\\/\\\/www.eldiario.net\\\/portal\"],\"url\":\"https:\\\/\\\/www.eldiario.net\\\/portal\\\/author\\\/jeanette\\\/\"}]}<\/script>\n<!-- \/ Yoast SEO plugin. -->","yoast_head_json":{"title":"Fallece diputado tras larga lucha contra coronavirus - El Diario - Bolivia","robots":{"index":"index","follow":"follow","max-snippet":"max-snippet:-1","max-image-preview":"max-image-preview:large","max-video-preview":"max-video-preview:-1"},"canonical":"https:\/\/www.eldiario.net\/portal\/2021\/06\/30\/fallece-diputado-tras-larga-lucha-contra-coronavirus\/","og_locale":"es_ES","og_type":"article","og_title":"Fallece diputado tras larga lucha contra coronavirus - El Diario - Bolivia","og_description":"Luego de varias semanas de internaci\u00f3n en cuidados intensivos a causa de un cuadro grave de covid-19, esta jornada se anunci\u00f3 el deceso del diputado por la agrupaci\u00f3n Comunidad Ciudadana (CC) C\u00e9sar Virguetti Pinto. La dirigencia de esta organizaci\u00f3n pol\u00edtica y legisladores expresaron su pesar ante la irremediable p\u00e9rdida. La ma\u00f1ana de este martes se [&hellip;]","og_url":"https:\/\/www.eldiario.net\/portal\/2021\/06\/30\/fallece-diputado-tras-larga-lucha-contra-coronavirus\/","og_site_name":"El Diario - Bolivia","article_publisher":"https:\/\/www.facebook.com\/eldiario.bolivia\/","article_published_time":"2021-06-30T10:03:10+00:00","author":"Jeanette","twitter_card":"summary_large_image","twitter_creator":"@eldiario_net","twitter_site":"@eldiario_net","twitter_misc":{"Escrito por":"Jeanette","Tiempo de lectura":"2 minutos"},"schema":{"@context":"https:\/\/schema.org","@graph":[{"@type":"Article","@id":"https:\/\/www.eldiario.net\/portal\/2021\/06\/30\/fallece-diputado-tras-larga-lucha-contra-coronavirus\/#article","isPartOf":{"@id":"https:\/\/www.eldiario.net\/portal\/2021\/06\/30\/fallece-diputado-tras-larga-lucha-contra-coronavirus\/"},"author":{"name":"Jeanette","@id":"https:\/\/www.eldiario.net\/portal\/#\/schema\/person\/2c57cf2b7a7ae032e449e4c9b1019eac"},"headline":"Fallece diputado tras larga lucha contra coronavirus","datePublished":"2021-06-30T10:03:10+00:00","mainEntityOfPage":{"@id":"https:\/\/www.eldiario.net\/portal\/2021\/06\/30\/fallece-diputado-tras-larga-lucha-contra-coronavirus\/"},"wordCount":412,"publisher":{"@id":"https:\/\/www.eldiario.net\/portal\/#organization"},"image":{"@id":"https:\/\/www.eldiario.net\/portal\/2021\/06\/30\/fallece-diputado-tras-larga-lucha-contra-coronavirus\/#primaryimage"},"thumbnailUrl":"","articleSection":["Pol\u00edtica"],"inLanguage":"es"},{"@type":"WebPage","@id":"https:\/\/www.eldiario.net\/portal\/2021\/06\/30\/fallece-diputado-tras-larga-lucha-contra-coronavirus\/","url":"https:\/\/www.eldiario.net\/portal\/2021\/06\/30\/fallece-diputado-tras-larga-lucha-contra-coronavirus\/","name":"Fallece diputado tras larga lucha contra coronavirus - El Diario - Bolivia","isPartOf":{"@id":"https:\/\/www.eldiario.net\/portal\/#website"},"primaryImageOfPage":{"@id":"https:\/\/www.eldiario.net\/portal\/2021\/06\/30\/fallece-diputado-tras-larga-lucha-contra-coronavirus\/#primaryimage"},"image":{"@id":"https:\/\/www.eldiario.net\/portal\/2021\/06\/30\/fallece-diputado-tras-larga-lucha-contra-coronavirus\/#primaryimage"},"thumbnailUrl":"","datePublished":"2021-06-30T10:03:10+00:00","breadcrumb":{"@id":"https:\/\/www.eldiario.net\/portal\/2021\/06\/30\/fallece-diputado-tras-larga-lucha-contra-coronavirus\/#breadcrumb"},"inLanguage":"es","potentialAction":[{"@type":"ReadAction","target":["https:\/\/www.eldiario.net\/portal\/2021\/06\/30\/fallece-diputado-tras-larga-lucha-contra-coronavirus\/"]}]},{"@type":"ImageObject","inLanguage":"es","@id":"https:\/\/www.eldiario.net\/portal\/2021\/06\/30\/fallece-diputado-tras-larga-lucha-contra-coronavirus\/#primaryimage","url":"","contentUrl":""},{"@type":"BreadcrumbList","@id":"https:\/\/www.eldiario.net\/portal\/2021\/06\/30\/fallece-diputado-tras-larga-lucha-contra-coronavirus\/#breadcrumb","itemListElement":[{"@type":"ListItem","position":1,"name":"Portada","item":"https:\/\/www.eldiario.net\/portal\/"},{"@type":"ListItem","position":2,"name":"Fallece diputado tras larga lucha contra coronavirus"}]},{"@type":"WebSite","@id":"https:\/\/www.eldiario.net\/portal\/#website","url":"https:\/\/www.eldiario.net\/portal\/","name":"El Diario - Decano de la prensa nacional","description":"El Diario - Decano de la prensa nacional","publisher":{"@id":"https:\/\/www.eldiario.net\/portal\/#organization"},"potentialAction":[{"@type":"SearchAction","target":{"@type":"EntryPoint","urlTemplate":"https:\/\/www.eldiario.net\/portal\/?s={search_term_string}"},"query-input":{"@type":"PropertyValueSpecification","valueRequired":true,"valueName":"search_term_string"}}],"inLanguage":"es"},{"@type":"Organization","@id":"https:\/\/www.eldiario.net\/portal\/#organization","name":"El Diario - Decano de la prensa nacional","url":"https:\/\/www.eldiario.net\/portal\/","logo":{"@type":"ImageObject","inLanguage":"es","@id":"https:\/\/www.eldiario.net\/portal\/#\/schema\/logo\/image\/","url":"https:\/\/www.eldiario.net\/portal\/wp-content\/uploads\/2023\/07\/logo_ED.jpg","contentUrl":"https:\/\/www.eldiario.net\/portal\/wp-content\/uploads\/2023\/07\/logo_ED.jpg","width":272,"height":52,"caption":"El Diario - Decano de la prensa nacional"},"image":{"@id":"https:\/\/www.eldiario.net\/portal\/#\/schema\/logo\/image\/"},"sameAs":["https:\/\/www.facebook.com\/eldiario.bolivia\/","https:\/\/x.com\/eldiario_net"]},{"@type":"Person","@id":"https:\/\/www.eldiario.net\/portal\/#\/schema\/person\/2c57cf2b7a7ae032e449e4c9b1019eac","name":"Jeanette","image":{"@type":"ImageObject","inLanguage":"es","@id":"https:\/\/secure.gravatar.com\/avatar\/3ea2118a5f7dad2b7138b1187a6b7ee55f160b9968b66013c3a3ef39dd7e5798?s=96&d=mm&r=g","url":"https:\/\/secure.gravatar.com\/avatar\/3ea2118a5f7dad2b7138b1187a6b7ee55f160b9968b66013c3a3ef39dd7e5798?s=96&d=mm&r=g","contentUrl":"https:\/\/secure.gravatar.com\/avatar\/3ea2118a5f7dad2b7138b1187a6b7ee55f160b9968b66013c3a3ef39dd7e5798?s=96&d=mm&r=g","caption":"Jeanette"},"sameAs":["https:\/\/www.eldiario.net\/portal"],"url":"https:\/\/www.eldiario.net\/portal\/author\/jeanette\/"}]}},"_links":{"self":[{"href":"https:\/\/www.eldiario.net\/portal\/wp-json\/wp\/v2\/posts\/13857","targetHints":{"allow":["GET"]}}],"collection":[{"href":"https:\/\/www.eldiario.net\/portal\/wp-json\/wp\/v2\/posts"}],"about":[{"href":"https:\/\/www.eldiario.net\/portal\/wp-json\/wp\/v2\/types\/post"}],"author":[{"embeddable":true,"href":"https:\/\/www.eldiario.net\/portal\/wp-json\/wp\/v2\/users\/1"}],"replies":[{"embeddable":true,"href":"https:\/\/www.eldiario.net\/portal\/wp-json\/wp\/v2\/comments?post=13857"}],"version-history":[{"count":0,"href":"https:\/\/www.eldiario.net\/portal\/wp-json\/wp\/v2\/posts\/13857\/revisions"}],"wp:attachment":[{"href":"https:\/\/www.eldiario.net\/portal\/wp-json\/wp\/v2\/media?parent=13857"}],"wp:term":[{"taxonomy":"category","embeddable":true,"href":"https:\/\/www.eldiario.net\/portal\/wp-json\/wp\/v2\/categories?post=13857"},{"taxonomy":"post_tag","embeddable":true,"href":"https:\/\/www.eldiario.net\/portal\/wp-json\/wp\/v2\/tags?post=13857"}],"curies":[{"name":"wp","href":"https:\/\/api.w.org\/{rel}","templated":true}]}}