{"id":13854,"date":"2021-06-30T06:01:50","date_gmt":"2021-06-30T10:01:50","guid":{"rendered":"https:\/\/www.eldiario.net\/portal\/?p=13854"},"modified":"2021-06-30T06:01:50","modified_gmt":"2021-06-30T10:01:50","slug":"gobierno-incumple-con-suministro-de-vacunas","status":"publish","type":"post","link":"https:\/\/www.eldiario.net\/portal\/2021\/06\/30\/gobierno-incumple-con-suministro-de-vacunas\/","title":{"rendered":"Gobierno incumple con  suministro de vacunas"},"content":{"rendered":"<p class=\"v1MsoNormal\">El jefe de la bancada parlamentaria de Creemos en Diputados, Erwin Baz\u00e1n, afirm\u00f3 este martes que el incumplimiento del Gobierno del MAS en el suministro de la segunda dosis de la vacuna rusa Sputnik V contra el Covid-19, pone en serio riesgo la salud de los bolivianos, adem\u00e1s de generar da\u00f1o econ\u00f3mico al Estado.<\/p>\n<p class=\"v1MsoNormal\">\u201cNos hemos informado por los medios (de comunicaci\u00f3n) que el Gobierno Nacional no pudo cumplir con los plazos que se fij\u00f3 para aplicar la segunda dosis de la vacuna Sputnik V. Esto pone en serio riesgo la salud de los bolivianos ante la fuerza de la pandemia y hace que pr\u00e1cticamente los vacunados con la primera dosis con Sputnik V tengan que empezar de cero un nuevo plan de vacunaci\u00f3n con dosis de otros fabricantes que hoy est\u00e1n disponibles\u201d, declar\u00f3 el legislador.<\/p>\n<p class=\"v1MsoNormal\">Adem\u00e1s, de exponer la salud de la poblaci\u00f3n por el incumplimiento del Gobierno con su plan de inoculaci\u00f3n, se ha generado un da\u00f1o econ\u00f3mico al Estado con la compra de las primeras dosis, que ahora no tendr\u00e1n efecto con la protecci\u00f3n que se pensaba, pero tambi\u00e9n con el desplazamiento log\u00edstico hasta los lugares donde se lleg\u00f3, agreg\u00f3.<\/p>\n<p class=\"v1MsoNormal\">\u201cVamos a pedir a las autoridades del Ministerio de Salud que brinden de inmediato un informe escrito para conocer las razones por las cu\u00e1les se cometi\u00f3 esta improvisaci\u00f3n que ha causado da\u00f1os econ\u00f3micos al Estado. Se ha jugado con la salud de las personas vacunadas con una sola dosis que no les brinda la protecci\u00f3n que esperaba\u201d, puntualiz\u00f3 Baz\u00e1n.<\/p>\n<p class=\"v1MsoNormal\">Los medios de comunicaci\u00f3n difundieron este martes que del total de las 5,2 millones de dosis de la vacuna Sputnik V contratadas por el Gobierno Central en diciembre del 2020, s\u00f3lo se logr\u00f3 cumplir el 14%, lo que adem\u00e1s implica posponer los plazos del contrato, aspecto que merece acciones concretas por parte de las autoridades nacionales por incumplimiento del contrato, apunt\u00f3 el legislador.<\/p>\n","protected":false},"excerpt":{"rendered":"<p>El jefe de la bancada parlamentaria de Creemos en Diputados, Erwin Baz\u00e1n, afirm\u00f3 este martes que el incumplimiento del Gobierno del MAS en el suministro de la segunda dosis de la vacuna rusa Sputnik V contra el Covid-19, pone en serio riesgo la salud de los bolivianos, adem\u00e1s de generar da\u00f1o econ\u00f3mico al Estado. \u201cNos [&hellip;]<\/p>\n","protected":false},"author":1,"featured_media":13855,"comment_status":"closed","ping_status":"closed","sticky":false,"template":"","format":"standard","meta":{"_acf_changed":false,"footnotes":""},"categories":[14],"tags":[],"class_list":["post-13854","post","type-post","status-publish","format-standard","has-post-thumbnail","category-politica"],"acf":{"antetitulo":""},"yoast_head":"<!-- This site is optimized with the Yoast SEO plugin v28.4 - https:\/\/yoast.com\/product\/yoast-seo-wordpress\/ -->\n<title>Gobierno incumple con suministro de vacunas - El Diario - Bolivia<\/title>\n<meta name=\"robots\" content=\"index, follow, max-snippet:-1, max-image-preview:large, max-video-preview:-1\" \/>\n<link rel=\"canonical\" href=\"https:\/\/www.eldiario.net\/portal\/2021\/06\/30\/gobierno-incumple-con-suministro-de-vacunas\/\" \/>\n<meta property=\"og:locale\" content=\"es_ES\" \/>\n<meta property=\"og:type\" content=\"article\" \/>\n<meta property=\"og:title\" content=\"Gobierno incumple con suministro de vacunas - El Diario - Bolivia\" \/>\n<meta property=\"og:description\" content=\"El jefe de la bancada parlamentaria de Creemos en Diputados, Erwin Baz\u00e1n, afirm\u00f3 este martes que el incumplimiento del Gobierno del MAS en el suministro de la segunda dosis de la vacuna rusa Sputnik V contra el Covid-19, pone en serio riesgo la salud de los bolivianos, adem\u00e1s de generar da\u00f1o econ\u00f3mico al Estado. \u201cNos [&hellip;]\" \/>\n<meta property=\"og:url\" content=\"https:\/\/www.eldiario.net\/portal\/2021\/06\/30\/gobierno-incumple-con-suministro-de-vacunas\/\" \/>\n<meta property=\"og:site_name\" content=\"El Diario - Bolivia\" \/>\n<meta property=\"article:publisher\" content=\"https:\/\/www.facebook.com\/eldiario.bolivia\/\" \/>\n<meta property=\"article:published_time\" content=\"2021-06-30T10:01:50+00:00\" \/>\n<meta name=\"author\" content=\"Jeanette\" \/>\n<meta name=\"twitter:card\" content=\"summary_large_image\" \/>\n<meta name=\"twitter:creator\" content=\"@eldiario_net\" \/>\n<meta name=\"twitter:site\" content=\"@eldiario_net\" \/>\n<meta name=\"twitter:label1\" content=\"Escrito por\" \/>\n\t<meta name=\"twitter:data1\" content=\"Jeanette\" \/>\n\t<meta name=\"twitter:label2\" content=\"Tiempo de lectura\" \/>\n\t<meta name=\"twitter:data2\" content=\"2 minutos\" \/>\n<script type=\"application\/ld+json\" class=\"yoast-schema-graph\">{\"@context\":\"https:\\\/\\\/schema.org\",\"@graph\":[{\"@type\":\"Article\",\"@id\":\"https:\\\/\\\/www.eldiario.net\\\/portal\\\/2021\\\/06\\\/30\\\/gobierno-incumple-con-suministro-de-vacunas\\\/#article\",\"isPartOf\":{\"@id\":\"https:\\\/\\\/www.eldiario.net\\\/portal\\\/2021\\\/06\\\/30\\\/gobierno-incumple-con-suministro-de-vacunas\\\/\"},\"author\":{\"name\":\"Jeanette\",\"@id\":\"https:\\\/\\\/www.eldiario.net\\\/portal\\\/#\\\/schema\\\/person\\\/2c57cf2b7a7ae032e449e4c9b1019eac\"},\"headline\":\"Gobierno incumple con suministro de vacunas\",\"datePublished\":\"2021-06-30T10:01:50+00:00\",\"mainEntityOfPage\":{\"@id\":\"https:\\\/\\\/www.eldiario.net\\\/portal\\\/2021\\\/06\\\/30\\\/gobierno-incumple-con-suministro-de-vacunas\\\/\"},\"wordCount\":344,\"publisher\":{\"@id\":\"https:\\\/\\\/www.eldiario.net\\\/portal\\\/#organization\"},\"image\":{\"@id\":\"https:\\\/\\\/www.eldiario.net\\\/portal\\\/2021\\\/06\\\/30\\\/gobierno-incumple-con-suministro-de-vacunas\\\/#primaryimage\"},\"thumbnailUrl\":\"\",\"articleSection\":[\"Pol\u00edtica\"],\"inLanguage\":\"es\"},{\"@type\":\"WebPage\",\"@id\":\"https:\\\/\\\/www.eldiario.net\\\/portal\\\/2021\\\/06\\\/30\\\/gobierno-incumple-con-suministro-de-vacunas\\\/\",\"url\":\"https:\\\/\\\/www.eldiario.net\\\/portal\\\/2021\\\/06\\\/30\\\/gobierno-incumple-con-suministro-de-vacunas\\\/\",\"name\":\"Gobierno incumple con suministro de vacunas - El Diario - Bolivia\",\"isPartOf\":{\"@id\":\"https:\\\/\\\/www.eldiario.net\\\/portal\\\/#website\"},\"primaryImageOfPage\":{\"@id\":\"https:\\\/\\\/www.eldiario.net\\\/portal\\\/2021\\\/06\\\/30\\\/gobierno-incumple-con-suministro-de-vacunas\\\/#primaryimage\"},\"image\":{\"@id\":\"https:\\\/\\\/www.eldiario.net\\\/portal\\\/2021\\\/06\\\/30\\\/gobierno-incumple-con-suministro-de-vacunas\\\/#primaryimage\"},\"thumbnailUrl\":\"\",\"datePublished\":\"2021-06-30T10:01:50+00:00\",\"breadcrumb\":{\"@id\":\"https:\\\/\\\/www.eldiario.net\\\/portal\\\/2021\\\/06\\\/30\\\/gobierno-incumple-con-suministro-de-vacunas\\\/#breadcrumb\"},\"inLanguage\":\"es\",\"potentialAction\":[{\"@type\":\"ReadAction\",\"target\":[\"https:\\\/\\\/www.eldiario.net\\\/portal\\\/2021\\\/06\\\/30\\\/gobierno-incumple-con-suministro-de-vacunas\\\/\"]}]},{\"@type\":\"ImageObject\",\"inLanguage\":\"es\",\"@id\":\"https:\\\/\\\/www.eldiario.net\\\/portal\\\/2021\\\/06\\\/30\\\/gobierno-incumple-con-suministro-de-vacunas\\\/#primaryimage\",\"url\":\"\",\"contentUrl\":\"\"},{\"@type\":\"BreadcrumbList\",\"@id\":\"https:\\\/\\\/www.eldiario.net\\\/portal\\\/2021\\\/06\\\/30\\\/gobierno-incumple-con-suministro-de-vacunas\\\/#breadcrumb\",\"itemListElement\":[{\"@type\":\"ListItem\",\"position\":1,\"name\":\"Portada\",\"item\":\"https:\\\/\\\/www.eldiario.net\\\/portal\\\/\"},{\"@type\":\"ListItem\",\"position\":2,\"name\":\"Gobierno incumple con suministro de vacunas\"}]},{\"@type\":\"WebSite\",\"@id\":\"https:\\\/\\\/www.eldiario.net\\\/portal\\\/#website\",\"url\":\"https:\\\/\\\/www.eldiario.net\\\/portal\\\/\",\"name\":\"El Diario - Decano de la prensa nacional\",\"description\":\"El Diario - Decano de la prensa nacional\",\"publisher\":{\"@id\":\"https:\\\/\\\/www.eldiario.net\\\/portal\\\/#organization\"},\"potentialAction\":[{\"@type\":\"SearchAction\",\"target\":{\"@type\":\"EntryPoint\",\"urlTemplate\":\"https:\\\/\\\/www.eldiario.net\\\/portal\\\/?s={search_term_string}\"},\"query-input\":{\"@type\":\"PropertyValueSpecification\",\"valueRequired\":true,\"valueName\":\"search_term_string\"}}],\"inLanguage\":\"es\"},{\"@type\":\"Organization\",\"@id\":\"https:\\\/\\\/www.eldiario.net\\\/portal\\\/#organization\",\"name\":\"El Diario - Decano de la prensa nacional\",\"url\":\"https:\\\/\\\/www.eldiario.net\\\/portal\\\/\",\"logo\":{\"@type\":\"ImageObject\",\"inLanguage\":\"es\",\"@id\":\"https:\\\/\\\/www.eldiario.net\\\/portal\\\/#\\\/schema\\\/logo\\\/image\\\/\",\"url\":\"https:\\\/\\\/www.eldiario.net\\\/portal\\\/wp-content\\\/uploads\\\/2023\\\/07\\\/logo_ED.jpg\",\"contentUrl\":\"https:\\\/\\\/www.eldiario.net\\\/portal\\\/wp-content\\\/uploads\\\/2023\\\/07\\\/logo_ED.jpg\",\"width\":272,\"height\":52,\"caption\":\"El Diario - Decano de la prensa nacional\"},\"image\":{\"@id\":\"https:\\\/\\\/www.eldiario.net\\\/portal\\\/#\\\/schema\\\/logo\\\/image\\\/\"},\"sameAs\":[\"https:\\\/\\\/www.facebook.com\\\/eldiario.bolivia\\\/\",\"https:\\\/\\\/x.com\\\/eldiario_net\"]},{\"@type\":\"Person\",\"@id\":\"https:\\\/\\\/www.eldiario.net\\\/portal\\\/#\\\/schema\\\/person\\\/2c57cf2b7a7ae032e449e4c9b1019eac\",\"name\":\"Jeanette\",\"image\":{\"@type\":\"ImageObject\",\"inLanguage\":\"es\",\"@id\":\"https:\\\/\\\/secure.gravatar.com\\\/avatar\\\/3ea2118a5f7dad2b7138b1187a6b7ee55f160b9968b66013c3a3ef39dd7e5798?s=96&d=mm&r=g\",\"url\":\"https:\\\/\\\/secure.gravatar.com\\\/avatar\\\/3ea2118a5f7dad2b7138b1187a6b7ee55f160b9968b66013c3a3ef39dd7e5798?s=96&d=mm&r=g\",\"contentUrl\":\"https:\\\/\\\/secure.gravatar.com\\\/avatar\\\/3ea2118a5f7dad2b7138b1187a6b7ee55f160b9968b66013c3a3ef39dd7e5798?s=96&d=mm&r=g\",\"caption\":\"Jeanette\"},\"sameAs\":[\"https:\\\/\\\/www.eldiario.net\\\/portal\"],\"url\":\"https:\\\/\\\/www.eldiario.net\\\/portal\\\/author\\\/jeanette\\\/\"}]}<\/script>\n<!-- \/ Yoast SEO plugin. -->","yoast_head_json":{"title":"Gobierno incumple con suministro de vacunas - El Diario - Bolivia","robots":{"index":"index","follow":"follow","max-snippet":"max-snippet:-1","max-image-preview":"max-image-preview:large","max-video-preview":"max-video-preview:-1"},"canonical":"https:\/\/www.eldiario.net\/portal\/2021\/06\/30\/gobierno-incumple-con-suministro-de-vacunas\/","og_locale":"es_ES","og_type":"article","og_title":"Gobierno incumple con suministro de vacunas - El Diario - Bolivia","og_description":"El jefe de la bancada parlamentaria de Creemos en Diputados, Erwin Baz\u00e1n, afirm\u00f3 este martes que el incumplimiento del Gobierno del MAS en el suministro de la segunda dosis de la vacuna rusa Sputnik V contra el Covid-19, pone en serio riesgo la salud de los bolivianos, adem\u00e1s de generar da\u00f1o econ\u00f3mico al Estado. \u201cNos [&hellip;]","og_url":"https:\/\/www.eldiario.net\/portal\/2021\/06\/30\/gobierno-incumple-con-suministro-de-vacunas\/","og_site_name":"El Diario - Bolivia","article_publisher":"https:\/\/www.facebook.com\/eldiario.bolivia\/","article_published_time":"2021-06-30T10:01:50+00:00","author":"Jeanette","twitter_card":"summary_large_image","twitter_creator":"@eldiario_net","twitter_site":"@eldiario_net","twitter_misc":{"Escrito por":"Jeanette","Tiempo de lectura":"2 minutos"},"schema":{"@context":"https:\/\/schema.org","@graph":[{"@type":"Article","@id":"https:\/\/www.eldiario.net\/portal\/2021\/06\/30\/gobierno-incumple-con-suministro-de-vacunas\/#article","isPartOf":{"@id":"https:\/\/www.eldiario.net\/portal\/2021\/06\/30\/gobierno-incumple-con-suministro-de-vacunas\/"},"author":{"name":"Jeanette","@id":"https:\/\/www.eldiario.net\/portal\/#\/schema\/person\/2c57cf2b7a7ae032e449e4c9b1019eac"},"headline":"Gobierno incumple con suministro de vacunas","datePublished":"2021-06-30T10:01:50+00:00","mainEntityOfPage":{"@id":"https:\/\/www.eldiario.net\/portal\/2021\/06\/30\/gobierno-incumple-con-suministro-de-vacunas\/"},"wordCount":344,"publisher":{"@id":"https:\/\/www.eldiario.net\/portal\/#organization"},"image":{"@id":"https:\/\/www.eldiario.net\/portal\/2021\/06\/30\/gobierno-incumple-con-suministro-de-vacunas\/#primaryimage"},"thumbnailUrl":"","articleSection":["Pol\u00edtica"],"inLanguage":"es"},{"@type":"WebPage","@id":"https:\/\/www.eldiario.net\/portal\/2021\/06\/30\/gobierno-incumple-con-suministro-de-vacunas\/","url":"https:\/\/www.eldiario.net\/portal\/2021\/06\/30\/gobierno-incumple-con-suministro-de-vacunas\/","name":"Gobierno incumple con suministro de vacunas - El Diario - Bolivia","isPartOf":{"@id":"https:\/\/www.eldiario.net\/portal\/#website"},"primaryImageOfPage":{"@id":"https:\/\/www.eldiario.net\/portal\/2021\/06\/30\/gobierno-incumple-con-suministro-de-vacunas\/#primaryimage"},"image":{"@id":"https:\/\/www.eldiario.net\/portal\/2021\/06\/30\/gobierno-incumple-con-suministro-de-vacunas\/#primaryimage"},"thumbnailUrl":"","datePublished":"2021-06-30T10:01:50+00:00","breadcrumb":{"@id":"https:\/\/www.eldiario.net\/portal\/2021\/06\/30\/gobierno-incumple-con-suministro-de-vacunas\/#breadcrumb"},"inLanguage":"es","potentialAction":[{"@type":"ReadAction","target":["https:\/\/www.eldiario.net\/portal\/2021\/06\/30\/gobierno-incumple-con-suministro-de-vacunas\/"]}]},{"@type":"ImageObject","inLanguage":"es","@id":"https:\/\/www.eldiario.net\/portal\/2021\/06\/30\/gobierno-incumple-con-suministro-de-vacunas\/#primaryimage","url":"","contentUrl":""},{"@type":"BreadcrumbList","@id":"https:\/\/www.eldiario.net\/portal\/2021\/06\/30\/gobierno-incumple-con-suministro-de-vacunas\/#breadcrumb","itemListElement":[{"@type":"ListItem","position":1,"name":"Portada","item":"https:\/\/www.eldiario.net\/portal\/"},{"@type":"ListItem","position":2,"name":"Gobierno incumple con suministro de vacunas"}]},{"@type":"WebSite","@id":"https:\/\/www.eldiario.net\/portal\/#website","url":"https:\/\/www.eldiario.net\/portal\/","name":"El Diario - Decano de la prensa nacional","description":"El Diario - Decano de la prensa nacional","publisher":{"@id":"https:\/\/www.eldiario.net\/portal\/#organization"},"potentialAction":[{"@type":"SearchAction","target":{"@type":"EntryPoint","urlTemplate":"https:\/\/www.eldiario.net\/portal\/?s={search_term_string}"},"query-input":{"@type":"PropertyValueSpecification","valueRequired":true,"valueName":"search_term_string"}}],"inLanguage":"es"},{"@type":"Organization","@id":"https:\/\/www.eldiario.net\/portal\/#organization","name":"El Diario - Decano de la prensa nacional","url":"https:\/\/www.eldiario.net\/portal\/","logo":{"@type":"ImageObject","inLanguage":"es","@id":"https:\/\/www.eldiario.net\/portal\/#\/schema\/logo\/image\/","url":"https:\/\/www.eldiario.net\/portal\/wp-content\/uploads\/2023\/07\/logo_ED.jpg","contentUrl":"https:\/\/www.eldiario.net\/portal\/wp-content\/uploads\/2023\/07\/logo_ED.jpg","width":272,"height":52,"caption":"El Diario - Decano de la prensa nacional"},"image":{"@id":"https:\/\/www.eldiario.net\/portal\/#\/schema\/logo\/image\/"},"sameAs":["https:\/\/www.facebook.com\/eldiario.bolivia\/","https:\/\/x.com\/eldiario_net"]},{"@type":"Person","@id":"https:\/\/www.eldiario.net\/portal\/#\/schema\/person\/2c57cf2b7a7ae032e449e4c9b1019eac","name":"Jeanette","image":{"@type":"ImageObject","inLanguage":"es","@id":"https:\/\/secure.gravatar.com\/avatar\/3ea2118a5f7dad2b7138b1187a6b7ee55f160b9968b66013c3a3ef39dd7e5798?s=96&d=mm&r=g","url":"https:\/\/secure.gravatar.com\/avatar\/3ea2118a5f7dad2b7138b1187a6b7ee55f160b9968b66013c3a3ef39dd7e5798?s=96&d=mm&r=g","contentUrl":"https:\/\/secure.gravatar.com\/avatar\/3ea2118a5f7dad2b7138b1187a6b7ee55f160b9968b66013c3a3ef39dd7e5798?s=96&d=mm&r=g","caption":"Jeanette"},"sameAs":["https:\/\/www.eldiario.net\/portal"],"url":"https:\/\/www.eldiario.net\/portal\/author\/jeanette\/"}]}},"_links":{"self":[{"href":"https:\/\/www.eldiario.net\/portal\/wp-json\/wp\/v2\/posts\/13854","targetHints":{"allow":["GET"]}}],"collection":[{"href":"https:\/\/www.eldiario.net\/portal\/wp-json\/wp\/v2\/posts"}],"about":[{"href":"https:\/\/www.eldiario.net\/portal\/wp-json\/wp\/v2\/types\/post"}],"author":[{"embeddable":true,"href":"https:\/\/www.eldiario.net\/portal\/wp-json\/wp\/v2\/users\/1"}],"replies":[{"embeddable":true,"href":"https:\/\/www.eldiario.net\/portal\/wp-json\/wp\/v2\/comments?post=13854"}],"version-history":[{"count":0,"href":"https:\/\/www.eldiario.net\/portal\/wp-json\/wp\/v2\/posts\/13854\/revisions"}],"wp:attachment":[{"href":"https:\/\/www.eldiario.net\/portal\/wp-json\/wp\/v2\/media?parent=13854"}],"wp:term":[{"taxonomy":"category","embeddable":true,"href":"https:\/\/www.eldiario.net\/portal\/wp-json\/wp\/v2\/categories?post=13854"},{"taxonomy":"post_tag","embeddable":true,"href":"https:\/\/www.eldiario.net\/portal\/wp-json\/wp\/v2\/tags?post=13854"}],"curies":[{"name":"wp","href":"https:\/\/api.w.org\/{rel}","templated":true}]}}