{"id":13851,"date":"2021-06-30T06:00:29","date_gmt":"2021-06-30T10:00:29","guid":{"rendered":"https:\/\/www.eldiario.net\/portal\/?p=13851"},"modified":"2021-06-30T06:00:29","modified_gmt":"2021-06-30T10:00:29","slug":"mesa-denuncia-amenazas-en-su-contra-desde-fiscalia","status":"publish","type":"post","link":"https:\/\/www.eldiario.net\/portal\/2021\/06\/30\/mesa-denuncia-amenazas-en-su-contra-desde-fiscalia\/","title":{"rendered":"Mesa denuncia amenazas en su contra desde Fiscal\u00eda"},"content":{"rendered":"<p>Tras las declaraciones del fiscal Edwin Quispe sobre las futuras acciones de la Fiscal\u00eda en contra del expresidente Carlos Mesa Gisbert dentro las investigaciones en el proceso por un supuesto golpe de Estado en 2019, el exmandatario denunci\u00f3 que desde el poder se contin\u00faa con la intenci\u00f3n de perseguir a opositores utilizando a la justicia.<br \/>\nMediante una publicaci\u00f3n en redes sociales, Mesa cuestion\u00f3 las palabras del secretario general de la Fiscal\u00eda General del Estado, Edwin Quispe, quien manifest\u00f3 que en los siguientes d\u00edas se decidir\u00e1 la forma y condici\u00f3n en que el exmandatario comparezca nuevamente ante la justicia.<br \/>\nSe\u00f1al\u00f3 que con estos anuncios se comprueban las verdaderas intenciones del Movimiento al Socialismo para proseguir con la persecuci\u00f3n pol\u00edtica en contra de exautoridades, opositores y ciudadanos que defendieron la democracia durante las jornadas de movilizaci\u00f3n ciudadana tras el fraude electoral de 2019.<br \/>\n\u201cLa amenaza directa de Edwin Quispe a nombre de la Fiscal\u00eda, en mi contra, muestra la decisi\u00f3n del MAS de continuar la persecuci\u00f3n pol\u00edtica usando la mentira del golpe de Estado\u201d, sostuvo Mesa.<br \/>\nCuestion\u00f3 que se modifiquen los argumentos para amedrentar a opositores, pues se pas\u00f3 de anuncios y declaraciones, a amenazas directas de los propios miembros del Ministerio P\u00fablico.<br \/>\n\u201cCambian su relato embustero por la intimidaci\u00f3n y el hostigamiento de los fiscales. No tenemos miedo\u201d, indic\u00f3.<br \/>\nMediante una conferencia de prensa, el secretario general de la Fiscal\u00eda General del Estado, Edwin Quispe, anunci\u00f3 que en los pr\u00f3ximos d\u00edas la comisi\u00f3n encargada de la investigaci\u00f3n en este caso determinar\u00e1 la condici\u00f3n en que Mesa sea citado nuevamente a prestar declaraci\u00f3n.<br \/>\n\u201cCarlos Mesa ya nos ha mostrado que no va colaborar con la justicia, queda en su conciencia y queda en su irresponsabilidad como ciudadano, el no haber aportado en la investigaci\u00f3n. Ya la comisi\u00f3n decidir\u00e1 en funci\u00f3n a los elementos que tengamos, m\u00e1s las dos declaraciones de esta semana y las pr\u00f3ximas, la condici\u00f3n en la que va comparecer ante la justicia\u201d, dijo.<\/p>\n","protected":false},"excerpt":{"rendered":"<p>Tras las declaraciones del fiscal Edwin Quispe sobre las futuras acciones de la Fiscal\u00eda en contra del expresidente Carlos Mesa Gisbert dentro las investigaciones en el proceso por un supuesto golpe de Estado en 2019, el exmandatario denunci\u00f3 que desde el poder se contin\u00faa con la intenci\u00f3n de perseguir a opositores utilizando a la justicia. [&hellip;]<\/p>\n","protected":false},"author":1,"featured_media":13852,"comment_status":"closed","ping_status":"closed","sticky":false,"template":"","format":"standard","meta":{"_acf_changed":false,"footnotes":""},"categories":[14],"tags":[],"class_list":["post-13851","post","type-post","status-publish","format-standard","has-post-thumbnail","category-politica"],"acf":{"antetitulo":""},"yoast_head":"<!-- This site is optimized with the Yoast SEO plugin v28.4 - https:\/\/yoast.com\/product\/yoast-seo-wordpress\/ -->\n<title>Mesa denuncia amenazas en su contra desde Fiscal\u00eda - El Diario - Bolivia<\/title>\n<meta name=\"robots\" content=\"index, follow, max-snippet:-1, max-image-preview:large, max-video-preview:-1\" \/>\n<link rel=\"canonical\" href=\"https:\/\/www.eldiario.net\/portal\/2021\/06\/30\/mesa-denuncia-amenazas-en-su-contra-desde-fiscalia\/\" \/>\n<meta property=\"og:locale\" content=\"es_ES\" \/>\n<meta property=\"og:type\" content=\"article\" \/>\n<meta property=\"og:title\" content=\"Mesa denuncia amenazas en su contra desde Fiscal\u00eda - El Diario - Bolivia\" \/>\n<meta property=\"og:description\" content=\"Tras las declaraciones del fiscal Edwin Quispe sobre las futuras acciones de la Fiscal\u00eda en contra del expresidente Carlos Mesa Gisbert dentro las investigaciones en el proceso por un supuesto golpe de Estado en 2019, el exmandatario denunci\u00f3 que desde el poder se contin\u00faa con la intenci\u00f3n de perseguir a opositores utilizando a la justicia. [&hellip;]\" \/>\n<meta property=\"og:url\" content=\"https:\/\/www.eldiario.net\/portal\/2021\/06\/30\/mesa-denuncia-amenazas-en-su-contra-desde-fiscalia\/\" \/>\n<meta property=\"og:site_name\" content=\"El Diario - Bolivia\" \/>\n<meta property=\"article:publisher\" content=\"https:\/\/www.facebook.com\/eldiario.bolivia\/\" \/>\n<meta property=\"article:published_time\" content=\"2021-06-30T10:00:29+00:00\" \/>\n<meta name=\"author\" content=\"Jeanette\" \/>\n<meta name=\"twitter:card\" content=\"summary_large_image\" \/>\n<meta name=\"twitter:creator\" content=\"@eldiario_net\" \/>\n<meta name=\"twitter:site\" content=\"@eldiario_net\" \/>\n<meta name=\"twitter:label1\" content=\"Escrito por\" \/>\n\t<meta name=\"twitter:data1\" content=\"Jeanette\" \/>\n\t<meta name=\"twitter:label2\" content=\"Tiempo de lectura\" \/>\n\t<meta name=\"twitter:data2\" content=\"2 minutos\" \/>\n<script type=\"application\/ld+json\" class=\"yoast-schema-graph\">{\"@context\":\"https:\\\/\\\/schema.org\",\"@graph\":[{\"@type\":\"Article\",\"@id\":\"https:\\\/\\\/www.eldiario.net\\\/portal\\\/2021\\\/06\\\/30\\\/mesa-denuncia-amenazas-en-su-contra-desde-fiscalia\\\/#article\",\"isPartOf\":{\"@id\":\"https:\\\/\\\/www.eldiario.net\\\/portal\\\/2021\\\/06\\\/30\\\/mesa-denuncia-amenazas-en-su-contra-desde-fiscalia\\\/\"},\"author\":{\"name\":\"Jeanette\",\"@id\":\"https:\\\/\\\/www.eldiario.net\\\/portal\\\/#\\\/schema\\\/person\\\/2c57cf2b7a7ae032e449e4c9b1019eac\"},\"headline\":\"Mesa denuncia amenazas en su contra desde Fiscal\u00eda\",\"datePublished\":\"2021-06-30T10:00:29+00:00\",\"mainEntityOfPage\":{\"@id\":\"https:\\\/\\\/www.eldiario.net\\\/portal\\\/2021\\\/06\\\/30\\\/mesa-denuncia-amenazas-en-su-contra-desde-fiscalia\\\/\"},\"wordCount\":361,\"publisher\":{\"@id\":\"https:\\\/\\\/www.eldiario.net\\\/portal\\\/#organization\"},\"image\":{\"@id\":\"https:\\\/\\\/www.eldiario.net\\\/portal\\\/2021\\\/06\\\/30\\\/mesa-denuncia-amenazas-en-su-contra-desde-fiscalia\\\/#primaryimage\"},\"thumbnailUrl\":\"\",\"articleSection\":[\"Pol\u00edtica\"],\"inLanguage\":\"es\"},{\"@type\":\"WebPage\",\"@id\":\"https:\\\/\\\/www.eldiario.net\\\/portal\\\/2021\\\/06\\\/30\\\/mesa-denuncia-amenazas-en-su-contra-desde-fiscalia\\\/\",\"url\":\"https:\\\/\\\/www.eldiario.net\\\/portal\\\/2021\\\/06\\\/30\\\/mesa-denuncia-amenazas-en-su-contra-desde-fiscalia\\\/\",\"name\":\"Mesa denuncia amenazas en su contra desde Fiscal\u00eda - El Diario - Bolivia\",\"isPartOf\":{\"@id\":\"https:\\\/\\\/www.eldiario.net\\\/portal\\\/#website\"},\"primaryImageOfPage\":{\"@id\":\"https:\\\/\\\/www.eldiario.net\\\/portal\\\/2021\\\/06\\\/30\\\/mesa-denuncia-amenazas-en-su-contra-desde-fiscalia\\\/#primaryimage\"},\"image\":{\"@id\":\"https:\\\/\\\/www.eldiario.net\\\/portal\\\/2021\\\/06\\\/30\\\/mesa-denuncia-amenazas-en-su-contra-desde-fiscalia\\\/#primaryimage\"},\"thumbnailUrl\":\"\",\"datePublished\":\"2021-06-30T10:00:29+00:00\",\"breadcrumb\":{\"@id\":\"https:\\\/\\\/www.eldiario.net\\\/portal\\\/2021\\\/06\\\/30\\\/mesa-denuncia-amenazas-en-su-contra-desde-fiscalia\\\/#breadcrumb\"},\"inLanguage\":\"es\",\"potentialAction\":[{\"@type\":\"ReadAction\",\"target\":[\"https:\\\/\\\/www.eldiario.net\\\/portal\\\/2021\\\/06\\\/30\\\/mesa-denuncia-amenazas-en-su-contra-desde-fiscalia\\\/\"]}]},{\"@type\":\"ImageObject\",\"inLanguage\":\"es\",\"@id\":\"https:\\\/\\\/www.eldiario.net\\\/portal\\\/2021\\\/06\\\/30\\\/mesa-denuncia-amenazas-en-su-contra-desde-fiscalia\\\/#primaryimage\",\"url\":\"\",\"contentUrl\":\"\"},{\"@type\":\"BreadcrumbList\",\"@id\":\"https:\\\/\\\/www.eldiario.net\\\/portal\\\/2021\\\/06\\\/30\\\/mesa-denuncia-amenazas-en-su-contra-desde-fiscalia\\\/#breadcrumb\",\"itemListElement\":[{\"@type\":\"ListItem\",\"position\":1,\"name\":\"Portada\",\"item\":\"https:\\\/\\\/www.eldiario.net\\\/portal\\\/\"},{\"@type\":\"ListItem\",\"position\":2,\"name\":\"Mesa denuncia amenazas en su contra desde Fiscal\u00eda\"}]},{\"@type\":\"WebSite\",\"@id\":\"https:\\\/\\\/www.eldiario.net\\\/portal\\\/#website\",\"url\":\"https:\\\/\\\/www.eldiario.net\\\/portal\\\/\",\"name\":\"El Diario - Decano de la prensa nacional\",\"description\":\"El Diario - Decano de la prensa nacional\",\"publisher\":{\"@id\":\"https:\\\/\\\/www.eldiario.net\\\/portal\\\/#organization\"},\"potentialAction\":[{\"@type\":\"SearchAction\",\"target\":{\"@type\":\"EntryPoint\",\"urlTemplate\":\"https:\\\/\\\/www.eldiario.net\\\/portal\\\/?s={search_term_string}\"},\"query-input\":{\"@type\":\"PropertyValueSpecification\",\"valueRequired\":true,\"valueName\":\"search_term_string\"}}],\"inLanguage\":\"es\"},{\"@type\":\"Organization\",\"@id\":\"https:\\\/\\\/www.eldiario.net\\\/portal\\\/#organization\",\"name\":\"El Diario - Decano de la prensa nacional\",\"url\":\"https:\\\/\\\/www.eldiario.net\\\/portal\\\/\",\"logo\":{\"@type\":\"ImageObject\",\"inLanguage\":\"es\",\"@id\":\"https:\\\/\\\/www.eldiario.net\\\/portal\\\/#\\\/schema\\\/logo\\\/image\\\/\",\"url\":\"https:\\\/\\\/www.eldiario.net\\\/portal\\\/wp-content\\\/uploads\\\/2023\\\/07\\\/logo_ED.jpg\",\"contentUrl\":\"https:\\\/\\\/www.eldiario.net\\\/portal\\\/wp-content\\\/uploads\\\/2023\\\/07\\\/logo_ED.jpg\",\"width\":272,\"height\":52,\"caption\":\"El Diario - Decano de la prensa nacional\"},\"image\":{\"@id\":\"https:\\\/\\\/www.eldiario.net\\\/portal\\\/#\\\/schema\\\/logo\\\/image\\\/\"},\"sameAs\":[\"https:\\\/\\\/www.facebook.com\\\/eldiario.bolivia\\\/\",\"https:\\\/\\\/x.com\\\/eldiario_net\"]},{\"@type\":\"Person\",\"@id\":\"https:\\\/\\\/www.eldiario.net\\\/portal\\\/#\\\/schema\\\/person\\\/2c57cf2b7a7ae032e449e4c9b1019eac\",\"name\":\"Jeanette\",\"image\":{\"@type\":\"ImageObject\",\"inLanguage\":\"es\",\"@id\":\"https:\\\/\\\/secure.gravatar.com\\\/avatar\\\/3ea2118a5f7dad2b7138b1187a6b7ee55f160b9968b66013c3a3ef39dd7e5798?s=96&d=mm&r=g\",\"url\":\"https:\\\/\\\/secure.gravatar.com\\\/avatar\\\/3ea2118a5f7dad2b7138b1187a6b7ee55f160b9968b66013c3a3ef39dd7e5798?s=96&d=mm&r=g\",\"contentUrl\":\"https:\\\/\\\/secure.gravatar.com\\\/avatar\\\/3ea2118a5f7dad2b7138b1187a6b7ee55f160b9968b66013c3a3ef39dd7e5798?s=96&d=mm&r=g\",\"caption\":\"Jeanette\"},\"sameAs\":[\"https:\\\/\\\/www.eldiario.net\\\/portal\"],\"url\":\"https:\\\/\\\/www.eldiario.net\\\/portal\\\/author\\\/jeanette\\\/\"}]}<\/script>\n<!-- \/ Yoast SEO plugin. -->","yoast_head_json":{"title":"Mesa denuncia amenazas en su contra desde Fiscal\u00eda - El Diario - Bolivia","robots":{"index":"index","follow":"follow","max-snippet":"max-snippet:-1","max-image-preview":"max-image-preview:large","max-video-preview":"max-video-preview:-1"},"canonical":"https:\/\/www.eldiario.net\/portal\/2021\/06\/30\/mesa-denuncia-amenazas-en-su-contra-desde-fiscalia\/","og_locale":"es_ES","og_type":"article","og_title":"Mesa denuncia amenazas en su contra desde Fiscal\u00eda - El Diario - Bolivia","og_description":"Tras las declaraciones del fiscal Edwin Quispe sobre las futuras acciones de la Fiscal\u00eda en contra del expresidente Carlos Mesa Gisbert dentro las investigaciones en el proceso por un supuesto golpe de Estado en 2019, el exmandatario denunci\u00f3 que desde el poder se contin\u00faa con la intenci\u00f3n de perseguir a opositores utilizando a la justicia. [&hellip;]","og_url":"https:\/\/www.eldiario.net\/portal\/2021\/06\/30\/mesa-denuncia-amenazas-en-su-contra-desde-fiscalia\/","og_site_name":"El Diario - Bolivia","article_publisher":"https:\/\/www.facebook.com\/eldiario.bolivia\/","article_published_time":"2021-06-30T10:00:29+00:00","author":"Jeanette","twitter_card":"summary_large_image","twitter_creator":"@eldiario_net","twitter_site":"@eldiario_net","twitter_misc":{"Escrito por":"Jeanette","Tiempo de lectura":"2 minutos"},"schema":{"@context":"https:\/\/schema.org","@graph":[{"@type":"Article","@id":"https:\/\/www.eldiario.net\/portal\/2021\/06\/30\/mesa-denuncia-amenazas-en-su-contra-desde-fiscalia\/#article","isPartOf":{"@id":"https:\/\/www.eldiario.net\/portal\/2021\/06\/30\/mesa-denuncia-amenazas-en-su-contra-desde-fiscalia\/"},"author":{"name":"Jeanette","@id":"https:\/\/www.eldiario.net\/portal\/#\/schema\/person\/2c57cf2b7a7ae032e449e4c9b1019eac"},"headline":"Mesa denuncia amenazas en su contra desde Fiscal\u00eda","datePublished":"2021-06-30T10:00:29+00:00","mainEntityOfPage":{"@id":"https:\/\/www.eldiario.net\/portal\/2021\/06\/30\/mesa-denuncia-amenazas-en-su-contra-desde-fiscalia\/"},"wordCount":361,"publisher":{"@id":"https:\/\/www.eldiario.net\/portal\/#organization"},"image":{"@id":"https:\/\/www.eldiario.net\/portal\/2021\/06\/30\/mesa-denuncia-amenazas-en-su-contra-desde-fiscalia\/#primaryimage"},"thumbnailUrl":"","articleSection":["Pol\u00edtica"],"inLanguage":"es"},{"@type":"WebPage","@id":"https:\/\/www.eldiario.net\/portal\/2021\/06\/30\/mesa-denuncia-amenazas-en-su-contra-desde-fiscalia\/","url":"https:\/\/www.eldiario.net\/portal\/2021\/06\/30\/mesa-denuncia-amenazas-en-su-contra-desde-fiscalia\/","name":"Mesa denuncia amenazas en su contra desde Fiscal\u00eda - El Diario - Bolivia","isPartOf":{"@id":"https:\/\/www.eldiario.net\/portal\/#website"},"primaryImageOfPage":{"@id":"https:\/\/www.eldiario.net\/portal\/2021\/06\/30\/mesa-denuncia-amenazas-en-su-contra-desde-fiscalia\/#primaryimage"},"image":{"@id":"https:\/\/www.eldiario.net\/portal\/2021\/06\/30\/mesa-denuncia-amenazas-en-su-contra-desde-fiscalia\/#primaryimage"},"thumbnailUrl":"","datePublished":"2021-06-30T10:00:29+00:00","breadcrumb":{"@id":"https:\/\/www.eldiario.net\/portal\/2021\/06\/30\/mesa-denuncia-amenazas-en-su-contra-desde-fiscalia\/#breadcrumb"},"inLanguage":"es","potentialAction":[{"@type":"ReadAction","target":["https:\/\/www.eldiario.net\/portal\/2021\/06\/30\/mesa-denuncia-amenazas-en-su-contra-desde-fiscalia\/"]}]},{"@type":"ImageObject","inLanguage":"es","@id":"https:\/\/www.eldiario.net\/portal\/2021\/06\/30\/mesa-denuncia-amenazas-en-su-contra-desde-fiscalia\/#primaryimage","url":"","contentUrl":""},{"@type":"BreadcrumbList","@id":"https:\/\/www.eldiario.net\/portal\/2021\/06\/30\/mesa-denuncia-amenazas-en-su-contra-desde-fiscalia\/#breadcrumb","itemListElement":[{"@type":"ListItem","position":1,"name":"Portada","item":"https:\/\/www.eldiario.net\/portal\/"},{"@type":"ListItem","position":2,"name":"Mesa denuncia amenazas en su contra desde Fiscal\u00eda"}]},{"@type":"WebSite","@id":"https:\/\/www.eldiario.net\/portal\/#website","url":"https:\/\/www.eldiario.net\/portal\/","name":"El Diario - Decano de la prensa nacional","description":"El Diario - Decano de la prensa nacional","publisher":{"@id":"https:\/\/www.eldiario.net\/portal\/#organization"},"potentialAction":[{"@type":"SearchAction","target":{"@type":"EntryPoint","urlTemplate":"https:\/\/www.eldiario.net\/portal\/?s={search_term_string}"},"query-input":{"@type":"PropertyValueSpecification","valueRequired":true,"valueName":"search_term_string"}}],"inLanguage":"es"},{"@type":"Organization","@id":"https:\/\/www.eldiario.net\/portal\/#organization","name":"El Diario - Decano de la prensa nacional","url":"https:\/\/www.eldiario.net\/portal\/","logo":{"@type":"ImageObject","inLanguage":"es","@id":"https:\/\/www.eldiario.net\/portal\/#\/schema\/logo\/image\/","url":"https:\/\/www.eldiario.net\/portal\/wp-content\/uploads\/2023\/07\/logo_ED.jpg","contentUrl":"https:\/\/www.eldiario.net\/portal\/wp-content\/uploads\/2023\/07\/logo_ED.jpg","width":272,"height":52,"caption":"El Diario - Decano de la prensa nacional"},"image":{"@id":"https:\/\/www.eldiario.net\/portal\/#\/schema\/logo\/image\/"},"sameAs":["https:\/\/www.facebook.com\/eldiario.bolivia\/","https:\/\/x.com\/eldiario_net"]},{"@type":"Person","@id":"https:\/\/www.eldiario.net\/portal\/#\/schema\/person\/2c57cf2b7a7ae032e449e4c9b1019eac","name":"Jeanette","image":{"@type":"ImageObject","inLanguage":"es","@id":"https:\/\/secure.gravatar.com\/avatar\/3ea2118a5f7dad2b7138b1187a6b7ee55f160b9968b66013c3a3ef39dd7e5798?s=96&d=mm&r=g","url":"https:\/\/secure.gravatar.com\/avatar\/3ea2118a5f7dad2b7138b1187a6b7ee55f160b9968b66013c3a3ef39dd7e5798?s=96&d=mm&r=g","contentUrl":"https:\/\/secure.gravatar.com\/avatar\/3ea2118a5f7dad2b7138b1187a6b7ee55f160b9968b66013c3a3ef39dd7e5798?s=96&d=mm&r=g","caption":"Jeanette"},"sameAs":["https:\/\/www.eldiario.net\/portal"],"url":"https:\/\/www.eldiario.net\/portal\/author\/jeanette\/"}]}},"_links":{"self":[{"href":"https:\/\/www.eldiario.net\/portal\/wp-json\/wp\/v2\/posts\/13851","targetHints":{"allow":["GET"]}}],"collection":[{"href":"https:\/\/www.eldiario.net\/portal\/wp-json\/wp\/v2\/posts"}],"about":[{"href":"https:\/\/www.eldiario.net\/portal\/wp-json\/wp\/v2\/types\/post"}],"author":[{"embeddable":true,"href":"https:\/\/www.eldiario.net\/portal\/wp-json\/wp\/v2\/users\/1"}],"replies":[{"embeddable":true,"href":"https:\/\/www.eldiario.net\/portal\/wp-json\/wp\/v2\/comments?post=13851"}],"version-history":[{"count":0,"href":"https:\/\/www.eldiario.net\/portal\/wp-json\/wp\/v2\/posts\/13851\/revisions"}],"wp:attachment":[{"href":"https:\/\/www.eldiario.net\/portal\/wp-json\/wp\/v2\/media?parent=13851"}],"wp:term":[{"taxonomy":"category","embeddable":true,"href":"https:\/\/www.eldiario.net\/portal\/wp-json\/wp\/v2\/categories?post=13851"},{"taxonomy":"post_tag","embeddable":true,"href":"https:\/\/www.eldiario.net\/portal\/wp-json\/wp\/v2\/tags?post=13851"}],"curies":[{"name":"wp","href":"https:\/\/api.w.org\/{rel}","templated":true}]}}