{"id":138485,"date":"2023-02-16T06:32:54","date_gmt":"2023-02-16T10:32:54","guid":{"rendered":"https:\/\/www.eldiario.net\/portal\/?p=138485"},"modified":"2023-02-16T06:32:54","modified_gmt":"2023-02-16T10:32:54","slug":"fiscal-general-debe-investigar-denuncias-contra-hijo-de-arce","status":"publish","type":"post","link":"https:\/\/www.eldiario.net\/portal\/2023\/02\/16\/fiscal-general-debe-investigar-denuncias-contra-hijo-de-arce\/","title":{"rendered":"Fiscal General debe investigar  denuncias contra hijo de Arce"},"content":{"rendered":"<p>Destacando las denuncias efectuadas por un legislador oficialista por supuestos \u201cnegociados\u201d en la adjudicaci\u00f3n de proyectos para la explotaci\u00f3n de litio, en los que habr\u00eda incurrido el hijo del presidente del Estado, Luis Arce Catacora, el diputado por Comunidad Ciudadana (CC), Jos\u00e9 Manuel Ormachea, exigi\u00f3 que la Fiscal\u00eda General del Estado (FGE) investigue de oficio posibles irregularidades en contratos estatales.<\/p>\n<p>\u201cEl Fiscal General, le guste o no, sea militante o no, tiene que investigar. Esa es su tarea y misi\u00f3n, est\u00e1 en las normas y en la Constituci\u00f3n. Nosotros no deber\u00edamos ser los que le dicen lo que tiene que hacer, pero lamentablemente muchas veces tenemos que hacerlo\u201d, indic\u00f3 el legislador en declaraciones a la prensa.<\/p>\n<p>Destac\u00f3 la actitud del parlamentario oficialista que denunci\u00f3 estas supuestas irregularidades, pidiendo que se presenten las pruebas suficientes para sustentar acusaciones delicadas contra altas autoridades.<\/p>\n<p>\u201cEsperamos que contin\u00faen las investigaciones y el diputado H\u00e9ctor Arce har\u00eda bien en no tener miedo al poder central en este tipo de irregularidades descubiertas\u201d, se\u00f1alo Ormachea, precisando que este tipo de acusaciones son serias y delicadas por tratarse de altas autoridades que fueron aludidas.<\/p>\n<p>Finaliz\u00f3 apuntando a que ambas partes deben presentar sus descargos para que la justicia pueda definir en base a pruebas confiables.<\/p>\n<p>El martes, H\u00e9ctor Arce Rodriguez, diputado oficialista de ala radical, denunci\u00f3 al hijo del presidente Luis Arce, por supuestamente haber entablado contactos con empresas para establecer \u201cnegociados\u201d, para la explotaci\u00f3n de litio.<\/p>\n","protected":false},"excerpt":{"rendered":"<p>Destacando las denuncias efectuadas por un legislador oficialista por supuestos \u201cnegociados\u201d en la adjudicaci\u00f3n de proyectos para la explotaci\u00f3n de litio, en los que habr\u00eda incurrido el hijo del presidente del Estado, Luis Arce Catacora, el diputado por Comunidad Ciudadana (CC), Jos\u00e9 Manuel Ormachea, exigi\u00f3 que la Fiscal\u00eda General del Estado (FGE) investigue de oficio [&hellip;]<\/p>\n","protected":false},"author":1,"featured_media":138486,"comment_status":"closed","ping_status":"closed","sticky":false,"template":"","format":"standard","meta":{"_acf_changed":false,"footnotes":""},"categories":[15],"tags":[],"class_list":["post-138485","post","type-post","status-publish","format-standard","has-post-thumbnail","category-portada"],"acf":{"antetitulo":""},"yoast_head":"<!-- This site is optimized with the Yoast SEO plugin v28.4 - https:\/\/yoast.com\/product\/yoast-seo-wordpress\/ -->\n<title>Fiscal General debe investigar denuncias contra hijo de Arce - El Diario - Bolivia<\/title>\n<meta name=\"robots\" content=\"index, follow, max-snippet:-1, max-image-preview:large, max-video-preview:-1\" \/>\n<link rel=\"canonical\" href=\"https:\/\/www.eldiario.net\/portal\/2023\/02\/16\/fiscal-general-debe-investigar-denuncias-contra-hijo-de-arce\/\" \/>\n<meta property=\"og:locale\" content=\"es_ES\" \/>\n<meta property=\"og:type\" content=\"article\" \/>\n<meta property=\"og:title\" content=\"Fiscal General debe investigar denuncias contra hijo de Arce - El Diario - Bolivia\" \/>\n<meta property=\"og:description\" content=\"Destacando las denuncias efectuadas por un legislador oficialista por supuestos \u201cnegociados\u201d en la adjudicaci\u00f3n de proyectos para la explotaci\u00f3n de litio, en los que habr\u00eda incurrido el hijo del presidente del Estado, Luis Arce Catacora, el diputado por Comunidad Ciudadana (CC), Jos\u00e9 Manuel Ormachea, exigi\u00f3 que la Fiscal\u00eda General del Estado (FGE) investigue de oficio [&hellip;]\" \/>\n<meta property=\"og:url\" content=\"https:\/\/www.eldiario.net\/portal\/2023\/02\/16\/fiscal-general-debe-investigar-denuncias-contra-hijo-de-arce\/\" \/>\n<meta property=\"og:site_name\" content=\"El Diario - Bolivia\" \/>\n<meta property=\"article:publisher\" content=\"https:\/\/www.facebook.com\/eldiario.bolivia\/\" \/>\n<meta property=\"article:published_time\" content=\"2023-02-16T10:32:54+00:00\" \/>\n<meta name=\"author\" content=\"Jeanette\" \/>\n<meta name=\"twitter:card\" content=\"summary_large_image\" \/>\n<meta name=\"twitter:creator\" content=\"@eldiario_net\" \/>\n<meta name=\"twitter:site\" content=\"@eldiario_net\" \/>\n<meta name=\"twitter:label1\" content=\"Escrito por\" \/>\n\t<meta name=\"twitter:data1\" content=\"Jeanette\" \/>\n\t<meta name=\"twitter:label2\" content=\"Tiempo de lectura\" \/>\n\t<meta name=\"twitter:data2\" content=\"2 minutos\" \/>\n<script type=\"application\/ld+json\" class=\"yoast-schema-graph\">{\"@context\":\"https:\\\/\\\/schema.org\",\"@graph\":[{\"@type\":\"Article\",\"@id\":\"https:\\\/\\\/www.eldiario.net\\\/portal\\\/2023\\\/02\\\/16\\\/fiscal-general-debe-investigar-denuncias-contra-hijo-de-arce\\\/#article\",\"isPartOf\":{\"@id\":\"https:\\\/\\\/www.eldiario.net\\\/portal\\\/2023\\\/02\\\/16\\\/fiscal-general-debe-investigar-denuncias-contra-hijo-de-arce\\\/\"},\"author\":{\"name\":\"Jeanette\",\"@id\":\"https:\\\/\\\/www.eldiario.net\\\/portal\\\/#\\\/schema\\\/person\\\/f46445640444750d7d753ccd04ae01b7\"},\"headline\":\"Fiscal General debe investigar denuncias contra hijo de Arce\",\"datePublished\":\"2023-02-16T10:32:54+00:00\",\"mainEntityOfPage\":{\"@id\":\"https:\\\/\\\/www.eldiario.net\\\/portal\\\/2023\\\/02\\\/16\\\/fiscal-general-debe-investigar-denuncias-contra-hijo-de-arce\\\/\"},\"wordCount\":261,\"publisher\":{\"@id\":\"https:\\\/\\\/www.eldiario.net\\\/portal\\\/#organization\"},\"image\":{\"@id\":\"https:\\\/\\\/www.eldiario.net\\\/portal\\\/2023\\\/02\\\/16\\\/fiscal-general-debe-investigar-denuncias-contra-hijo-de-arce\\\/#primaryimage\"},\"thumbnailUrl\":\"\",\"articleSection\":[\"Portada\"],\"inLanguage\":\"es\"},{\"@type\":\"WebPage\",\"@id\":\"https:\\\/\\\/www.eldiario.net\\\/portal\\\/2023\\\/02\\\/16\\\/fiscal-general-debe-investigar-denuncias-contra-hijo-de-arce\\\/\",\"url\":\"https:\\\/\\\/www.eldiario.net\\\/portal\\\/2023\\\/02\\\/16\\\/fiscal-general-debe-investigar-denuncias-contra-hijo-de-arce\\\/\",\"name\":\"Fiscal General debe investigar denuncias contra hijo de Arce - El Diario - Bolivia\",\"isPartOf\":{\"@id\":\"https:\\\/\\\/www.eldiario.net\\\/portal\\\/#website\"},\"primaryImageOfPage\":{\"@id\":\"https:\\\/\\\/www.eldiario.net\\\/portal\\\/2023\\\/02\\\/16\\\/fiscal-general-debe-investigar-denuncias-contra-hijo-de-arce\\\/#primaryimage\"},\"image\":{\"@id\":\"https:\\\/\\\/www.eldiario.net\\\/portal\\\/2023\\\/02\\\/16\\\/fiscal-general-debe-investigar-denuncias-contra-hijo-de-arce\\\/#primaryimage\"},\"thumbnailUrl\":\"\",\"datePublished\":\"2023-02-16T10:32:54+00:00\",\"breadcrumb\":{\"@id\":\"https:\\\/\\\/www.eldiario.net\\\/portal\\\/2023\\\/02\\\/16\\\/fiscal-general-debe-investigar-denuncias-contra-hijo-de-arce\\\/#breadcrumb\"},\"inLanguage\":\"es\",\"potentialAction\":[{\"@type\":\"ReadAction\",\"target\":[\"https:\\\/\\\/www.eldiario.net\\\/portal\\\/2023\\\/02\\\/16\\\/fiscal-general-debe-investigar-denuncias-contra-hijo-de-arce\\\/\"]}]},{\"@type\":\"ImageObject\",\"inLanguage\":\"es\",\"@id\":\"https:\\\/\\\/www.eldiario.net\\\/portal\\\/2023\\\/02\\\/16\\\/fiscal-general-debe-investigar-denuncias-contra-hijo-de-arce\\\/#primaryimage\",\"url\":\"\",\"contentUrl\":\"\"},{\"@type\":\"BreadcrumbList\",\"@id\":\"https:\\\/\\\/www.eldiario.net\\\/portal\\\/2023\\\/02\\\/16\\\/fiscal-general-debe-investigar-denuncias-contra-hijo-de-arce\\\/#breadcrumb\",\"itemListElement\":[{\"@type\":\"ListItem\",\"position\":1,\"name\":\"Portada\",\"item\":\"https:\\\/\\\/www.eldiario.net\\\/portal\\\/\"},{\"@type\":\"ListItem\",\"position\":2,\"name\":\"Fiscal General debe investigar denuncias contra hijo de Arce\"}]},{\"@type\":\"WebSite\",\"@id\":\"https:\\\/\\\/www.eldiario.net\\\/portal\\\/#website\",\"url\":\"https:\\\/\\\/www.eldiario.net\\\/portal\\\/\",\"name\":\"El Diario - Decano de la prensa nacional\",\"description\":\"El Diario - Decano de la prensa nacional\",\"publisher\":{\"@id\":\"https:\\\/\\\/www.eldiario.net\\\/portal\\\/#organization\"},\"potentialAction\":[{\"@type\":\"SearchAction\",\"target\":{\"@type\":\"EntryPoint\",\"urlTemplate\":\"https:\\\/\\\/www.eldiario.net\\\/portal\\\/?s={search_term_string}\"},\"query-input\":{\"@type\":\"PropertyValueSpecification\",\"valueRequired\":true,\"valueName\":\"search_term_string\"}}],\"inLanguage\":\"es\"},{\"@type\":\"Organization\",\"@id\":\"https:\\\/\\\/www.eldiario.net\\\/portal\\\/#organization\",\"name\":\"El Diario - Decano de la prensa nacional\",\"url\":\"https:\\\/\\\/www.eldiario.net\\\/portal\\\/\",\"logo\":{\"@type\":\"ImageObject\",\"inLanguage\":\"es\",\"@id\":\"https:\\\/\\\/www.eldiario.net\\\/portal\\\/#\\\/schema\\\/logo\\\/image\\\/\",\"url\":\"https:\\\/\\\/www.eldiario.net\\\/portal\\\/wp-content\\\/uploads\\\/2023\\\/07\\\/logo_ED.jpg\",\"contentUrl\":\"https:\\\/\\\/www.eldiario.net\\\/portal\\\/wp-content\\\/uploads\\\/2023\\\/07\\\/logo_ED.jpg\",\"width\":272,\"height\":52,\"caption\":\"El Diario - Decano de la prensa nacional\"},\"image\":{\"@id\":\"https:\\\/\\\/www.eldiario.net\\\/portal\\\/#\\\/schema\\\/logo\\\/image\\\/\"},\"sameAs\":[\"https:\\\/\\\/www.facebook.com\\\/eldiario.bolivia\\\/\",\"https:\\\/\\\/x.com\\\/eldiario_net\"]},{\"@type\":\"Person\",\"@id\":\"https:\\\/\\\/www.eldiario.net\\\/portal\\\/#\\\/schema\\\/person\\\/f46445640444750d7d753ccd04ae01b7\",\"name\":\"Jeanette\",\"image\":{\"@type\":\"ImageObject\",\"inLanguage\":\"es\",\"@id\":\"https:\\\/\\\/secure.gravatar.com\\\/avatar\\\/3ea2118a5f7dad2b7138b1187a6b7ee55f160b9968b66013c3a3ef39dd7e5798?s=96&d=mm&r=g\",\"url\":\"https:\\\/\\\/secure.gravatar.com\\\/avatar\\\/3ea2118a5f7dad2b7138b1187a6b7ee55f160b9968b66013c3a3ef39dd7e5798?s=96&d=mm&r=g\",\"contentUrl\":\"https:\\\/\\\/secure.gravatar.com\\\/avatar\\\/3ea2118a5f7dad2b7138b1187a6b7ee55f160b9968b66013c3a3ef39dd7e5798?s=96&d=mm&r=g\",\"caption\":\"Jeanette\"},\"sameAs\":[\"https:\\\/\\\/www.eldiario.net\\\/portal\"],\"url\":\"https:\\\/\\\/www.eldiario.net\\\/portal\\\/author\\\/jeanette\\\/\"}]}<\/script>\n<!-- \/ Yoast SEO plugin. -->","yoast_head_json":{"title":"Fiscal General debe investigar denuncias contra hijo de Arce - El Diario - Bolivia","robots":{"index":"index","follow":"follow","max-snippet":"max-snippet:-1","max-image-preview":"max-image-preview:large","max-video-preview":"max-video-preview:-1"},"canonical":"https:\/\/www.eldiario.net\/portal\/2023\/02\/16\/fiscal-general-debe-investigar-denuncias-contra-hijo-de-arce\/","og_locale":"es_ES","og_type":"article","og_title":"Fiscal General debe investigar denuncias contra hijo de Arce - El Diario - Bolivia","og_description":"Destacando las denuncias efectuadas por un legislador oficialista por supuestos \u201cnegociados\u201d en la adjudicaci\u00f3n de proyectos para la explotaci\u00f3n de litio, en los que habr\u00eda incurrido el hijo del presidente del Estado, Luis Arce Catacora, el diputado por Comunidad Ciudadana (CC), Jos\u00e9 Manuel Ormachea, exigi\u00f3 que la Fiscal\u00eda General del Estado (FGE) investigue de oficio [&hellip;]","og_url":"https:\/\/www.eldiario.net\/portal\/2023\/02\/16\/fiscal-general-debe-investigar-denuncias-contra-hijo-de-arce\/","og_site_name":"El Diario - Bolivia","article_publisher":"https:\/\/www.facebook.com\/eldiario.bolivia\/","article_published_time":"2023-02-16T10:32:54+00:00","author":"Jeanette","twitter_card":"summary_large_image","twitter_creator":"@eldiario_net","twitter_site":"@eldiario_net","twitter_misc":{"Escrito por":"Jeanette","Tiempo de lectura":"2 minutos"},"schema":{"@context":"https:\/\/schema.org","@graph":[{"@type":"Article","@id":"https:\/\/www.eldiario.net\/portal\/2023\/02\/16\/fiscal-general-debe-investigar-denuncias-contra-hijo-de-arce\/#article","isPartOf":{"@id":"https:\/\/www.eldiario.net\/portal\/2023\/02\/16\/fiscal-general-debe-investigar-denuncias-contra-hijo-de-arce\/"},"author":{"name":"Jeanette","@id":"https:\/\/www.eldiario.net\/portal\/#\/schema\/person\/f46445640444750d7d753ccd04ae01b7"},"headline":"Fiscal General debe investigar denuncias contra hijo de Arce","datePublished":"2023-02-16T10:32:54+00:00","mainEntityOfPage":{"@id":"https:\/\/www.eldiario.net\/portal\/2023\/02\/16\/fiscal-general-debe-investigar-denuncias-contra-hijo-de-arce\/"},"wordCount":261,"publisher":{"@id":"https:\/\/www.eldiario.net\/portal\/#organization"},"image":{"@id":"https:\/\/www.eldiario.net\/portal\/2023\/02\/16\/fiscal-general-debe-investigar-denuncias-contra-hijo-de-arce\/#primaryimage"},"thumbnailUrl":"","articleSection":["Portada"],"inLanguage":"es"},{"@type":"WebPage","@id":"https:\/\/www.eldiario.net\/portal\/2023\/02\/16\/fiscal-general-debe-investigar-denuncias-contra-hijo-de-arce\/","url":"https:\/\/www.eldiario.net\/portal\/2023\/02\/16\/fiscal-general-debe-investigar-denuncias-contra-hijo-de-arce\/","name":"Fiscal General debe investigar denuncias contra hijo de Arce - El Diario - Bolivia","isPartOf":{"@id":"https:\/\/www.eldiario.net\/portal\/#website"},"primaryImageOfPage":{"@id":"https:\/\/www.eldiario.net\/portal\/2023\/02\/16\/fiscal-general-debe-investigar-denuncias-contra-hijo-de-arce\/#primaryimage"},"image":{"@id":"https:\/\/www.eldiario.net\/portal\/2023\/02\/16\/fiscal-general-debe-investigar-denuncias-contra-hijo-de-arce\/#primaryimage"},"thumbnailUrl":"","datePublished":"2023-02-16T10:32:54+00:00","breadcrumb":{"@id":"https:\/\/www.eldiario.net\/portal\/2023\/02\/16\/fiscal-general-debe-investigar-denuncias-contra-hijo-de-arce\/#breadcrumb"},"inLanguage":"es","potentialAction":[{"@type":"ReadAction","target":["https:\/\/www.eldiario.net\/portal\/2023\/02\/16\/fiscal-general-debe-investigar-denuncias-contra-hijo-de-arce\/"]}]},{"@type":"ImageObject","inLanguage":"es","@id":"https:\/\/www.eldiario.net\/portal\/2023\/02\/16\/fiscal-general-debe-investigar-denuncias-contra-hijo-de-arce\/#primaryimage","url":"","contentUrl":""},{"@type":"BreadcrumbList","@id":"https:\/\/www.eldiario.net\/portal\/2023\/02\/16\/fiscal-general-debe-investigar-denuncias-contra-hijo-de-arce\/#breadcrumb","itemListElement":[{"@type":"ListItem","position":1,"name":"Portada","item":"https:\/\/www.eldiario.net\/portal\/"},{"@type":"ListItem","position":2,"name":"Fiscal General debe investigar denuncias contra hijo de Arce"}]},{"@type":"WebSite","@id":"https:\/\/www.eldiario.net\/portal\/#website","url":"https:\/\/www.eldiario.net\/portal\/","name":"El Diario - Decano de la prensa nacional","description":"El Diario - Decano de la prensa nacional","publisher":{"@id":"https:\/\/www.eldiario.net\/portal\/#organization"},"potentialAction":[{"@type":"SearchAction","target":{"@type":"EntryPoint","urlTemplate":"https:\/\/www.eldiario.net\/portal\/?s={search_term_string}"},"query-input":{"@type":"PropertyValueSpecification","valueRequired":true,"valueName":"search_term_string"}}],"inLanguage":"es"},{"@type":"Organization","@id":"https:\/\/www.eldiario.net\/portal\/#organization","name":"El Diario - Decano de la prensa nacional","url":"https:\/\/www.eldiario.net\/portal\/","logo":{"@type":"ImageObject","inLanguage":"es","@id":"https:\/\/www.eldiario.net\/portal\/#\/schema\/logo\/image\/","url":"https:\/\/www.eldiario.net\/portal\/wp-content\/uploads\/2023\/07\/logo_ED.jpg","contentUrl":"https:\/\/www.eldiario.net\/portal\/wp-content\/uploads\/2023\/07\/logo_ED.jpg","width":272,"height":52,"caption":"El Diario - Decano de la prensa nacional"},"image":{"@id":"https:\/\/www.eldiario.net\/portal\/#\/schema\/logo\/image\/"},"sameAs":["https:\/\/www.facebook.com\/eldiario.bolivia\/","https:\/\/x.com\/eldiario_net"]},{"@type":"Person","@id":"https:\/\/www.eldiario.net\/portal\/#\/schema\/person\/f46445640444750d7d753ccd04ae01b7","name":"Jeanette","image":{"@type":"ImageObject","inLanguage":"es","@id":"https:\/\/secure.gravatar.com\/avatar\/3ea2118a5f7dad2b7138b1187a6b7ee55f160b9968b66013c3a3ef39dd7e5798?s=96&d=mm&r=g","url":"https:\/\/secure.gravatar.com\/avatar\/3ea2118a5f7dad2b7138b1187a6b7ee55f160b9968b66013c3a3ef39dd7e5798?s=96&d=mm&r=g","contentUrl":"https:\/\/secure.gravatar.com\/avatar\/3ea2118a5f7dad2b7138b1187a6b7ee55f160b9968b66013c3a3ef39dd7e5798?s=96&d=mm&r=g","caption":"Jeanette"},"sameAs":["https:\/\/www.eldiario.net\/portal"],"url":"https:\/\/www.eldiario.net\/portal\/author\/jeanette\/"}]}},"_links":{"self":[{"href":"https:\/\/www.eldiario.net\/portal\/wp-json\/wp\/v2\/posts\/138485","targetHints":{"allow":["GET"]}}],"collection":[{"href":"https:\/\/www.eldiario.net\/portal\/wp-json\/wp\/v2\/posts"}],"about":[{"href":"https:\/\/www.eldiario.net\/portal\/wp-json\/wp\/v2\/types\/post"}],"author":[{"embeddable":true,"href":"https:\/\/www.eldiario.net\/portal\/wp-json\/wp\/v2\/users\/1"}],"replies":[{"embeddable":true,"href":"https:\/\/www.eldiario.net\/portal\/wp-json\/wp\/v2\/comments?post=138485"}],"version-history":[{"count":0,"href":"https:\/\/www.eldiario.net\/portal\/wp-json\/wp\/v2\/posts\/138485\/revisions"}],"wp:attachment":[{"href":"https:\/\/www.eldiario.net\/portal\/wp-json\/wp\/v2\/media?parent=138485"}],"wp:term":[{"taxonomy":"category","embeddable":true,"href":"https:\/\/www.eldiario.net\/portal\/wp-json\/wp\/v2\/categories?post=138485"},{"taxonomy":"post_tag","embeddable":true,"href":"https:\/\/www.eldiario.net\/portal\/wp-json\/wp\/v2\/tags?post=138485"}],"curies":[{"name":"wp","href":"https:\/\/api.w.org\/{rel}","templated":true}]}}