{"id":138479,"date":"2023-02-16T06:31:01","date_gmt":"2023-02-16T10:31:01","guid":{"rendered":"https:\/\/www.eldiario.net\/portal\/?p=138479"},"modified":"2023-02-16T06:31:01","modified_gmt":"2023-02-16T10:31:01","slug":"procuraduria-ahora-tambien-pide-juicio-a-vocales-del-tse","status":"publish","type":"post","link":"https:\/\/www.eldiario.net\/portal\/2023\/02\/16\/procuraduria-ahora-tambien-pide-juicio-a-vocales-del-tse\/","title":{"rendered":"Procuradur\u00eda ahora tambi\u00e9n pide juicio a vocales del TSE"},"content":{"rendered":"<p>La Procuradur\u00eda General del Estado (PGE) mediante una recomendaci\u00f3n afirma que el \u00d3rgano Electoral, al haber decidido suspender el sistema de Difusi\u00f3n de Resultados Preliminares Direpre, horas antes de dar inicio a las elecciones generales de la gesti\u00f3n 2020, hubiese ocasionado otra convulsi\u00f3n en el pa\u00eds, tal como sucedi\u00f3 el 2019, por ser atentatoria contra la democracia. Y pide acciones legales en contra de las y los vocales que avalaron esa decisi\u00f3n.<\/p>\n<p>\u201cLa decisi\u00f3n tomada por el TSE de efectuar la suspensi\u00f3n del Direpre horas antes de dar inicio a las elecciones generales de la gesti\u00f3n 2020, demostr\u00f3 dejadez y negligencia por parte de la Sala Plena, al tomar la decisi\u00f3n a destiempo, inoportunamente y pudiendo haber ocasionado otra convulsi\u00f3n en el pa\u00eds, siendo la misma atentatoria contra la democracia por todos los antecedentes ocurridos en las elecciones generales de 2019\u201d, se\u00f1ala partes salientes de la recomendaci\u00f3n.<\/p>\n<p>Mediante la recomendaci\u00f3n procuradurial 9\/2023 del 10 de febrero, a la que accedi\u00f3 Br\u00fajula Digital, dirigida al presidente del Tribunal Supremo Electoral, \u00d3scar Hassenteulfel, el procurador General del Estado, Wilfredo Ch\u00e1vez -ex abogado de Evo Morales- tambi\u00e9n plantea \u201cproceder a iniciar las acciones legales correspondientes, contra los que avalaron la decisi\u00f3n en cuesti\u00f3n\u201d.<\/p>\n<p>El Direpre fue creado para brindar los resultados iniciales de la votaci\u00f3n del 18 de octubre de 2020, que reemplaz\u00f3 a la Transmisi\u00f3n de Resultados Preliminares (TREP), que fue muy cuestionado en las elecciones de 2019, anuladas tras la protesta social a nivel nacional, tras confirmarse el fraude electoral por parte de la Organizaci\u00f3n de Estados Americanos (OEA), que identific\u00f3 irregularidades en todas las etapas del proceso electoral.<\/p>\n<p>\u201cEs necesario hacer notar que el TREP, el cual se intent\u00f3 implementar en las elecciones generales de octubre de 2019, no era un c\u00f3mputo ni conteo oficial, ni mucho menos vinculante, el solo ten\u00eda el objetivo de dar a conocer en el menor tiempo posible los resultados preliminares hasta el 85% de las elecciones, pero este sistema al no ser un sistema oficial no remplazaba un complementa el c\u00f3mputo legal y definitivo de los resultados\u201d, indica la recomendaci\u00f3n.<\/p>\n<p>La PGE tom\u00f3 conocimiento sobre la suspensi\u00f3n del sistema Direpre por parte del OEP a v\u00edsperas de las elecciones de 18 de octubre de 2020, al ser el mismo un hecho p\u00fablico de conocimiento nacional, en ese sentido y con la finalidad de efectuar un an\u00e1lisis jur\u00eddico del por qu\u00e9 se efectu\u00f3 la suspensi\u00f3n se\u00f1alada procedi\u00f3 a emitir un requerimiento procuradurial CITE: APIPN 3\/2021 dirigida al \u00d3rgano Electoral.<\/p>\n<p>En ese contexto, el OEP emiti\u00f3 la nota TSE-PRES-DNJ 043\/2021 del 15 de enero de 2021 por Salvador Romero Ballivi\u00e1n, presidente del TSE, donde establece la documentaci\u00f3n solicitada, que requiere del trabajo de distintas \u00e1reas operativas del TSE, solicitando la ampliaci\u00f3n del plazo para responder al requerimiento mencionado en el p\u00e1rrafo anterior.<\/p>\n<p>A su vez, la PGE se\u00f1ala que Romero present\u00f3 la contrataci\u00f3n del sistema realizado por el Programa de Naciones Unidas para el Desarrollo (PNUD) en el marco del convenio suscrito con el TSE BOL\/119073: Proyecto Cultura de Paz y Fortalecimiento del \u00d3rgano Electoral Plurinacional\u201d.<\/p>\n<p>Tambi\u00e9n present\u00f3 la adjudicaci\u00f3n de sistema a favor de la empresa Reckon Digital con recursos de dicho organismo internacional o de los pa\u00edses donantes que apoyan el proyecto, as\u00ed como informaci\u00f3n sobre el desarrollo del sistema propio de difusi\u00f3n de resultados preliminares con apoyo de la Fundaci\u00f3n Internacionales para Sistemas Electorales (IFES), entre otros documentos. (Br\u00fajula Digital)<\/p>\n","protected":false},"excerpt":{"rendered":"<p>La Procuradur\u00eda General del Estado (PGE) mediante una recomendaci\u00f3n afirma que el \u00d3rgano Electoral, al haber decidido suspender el sistema de Difusi\u00f3n de Resultados Preliminares Direpre, horas antes de dar inicio a las elecciones generales de la gesti\u00f3n 2020, hubiese ocasionado otra convulsi\u00f3n en el pa\u00eds, tal como sucedi\u00f3 el 2019, por ser atentatoria contra [&hellip;]<\/p>\n","protected":false},"author":1,"featured_media":138480,"comment_status":"closed","ping_status":"closed","sticky":false,"template":"","format":"standard","meta":{"_acf_changed":false,"footnotes":""},"categories":[15],"tags":[],"class_list":["post-138479","post","type-post","status-publish","format-standard","has-post-thumbnail","category-portada"],"acf":{"antetitulo":""},"yoast_head":"<!-- This site is optimized with the Yoast SEO plugin v28.4 - https:\/\/yoast.com\/product\/yoast-seo-wordpress\/ -->\n<title>Procuradur\u00eda ahora tambi\u00e9n pide juicio a vocales del TSE - El Diario - Bolivia<\/title>\n<meta name=\"robots\" content=\"index, follow, max-snippet:-1, max-image-preview:large, max-video-preview:-1\" \/>\n<link rel=\"canonical\" href=\"https:\/\/www.eldiario.net\/portal\/2023\/02\/16\/procuraduria-ahora-tambien-pide-juicio-a-vocales-del-tse\/\" \/>\n<meta property=\"og:locale\" content=\"es_ES\" \/>\n<meta property=\"og:type\" content=\"article\" \/>\n<meta property=\"og:title\" content=\"Procuradur\u00eda ahora tambi\u00e9n pide juicio a vocales del TSE - El Diario - Bolivia\" \/>\n<meta property=\"og:description\" content=\"La Procuradur\u00eda General del Estado (PGE) mediante una recomendaci\u00f3n afirma que el \u00d3rgano Electoral, al haber decidido suspender el sistema de Difusi\u00f3n de Resultados Preliminares Direpre, horas antes de dar inicio a las elecciones generales de la gesti\u00f3n 2020, hubiese ocasionado otra convulsi\u00f3n en el pa\u00eds, tal como sucedi\u00f3 el 2019, por ser atentatoria contra [&hellip;]\" \/>\n<meta property=\"og:url\" content=\"https:\/\/www.eldiario.net\/portal\/2023\/02\/16\/procuraduria-ahora-tambien-pide-juicio-a-vocales-del-tse\/\" \/>\n<meta property=\"og:site_name\" content=\"El Diario - Bolivia\" \/>\n<meta property=\"article:publisher\" content=\"https:\/\/www.facebook.com\/eldiario.bolivia\/\" \/>\n<meta property=\"article:published_time\" content=\"2023-02-16T10:31:01+00:00\" \/>\n<meta name=\"author\" content=\"Jeanette\" \/>\n<meta name=\"twitter:card\" content=\"summary_large_image\" \/>\n<meta name=\"twitter:creator\" content=\"@eldiario_net\" \/>\n<meta name=\"twitter:site\" content=\"@eldiario_net\" \/>\n<meta name=\"twitter:label1\" content=\"Escrito por\" \/>\n\t<meta name=\"twitter:data1\" content=\"Jeanette\" \/>\n\t<meta name=\"twitter:label2\" content=\"Tiempo de lectura\" \/>\n\t<meta name=\"twitter:data2\" content=\"3 minutos\" \/>\n<script type=\"application\/ld+json\" class=\"yoast-schema-graph\">{\"@context\":\"https:\\\/\\\/schema.org\",\"@graph\":[{\"@type\":\"Article\",\"@id\":\"https:\\\/\\\/www.eldiario.net\\\/portal\\\/2023\\\/02\\\/16\\\/procuraduria-ahora-tambien-pide-juicio-a-vocales-del-tse\\\/#article\",\"isPartOf\":{\"@id\":\"https:\\\/\\\/www.eldiario.net\\\/portal\\\/2023\\\/02\\\/16\\\/procuraduria-ahora-tambien-pide-juicio-a-vocales-del-tse\\\/\"},\"author\":{\"name\":\"Jeanette\",\"@id\":\"https:\\\/\\\/www.eldiario.net\\\/portal\\\/#\\\/schema\\\/person\\\/f46445640444750d7d753ccd04ae01b7\"},\"headline\":\"Procuradur\u00eda ahora tambi\u00e9n pide juicio a vocales del TSE\",\"datePublished\":\"2023-02-16T10:31:01+00:00\",\"mainEntityOfPage\":{\"@id\":\"https:\\\/\\\/www.eldiario.net\\\/portal\\\/2023\\\/02\\\/16\\\/procuraduria-ahora-tambien-pide-juicio-a-vocales-del-tse\\\/\"},\"wordCount\":609,\"publisher\":{\"@id\":\"https:\\\/\\\/www.eldiario.net\\\/portal\\\/#organization\"},\"image\":{\"@id\":\"https:\\\/\\\/www.eldiario.net\\\/portal\\\/2023\\\/02\\\/16\\\/procuraduria-ahora-tambien-pide-juicio-a-vocales-del-tse\\\/#primaryimage\"},\"thumbnailUrl\":\"\",\"articleSection\":[\"Portada\"],\"inLanguage\":\"es\"},{\"@type\":\"WebPage\",\"@id\":\"https:\\\/\\\/www.eldiario.net\\\/portal\\\/2023\\\/02\\\/16\\\/procuraduria-ahora-tambien-pide-juicio-a-vocales-del-tse\\\/\",\"url\":\"https:\\\/\\\/www.eldiario.net\\\/portal\\\/2023\\\/02\\\/16\\\/procuraduria-ahora-tambien-pide-juicio-a-vocales-del-tse\\\/\",\"name\":\"Procuradur\u00eda ahora tambi\u00e9n pide juicio a vocales del TSE - El Diario - Bolivia\",\"isPartOf\":{\"@id\":\"https:\\\/\\\/www.eldiario.net\\\/portal\\\/#website\"},\"primaryImageOfPage\":{\"@id\":\"https:\\\/\\\/www.eldiario.net\\\/portal\\\/2023\\\/02\\\/16\\\/procuraduria-ahora-tambien-pide-juicio-a-vocales-del-tse\\\/#primaryimage\"},\"image\":{\"@id\":\"https:\\\/\\\/www.eldiario.net\\\/portal\\\/2023\\\/02\\\/16\\\/procuraduria-ahora-tambien-pide-juicio-a-vocales-del-tse\\\/#primaryimage\"},\"thumbnailUrl\":\"\",\"datePublished\":\"2023-02-16T10:31:01+00:00\",\"breadcrumb\":{\"@id\":\"https:\\\/\\\/www.eldiario.net\\\/portal\\\/2023\\\/02\\\/16\\\/procuraduria-ahora-tambien-pide-juicio-a-vocales-del-tse\\\/#breadcrumb\"},\"inLanguage\":\"es\",\"potentialAction\":[{\"@type\":\"ReadAction\",\"target\":[\"https:\\\/\\\/www.eldiario.net\\\/portal\\\/2023\\\/02\\\/16\\\/procuraduria-ahora-tambien-pide-juicio-a-vocales-del-tse\\\/\"]}]},{\"@type\":\"ImageObject\",\"inLanguage\":\"es\",\"@id\":\"https:\\\/\\\/www.eldiario.net\\\/portal\\\/2023\\\/02\\\/16\\\/procuraduria-ahora-tambien-pide-juicio-a-vocales-del-tse\\\/#primaryimage\",\"url\":\"\",\"contentUrl\":\"\"},{\"@type\":\"BreadcrumbList\",\"@id\":\"https:\\\/\\\/www.eldiario.net\\\/portal\\\/2023\\\/02\\\/16\\\/procuraduria-ahora-tambien-pide-juicio-a-vocales-del-tse\\\/#breadcrumb\",\"itemListElement\":[{\"@type\":\"ListItem\",\"position\":1,\"name\":\"Portada\",\"item\":\"https:\\\/\\\/www.eldiario.net\\\/portal\\\/\"},{\"@type\":\"ListItem\",\"position\":2,\"name\":\"Procuradur\u00eda ahora tambi\u00e9n pide juicio a vocales del TSE\"}]},{\"@type\":\"WebSite\",\"@id\":\"https:\\\/\\\/www.eldiario.net\\\/portal\\\/#website\",\"url\":\"https:\\\/\\\/www.eldiario.net\\\/portal\\\/\",\"name\":\"El Diario - Decano de la prensa nacional\",\"description\":\"El Diario - Decano de la prensa nacional\",\"publisher\":{\"@id\":\"https:\\\/\\\/www.eldiario.net\\\/portal\\\/#organization\"},\"potentialAction\":[{\"@type\":\"SearchAction\",\"target\":{\"@type\":\"EntryPoint\",\"urlTemplate\":\"https:\\\/\\\/www.eldiario.net\\\/portal\\\/?s={search_term_string}\"},\"query-input\":{\"@type\":\"PropertyValueSpecification\",\"valueRequired\":true,\"valueName\":\"search_term_string\"}}],\"inLanguage\":\"es\"},{\"@type\":\"Organization\",\"@id\":\"https:\\\/\\\/www.eldiario.net\\\/portal\\\/#organization\",\"name\":\"El Diario - Decano de la prensa nacional\",\"url\":\"https:\\\/\\\/www.eldiario.net\\\/portal\\\/\",\"logo\":{\"@type\":\"ImageObject\",\"inLanguage\":\"es\",\"@id\":\"https:\\\/\\\/www.eldiario.net\\\/portal\\\/#\\\/schema\\\/logo\\\/image\\\/\",\"url\":\"https:\\\/\\\/www.eldiario.net\\\/portal\\\/wp-content\\\/uploads\\\/2023\\\/07\\\/logo_ED.jpg\",\"contentUrl\":\"https:\\\/\\\/www.eldiario.net\\\/portal\\\/wp-content\\\/uploads\\\/2023\\\/07\\\/logo_ED.jpg\",\"width\":272,\"height\":52,\"caption\":\"El Diario - Decano de la prensa nacional\"},\"image\":{\"@id\":\"https:\\\/\\\/www.eldiario.net\\\/portal\\\/#\\\/schema\\\/logo\\\/image\\\/\"},\"sameAs\":[\"https:\\\/\\\/www.facebook.com\\\/eldiario.bolivia\\\/\",\"https:\\\/\\\/x.com\\\/eldiario_net\"]},{\"@type\":\"Person\",\"@id\":\"https:\\\/\\\/www.eldiario.net\\\/portal\\\/#\\\/schema\\\/person\\\/f46445640444750d7d753ccd04ae01b7\",\"name\":\"Jeanette\",\"image\":{\"@type\":\"ImageObject\",\"inLanguage\":\"es\",\"@id\":\"https:\\\/\\\/secure.gravatar.com\\\/avatar\\\/3ea2118a5f7dad2b7138b1187a6b7ee55f160b9968b66013c3a3ef39dd7e5798?s=96&d=mm&r=g\",\"url\":\"https:\\\/\\\/secure.gravatar.com\\\/avatar\\\/3ea2118a5f7dad2b7138b1187a6b7ee55f160b9968b66013c3a3ef39dd7e5798?s=96&d=mm&r=g\",\"contentUrl\":\"https:\\\/\\\/secure.gravatar.com\\\/avatar\\\/3ea2118a5f7dad2b7138b1187a6b7ee55f160b9968b66013c3a3ef39dd7e5798?s=96&d=mm&r=g\",\"caption\":\"Jeanette\"},\"sameAs\":[\"https:\\\/\\\/www.eldiario.net\\\/portal\"],\"url\":\"https:\\\/\\\/www.eldiario.net\\\/portal\\\/author\\\/jeanette\\\/\"}]}<\/script>\n<!-- \/ Yoast SEO plugin. -->","yoast_head_json":{"title":"Procuradur\u00eda ahora tambi\u00e9n pide juicio a vocales del TSE - El Diario - Bolivia","robots":{"index":"index","follow":"follow","max-snippet":"max-snippet:-1","max-image-preview":"max-image-preview:large","max-video-preview":"max-video-preview:-1"},"canonical":"https:\/\/www.eldiario.net\/portal\/2023\/02\/16\/procuraduria-ahora-tambien-pide-juicio-a-vocales-del-tse\/","og_locale":"es_ES","og_type":"article","og_title":"Procuradur\u00eda ahora tambi\u00e9n pide juicio a vocales del TSE - El Diario - Bolivia","og_description":"La Procuradur\u00eda General del Estado (PGE) mediante una recomendaci\u00f3n afirma que el \u00d3rgano Electoral, al haber decidido suspender el sistema de Difusi\u00f3n de Resultados Preliminares Direpre, horas antes de dar inicio a las elecciones generales de la gesti\u00f3n 2020, hubiese ocasionado otra convulsi\u00f3n en el pa\u00eds, tal como sucedi\u00f3 el 2019, por ser atentatoria contra [&hellip;]","og_url":"https:\/\/www.eldiario.net\/portal\/2023\/02\/16\/procuraduria-ahora-tambien-pide-juicio-a-vocales-del-tse\/","og_site_name":"El Diario - Bolivia","article_publisher":"https:\/\/www.facebook.com\/eldiario.bolivia\/","article_published_time":"2023-02-16T10:31:01+00:00","author":"Jeanette","twitter_card":"summary_large_image","twitter_creator":"@eldiario_net","twitter_site":"@eldiario_net","twitter_misc":{"Escrito por":"Jeanette","Tiempo de lectura":"3 minutos"},"schema":{"@context":"https:\/\/schema.org","@graph":[{"@type":"Article","@id":"https:\/\/www.eldiario.net\/portal\/2023\/02\/16\/procuraduria-ahora-tambien-pide-juicio-a-vocales-del-tse\/#article","isPartOf":{"@id":"https:\/\/www.eldiario.net\/portal\/2023\/02\/16\/procuraduria-ahora-tambien-pide-juicio-a-vocales-del-tse\/"},"author":{"name":"Jeanette","@id":"https:\/\/www.eldiario.net\/portal\/#\/schema\/person\/f46445640444750d7d753ccd04ae01b7"},"headline":"Procuradur\u00eda ahora tambi\u00e9n pide juicio a vocales del TSE","datePublished":"2023-02-16T10:31:01+00:00","mainEntityOfPage":{"@id":"https:\/\/www.eldiario.net\/portal\/2023\/02\/16\/procuraduria-ahora-tambien-pide-juicio-a-vocales-del-tse\/"},"wordCount":609,"publisher":{"@id":"https:\/\/www.eldiario.net\/portal\/#organization"},"image":{"@id":"https:\/\/www.eldiario.net\/portal\/2023\/02\/16\/procuraduria-ahora-tambien-pide-juicio-a-vocales-del-tse\/#primaryimage"},"thumbnailUrl":"","articleSection":["Portada"],"inLanguage":"es"},{"@type":"WebPage","@id":"https:\/\/www.eldiario.net\/portal\/2023\/02\/16\/procuraduria-ahora-tambien-pide-juicio-a-vocales-del-tse\/","url":"https:\/\/www.eldiario.net\/portal\/2023\/02\/16\/procuraduria-ahora-tambien-pide-juicio-a-vocales-del-tse\/","name":"Procuradur\u00eda ahora tambi\u00e9n pide juicio a vocales del TSE - El Diario - Bolivia","isPartOf":{"@id":"https:\/\/www.eldiario.net\/portal\/#website"},"primaryImageOfPage":{"@id":"https:\/\/www.eldiario.net\/portal\/2023\/02\/16\/procuraduria-ahora-tambien-pide-juicio-a-vocales-del-tse\/#primaryimage"},"image":{"@id":"https:\/\/www.eldiario.net\/portal\/2023\/02\/16\/procuraduria-ahora-tambien-pide-juicio-a-vocales-del-tse\/#primaryimage"},"thumbnailUrl":"","datePublished":"2023-02-16T10:31:01+00:00","breadcrumb":{"@id":"https:\/\/www.eldiario.net\/portal\/2023\/02\/16\/procuraduria-ahora-tambien-pide-juicio-a-vocales-del-tse\/#breadcrumb"},"inLanguage":"es","potentialAction":[{"@type":"ReadAction","target":["https:\/\/www.eldiario.net\/portal\/2023\/02\/16\/procuraduria-ahora-tambien-pide-juicio-a-vocales-del-tse\/"]}]},{"@type":"ImageObject","inLanguage":"es","@id":"https:\/\/www.eldiario.net\/portal\/2023\/02\/16\/procuraduria-ahora-tambien-pide-juicio-a-vocales-del-tse\/#primaryimage","url":"","contentUrl":""},{"@type":"BreadcrumbList","@id":"https:\/\/www.eldiario.net\/portal\/2023\/02\/16\/procuraduria-ahora-tambien-pide-juicio-a-vocales-del-tse\/#breadcrumb","itemListElement":[{"@type":"ListItem","position":1,"name":"Portada","item":"https:\/\/www.eldiario.net\/portal\/"},{"@type":"ListItem","position":2,"name":"Procuradur\u00eda ahora tambi\u00e9n pide juicio a vocales del TSE"}]},{"@type":"WebSite","@id":"https:\/\/www.eldiario.net\/portal\/#website","url":"https:\/\/www.eldiario.net\/portal\/","name":"El Diario - Decano de la prensa nacional","description":"El Diario - Decano de la prensa nacional","publisher":{"@id":"https:\/\/www.eldiario.net\/portal\/#organization"},"potentialAction":[{"@type":"SearchAction","target":{"@type":"EntryPoint","urlTemplate":"https:\/\/www.eldiario.net\/portal\/?s={search_term_string}"},"query-input":{"@type":"PropertyValueSpecification","valueRequired":true,"valueName":"search_term_string"}}],"inLanguage":"es"},{"@type":"Organization","@id":"https:\/\/www.eldiario.net\/portal\/#organization","name":"El Diario - Decano de la prensa nacional","url":"https:\/\/www.eldiario.net\/portal\/","logo":{"@type":"ImageObject","inLanguage":"es","@id":"https:\/\/www.eldiario.net\/portal\/#\/schema\/logo\/image\/","url":"https:\/\/www.eldiario.net\/portal\/wp-content\/uploads\/2023\/07\/logo_ED.jpg","contentUrl":"https:\/\/www.eldiario.net\/portal\/wp-content\/uploads\/2023\/07\/logo_ED.jpg","width":272,"height":52,"caption":"El Diario - Decano de la prensa nacional"},"image":{"@id":"https:\/\/www.eldiario.net\/portal\/#\/schema\/logo\/image\/"},"sameAs":["https:\/\/www.facebook.com\/eldiario.bolivia\/","https:\/\/x.com\/eldiario_net"]},{"@type":"Person","@id":"https:\/\/www.eldiario.net\/portal\/#\/schema\/person\/f46445640444750d7d753ccd04ae01b7","name":"Jeanette","image":{"@type":"ImageObject","inLanguage":"es","@id":"https:\/\/secure.gravatar.com\/avatar\/3ea2118a5f7dad2b7138b1187a6b7ee55f160b9968b66013c3a3ef39dd7e5798?s=96&d=mm&r=g","url":"https:\/\/secure.gravatar.com\/avatar\/3ea2118a5f7dad2b7138b1187a6b7ee55f160b9968b66013c3a3ef39dd7e5798?s=96&d=mm&r=g","contentUrl":"https:\/\/secure.gravatar.com\/avatar\/3ea2118a5f7dad2b7138b1187a6b7ee55f160b9968b66013c3a3ef39dd7e5798?s=96&d=mm&r=g","caption":"Jeanette"},"sameAs":["https:\/\/www.eldiario.net\/portal"],"url":"https:\/\/www.eldiario.net\/portal\/author\/jeanette\/"}]}},"_links":{"self":[{"href":"https:\/\/www.eldiario.net\/portal\/wp-json\/wp\/v2\/posts\/138479","targetHints":{"allow":["GET"]}}],"collection":[{"href":"https:\/\/www.eldiario.net\/portal\/wp-json\/wp\/v2\/posts"}],"about":[{"href":"https:\/\/www.eldiario.net\/portal\/wp-json\/wp\/v2\/types\/post"}],"author":[{"embeddable":true,"href":"https:\/\/www.eldiario.net\/portal\/wp-json\/wp\/v2\/users\/1"}],"replies":[{"embeddable":true,"href":"https:\/\/www.eldiario.net\/portal\/wp-json\/wp\/v2\/comments?post=138479"}],"version-history":[{"count":0,"href":"https:\/\/www.eldiario.net\/portal\/wp-json\/wp\/v2\/posts\/138479\/revisions"}],"wp:attachment":[{"href":"https:\/\/www.eldiario.net\/portal\/wp-json\/wp\/v2\/media?parent=138479"}],"wp:term":[{"taxonomy":"category","embeddable":true,"href":"https:\/\/www.eldiario.net\/portal\/wp-json\/wp\/v2\/categories?post=138479"},{"taxonomy":"post_tag","embeddable":true,"href":"https:\/\/www.eldiario.net\/portal\/wp-json\/wp\/v2\/tags?post=138479"}],"curies":[{"name":"wp","href":"https:\/\/api.w.org\/{rel}","templated":true}]}}