{"id":138476,"date":"2023-02-16T06:29:35","date_gmt":"2023-02-16T10:29:35","guid":{"rendered":"https:\/\/www.eldiario.net\/portal\/?p=138476"},"modified":"2023-02-16T06:29:35","modified_gmt":"2023-02-16T10:29:35","slug":"una-sala-constitucional-definira-si-camacho-continua-como-gobernador","status":"publish","type":"post","link":"https:\/\/www.eldiario.net\/portal\/2023\/02\/16\/una-sala-constitucional-definira-si-camacho-continua-como-gobernador\/","title":{"rendered":"Una sala constitucional definir\u00e1 si Camacho contin\u00faa como gobernador"},"content":{"rendered":"<p>La Sala Constitucional Tercera fij\u00f3 para hoy la audiencia de Acci\u00f3n de Cumplimiento donde se definir\u00e1 si el vicegobernador, Mario Aguilera, asume la suplencia temporal como gobernador del departamento de Santa Cruz, en reemplazo de Luis Fernando Camacho.<\/p>\n<p>La autoridad departamental, actualmente recluido en el pernal de Chonchocoro por el denominado caso \u201cgolpe de Estado I\u201d, ya fue notificado y ahora su defensa aguarda la definici\u00f3n que se tomar\u00e1 mediante el recurso presentado.<\/p>\n<p>La Acci\u00f3n de Cumplimiento fue presentada por asamble\u00edstas del Movimiento al Socialismo (MAS) y seg\u00fan el abogado de Camacho, Christopher Balc\u00e1zar, el oficialismo tiene la intenci\u00f3n de \u201ctomar el control\u201d de la Gobernaci\u00f3n de Santa Cruz.<\/p>\n<p>En varias ocasiones, Aguilera descart\u00f3 poder asumir el cargo de Gobernador debido a que pese a la situaci\u00f3n de detenci\u00f3n preventiva en la que se encuentra Camacho, puede continuar ejerciendo sus funciones.<\/p>\n<p>Desde la Asamblea Legislativa Departamental tambi\u00e9n aseguraron que no se cumpli\u00f3 ninguna de las causales que ameriten la figura de suplencia de Camacho.<\/p>\n<p>El asesor de gesti\u00f3n de la Gobernaci\u00f3n, Efra\u00edn Su\u00e1rez, se\u00f1al\u00f3 que a Camacho le \u201cviolentaron sus derechos constitucionales\u201d en la vida pol\u00edtica y como persona privada de la libertad.<\/p>\n<p>Desde el 30 de diciembre de 2022, el gobernador cruce\u00f1o guarda detenci\u00f3n preventiva en la c\u00e1rcel de Chonchocoro, investigado por el caso golpe de Estado I. (Erbol)<\/p>\n","protected":false},"excerpt":{"rendered":"<p>La Sala Constitucional Tercera fij\u00f3 para hoy la audiencia de Acci\u00f3n de Cumplimiento donde se definir\u00e1 si el vicegobernador, Mario Aguilera, asume la suplencia temporal como gobernador del departamento de Santa Cruz, en reemplazo de Luis Fernando Camacho. La autoridad departamental, actualmente recluido en el pernal de Chonchocoro por el denominado caso \u201cgolpe de Estado [&hellip;]<\/p>\n","protected":false},"author":1,"featured_media":138477,"comment_status":"closed","ping_status":"closed","sticky":false,"template":"","format":"standard","meta":{"_acf_changed":false,"footnotes":""},"categories":[15],"tags":[],"class_list":["post-138476","post","type-post","status-publish","format-standard","has-post-thumbnail","category-portada"],"acf":{"antetitulo":""},"yoast_head":"<!-- This site is optimized with the Yoast SEO plugin v28.4 - https:\/\/yoast.com\/product\/yoast-seo-wordpress\/ -->\n<title>Una sala constitucional definir\u00e1 si Camacho contin\u00faa como gobernador - El Diario - Bolivia<\/title>\n<meta name=\"robots\" content=\"index, follow, max-snippet:-1, max-image-preview:large, max-video-preview:-1\" \/>\n<link rel=\"canonical\" href=\"https:\/\/www.eldiario.net\/portal\/2023\/02\/16\/una-sala-constitucional-definira-si-camacho-continua-como-gobernador\/\" \/>\n<meta property=\"og:locale\" content=\"es_ES\" \/>\n<meta property=\"og:type\" content=\"article\" \/>\n<meta property=\"og:title\" content=\"Una sala constitucional definir\u00e1 si Camacho contin\u00faa como gobernador - El Diario - Bolivia\" \/>\n<meta property=\"og:description\" content=\"La Sala Constitucional Tercera fij\u00f3 para hoy la audiencia de Acci\u00f3n de Cumplimiento donde se definir\u00e1 si el vicegobernador, Mario Aguilera, asume la suplencia temporal como gobernador del departamento de Santa Cruz, en reemplazo de Luis Fernando Camacho. La autoridad departamental, actualmente recluido en el pernal de Chonchocoro por el denominado caso \u201cgolpe de Estado [&hellip;]\" \/>\n<meta property=\"og:url\" content=\"https:\/\/www.eldiario.net\/portal\/2023\/02\/16\/una-sala-constitucional-definira-si-camacho-continua-como-gobernador\/\" \/>\n<meta property=\"og:site_name\" content=\"El Diario - Bolivia\" \/>\n<meta property=\"article:publisher\" content=\"https:\/\/www.facebook.com\/eldiario.bolivia\/\" \/>\n<meta property=\"article:published_time\" content=\"2023-02-16T10:29:35+00:00\" \/>\n<meta name=\"author\" content=\"Jeanette\" \/>\n<meta name=\"twitter:card\" content=\"summary_large_image\" \/>\n<meta name=\"twitter:creator\" content=\"@eldiario_net\" \/>\n<meta name=\"twitter:site\" content=\"@eldiario_net\" \/>\n<meta name=\"twitter:label1\" content=\"Escrito por\" \/>\n\t<meta name=\"twitter:data1\" content=\"Jeanette\" \/>\n\t<meta name=\"twitter:label2\" content=\"Tiempo de lectura\" \/>\n\t<meta name=\"twitter:data2\" content=\"2 minutos\" \/>\n<script type=\"application\/ld+json\" class=\"yoast-schema-graph\">{\"@context\":\"https:\\\/\\\/schema.org\",\"@graph\":[{\"@type\":\"Article\",\"@id\":\"https:\\\/\\\/www.eldiario.net\\\/portal\\\/2023\\\/02\\\/16\\\/una-sala-constitucional-definira-si-camacho-continua-como-gobernador\\\/#article\",\"isPartOf\":{\"@id\":\"https:\\\/\\\/www.eldiario.net\\\/portal\\\/2023\\\/02\\\/16\\\/una-sala-constitucional-definira-si-camacho-continua-como-gobernador\\\/\"},\"author\":{\"name\":\"Jeanette\",\"@id\":\"https:\\\/\\\/www.eldiario.net\\\/portal\\\/#\\\/schema\\\/person\\\/f46445640444750d7d753ccd04ae01b7\"},\"headline\":\"Una sala constitucional definir\u00e1 si Camacho contin\u00faa como gobernador\",\"datePublished\":\"2023-02-16T10:29:35+00:00\",\"mainEntityOfPage\":{\"@id\":\"https:\\\/\\\/www.eldiario.net\\\/portal\\\/2023\\\/02\\\/16\\\/una-sala-constitucional-definira-si-camacho-continua-como-gobernador\\\/\"},\"wordCount\":248,\"publisher\":{\"@id\":\"https:\\\/\\\/www.eldiario.net\\\/portal\\\/#organization\"},\"image\":{\"@id\":\"https:\\\/\\\/www.eldiario.net\\\/portal\\\/2023\\\/02\\\/16\\\/una-sala-constitucional-definira-si-camacho-continua-como-gobernador\\\/#primaryimage\"},\"thumbnailUrl\":\"\",\"articleSection\":[\"Portada\"],\"inLanguage\":\"es\"},{\"@type\":\"WebPage\",\"@id\":\"https:\\\/\\\/www.eldiario.net\\\/portal\\\/2023\\\/02\\\/16\\\/una-sala-constitucional-definira-si-camacho-continua-como-gobernador\\\/\",\"url\":\"https:\\\/\\\/www.eldiario.net\\\/portal\\\/2023\\\/02\\\/16\\\/una-sala-constitucional-definira-si-camacho-continua-como-gobernador\\\/\",\"name\":\"Una sala constitucional definir\u00e1 si Camacho contin\u00faa como gobernador - El Diario - Bolivia\",\"isPartOf\":{\"@id\":\"https:\\\/\\\/www.eldiario.net\\\/portal\\\/#website\"},\"primaryImageOfPage\":{\"@id\":\"https:\\\/\\\/www.eldiario.net\\\/portal\\\/2023\\\/02\\\/16\\\/una-sala-constitucional-definira-si-camacho-continua-como-gobernador\\\/#primaryimage\"},\"image\":{\"@id\":\"https:\\\/\\\/www.eldiario.net\\\/portal\\\/2023\\\/02\\\/16\\\/una-sala-constitucional-definira-si-camacho-continua-como-gobernador\\\/#primaryimage\"},\"thumbnailUrl\":\"\",\"datePublished\":\"2023-02-16T10:29:35+00:00\",\"breadcrumb\":{\"@id\":\"https:\\\/\\\/www.eldiario.net\\\/portal\\\/2023\\\/02\\\/16\\\/una-sala-constitucional-definira-si-camacho-continua-como-gobernador\\\/#breadcrumb\"},\"inLanguage\":\"es\",\"potentialAction\":[{\"@type\":\"ReadAction\",\"target\":[\"https:\\\/\\\/www.eldiario.net\\\/portal\\\/2023\\\/02\\\/16\\\/una-sala-constitucional-definira-si-camacho-continua-como-gobernador\\\/\"]}]},{\"@type\":\"ImageObject\",\"inLanguage\":\"es\",\"@id\":\"https:\\\/\\\/www.eldiario.net\\\/portal\\\/2023\\\/02\\\/16\\\/una-sala-constitucional-definira-si-camacho-continua-como-gobernador\\\/#primaryimage\",\"url\":\"\",\"contentUrl\":\"\"},{\"@type\":\"BreadcrumbList\",\"@id\":\"https:\\\/\\\/www.eldiario.net\\\/portal\\\/2023\\\/02\\\/16\\\/una-sala-constitucional-definira-si-camacho-continua-como-gobernador\\\/#breadcrumb\",\"itemListElement\":[{\"@type\":\"ListItem\",\"position\":1,\"name\":\"Portada\",\"item\":\"https:\\\/\\\/www.eldiario.net\\\/portal\\\/\"},{\"@type\":\"ListItem\",\"position\":2,\"name\":\"Una sala constitucional definir\u00e1 si Camacho contin\u00faa como gobernador\"}]},{\"@type\":\"WebSite\",\"@id\":\"https:\\\/\\\/www.eldiario.net\\\/portal\\\/#website\",\"url\":\"https:\\\/\\\/www.eldiario.net\\\/portal\\\/\",\"name\":\"El Diario - Decano de la prensa nacional\",\"description\":\"El Diario - Decano de la prensa nacional\",\"publisher\":{\"@id\":\"https:\\\/\\\/www.eldiario.net\\\/portal\\\/#organization\"},\"potentialAction\":[{\"@type\":\"SearchAction\",\"target\":{\"@type\":\"EntryPoint\",\"urlTemplate\":\"https:\\\/\\\/www.eldiario.net\\\/portal\\\/?s={search_term_string}\"},\"query-input\":{\"@type\":\"PropertyValueSpecification\",\"valueRequired\":true,\"valueName\":\"search_term_string\"}}],\"inLanguage\":\"es\"},{\"@type\":\"Organization\",\"@id\":\"https:\\\/\\\/www.eldiario.net\\\/portal\\\/#organization\",\"name\":\"El Diario - Decano de la prensa nacional\",\"url\":\"https:\\\/\\\/www.eldiario.net\\\/portal\\\/\",\"logo\":{\"@type\":\"ImageObject\",\"inLanguage\":\"es\",\"@id\":\"https:\\\/\\\/www.eldiario.net\\\/portal\\\/#\\\/schema\\\/logo\\\/image\\\/\",\"url\":\"https:\\\/\\\/www.eldiario.net\\\/portal\\\/wp-content\\\/uploads\\\/2023\\\/07\\\/logo_ED.jpg\",\"contentUrl\":\"https:\\\/\\\/www.eldiario.net\\\/portal\\\/wp-content\\\/uploads\\\/2023\\\/07\\\/logo_ED.jpg\",\"width\":272,\"height\":52,\"caption\":\"El Diario - Decano de la prensa nacional\"},\"image\":{\"@id\":\"https:\\\/\\\/www.eldiario.net\\\/portal\\\/#\\\/schema\\\/logo\\\/image\\\/\"},\"sameAs\":[\"https:\\\/\\\/www.facebook.com\\\/eldiario.bolivia\\\/\",\"https:\\\/\\\/x.com\\\/eldiario_net\"]},{\"@type\":\"Person\",\"@id\":\"https:\\\/\\\/www.eldiario.net\\\/portal\\\/#\\\/schema\\\/person\\\/f46445640444750d7d753ccd04ae01b7\",\"name\":\"Jeanette\",\"image\":{\"@type\":\"ImageObject\",\"inLanguage\":\"es\",\"@id\":\"https:\\\/\\\/secure.gravatar.com\\\/avatar\\\/3ea2118a5f7dad2b7138b1187a6b7ee55f160b9968b66013c3a3ef39dd7e5798?s=96&d=mm&r=g\",\"url\":\"https:\\\/\\\/secure.gravatar.com\\\/avatar\\\/3ea2118a5f7dad2b7138b1187a6b7ee55f160b9968b66013c3a3ef39dd7e5798?s=96&d=mm&r=g\",\"contentUrl\":\"https:\\\/\\\/secure.gravatar.com\\\/avatar\\\/3ea2118a5f7dad2b7138b1187a6b7ee55f160b9968b66013c3a3ef39dd7e5798?s=96&d=mm&r=g\",\"caption\":\"Jeanette\"},\"sameAs\":[\"https:\\\/\\\/www.eldiario.net\\\/portal\"],\"url\":\"https:\\\/\\\/www.eldiario.net\\\/portal\\\/author\\\/jeanette\\\/\"}]}<\/script>\n<!-- \/ Yoast SEO plugin. -->","yoast_head_json":{"title":"Una sala constitucional definir\u00e1 si Camacho contin\u00faa como gobernador - El Diario - Bolivia","robots":{"index":"index","follow":"follow","max-snippet":"max-snippet:-1","max-image-preview":"max-image-preview:large","max-video-preview":"max-video-preview:-1"},"canonical":"https:\/\/www.eldiario.net\/portal\/2023\/02\/16\/una-sala-constitucional-definira-si-camacho-continua-como-gobernador\/","og_locale":"es_ES","og_type":"article","og_title":"Una sala constitucional definir\u00e1 si Camacho contin\u00faa como gobernador - El Diario - Bolivia","og_description":"La Sala Constitucional Tercera fij\u00f3 para hoy la audiencia de Acci\u00f3n de Cumplimiento donde se definir\u00e1 si el vicegobernador, Mario Aguilera, asume la suplencia temporal como gobernador del departamento de Santa Cruz, en reemplazo de Luis Fernando Camacho. La autoridad departamental, actualmente recluido en el pernal de Chonchocoro por el denominado caso \u201cgolpe de Estado [&hellip;]","og_url":"https:\/\/www.eldiario.net\/portal\/2023\/02\/16\/una-sala-constitucional-definira-si-camacho-continua-como-gobernador\/","og_site_name":"El Diario - Bolivia","article_publisher":"https:\/\/www.facebook.com\/eldiario.bolivia\/","article_published_time":"2023-02-16T10:29:35+00:00","author":"Jeanette","twitter_card":"summary_large_image","twitter_creator":"@eldiario_net","twitter_site":"@eldiario_net","twitter_misc":{"Escrito por":"Jeanette","Tiempo de lectura":"2 minutos"},"schema":{"@context":"https:\/\/schema.org","@graph":[{"@type":"Article","@id":"https:\/\/www.eldiario.net\/portal\/2023\/02\/16\/una-sala-constitucional-definira-si-camacho-continua-como-gobernador\/#article","isPartOf":{"@id":"https:\/\/www.eldiario.net\/portal\/2023\/02\/16\/una-sala-constitucional-definira-si-camacho-continua-como-gobernador\/"},"author":{"name":"Jeanette","@id":"https:\/\/www.eldiario.net\/portal\/#\/schema\/person\/f46445640444750d7d753ccd04ae01b7"},"headline":"Una sala constitucional definir\u00e1 si Camacho contin\u00faa como gobernador","datePublished":"2023-02-16T10:29:35+00:00","mainEntityOfPage":{"@id":"https:\/\/www.eldiario.net\/portal\/2023\/02\/16\/una-sala-constitucional-definira-si-camacho-continua-como-gobernador\/"},"wordCount":248,"publisher":{"@id":"https:\/\/www.eldiario.net\/portal\/#organization"},"image":{"@id":"https:\/\/www.eldiario.net\/portal\/2023\/02\/16\/una-sala-constitucional-definira-si-camacho-continua-como-gobernador\/#primaryimage"},"thumbnailUrl":"","articleSection":["Portada"],"inLanguage":"es"},{"@type":"WebPage","@id":"https:\/\/www.eldiario.net\/portal\/2023\/02\/16\/una-sala-constitucional-definira-si-camacho-continua-como-gobernador\/","url":"https:\/\/www.eldiario.net\/portal\/2023\/02\/16\/una-sala-constitucional-definira-si-camacho-continua-como-gobernador\/","name":"Una sala constitucional definir\u00e1 si Camacho contin\u00faa como gobernador - El Diario - Bolivia","isPartOf":{"@id":"https:\/\/www.eldiario.net\/portal\/#website"},"primaryImageOfPage":{"@id":"https:\/\/www.eldiario.net\/portal\/2023\/02\/16\/una-sala-constitucional-definira-si-camacho-continua-como-gobernador\/#primaryimage"},"image":{"@id":"https:\/\/www.eldiario.net\/portal\/2023\/02\/16\/una-sala-constitucional-definira-si-camacho-continua-como-gobernador\/#primaryimage"},"thumbnailUrl":"","datePublished":"2023-02-16T10:29:35+00:00","breadcrumb":{"@id":"https:\/\/www.eldiario.net\/portal\/2023\/02\/16\/una-sala-constitucional-definira-si-camacho-continua-como-gobernador\/#breadcrumb"},"inLanguage":"es","potentialAction":[{"@type":"ReadAction","target":["https:\/\/www.eldiario.net\/portal\/2023\/02\/16\/una-sala-constitucional-definira-si-camacho-continua-como-gobernador\/"]}]},{"@type":"ImageObject","inLanguage":"es","@id":"https:\/\/www.eldiario.net\/portal\/2023\/02\/16\/una-sala-constitucional-definira-si-camacho-continua-como-gobernador\/#primaryimage","url":"","contentUrl":""},{"@type":"BreadcrumbList","@id":"https:\/\/www.eldiario.net\/portal\/2023\/02\/16\/una-sala-constitucional-definira-si-camacho-continua-como-gobernador\/#breadcrumb","itemListElement":[{"@type":"ListItem","position":1,"name":"Portada","item":"https:\/\/www.eldiario.net\/portal\/"},{"@type":"ListItem","position":2,"name":"Una sala constitucional definir\u00e1 si Camacho contin\u00faa como gobernador"}]},{"@type":"WebSite","@id":"https:\/\/www.eldiario.net\/portal\/#website","url":"https:\/\/www.eldiario.net\/portal\/","name":"El Diario - Decano de la prensa nacional","description":"El Diario - Decano de la prensa nacional","publisher":{"@id":"https:\/\/www.eldiario.net\/portal\/#organization"},"potentialAction":[{"@type":"SearchAction","target":{"@type":"EntryPoint","urlTemplate":"https:\/\/www.eldiario.net\/portal\/?s={search_term_string}"},"query-input":{"@type":"PropertyValueSpecification","valueRequired":true,"valueName":"search_term_string"}}],"inLanguage":"es"},{"@type":"Organization","@id":"https:\/\/www.eldiario.net\/portal\/#organization","name":"El Diario - Decano de la prensa nacional","url":"https:\/\/www.eldiario.net\/portal\/","logo":{"@type":"ImageObject","inLanguage":"es","@id":"https:\/\/www.eldiario.net\/portal\/#\/schema\/logo\/image\/","url":"https:\/\/www.eldiario.net\/portal\/wp-content\/uploads\/2023\/07\/logo_ED.jpg","contentUrl":"https:\/\/www.eldiario.net\/portal\/wp-content\/uploads\/2023\/07\/logo_ED.jpg","width":272,"height":52,"caption":"El Diario - Decano de la prensa nacional"},"image":{"@id":"https:\/\/www.eldiario.net\/portal\/#\/schema\/logo\/image\/"},"sameAs":["https:\/\/www.facebook.com\/eldiario.bolivia\/","https:\/\/x.com\/eldiario_net"]},{"@type":"Person","@id":"https:\/\/www.eldiario.net\/portal\/#\/schema\/person\/f46445640444750d7d753ccd04ae01b7","name":"Jeanette","image":{"@type":"ImageObject","inLanguage":"es","@id":"https:\/\/secure.gravatar.com\/avatar\/3ea2118a5f7dad2b7138b1187a6b7ee55f160b9968b66013c3a3ef39dd7e5798?s=96&d=mm&r=g","url":"https:\/\/secure.gravatar.com\/avatar\/3ea2118a5f7dad2b7138b1187a6b7ee55f160b9968b66013c3a3ef39dd7e5798?s=96&d=mm&r=g","contentUrl":"https:\/\/secure.gravatar.com\/avatar\/3ea2118a5f7dad2b7138b1187a6b7ee55f160b9968b66013c3a3ef39dd7e5798?s=96&d=mm&r=g","caption":"Jeanette"},"sameAs":["https:\/\/www.eldiario.net\/portal"],"url":"https:\/\/www.eldiario.net\/portal\/author\/jeanette\/"}]}},"_links":{"self":[{"href":"https:\/\/www.eldiario.net\/portal\/wp-json\/wp\/v2\/posts\/138476","targetHints":{"allow":["GET"]}}],"collection":[{"href":"https:\/\/www.eldiario.net\/portal\/wp-json\/wp\/v2\/posts"}],"about":[{"href":"https:\/\/www.eldiario.net\/portal\/wp-json\/wp\/v2\/types\/post"}],"author":[{"embeddable":true,"href":"https:\/\/www.eldiario.net\/portal\/wp-json\/wp\/v2\/users\/1"}],"replies":[{"embeddable":true,"href":"https:\/\/www.eldiario.net\/portal\/wp-json\/wp\/v2\/comments?post=138476"}],"version-history":[{"count":0,"href":"https:\/\/www.eldiario.net\/portal\/wp-json\/wp\/v2\/posts\/138476\/revisions"}],"wp:attachment":[{"href":"https:\/\/www.eldiario.net\/portal\/wp-json\/wp\/v2\/media?parent=138476"}],"wp:term":[{"taxonomy":"category","embeddable":true,"href":"https:\/\/www.eldiario.net\/portal\/wp-json\/wp\/v2\/categories?post=138476"},{"taxonomy":"post_tag","embeddable":true,"href":"https:\/\/www.eldiario.net\/portal\/wp-json\/wp\/v2\/tags?post=138476"}],"curies":[{"name":"wp","href":"https:\/\/api.w.org\/{rel}","templated":true}]}}