{"id":138470,"date":"2023-02-16T06:27:53","date_gmt":"2023-02-16T10:27:53","guid":{"rendered":"https:\/\/www.eldiario.net\/portal\/?p=138470"},"modified":"2023-02-16T06:27:53","modified_gmt":"2023-02-16T10:27:53","slug":"las-enfermedades-son-una-nueva-amenaza-en-turquia","status":"publish","type":"post","link":"https:\/\/www.eldiario.net\/portal\/2023\/02\/16\/las-enfermedades-son-una-nueva-amenaza-en-turquia\/","title":{"rendered":"Las enfermedades son una  nueva amenaza en Turqu\u00eda"},"content":{"rendered":"<p>M\u00e1s de una semana despu\u00e9s de que su casa qued\u00f3 destrozada por el letal terremoto que sacudi\u00f3 el sur de Turqu\u00eda, Mohammad Emin sigue cubierto de polvo y mugre.<\/p>\n<p>Al igual que otras innumerables v\u00edctimas de una cat\u00e1strofe que caus\u00f3 m\u00e1s de 41.000 muertos en Turqu\u00eda y Siria, sigue esperando poder lavarse, afectado por la escasez de agua limpia que, seg\u00fan los organismos sanitarios internacionales, supone un riesgo para la salud p\u00fablica.<\/p>\n<p>\u00abNo hemos podido limpiarnos desde el terremoto\u00bb, dijo Emin, un estudiante de dise\u00f1o gr\u00e1fico de 21 a\u00f1os, mientras llevaba medicamentos para la gripe desde la cl\u00ednica de un estadio al aire libre que sirve de campamento para desplazados en la ciudad de Kahramanmaras.<\/p>\n<p>Con gran parte de la infraestructura sanitaria de la regi\u00f3n da\u00f1ada o inutilizada por los dos terremotos de magnitud 7,8 y 7,6 del pasado lunes, las autoridades sanitarias turcas se enfrentan a una ardua tarea para garantizar que los supervivientes, muchos de ellos sin hogar, permanezcan libres de enfermedades.<\/p>\n<p>Akin Hacioglu, un m\u00e9dico de la cl\u00ednica, dijo que entre 15 y 30 m\u00e9dicos trabajaban en la instalaci\u00f3n, la \u00fanica de este tipo en el campamento, que atiende hasta a 10.000 personas durante el d\u00eda.<\/p>\n<p>Ofrecen vacunas contra el t\u00e9tanos a los residentes que las solicitan y distribuyen kits de higiene con champ\u00fa, desodorante, compresas y toallitas, explic\u00f3 Hacioglu.<\/p>\n<p>Pero Emin dijo que no hab\u00eda duchas en el campamento ni cerca de \u00e9l y que los seis inodoros del estadio no bastaban para satisfacer la demanda.<\/p>\n<p>Arif Kirici, de 42 a\u00f1os, lleva refugiado en el mismo estadio desde que escap\u00f3 de las ruinas de su casa el d\u00eda del terremoto y ayud\u00f3 a salir a su madre.<\/p>\n<p>Dijo que tampoco hab\u00eda podido ducharse ni, como otros residentes del campo con los que habl\u00f3 Reuters, cambiarse de ropa.<\/p>\n<p>En la ciudad de Antioqu\u00eda, m\u00e1s al sur, hacia la frontera siria, hay un mayor n\u00famero de ba\u00f1os port\u00e1tiles que durante los primeros d\u00edas tras el sismo, pero muchos residentes afirman que a\u00fan se necesitan m\u00e1s.<\/p>\n<p>Batyr Berdyklychev, representante de la Organizaci\u00f3n Mundial de la Salud en Turqu\u00eda, dijo que la escasez de agua \u00abaumenta el riesgo de enfermedades transmitidas por el agua y brotes de enfermedades transmisibles\u00bb.<\/p>\n<p>A\u00f1adi\u00f3 que la OMS estaba colaborando con las autoridades locales para intensificar la vigilancia de las enfermedades transmitidas por el agua, la gripe estacional y el covid-19 entre los desplazados. (Reuters)<\/p>\n","protected":false},"excerpt":{"rendered":"<p>M\u00e1s de una semana despu\u00e9s de que su casa qued\u00f3 destrozada por el letal terremoto que sacudi\u00f3 el sur de Turqu\u00eda, Mohammad Emin sigue cubierto de polvo y mugre. Al igual que otras innumerables v\u00edctimas de una cat\u00e1strofe que caus\u00f3 m\u00e1s de 41.000 muertos en Turqu\u00eda y Siria, sigue esperando poder lavarse, afectado por la [&hellip;]<\/p>\n","protected":false},"author":1,"featured_media":138471,"comment_status":"closed","ping_status":"closed","sticky":false,"template":"","format":"standard","meta":{"_acf_changed":false,"footnotes":""},"categories":[15],"tags":[],"class_list":["post-138470","post","type-post","status-publish","format-standard","has-post-thumbnail","category-portada"],"acf":{"antetitulo":""},"yoast_head":"<!-- This site is optimized with the Yoast SEO plugin v28.4 - https:\/\/yoast.com\/product\/yoast-seo-wordpress\/ -->\n<title>Las enfermedades son una nueva amenaza en Turqu\u00eda - El Diario - Bolivia<\/title>\n<meta name=\"robots\" content=\"index, follow, max-snippet:-1, max-image-preview:large, max-video-preview:-1\" \/>\n<link rel=\"canonical\" href=\"https:\/\/www.eldiario.net\/portal\/2023\/02\/16\/las-enfermedades-son-una-nueva-amenaza-en-turquia\/\" \/>\n<meta property=\"og:locale\" content=\"es_ES\" \/>\n<meta property=\"og:type\" content=\"article\" \/>\n<meta property=\"og:title\" content=\"Las enfermedades son una nueva amenaza en Turqu\u00eda - El Diario - Bolivia\" \/>\n<meta property=\"og:description\" content=\"M\u00e1s de una semana despu\u00e9s de que su casa qued\u00f3 destrozada por el letal terremoto que sacudi\u00f3 el sur de Turqu\u00eda, Mohammad Emin sigue cubierto de polvo y mugre. Al igual que otras innumerables v\u00edctimas de una cat\u00e1strofe que caus\u00f3 m\u00e1s de 41.000 muertos en Turqu\u00eda y Siria, sigue esperando poder lavarse, afectado por la [&hellip;]\" \/>\n<meta property=\"og:url\" content=\"https:\/\/www.eldiario.net\/portal\/2023\/02\/16\/las-enfermedades-son-una-nueva-amenaza-en-turquia\/\" \/>\n<meta property=\"og:site_name\" content=\"El Diario - Bolivia\" \/>\n<meta property=\"article:publisher\" content=\"https:\/\/www.facebook.com\/eldiario.bolivia\/\" \/>\n<meta property=\"article:published_time\" content=\"2023-02-16T10:27:53+00:00\" \/>\n<meta name=\"author\" content=\"Jeanette\" \/>\n<meta name=\"twitter:card\" content=\"summary_large_image\" \/>\n<meta name=\"twitter:creator\" content=\"@eldiario_net\" \/>\n<meta name=\"twitter:site\" content=\"@eldiario_net\" \/>\n<meta name=\"twitter:label1\" content=\"Escrito por\" \/>\n\t<meta name=\"twitter:data1\" content=\"Jeanette\" \/>\n\t<meta name=\"twitter:label2\" content=\"Tiempo de lectura\" \/>\n\t<meta name=\"twitter:data2\" content=\"2 minutos\" \/>\n<script type=\"application\/ld+json\" class=\"yoast-schema-graph\">{\"@context\":\"https:\\\/\\\/schema.org\",\"@graph\":[{\"@type\":\"Article\",\"@id\":\"https:\\\/\\\/www.eldiario.net\\\/portal\\\/2023\\\/02\\\/16\\\/las-enfermedades-son-una-nueva-amenaza-en-turquia\\\/#article\",\"isPartOf\":{\"@id\":\"https:\\\/\\\/www.eldiario.net\\\/portal\\\/2023\\\/02\\\/16\\\/las-enfermedades-son-una-nueva-amenaza-en-turquia\\\/\"},\"author\":{\"name\":\"Jeanette\",\"@id\":\"https:\\\/\\\/www.eldiario.net\\\/portal\\\/#\\\/schema\\\/person\\\/f46445640444750d7d753ccd04ae01b7\"},\"headline\":\"Las enfermedades son una nueva amenaza en Turqu\u00eda\",\"datePublished\":\"2023-02-16T10:27:53+00:00\",\"mainEntityOfPage\":{\"@id\":\"https:\\\/\\\/www.eldiario.net\\\/portal\\\/2023\\\/02\\\/16\\\/las-enfermedades-son-una-nueva-amenaza-en-turquia\\\/\"},\"wordCount\":437,\"publisher\":{\"@id\":\"https:\\\/\\\/www.eldiario.net\\\/portal\\\/#organization\"},\"image\":{\"@id\":\"https:\\\/\\\/www.eldiario.net\\\/portal\\\/2023\\\/02\\\/16\\\/las-enfermedades-son-una-nueva-amenaza-en-turquia\\\/#primaryimage\"},\"thumbnailUrl\":\"\",\"articleSection\":[\"Portada\"],\"inLanguage\":\"es\"},{\"@type\":\"WebPage\",\"@id\":\"https:\\\/\\\/www.eldiario.net\\\/portal\\\/2023\\\/02\\\/16\\\/las-enfermedades-son-una-nueva-amenaza-en-turquia\\\/\",\"url\":\"https:\\\/\\\/www.eldiario.net\\\/portal\\\/2023\\\/02\\\/16\\\/las-enfermedades-son-una-nueva-amenaza-en-turquia\\\/\",\"name\":\"Las enfermedades son una nueva amenaza en Turqu\u00eda - El Diario - Bolivia\",\"isPartOf\":{\"@id\":\"https:\\\/\\\/www.eldiario.net\\\/portal\\\/#website\"},\"primaryImageOfPage\":{\"@id\":\"https:\\\/\\\/www.eldiario.net\\\/portal\\\/2023\\\/02\\\/16\\\/las-enfermedades-son-una-nueva-amenaza-en-turquia\\\/#primaryimage\"},\"image\":{\"@id\":\"https:\\\/\\\/www.eldiario.net\\\/portal\\\/2023\\\/02\\\/16\\\/las-enfermedades-son-una-nueva-amenaza-en-turquia\\\/#primaryimage\"},\"thumbnailUrl\":\"\",\"datePublished\":\"2023-02-16T10:27:53+00:00\",\"breadcrumb\":{\"@id\":\"https:\\\/\\\/www.eldiario.net\\\/portal\\\/2023\\\/02\\\/16\\\/las-enfermedades-son-una-nueva-amenaza-en-turquia\\\/#breadcrumb\"},\"inLanguage\":\"es\",\"potentialAction\":[{\"@type\":\"ReadAction\",\"target\":[\"https:\\\/\\\/www.eldiario.net\\\/portal\\\/2023\\\/02\\\/16\\\/las-enfermedades-son-una-nueva-amenaza-en-turquia\\\/\"]}]},{\"@type\":\"ImageObject\",\"inLanguage\":\"es\",\"@id\":\"https:\\\/\\\/www.eldiario.net\\\/portal\\\/2023\\\/02\\\/16\\\/las-enfermedades-son-una-nueva-amenaza-en-turquia\\\/#primaryimage\",\"url\":\"\",\"contentUrl\":\"\"},{\"@type\":\"BreadcrumbList\",\"@id\":\"https:\\\/\\\/www.eldiario.net\\\/portal\\\/2023\\\/02\\\/16\\\/las-enfermedades-son-una-nueva-amenaza-en-turquia\\\/#breadcrumb\",\"itemListElement\":[{\"@type\":\"ListItem\",\"position\":1,\"name\":\"Portada\",\"item\":\"https:\\\/\\\/www.eldiario.net\\\/portal\\\/\"},{\"@type\":\"ListItem\",\"position\":2,\"name\":\"Las enfermedades son una nueva amenaza en Turqu\u00eda\"}]},{\"@type\":\"WebSite\",\"@id\":\"https:\\\/\\\/www.eldiario.net\\\/portal\\\/#website\",\"url\":\"https:\\\/\\\/www.eldiario.net\\\/portal\\\/\",\"name\":\"El Diario - Decano de la prensa nacional\",\"description\":\"El Diario - Decano de la prensa nacional\",\"publisher\":{\"@id\":\"https:\\\/\\\/www.eldiario.net\\\/portal\\\/#organization\"},\"potentialAction\":[{\"@type\":\"SearchAction\",\"target\":{\"@type\":\"EntryPoint\",\"urlTemplate\":\"https:\\\/\\\/www.eldiario.net\\\/portal\\\/?s={search_term_string}\"},\"query-input\":{\"@type\":\"PropertyValueSpecification\",\"valueRequired\":true,\"valueName\":\"search_term_string\"}}],\"inLanguage\":\"es\"},{\"@type\":\"Organization\",\"@id\":\"https:\\\/\\\/www.eldiario.net\\\/portal\\\/#organization\",\"name\":\"El Diario - Decano de la prensa nacional\",\"url\":\"https:\\\/\\\/www.eldiario.net\\\/portal\\\/\",\"logo\":{\"@type\":\"ImageObject\",\"inLanguage\":\"es\",\"@id\":\"https:\\\/\\\/www.eldiario.net\\\/portal\\\/#\\\/schema\\\/logo\\\/image\\\/\",\"url\":\"https:\\\/\\\/www.eldiario.net\\\/portal\\\/wp-content\\\/uploads\\\/2023\\\/07\\\/logo_ED.jpg\",\"contentUrl\":\"https:\\\/\\\/www.eldiario.net\\\/portal\\\/wp-content\\\/uploads\\\/2023\\\/07\\\/logo_ED.jpg\",\"width\":272,\"height\":52,\"caption\":\"El Diario - Decano de la prensa nacional\"},\"image\":{\"@id\":\"https:\\\/\\\/www.eldiario.net\\\/portal\\\/#\\\/schema\\\/logo\\\/image\\\/\"},\"sameAs\":[\"https:\\\/\\\/www.facebook.com\\\/eldiario.bolivia\\\/\",\"https:\\\/\\\/x.com\\\/eldiario_net\"]},{\"@type\":\"Person\",\"@id\":\"https:\\\/\\\/www.eldiario.net\\\/portal\\\/#\\\/schema\\\/person\\\/f46445640444750d7d753ccd04ae01b7\",\"name\":\"Jeanette\",\"image\":{\"@type\":\"ImageObject\",\"inLanguage\":\"es\",\"@id\":\"https:\\\/\\\/secure.gravatar.com\\\/avatar\\\/3ea2118a5f7dad2b7138b1187a6b7ee55f160b9968b66013c3a3ef39dd7e5798?s=96&d=mm&r=g\",\"url\":\"https:\\\/\\\/secure.gravatar.com\\\/avatar\\\/3ea2118a5f7dad2b7138b1187a6b7ee55f160b9968b66013c3a3ef39dd7e5798?s=96&d=mm&r=g\",\"contentUrl\":\"https:\\\/\\\/secure.gravatar.com\\\/avatar\\\/3ea2118a5f7dad2b7138b1187a6b7ee55f160b9968b66013c3a3ef39dd7e5798?s=96&d=mm&r=g\",\"caption\":\"Jeanette\"},\"sameAs\":[\"https:\\\/\\\/www.eldiario.net\\\/portal\"],\"url\":\"https:\\\/\\\/www.eldiario.net\\\/portal\\\/author\\\/jeanette\\\/\"}]}<\/script>\n<!-- \/ Yoast SEO plugin. -->","yoast_head_json":{"title":"Las enfermedades son una nueva amenaza en Turqu\u00eda - El Diario - Bolivia","robots":{"index":"index","follow":"follow","max-snippet":"max-snippet:-1","max-image-preview":"max-image-preview:large","max-video-preview":"max-video-preview:-1"},"canonical":"https:\/\/www.eldiario.net\/portal\/2023\/02\/16\/las-enfermedades-son-una-nueva-amenaza-en-turquia\/","og_locale":"es_ES","og_type":"article","og_title":"Las enfermedades son una nueva amenaza en Turqu\u00eda - El Diario - Bolivia","og_description":"M\u00e1s de una semana despu\u00e9s de que su casa qued\u00f3 destrozada por el letal terremoto que sacudi\u00f3 el sur de Turqu\u00eda, Mohammad Emin sigue cubierto de polvo y mugre. Al igual que otras innumerables v\u00edctimas de una cat\u00e1strofe que caus\u00f3 m\u00e1s de 41.000 muertos en Turqu\u00eda y Siria, sigue esperando poder lavarse, afectado por la [&hellip;]","og_url":"https:\/\/www.eldiario.net\/portal\/2023\/02\/16\/las-enfermedades-son-una-nueva-amenaza-en-turquia\/","og_site_name":"El Diario - Bolivia","article_publisher":"https:\/\/www.facebook.com\/eldiario.bolivia\/","article_published_time":"2023-02-16T10:27:53+00:00","author":"Jeanette","twitter_card":"summary_large_image","twitter_creator":"@eldiario_net","twitter_site":"@eldiario_net","twitter_misc":{"Escrito por":"Jeanette","Tiempo de lectura":"2 minutos"},"schema":{"@context":"https:\/\/schema.org","@graph":[{"@type":"Article","@id":"https:\/\/www.eldiario.net\/portal\/2023\/02\/16\/las-enfermedades-son-una-nueva-amenaza-en-turquia\/#article","isPartOf":{"@id":"https:\/\/www.eldiario.net\/portal\/2023\/02\/16\/las-enfermedades-son-una-nueva-amenaza-en-turquia\/"},"author":{"name":"Jeanette","@id":"https:\/\/www.eldiario.net\/portal\/#\/schema\/person\/f46445640444750d7d753ccd04ae01b7"},"headline":"Las enfermedades son una nueva amenaza en Turqu\u00eda","datePublished":"2023-02-16T10:27:53+00:00","mainEntityOfPage":{"@id":"https:\/\/www.eldiario.net\/portal\/2023\/02\/16\/las-enfermedades-son-una-nueva-amenaza-en-turquia\/"},"wordCount":437,"publisher":{"@id":"https:\/\/www.eldiario.net\/portal\/#organization"},"image":{"@id":"https:\/\/www.eldiario.net\/portal\/2023\/02\/16\/las-enfermedades-son-una-nueva-amenaza-en-turquia\/#primaryimage"},"thumbnailUrl":"","articleSection":["Portada"],"inLanguage":"es"},{"@type":"WebPage","@id":"https:\/\/www.eldiario.net\/portal\/2023\/02\/16\/las-enfermedades-son-una-nueva-amenaza-en-turquia\/","url":"https:\/\/www.eldiario.net\/portal\/2023\/02\/16\/las-enfermedades-son-una-nueva-amenaza-en-turquia\/","name":"Las enfermedades son una nueva amenaza en Turqu\u00eda - El Diario - Bolivia","isPartOf":{"@id":"https:\/\/www.eldiario.net\/portal\/#website"},"primaryImageOfPage":{"@id":"https:\/\/www.eldiario.net\/portal\/2023\/02\/16\/las-enfermedades-son-una-nueva-amenaza-en-turquia\/#primaryimage"},"image":{"@id":"https:\/\/www.eldiario.net\/portal\/2023\/02\/16\/las-enfermedades-son-una-nueva-amenaza-en-turquia\/#primaryimage"},"thumbnailUrl":"","datePublished":"2023-02-16T10:27:53+00:00","breadcrumb":{"@id":"https:\/\/www.eldiario.net\/portal\/2023\/02\/16\/las-enfermedades-son-una-nueva-amenaza-en-turquia\/#breadcrumb"},"inLanguage":"es","potentialAction":[{"@type":"ReadAction","target":["https:\/\/www.eldiario.net\/portal\/2023\/02\/16\/las-enfermedades-son-una-nueva-amenaza-en-turquia\/"]}]},{"@type":"ImageObject","inLanguage":"es","@id":"https:\/\/www.eldiario.net\/portal\/2023\/02\/16\/las-enfermedades-son-una-nueva-amenaza-en-turquia\/#primaryimage","url":"","contentUrl":""},{"@type":"BreadcrumbList","@id":"https:\/\/www.eldiario.net\/portal\/2023\/02\/16\/las-enfermedades-son-una-nueva-amenaza-en-turquia\/#breadcrumb","itemListElement":[{"@type":"ListItem","position":1,"name":"Portada","item":"https:\/\/www.eldiario.net\/portal\/"},{"@type":"ListItem","position":2,"name":"Las enfermedades son una nueva amenaza en Turqu\u00eda"}]},{"@type":"WebSite","@id":"https:\/\/www.eldiario.net\/portal\/#website","url":"https:\/\/www.eldiario.net\/portal\/","name":"El Diario - Decano de la prensa nacional","description":"El Diario - Decano de la prensa nacional","publisher":{"@id":"https:\/\/www.eldiario.net\/portal\/#organization"},"potentialAction":[{"@type":"SearchAction","target":{"@type":"EntryPoint","urlTemplate":"https:\/\/www.eldiario.net\/portal\/?s={search_term_string}"},"query-input":{"@type":"PropertyValueSpecification","valueRequired":true,"valueName":"search_term_string"}}],"inLanguage":"es"},{"@type":"Organization","@id":"https:\/\/www.eldiario.net\/portal\/#organization","name":"El Diario - Decano de la prensa nacional","url":"https:\/\/www.eldiario.net\/portal\/","logo":{"@type":"ImageObject","inLanguage":"es","@id":"https:\/\/www.eldiario.net\/portal\/#\/schema\/logo\/image\/","url":"https:\/\/www.eldiario.net\/portal\/wp-content\/uploads\/2023\/07\/logo_ED.jpg","contentUrl":"https:\/\/www.eldiario.net\/portal\/wp-content\/uploads\/2023\/07\/logo_ED.jpg","width":272,"height":52,"caption":"El Diario - Decano de la prensa nacional"},"image":{"@id":"https:\/\/www.eldiario.net\/portal\/#\/schema\/logo\/image\/"},"sameAs":["https:\/\/www.facebook.com\/eldiario.bolivia\/","https:\/\/x.com\/eldiario_net"]},{"@type":"Person","@id":"https:\/\/www.eldiario.net\/portal\/#\/schema\/person\/f46445640444750d7d753ccd04ae01b7","name":"Jeanette","image":{"@type":"ImageObject","inLanguage":"es","@id":"https:\/\/secure.gravatar.com\/avatar\/3ea2118a5f7dad2b7138b1187a6b7ee55f160b9968b66013c3a3ef39dd7e5798?s=96&d=mm&r=g","url":"https:\/\/secure.gravatar.com\/avatar\/3ea2118a5f7dad2b7138b1187a6b7ee55f160b9968b66013c3a3ef39dd7e5798?s=96&d=mm&r=g","contentUrl":"https:\/\/secure.gravatar.com\/avatar\/3ea2118a5f7dad2b7138b1187a6b7ee55f160b9968b66013c3a3ef39dd7e5798?s=96&d=mm&r=g","caption":"Jeanette"},"sameAs":["https:\/\/www.eldiario.net\/portal"],"url":"https:\/\/www.eldiario.net\/portal\/author\/jeanette\/"}]}},"_links":{"self":[{"href":"https:\/\/www.eldiario.net\/portal\/wp-json\/wp\/v2\/posts\/138470","targetHints":{"allow":["GET"]}}],"collection":[{"href":"https:\/\/www.eldiario.net\/portal\/wp-json\/wp\/v2\/posts"}],"about":[{"href":"https:\/\/www.eldiario.net\/portal\/wp-json\/wp\/v2\/types\/post"}],"author":[{"embeddable":true,"href":"https:\/\/www.eldiario.net\/portal\/wp-json\/wp\/v2\/users\/1"}],"replies":[{"embeddable":true,"href":"https:\/\/www.eldiario.net\/portal\/wp-json\/wp\/v2\/comments?post=138470"}],"version-history":[{"count":0,"href":"https:\/\/www.eldiario.net\/portal\/wp-json\/wp\/v2\/posts\/138470\/revisions"}],"wp:attachment":[{"href":"https:\/\/www.eldiario.net\/portal\/wp-json\/wp\/v2\/media?parent=138470"}],"wp:term":[{"taxonomy":"category","embeddable":true,"href":"https:\/\/www.eldiario.net\/portal\/wp-json\/wp\/v2\/categories?post=138470"},{"taxonomy":"post_tag","embeddable":true,"href":"https:\/\/www.eldiario.net\/portal\/wp-json\/wp\/v2\/tags?post=138470"}],"curies":[{"name":"wp","href":"https:\/\/api.w.org\/{rel}","templated":true}]}}