{"id":138461,"date":"2023-02-16T06:24:40","date_gmt":"2023-02-16T10:24:40","guid":{"rendered":"https:\/\/www.eldiario.net\/portal\/?p=138461"},"modified":"2023-02-16T06:24:40","modified_gmt":"2023-02-16T10:24:40","slug":"agropecuarios-exigen-seguridad-juridica-y-haran-ajustes-acordes-al-mercado","status":"publish","type":"post","link":"https:\/\/www.eldiario.net\/portal\/2023\/02\/16\/agropecuarios-exigen-seguridad-juridica-y-haran-ajustes-acordes-al-mercado\/","title":{"rendered":"Agropecuarios exigen seguridad jur\u00eddica  y har\u00e1n ajustes acordes al mercado"},"content":{"rendered":"<p>La estabilidad de los precios es un mito y sabremos hacer ajustes cada que el mercado lo exija sin que el Estado quiera someter a p\u00e9rdida bajo el pretexto de la econom\u00eda popular. Y exigen seguridad jur\u00eddica, seg\u00fan el discurso del nuevo presidente de la CAO, Jos\u00e9 Luis Farah Paz.<\/p>\n<p>Ayer, en el XLI Congreso Ordinario \u201cIng. Vicente Roca Gil (+)\u201d de la C\u00e1mara Agropecuaria del Oriente (CAO), se eligi\u00f3 a la directiva para la gesti\u00f3n 2023 &#8211; 2025.\u00a0 Jos\u00e9 Luis Farah Paz fue elegido como presidente de la instituci\u00f3n, Freddy Garc\u00eda Guti\u00e9rrez como primer vicepresidente y Klauss Frerking Adad segundo vicepresidente.<\/p>\n<p>En la ocasi\u00f3n, el presidente saliente de la CAO manifest\u00f3 que deja una instituci\u00f3n saneada econ\u00f3micamente, organizada, con un amplio potencial para seguir siendo referente en el sector agropecuario del pa\u00eds, y con aspiraciones s\u00f3lidas, proyecci\u00f3n de futuro, gran cantidad de relacionamiento nacional e internacional y oportunidades para nuevos desaf\u00edos.<\/p>\n<p>\u201cSomos el referente del liderazgo productivo de nuestro pa\u00eds, sigamos engrandecimiento nuestros sectores y mantengamos la firme convicci\u00f3n de que somos el motor econ\u00f3mico de Bolivia\u201d, concluy\u00f3.<\/p>\n<p>Tras tomar juramento como presiente de la CAO, Farah manifest\u00f3 que con este nuevo directorio se han propuesto trabajar con cada uno de los subsectores, entendiendo sus problemas y ayudando a su soluci\u00f3n. El problema de un sector, ser\u00e1 problema de la CAO.<\/p>\n<p>Asimismo, entre sus pilares de trabajo est\u00e1n, la seguridad jur\u00eddica como prioridad y el tema de avasallamientos en particular, buscar mecanismos para un mayor acceso a tecnolog\u00eda para alcanzar mayor competitividad de los productores en este escenario cada vez m\u00e1s desafiante, otro tema a trabajar ser\u00e1 la sanidad y los protocolos internacionales para un mayor crecimiento de la actividad.<\/p>\n<p>Adem\u00e1s de ser incisivos en que se controle el contrabando, ya que los productores son uno de los segmentos m\u00e1s afectados por esta ilegalidad, trabajar para que se acelere el inicio de la construcci\u00f3n de Puerto Busch y buscar que se priorice la apertura de nuevos mercados internacionales para nuestros productos, porque es la \u00fanica forma de que podamos incrementar nuestra producci\u00f3n de forma significativa.<\/p>\n<p>Por tal motivo asegur\u00f3 que junto a su equipo t\u00e9cnico trabajara una agenda de reuniones con los tres niveles de gobierno, ministerios del \u00e1rea, gobernaci\u00f3n y municipios.<\/p>\n<p>GUERRA<\/p>\n<p>El nuevo titular de la CAO, en su discurso, dijo que les toc\u00f3 vivir momentos de cambio, es decir que lo de ayer no sirva para ma\u00f1ana. \u201cLas guerras y los cambios clim\u00e1ticos hacen que nuestros precios no sean estables y los insumos que importamos sean cada vez m\u00e1s caros\u201d, reflexion\u00f3.<\/p>\n<p>La estabilidad de los precios es un mito, se debe hacer ajustes cada que el mercado lo exija sin que el Estado quiera someter al sector a p\u00e9rdida bajo el pretexto de la econom\u00eda popular, apunt\u00f3.<\/p>\n<p>\u201cLo que exigimos al gobierno es la seguridad jur\u00eddica, que el derecho propietario agrario sea respetado. No se puede producir sin certezas. El provecho econ\u00f3mico de la actividad agr\u00edcola y pecuaria es para todos. El Estado, por tanto, debe garantizarnos la sostenibilidad\u201d, conmin\u00f3.<\/p>\n<p>Por eso demandar\u00e1n pol\u00edticas claras respecto a la tierra y uso de la fuerza p\u00fablica para detener y castigar a los avasalladores, concluy\u00f3.<\/p>\n","protected":false},"excerpt":{"rendered":"<p>La estabilidad de los precios es un mito y sabremos hacer ajustes cada que el mercado lo exija sin que el Estado quiera someter a p\u00e9rdida bajo el pretexto de la econom\u00eda popular. Y exigen seguridad jur\u00eddica, seg\u00fan el discurso del nuevo presidente de la CAO, Jos\u00e9 Luis Farah Paz. Ayer, en el XLI Congreso [&hellip;]<\/p>\n","protected":false},"author":1,"featured_media":138462,"comment_status":"closed","ping_status":"closed","sticky":false,"template":"","format":"standard","meta":{"_acf_changed":false,"footnotes":""},"categories":[7],"tags":[],"class_list":["post-138461","post","type-post","status-publish","format-standard","has-post-thumbnail","category-economia"],"acf":{"antetitulo":""},"yoast_head":"<!-- This site is optimized with the Yoast SEO plugin v28.4 - https:\/\/yoast.com\/product\/yoast-seo-wordpress\/ -->\n<title>Agropecuarios exigen seguridad jur\u00eddica y har\u00e1n ajustes acordes al mercado - El Diario - Bolivia<\/title>\n<meta name=\"robots\" content=\"index, follow, max-snippet:-1, max-image-preview:large, max-video-preview:-1\" \/>\n<link rel=\"canonical\" href=\"https:\/\/www.eldiario.net\/portal\/2023\/02\/16\/agropecuarios-exigen-seguridad-juridica-y-haran-ajustes-acordes-al-mercado\/\" \/>\n<meta property=\"og:locale\" content=\"es_ES\" \/>\n<meta property=\"og:type\" content=\"article\" \/>\n<meta property=\"og:title\" content=\"Agropecuarios exigen seguridad jur\u00eddica y har\u00e1n ajustes acordes al mercado - El Diario - Bolivia\" \/>\n<meta property=\"og:description\" content=\"La estabilidad de los precios es un mito y sabremos hacer ajustes cada que el mercado lo exija sin que el Estado quiera someter a p\u00e9rdida bajo el pretexto de la econom\u00eda popular. Y exigen seguridad jur\u00eddica, seg\u00fan el discurso del nuevo presidente de la CAO, Jos\u00e9 Luis Farah Paz. Ayer, en el XLI Congreso [&hellip;]\" \/>\n<meta property=\"og:url\" content=\"https:\/\/www.eldiario.net\/portal\/2023\/02\/16\/agropecuarios-exigen-seguridad-juridica-y-haran-ajustes-acordes-al-mercado\/\" \/>\n<meta property=\"og:site_name\" content=\"El Diario - Bolivia\" \/>\n<meta property=\"article:publisher\" content=\"https:\/\/www.facebook.com\/eldiario.bolivia\/\" \/>\n<meta property=\"article:published_time\" content=\"2023-02-16T10:24:40+00:00\" \/>\n<meta name=\"author\" content=\"Jeanette\" \/>\n<meta name=\"twitter:card\" content=\"summary_large_image\" \/>\n<meta name=\"twitter:creator\" content=\"@eldiario_net\" \/>\n<meta name=\"twitter:site\" content=\"@eldiario_net\" \/>\n<meta name=\"twitter:label1\" content=\"Escrito por\" \/>\n\t<meta name=\"twitter:data1\" content=\"Jeanette\" \/>\n\t<meta name=\"twitter:label2\" content=\"Tiempo de lectura\" \/>\n\t<meta name=\"twitter:data2\" content=\"3 minutos\" \/>\n<script type=\"application\/ld+json\" class=\"yoast-schema-graph\">{\"@context\":\"https:\\\/\\\/schema.org\",\"@graph\":[{\"@type\":\"Article\",\"@id\":\"https:\\\/\\\/www.eldiario.net\\\/portal\\\/2023\\\/02\\\/16\\\/agropecuarios-exigen-seguridad-juridica-y-haran-ajustes-acordes-al-mercado\\\/#article\",\"isPartOf\":{\"@id\":\"https:\\\/\\\/www.eldiario.net\\\/portal\\\/2023\\\/02\\\/16\\\/agropecuarios-exigen-seguridad-juridica-y-haran-ajustes-acordes-al-mercado\\\/\"},\"author\":{\"name\":\"Jeanette\",\"@id\":\"https:\\\/\\\/www.eldiario.net\\\/portal\\\/#\\\/schema\\\/person\\\/f46445640444750d7d753ccd04ae01b7\"},\"headline\":\"Agropecuarios exigen seguridad jur\u00eddica y har\u00e1n ajustes acordes al mercado\",\"datePublished\":\"2023-02-16T10:24:40+00:00\",\"mainEntityOfPage\":{\"@id\":\"https:\\\/\\\/www.eldiario.net\\\/portal\\\/2023\\\/02\\\/16\\\/agropecuarios-exigen-seguridad-juridica-y-haran-ajustes-acordes-al-mercado\\\/\"},\"wordCount\":577,\"publisher\":{\"@id\":\"https:\\\/\\\/www.eldiario.net\\\/portal\\\/#organization\"},\"image\":{\"@id\":\"https:\\\/\\\/www.eldiario.net\\\/portal\\\/2023\\\/02\\\/16\\\/agropecuarios-exigen-seguridad-juridica-y-haran-ajustes-acordes-al-mercado\\\/#primaryimage\"},\"thumbnailUrl\":\"\",\"articleSection\":[\"Econom\u00eda\"],\"inLanguage\":\"es\"},{\"@type\":\"WebPage\",\"@id\":\"https:\\\/\\\/www.eldiario.net\\\/portal\\\/2023\\\/02\\\/16\\\/agropecuarios-exigen-seguridad-juridica-y-haran-ajustes-acordes-al-mercado\\\/\",\"url\":\"https:\\\/\\\/www.eldiario.net\\\/portal\\\/2023\\\/02\\\/16\\\/agropecuarios-exigen-seguridad-juridica-y-haran-ajustes-acordes-al-mercado\\\/\",\"name\":\"Agropecuarios exigen seguridad jur\u00eddica y har\u00e1n ajustes acordes al mercado - El Diario - Bolivia\",\"isPartOf\":{\"@id\":\"https:\\\/\\\/www.eldiario.net\\\/portal\\\/#website\"},\"primaryImageOfPage\":{\"@id\":\"https:\\\/\\\/www.eldiario.net\\\/portal\\\/2023\\\/02\\\/16\\\/agropecuarios-exigen-seguridad-juridica-y-haran-ajustes-acordes-al-mercado\\\/#primaryimage\"},\"image\":{\"@id\":\"https:\\\/\\\/www.eldiario.net\\\/portal\\\/2023\\\/02\\\/16\\\/agropecuarios-exigen-seguridad-juridica-y-haran-ajustes-acordes-al-mercado\\\/#primaryimage\"},\"thumbnailUrl\":\"\",\"datePublished\":\"2023-02-16T10:24:40+00:00\",\"breadcrumb\":{\"@id\":\"https:\\\/\\\/www.eldiario.net\\\/portal\\\/2023\\\/02\\\/16\\\/agropecuarios-exigen-seguridad-juridica-y-haran-ajustes-acordes-al-mercado\\\/#breadcrumb\"},\"inLanguage\":\"es\",\"potentialAction\":[{\"@type\":\"ReadAction\",\"target\":[\"https:\\\/\\\/www.eldiario.net\\\/portal\\\/2023\\\/02\\\/16\\\/agropecuarios-exigen-seguridad-juridica-y-haran-ajustes-acordes-al-mercado\\\/\"]}]},{\"@type\":\"ImageObject\",\"inLanguage\":\"es\",\"@id\":\"https:\\\/\\\/www.eldiario.net\\\/portal\\\/2023\\\/02\\\/16\\\/agropecuarios-exigen-seguridad-juridica-y-haran-ajustes-acordes-al-mercado\\\/#primaryimage\",\"url\":\"\",\"contentUrl\":\"\"},{\"@type\":\"BreadcrumbList\",\"@id\":\"https:\\\/\\\/www.eldiario.net\\\/portal\\\/2023\\\/02\\\/16\\\/agropecuarios-exigen-seguridad-juridica-y-haran-ajustes-acordes-al-mercado\\\/#breadcrumb\",\"itemListElement\":[{\"@type\":\"ListItem\",\"position\":1,\"name\":\"Portada\",\"item\":\"https:\\\/\\\/www.eldiario.net\\\/portal\\\/\"},{\"@type\":\"ListItem\",\"position\":2,\"name\":\"Agropecuarios exigen seguridad jur\u00eddica y har\u00e1n ajustes acordes al mercado\"}]},{\"@type\":\"WebSite\",\"@id\":\"https:\\\/\\\/www.eldiario.net\\\/portal\\\/#website\",\"url\":\"https:\\\/\\\/www.eldiario.net\\\/portal\\\/\",\"name\":\"El Diario - Decano de la prensa nacional\",\"description\":\"El Diario - Decano de la prensa nacional\",\"publisher\":{\"@id\":\"https:\\\/\\\/www.eldiario.net\\\/portal\\\/#organization\"},\"potentialAction\":[{\"@type\":\"SearchAction\",\"target\":{\"@type\":\"EntryPoint\",\"urlTemplate\":\"https:\\\/\\\/www.eldiario.net\\\/portal\\\/?s={search_term_string}\"},\"query-input\":{\"@type\":\"PropertyValueSpecification\",\"valueRequired\":true,\"valueName\":\"search_term_string\"}}],\"inLanguage\":\"es\"},{\"@type\":\"Organization\",\"@id\":\"https:\\\/\\\/www.eldiario.net\\\/portal\\\/#organization\",\"name\":\"El Diario - Decano de la prensa nacional\",\"url\":\"https:\\\/\\\/www.eldiario.net\\\/portal\\\/\",\"logo\":{\"@type\":\"ImageObject\",\"inLanguage\":\"es\",\"@id\":\"https:\\\/\\\/www.eldiario.net\\\/portal\\\/#\\\/schema\\\/logo\\\/image\\\/\",\"url\":\"https:\\\/\\\/www.eldiario.net\\\/portal\\\/wp-content\\\/uploads\\\/2023\\\/07\\\/logo_ED.jpg\",\"contentUrl\":\"https:\\\/\\\/www.eldiario.net\\\/portal\\\/wp-content\\\/uploads\\\/2023\\\/07\\\/logo_ED.jpg\",\"width\":272,\"height\":52,\"caption\":\"El Diario - Decano de la prensa nacional\"},\"image\":{\"@id\":\"https:\\\/\\\/www.eldiario.net\\\/portal\\\/#\\\/schema\\\/logo\\\/image\\\/\"},\"sameAs\":[\"https:\\\/\\\/www.facebook.com\\\/eldiario.bolivia\\\/\",\"https:\\\/\\\/x.com\\\/eldiario_net\"]},{\"@type\":\"Person\",\"@id\":\"https:\\\/\\\/www.eldiario.net\\\/portal\\\/#\\\/schema\\\/person\\\/f46445640444750d7d753ccd04ae01b7\",\"name\":\"Jeanette\",\"image\":{\"@type\":\"ImageObject\",\"inLanguage\":\"es\",\"@id\":\"https:\\\/\\\/secure.gravatar.com\\\/avatar\\\/3ea2118a5f7dad2b7138b1187a6b7ee55f160b9968b66013c3a3ef39dd7e5798?s=96&d=mm&r=g\",\"url\":\"https:\\\/\\\/secure.gravatar.com\\\/avatar\\\/3ea2118a5f7dad2b7138b1187a6b7ee55f160b9968b66013c3a3ef39dd7e5798?s=96&d=mm&r=g\",\"contentUrl\":\"https:\\\/\\\/secure.gravatar.com\\\/avatar\\\/3ea2118a5f7dad2b7138b1187a6b7ee55f160b9968b66013c3a3ef39dd7e5798?s=96&d=mm&r=g\",\"caption\":\"Jeanette\"},\"sameAs\":[\"https:\\\/\\\/www.eldiario.net\\\/portal\"],\"url\":\"https:\\\/\\\/www.eldiario.net\\\/portal\\\/author\\\/jeanette\\\/\"}]}<\/script>\n<!-- \/ Yoast SEO plugin. -->","yoast_head_json":{"title":"Agropecuarios exigen seguridad jur\u00eddica y har\u00e1n ajustes acordes al mercado - El Diario - Bolivia","robots":{"index":"index","follow":"follow","max-snippet":"max-snippet:-1","max-image-preview":"max-image-preview:large","max-video-preview":"max-video-preview:-1"},"canonical":"https:\/\/www.eldiario.net\/portal\/2023\/02\/16\/agropecuarios-exigen-seguridad-juridica-y-haran-ajustes-acordes-al-mercado\/","og_locale":"es_ES","og_type":"article","og_title":"Agropecuarios exigen seguridad jur\u00eddica y har\u00e1n ajustes acordes al mercado - El Diario - Bolivia","og_description":"La estabilidad de los precios es un mito y sabremos hacer ajustes cada que el mercado lo exija sin que el Estado quiera someter a p\u00e9rdida bajo el pretexto de la econom\u00eda popular. Y exigen seguridad jur\u00eddica, seg\u00fan el discurso del nuevo presidente de la CAO, Jos\u00e9 Luis Farah Paz. Ayer, en el XLI Congreso [&hellip;]","og_url":"https:\/\/www.eldiario.net\/portal\/2023\/02\/16\/agropecuarios-exigen-seguridad-juridica-y-haran-ajustes-acordes-al-mercado\/","og_site_name":"El Diario - Bolivia","article_publisher":"https:\/\/www.facebook.com\/eldiario.bolivia\/","article_published_time":"2023-02-16T10:24:40+00:00","author":"Jeanette","twitter_card":"summary_large_image","twitter_creator":"@eldiario_net","twitter_site":"@eldiario_net","twitter_misc":{"Escrito por":"Jeanette","Tiempo de lectura":"3 minutos"},"schema":{"@context":"https:\/\/schema.org","@graph":[{"@type":"Article","@id":"https:\/\/www.eldiario.net\/portal\/2023\/02\/16\/agropecuarios-exigen-seguridad-juridica-y-haran-ajustes-acordes-al-mercado\/#article","isPartOf":{"@id":"https:\/\/www.eldiario.net\/portal\/2023\/02\/16\/agropecuarios-exigen-seguridad-juridica-y-haran-ajustes-acordes-al-mercado\/"},"author":{"name":"Jeanette","@id":"https:\/\/www.eldiario.net\/portal\/#\/schema\/person\/f46445640444750d7d753ccd04ae01b7"},"headline":"Agropecuarios exigen seguridad jur\u00eddica y har\u00e1n ajustes acordes al mercado","datePublished":"2023-02-16T10:24:40+00:00","mainEntityOfPage":{"@id":"https:\/\/www.eldiario.net\/portal\/2023\/02\/16\/agropecuarios-exigen-seguridad-juridica-y-haran-ajustes-acordes-al-mercado\/"},"wordCount":577,"publisher":{"@id":"https:\/\/www.eldiario.net\/portal\/#organization"},"image":{"@id":"https:\/\/www.eldiario.net\/portal\/2023\/02\/16\/agropecuarios-exigen-seguridad-juridica-y-haran-ajustes-acordes-al-mercado\/#primaryimage"},"thumbnailUrl":"","articleSection":["Econom\u00eda"],"inLanguage":"es"},{"@type":"WebPage","@id":"https:\/\/www.eldiario.net\/portal\/2023\/02\/16\/agropecuarios-exigen-seguridad-juridica-y-haran-ajustes-acordes-al-mercado\/","url":"https:\/\/www.eldiario.net\/portal\/2023\/02\/16\/agropecuarios-exigen-seguridad-juridica-y-haran-ajustes-acordes-al-mercado\/","name":"Agropecuarios exigen seguridad jur\u00eddica y har\u00e1n ajustes acordes al mercado - El Diario - Bolivia","isPartOf":{"@id":"https:\/\/www.eldiario.net\/portal\/#website"},"primaryImageOfPage":{"@id":"https:\/\/www.eldiario.net\/portal\/2023\/02\/16\/agropecuarios-exigen-seguridad-juridica-y-haran-ajustes-acordes-al-mercado\/#primaryimage"},"image":{"@id":"https:\/\/www.eldiario.net\/portal\/2023\/02\/16\/agropecuarios-exigen-seguridad-juridica-y-haran-ajustes-acordes-al-mercado\/#primaryimage"},"thumbnailUrl":"","datePublished":"2023-02-16T10:24:40+00:00","breadcrumb":{"@id":"https:\/\/www.eldiario.net\/portal\/2023\/02\/16\/agropecuarios-exigen-seguridad-juridica-y-haran-ajustes-acordes-al-mercado\/#breadcrumb"},"inLanguage":"es","potentialAction":[{"@type":"ReadAction","target":["https:\/\/www.eldiario.net\/portal\/2023\/02\/16\/agropecuarios-exigen-seguridad-juridica-y-haran-ajustes-acordes-al-mercado\/"]}]},{"@type":"ImageObject","inLanguage":"es","@id":"https:\/\/www.eldiario.net\/portal\/2023\/02\/16\/agropecuarios-exigen-seguridad-juridica-y-haran-ajustes-acordes-al-mercado\/#primaryimage","url":"","contentUrl":""},{"@type":"BreadcrumbList","@id":"https:\/\/www.eldiario.net\/portal\/2023\/02\/16\/agropecuarios-exigen-seguridad-juridica-y-haran-ajustes-acordes-al-mercado\/#breadcrumb","itemListElement":[{"@type":"ListItem","position":1,"name":"Portada","item":"https:\/\/www.eldiario.net\/portal\/"},{"@type":"ListItem","position":2,"name":"Agropecuarios exigen seguridad jur\u00eddica y har\u00e1n ajustes acordes al mercado"}]},{"@type":"WebSite","@id":"https:\/\/www.eldiario.net\/portal\/#website","url":"https:\/\/www.eldiario.net\/portal\/","name":"El Diario - Decano de la prensa nacional","description":"El Diario - Decano de la prensa nacional","publisher":{"@id":"https:\/\/www.eldiario.net\/portal\/#organization"},"potentialAction":[{"@type":"SearchAction","target":{"@type":"EntryPoint","urlTemplate":"https:\/\/www.eldiario.net\/portal\/?s={search_term_string}"},"query-input":{"@type":"PropertyValueSpecification","valueRequired":true,"valueName":"search_term_string"}}],"inLanguage":"es"},{"@type":"Organization","@id":"https:\/\/www.eldiario.net\/portal\/#organization","name":"El Diario - Decano de la prensa nacional","url":"https:\/\/www.eldiario.net\/portal\/","logo":{"@type":"ImageObject","inLanguage":"es","@id":"https:\/\/www.eldiario.net\/portal\/#\/schema\/logo\/image\/","url":"https:\/\/www.eldiario.net\/portal\/wp-content\/uploads\/2023\/07\/logo_ED.jpg","contentUrl":"https:\/\/www.eldiario.net\/portal\/wp-content\/uploads\/2023\/07\/logo_ED.jpg","width":272,"height":52,"caption":"El Diario - Decano de la prensa nacional"},"image":{"@id":"https:\/\/www.eldiario.net\/portal\/#\/schema\/logo\/image\/"},"sameAs":["https:\/\/www.facebook.com\/eldiario.bolivia\/","https:\/\/x.com\/eldiario_net"]},{"@type":"Person","@id":"https:\/\/www.eldiario.net\/portal\/#\/schema\/person\/f46445640444750d7d753ccd04ae01b7","name":"Jeanette","image":{"@type":"ImageObject","inLanguage":"es","@id":"https:\/\/secure.gravatar.com\/avatar\/3ea2118a5f7dad2b7138b1187a6b7ee55f160b9968b66013c3a3ef39dd7e5798?s=96&d=mm&r=g","url":"https:\/\/secure.gravatar.com\/avatar\/3ea2118a5f7dad2b7138b1187a6b7ee55f160b9968b66013c3a3ef39dd7e5798?s=96&d=mm&r=g","contentUrl":"https:\/\/secure.gravatar.com\/avatar\/3ea2118a5f7dad2b7138b1187a6b7ee55f160b9968b66013c3a3ef39dd7e5798?s=96&d=mm&r=g","caption":"Jeanette"},"sameAs":["https:\/\/www.eldiario.net\/portal"],"url":"https:\/\/www.eldiario.net\/portal\/author\/jeanette\/"}]}},"_links":{"self":[{"href":"https:\/\/www.eldiario.net\/portal\/wp-json\/wp\/v2\/posts\/138461","targetHints":{"allow":["GET"]}}],"collection":[{"href":"https:\/\/www.eldiario.net\/portal\/wp-json\/wp\/v2\/posts"}],"about":[{"href":"https:\/\/www.eldiario.net\/portal\/wp-json\/wp\/v2\/types\/post"}],"author":[{"embeddable":true,"href":"https:\/\/www.eldiario.net\/portal\/wp-json\/wp\/v2\/users\/1"}],"replies":[{"embeddable":true,"href":"https:\/\/www.eldiario.net\/portal\/wp-json\/wp\/v2\/comments?post=138461"}],"version-history":[{"count":0,"href":"https:\/\/www.eldiario.net\/portal\/wp-json\/wp\/v2\/posts\/138461\/revisions"}],"wp:attachment":[{"href":"https:\/\/www.eldiario.net\/portal\/wp-json\/wp\/v2\/media?parent=138461"}],"wp:term":[{"taxonomy":"category","embeddable":true,"href":"https:\/\/www.eldiario.net\/portal\/wp-json\/wp\/v2\/categories?post=138461"},{"taxonomy":"post_tag","embeddable":true,"href":"https:\/\/www.eldiario.net\/portal\/wp-json\/wp\/v2\/tags?post=138461"}],"curies":[{"name":"wp","href":"https:\/\/api.w.org\/{rel}","templated":true}]}}