{"id":138458,"date":"2023-02-16T06:23:46","date_gmt":"2023-02-16T10:23:46","guid":{"rendered":"https:\/\/www.eldiario.net\/portal\/?p=138458"},"modified":"2023-02-16T06:23:46","modified_gmt":"2023-02-16T10:23:46","slug":"bolivia-se-prepara-para-la-4ta-ronda-de-evaluacion-mutua-del-gafilat","status":"publish","type":"post","link":"https:\/\/www.eldiario.net\/portal\/2023\/02\/16\/bolivia-se-prepara-para-la-4ta-ronda-de-evaluacion-mutua-del-gafilat\/","title":{"rendered":"Bolivia se prepara para la 4ta. Ronda de Evaluaci\u00f3n Mutua del Gafilat"},"content":{"rendered":"<p>Con el objetivo de fortalecer y actualizar los conocimientos del personal de instituciones del sistema financiero, de seguros, de valores y de las instituciones de regulaci\u00f3n y supervisi\u00f3n, se inaugur\u00f3 el ciclo de capacitaciones sobre el rol que desempe\u00f1an estos actores en la prevenci\u00f3n de la Legitimaci\u00f3n de Ganancias Il\u00edcitas, Financiamiento al Terrorismo y Financiamiento a la Proliferaci\u00f3n de Armas de Destrucci\u00f3n Masiva. Empez\u00f3 el lunes 13 y termina el 17 del presente mes.<\/p>\n<p>El ciclo de capacitaci\u00f3n cuenta con el apoyo del consultor internacional Luis Eduardo Daza Giraldo, especialista en Prevenci\u00f3n de Lavado de Activos y Financiaci\u00f3n del Terrorismo.<\/p>\n<p>Los cursos est\u00e1n dirigidas a los funcionarios de las entidades financieras y no financieras del pa\u00eds y al personal de autoridades de supervisi\u00f3n y regulaci\u00f3n. La primera de las dos jornadas de capacitaci\u00f3n para entidades de intermediaci\u00f3n financiera y valores arranc\u00f3 con la participaci\u00f3n de 90 personas en formato presencial y m\u00e1s de 280 personas en formato virtual.<\/p>\n<p>Ayer se desarroll\u00f3 la tercera jornada y ma\u00f1ana cuarta, que estar\u00e1n destinadas a entidades de servicios financieros complementarios, entidades del sector seguros, notarios de fe p\u00fablica y casinos, para finalmente concluir el ciclo con un taller especializado para supervisores y reguladores, el viernes 17 del presente mes.<\/p>\n<p>La capacitaci\u00f3n forma parte de las actividades preparatorias para afrontar la Cuarta Ronda de Evaluaci\u00f3n Mutua, que impulsa el Grupo de Acci\u00f3n Financiera de Latinoam\u00e9rica (GAFILAT) al Estado Plurinacional de Bolivia. El proceso de evaluaci\u00f3n in situ comienza en abril de este a\u00f1o.<\/p>\n<p>\u201cDurante esta semana tendremos la oportunidad de escuchar algunas recomendaciones sobre el proceso de evaluaci\u00f3n, que debe encararse no solo como una tarea exclusiva para la evaluaci\u00f3n, sino m\u00e1s bien, como una decisi\u00f3n firme para el pa\u00eds de contar con un sistema financiero absolutamente transparente y libre de interferencias y contaminaciones\u201d, indic\u00f3 el director de la Autoridad de Supervisi\u00f3n del Sistema Financiero (ASFI), Reynaldo Yujra.<\/p>\n<p>La capacitaci\u00f3n cuenta con el apoyo y participaci\u00f3n activa de la Asociaci\u00f3n de Bancos Privados de Bolivia (Asoban), la Asociaci\u00f3n de Entidades Financieras Especializadas en Microfinanzas (Asofin), la Asociaci\u00f3n de Instituciones Financieras de Desarrollo (Finrural), la Asociaci\u00f3n Boliviana de Agentes en Valores (ABAV) y la Asociaci\u00f3n Boliviana de Aseguradores (ABA); entidades que, conjuntamente con la ASFI y la Unidad de Investigaciones Financieras (UIF), impulsaron su desarrollo.<\/p>\n<p>\u201cEstamos comprometidos con el pa\u00eds y con la lucha contra estos flagelos, trabajando permanente en el apoyo de actividades clave para potenciar las medidas de prevenci\u00f3n. Uno de los principales pilares de esta lucha es la formaci\u00f3n especializada, la constante actualizaci\u00f3n de conocimientos y el desarrollo de habilidades de todo el personal de las entidades financieras y no financieras, y principalmente de quienes est\u00e1n a cargo de la gesti\u00f3n de este riesgo\u201d, expres\u00f3 el vicepresidente de Asoban, Marco Asb\u00fan.<\/p>\n<p>A su vez, la directora General Ejecutiva de la UIF, Lizeth Troche Huanca, se\u00f1al\u00f3 que \u201cel proceso de evaluaci\u00f3n requiere de todo el esfuerzo, tanto del sector p\u00fablico como del sector privado. Por lo que, en estas actividades, demostramos el trabajo conjunto de nuestras instituciones para afrontar la Cuarta Ronda de Evaluaciones que est\u00e1 haciendo a nuestro pa\u00eds\u201d.<\/p>\n<p><strong>Experto<\/strong><\/p>\n<p>La capacitaci\u00f3n cuenta con el apoyo del consultor y capacitador internacional Luis Eduardo Daza Giraldo, especialista en la Prevenci\u00f3n de Lavado de Activos y Financiaci\u00f3n del Terrorismo; experto en asesorar sobre temas antifraude, anticorrupci\u00f3n, delitos financieros y riesgos corporativos.<\/p>\n<p>En su carrera de consultor independiente ha realizado asistencia t\u00e9cnica para fortalecer las Unidades de Inteligencia Financiera (UIF) de Panam\u00e1, Ecuador y Chile. Asimismo, propuso mecanismos de priorizaci\u00f3n de ROS para fortalecer la UIF de Per\u00fa. Tambi\u00e9n, lider\u00f3 procesos de implementaci\u00f3n o fortalecimiento de sistemas de administraci\u00f3n del riesgo LA\/FT y otros riesgos corporativos en empresas latinoamericanas.<\/p>\n","protected":false},"excerpt":{"rendered":"<p>Con el objetivo de fortalecer y actualizar los conocimientos del personal de instituciones del sistema financiero, de seguros, de valores y de las instituciones de regulaci\u00f3n y supervisi\u00f3n, se inaugur\u00f3 el ciclo de capacitaciones sobre el rol que desempe\u00f1an estos actores en la prevenci\u00f3n de la Legitimaci\u00f3n de Ganancias Il\u00edcitas, Financiamiento al Terrorismo y Financiamiento [&hellip;]<\/p>\n","protected":false},"author":1,"featured_media":138459,"comment_status":"closed","ping_status":"closed","sticky":false,"template":"","format":"standard","meta":{"_acf_changed":false,"footnotes":""},"categories":[7],"tags":[],"class_list":["post-138458","post","type-post","status-publish","format-standard","has-post-thumbnail","category-economia"],"acf":{"antetitulo":""},"yoast_head":"<!-- This site is optimized with the Yoast SEO plugin v28.4 - https:\/\/yoast.com\/product\/yoast-seo-wordpress\/ -->\n<title>Bolivia se prepara para la 4ta. Ronda de Evaluaci\u00f3n Mutua del Gafilat - El Diario - Bolivia<\/title>\n<meta name=\"robots\" content=\"index, follow, max-snippet:-1, max-image-preview:large, max-video-preview:-1\" \/>\n<link rel=\"canonical\" href=\"https:\/\/www.eldiario.net\/portal\/2023\/02\/16\/bolivia-se-prepara-para-la-4ta-ronda-de-evaluacion-mutua-del-gafilat\/\" \/>\n<meta property=\"og:locale\" content=\"es_ES\" \/>\n<meta property=\"og:type\" content=\"article\" \/>\n<meta property=\"og:title\" content=\"Bolivia se prepara para la 4ta. Ronda de Evaluaci\u00f3n Mutua del Gafilat - El Diario - Bolivia\" \/>\n<meta property=\"og:description\" content=\"Con el objetivo de fortalecer y actualizar los conocimientos del personal de instituciones del sistema financiero, de seguros, de valores y de las instituciones de regulaci\u00f3n y supervisi\u00f3n, se inaugur\u00f3 el ciclo de capacitaciones sobre el rol que desempe\u00f1an estos actores en la prevenci\u00f3n de la Legitimaci\u00f3n de Ganancias Il\u00edcitas, Financiamiento al Terrorismo y Financiamiento [&hellip;]\" \/>\n<meta property=\"og:url\" content=\"https:\/\/www.eldiario.net\/portal\/2023\/02\/16\/bolivia-se-prepara-para-la-4ta-ronda-de-evaluacion-mutua-del-gafilat\/\" \/>\n<meta property=\"og:site_name\" content=\"El Diario - Bolivia\" \/>\n<meta property=\"article:publisher\" content=\"https:\/\/www.facebook.com\/eldiario.bolivia\/\" \/>\n<meta property=\"article:published_time\" content=\"2023-02-16T10:23:46+00:00\" \/>\n<meta name=\"author\" content=\"Jeanette\" \/>\n<meta name=\"twitter:card\" content=\"summary_large_image\" \/>\n<meta name=\"twitter:creator\" content=\"@eldiario_net\" \/>\n<meta name=\"twitter:site\" content=\"@eldiario_net\" \/>\n<meta name=\"twitter:label1\" content=\"Escrito por\" \/>\n\t<meta name=\"twitter:data1\" content=\"Jeanette\" \/>\n\t<meta name=\"twitter:label2\" content=\"Tiempo de lectura\" \/>\n\t<meta name=\"twitter:data2\" content=\"3 minutos\" \/>\n<script type=\"application\/ld+json\" class=\"yoast-schema-graph\">{\"@context\":\"https:\\\/\\\/schema.org\",\"@graph\":[{\"@type\":\"Article\",\"@id\":\"https:\\\/\\\/www.eldiario.net\\\/portal\\\/2023\\\/02\\\/16\\\/bolivia-se-prepara-para-la-4ta-ronda-de-evaluacion-mutua-del-gafilat\\\/#article\",\"isPartOf\":{\"@id\":\"https:\\\/\\\/www.eldiario.net\\\/portal\\\/2023\\\/02\\\/16\\\/bolivia-se-prepara-para-la-4ta-ronda-de-evaluacion-mutua-del-gafilat\\\/\"},\"author\":{\"name\":\"Jeanette\",\"@id\":\"https:\\\/\\\/www.eldiario.net\\\/portal\\\/#\\\/schema\\\/person\\\/f46445640444750d7d753ccd04ae01b7\"},\"headline\":\"Bolivia se prepara para la 4ta. Ronda de Evaluaci\u00f3n Mutua del Gafilat\",\"datePublished\":\"2023-02-16T10:23:46+00:00\",\"mainEntityOfPage\":{\"@id\":\"https:\\\/\\\/www.eldiario.net\\\/portal\\\/2023\\\/02\\\/16\\\/bolivia-se-prepara-para-la-4ta-ronda-de-evaluacion-mutua-del-gafilat\\\/\"},\"wordCount\":683,\"publisher\":{\"@id\":\"https:\\\/\\\/www.eldiario.net\\\/portal\\\/#organization\"},\"image\":{\"@id\":\"https:\\\/\\\/www.eldiario.net\\\/portal\\\/2023\\\/02\\\/16\\\/bolivia-se-prepara-para-la-4ta-ronda-de-evaluacion-mutua-del-gafilat\\\/#primaryimage\"},\"thumbnailUrl\":\"\",\"articleSection\":[\"Econom\u00eda\"],\"inLanguage\":\"es\"},{\"@type\":\"WebPage\",\"@id\":\"https:\\\/\\\/www.eldiario.net\\\/portal\\\/2023\\\/02\\\/16\\\/bolivia-se-prepara-para-la-4ta-ronda-de-evaluacion-mutua-del-gafilat\\\/\",\"url\":\"https:\\\/\\\/www.eldiario.net\\\/portal\\\/2023\\\/02\\\/16\\\/bolivia-se-prepara-para-la-4ta-ronda-de-evaluacion-mutua-del-gafilat\\\/\",\"name\":\"Bolivia se prepara para la 4ta. Ronda de Evaluaci\u00f3n Mutua del Gafilat - El Diario - Bolivia\",\"isPartOf\":{\"@id\":\"https:\\\/\\\/www.eldiario.net\\\/portal\\\/#website\"},\"primaryImageOfPage\":{\"@id\":\"https:\\\/\\\/www.eldiario.net\\\/portal\\\/2023\\\/02\\\/16\\\/bolivia-se-prepara-para-la-4ta-ronda-de-evaluacion-mutua-del-gafilat\\\/#primaryimage\"},\"image\":{\"@id\":\"https:\\\/\\\/www.eldiario.net\\\/portal\\\/2023\\\/02\\\/16\\\/bolivia-se-prepara-para-la-4ta-ronda-de-evaluacion-mutua-del-gafilat\\\/#primaryimage\"},\"thumbnailUrl\":\"\",\"datePublished\":\"2023-02-16T10:23:46+00:00\",\"breadcrumb\":{\"@id\":\"https:\\\/\\\/www.eldiario.net\\\/portal\\\/2023\\\/02\\\/16\\\/bolivia-se-prepara-para-la-4ta-ronda-de-evaluacion-mutua-del-gafilat\\\/#breadcrumb\"},\"inLanguage\":\"es\",\"potentialAction\":[{\"@type\":\"ReadAction\",\"target\":[\"https:\\\/\\\/www.eldiario.net\\\/portal\\\/2023\\\/02\\\/16\\\/bolivia-se-prepara-para-la-4ta-ronda-de-evaluacion-mutua-del-gafilat\\\/\"]}]},{\"@type\":\"ImageObject\",\"inLanguage\":\"es\",\"@id\":\"https:\\\/\\\/www.eldiario.net\\\/portal\\\/2023\\\/02\\\/16\\\/bolivia-se-prepara-para-la-4ta-ronda-de-evaluacion-mutua-del-gafilat\\\/#primaryimage\",\"url\":\"\",\"contentUrl\":\"\"},{\"@type\":\"BreadcrumbList\",\"@id\":\"https:\\\/\\\/www.eldiario.net\\\/portal\\\/2023\\\/02\\\/16\\\/bolivia-se-prepara-para-la-4ta-ronda-de-evaluacion-mutua-del-gafilat\\\/#breadcrumb\",\"itemListElement\":[{\"@type\":\"ListItem\",\"position\":1,\"name\":\"Portada\",\"item\":\"https:\\\/\\\/www.eldiario.net\\\/portal\\\/\"},{\"@type\":\"ListItem\",\"position\":2,\"name\":\"Bolivia se prepara para la 4ta. Ronda de Evaluaci\u00f3n Mutua del Gafilat\"}]},{\"@type\":\"WebSite\",\"@id\":\"https:\\\/\\\/www.eldiario.net\\\/portal\\\/#website\",\"url\":\"https:\\\/\\\/www.eldiario.net\\\/portal\\\/\",\"name\":\"El Diario - Decano de la prensa nacional\",\"description\":\"El Diario - Decano de la prensa nacional\",\"publisher\":{\"@id\":\"https:\\\/\\\/www.eldiario.net\\\/portal\\\/#organization\"},\"potentialAction\":[{\"@type\":\"SearchAction\",\"target\":{\"@type\":\"EntryPoint\",\"urlTemplate\":\"https:\\\/\\\/www.eldiario.net\\\/portal\\\/?s={search_term_string}\"},\"query-input\":{\"@type\":\"PropertyValueSpecification\",\"valueRequired\":true,\"valueName\":\"search_term_string\"}}],\"inLanguage\":\"es\"},{\"@type\":\"Organization\",\"@id\":\"https:\\\/\\\/www.eldiario.net\\\/portal\\\/#organization\",\"name\":\"El Diario - Decano de la prensa nacional\",\"url\":\"https:\\\/\\\/www.eldiario.net\\\/portal\\\/\",\"logo\":{\"@type\":\"ImageObject\",\"inLanguage\":\"es\",\"@id\":\"https:\\\/\\\/www.eldiario.net\\\/portal\\\/#\\\/schema\\\/logo\\\/image\\\/\",\"url\":\"https:\\\/\\\/www.eldiario.net\\\/portal\\\/wp-content\\\/uploads\\\/2023\\\/07\\\/logo_ED.jpg\",\"contentUrl\":\"https:\\\/\\\/www.eldiario.net\\\/portal\\\/wp-content\\\/uploads\\\/2023\\\/07\\\/logo_ED.jpg\",\"width\":272,\"height\":52,\"caption\":\"El Diario - Decano de la prensa nacional\"},\"image\":{\"@id\":\"https:\\\/\\\/www.eldiario.net\\\/portal\\\/#\\\/schema\\\/logo\\\/image\\\/\"},\"sameAs\":[\"https:\\\/\\\/www.facebook.com\\\/eldiario.bolivia\\\/\",\"https:\\\/\\\/x.com\\\/eldiario_net\"]},{\"@type\":\"Person\",\"@id\":\"https:\\\/\\\/www.eldiario.net\\\/portal\\\/#\\\/schema\\\/person\\\/f46445640444750d7d753ccd04ae01b7\",\"name\":\"Jeanette\",\"image\":{\"@type\":\"ImageObject\",\"inLanguage\":\"es\",\"@id\":\"https:\\\/\\\/secure.gravatar.com\\\/avatar\\\/3ea2118a5f7dad2b7138b1187a6b7ee55f160b9968b66013c3a3ef39dd7e5798?s=96&d=mm&r=g\",\"url\":\"https:\\\/\\\/secure.gravatar.com\\\/avatar\\\/3ea2118a5f7dad2b7138b1187a6b7ee55f160b9968b66013c3a3ef39dd7e5798?s=96&d=mm&r=g\",\"contentUrl\":\"https:\\\/\\\/secure.gravatar.com\\\/avatar\\\/3ea2118a5f7dad2b7138b1187a6b7ee55f160b9968b66013c3a3ef39dd7e5798?s=96&d=mm&r=g\",\"caption\":\"Jeanette\"},\"sameAs\":[\"https:\\\/\\\/www.eldiario.net\\\/portal\"],\"url\":\"https:\\\/\\\/www.eldiario.net\\\/portal\\\/author\\\/jeanette\\\/\"}]}<\/script>\n<!-- \/ Yoast SEO plugin. -->","yoast_head_json":{"title":"Bolivia se prepara para la 4ta. Ronda de Evaluaci\u00f3n Mutua del Gafilat - El Diario - Bolivia","robots":{"index":"index","follow":"follow","max-snippet":"max-snippet:-1","max-image-preview":"max-image-preview:large","max-video-preview":"max-video-preview:-1"},"canonical":"https:\/\/www.eldiario.net\/portal\/2023\/02\/16\/bolivia-se-prepara-para-la-4ta-ronda-de-evaluacion-mutua-del-gafilat\/","og_locale":"es_ES","og_type":"article","og_title":"Bolivia se prepara para la 4ta. Ronda de Evaluaci\u00f3n Mutua del Gafilat - El Diario - Bolivia","og_description":"Con el objetivo de fortalecer y actualizar los conocimientos del personal de instituciones del sistema financiero, de seguros, de valores y de las instituciones de regulaci\u00f3n y supervisi\u00f3n, se inaugur\u00f3 el ciclo de capacitaciones sobre el rol que desempe\u00f1an estos actores en la prevenci\u00f3n de la Legitimaci\u00f3n de Ganancias Il\u00edcitas, Financiamiento al Terrorismo y Financiamiento [&hellip;]","og_url":"https:\/\/www.eldiario.net\/portal\/2023\/02\/16\/bolivia-se-prepara-para-la-4ta-ronda-de-evaluacion-mutua-del-gafilat\/","og_site_name":"El Diario - Bolivia","article_publisher":"https:\/\/www.facebook.com\/eldiario.bolivia\/","article_published_time":"2023-02-16T10:23:46+00:00","author":"Jeanette","twitter_card":"summary_large_image","twitter_creator":"@eldiario_net","twitter_site":"@eldiario_net","twitter_misc":{"Escrito por":"Jeanette","Tiempo de lectura":"3 minutos"},"schema":{"@context":"https:\/\/schema.org","@graph":[{"@type":"Article","@id":"https:\/\/www.eldiario.net\/portal\/2023\/02\/16\/bolivia-se-prepara-para-la-4ta-ronda-de-evaluacion-mutua-del-gafilat\/#article","isPartOf":{"@id":"https:\/\/www.eldiario.net\/portal\/2023\/02\/16\/bolivia-se-prepara-para-la-4ta-ronda-de-evaluacion-mutua-del-gafilat\/"},"author":{"name":"Jeanette","@id":"https:\/\/www.eldiario.net\/portal\/#\/schema\/person\/f46445640444750d7d753ccd04ae01b7"},"headline":"Bolivia se prepara para la 4ta. Ronda de Evaluaci\u00f3n Mutua del Gafilat","datePublished":"2023-02-16T10:23:46+00:00","mainEntityOfPage":{"@id":"https:\/\/www.eldiario.net\/portal\/2023\/02\/16\/bolivia-se-prepara-para-la-4ta-ronda-de-evaluacion-mutua-del-gafilat\/"},"wordCount":683,"publisher":{"@id":"https:\/\/www.eldiario.net\/portal\/#organization"},"image":{"@id":"https:\/\/www.eldiario.net\/portal\/2023\/02\/16\/bolivia-se-prepara-para-la-4ta-ronda-de-evaluacion-mutua-del-gafilat\/#primaryimage"},"thumbnailUrl":"","articleSection":["Econom\u00eda"],"inLanguage":"es"},{"@type":"WebPage","@id":"https:\/\/www.eldiario.net\/portal\/2023\/02\/16\/bolivia-se-prepara-para-la-4ta-ronda-de-evaluacion-mutua-del-gafilat\/","url":"https:\/\/www.eldiario.net\/portal\/2023\/02\/16\/bolivia-se-prepara-para-la-4ta-ronda-de-evaluacion-mutua-del-gafilat\/","name":"Bolivia se prepara para la 4ta. Ronda de Evaluaci\u00f3n Mutua del Gafilat - El Diario - Bolivia","isPartOf":{"@id":"https:\/\/www.eldiario.net\/portal\/#website"},"primaryImageOfPage":{"@id":"https:\/\/www.eldiario.net\/portal\/2023\/02\/16\/bolivia-se-prepara-para-la-4ta-ronda-de-evaluacion-mutua-del-gafilat\/#primaryimage"},"image":{"@id":"https:\/\/www.eldiario.net\/portal\/2023\/02\/16\/bolivia-se-prepara-para-la-4ta-ronda-de-evaluacion-mutua-del-gafilat\/#primaryimage"},"thumbnailUrl":"","datePublished":"2023-02-16T10:23:46+00:00","breadcrumb":{"@id":"https:\/\/www.eldiario.net\/portal\/2023\/02\/16\/bolivia-se-prepara-para-la-4ta-ronda-de-evaluacion-mutua-del-gafilat\/#breadcrumb"},"inLanguage":"es","potentialAction":[{"@type":"ReadAction","target":["https:\/\/www.eldiario.net\/portal\/2023\/02\/16\/bolivia-se-prepara-para-la-4ta-ronda-de-evaluacion-mutua-del-gafilat\/"]}]},{"@type":"ImageObject","inLanguage":"es","@id":"https:\/\/www.eldiario.net\/portal\/2023\/02\/16\/bolivia-se-prepara-para-la-4ta-ronda-de-evaluacion-mutua-del-gafilat\/#primaryimage","url":"","contentUrl":""},{"@type":"BreadcrumbList","@id":"https:\/\/www.eldiario.net\/portal\/2023\/02\/16\/bolivia-se-prepara-para-la-4ta-ronda-de-evaluacion-mutua-del-gafilat\/#breadcrumb","itemListElement":[{"@type":"ListItem","position":1,"name":"Portada","item":"https:\/\/www.eldiario.net\/portal\/"},{"@type":"ListItem","position":2,"name":"Bolivia se prepara para la 4ta. Ronda de Evaluaci\u00f3n Mutua del Gafilat"}]},{"@type":"WebSite","@id":"https:\/\/www.eldiario.net\/portal\/#website","url":"https:\/\/www.eldiario.net\/portal\/","name":"El Diario - Decano de la prensa nacional","description":"El Diario - Decano de la prensa nacional","publisher":{"@id":"https:\/\/www.eldiario.net\/portal\/#organization"},"potentialAction":[{"@type":"SearchAction","target":{"@type":"EntryPoint","urlTemplate":"https:\/\/www.eldiario.net\/portal\/?s={search_term_string}"},"query-input":{"@type":"PropertyValueSpecification","valueRequired":true,"valueName":"search_term_string"}}],"inLanguage":"es"},{"@type":"Organization","@id":"https:\/\/www.eldiario.net\/portal\/#organization","name":"El Diario - Decano de la prensa nacional","url":"https:\/\/www.eldiario.net\/portal\/","logo":{"@type":"ImageObject","inLanguage":"es","@id":"https:\/\/www.eldiario.net\/portal\/#\/schema\/logo\/image\/","url":"https:\/\/www.eldiario.net\/portal\/wp-content\/uploads\/2023\/07\/logo_ED.jpg","contentUrl":"https:\/\/www.eldiario.net\/portal\/wp-content\/uploads\/2023\/07\/logo_ED.jpg","width":272,"height":52,"caption":"El Diario - Decano de la prensa nacional"},"image":{"@id":"https:\/\/www.eldiario.net\/portal\/#\/schema\/logo\/image\/"},"sameAs":["https:\/\/www.facebook.com\/eldiario.bolivia\/","https:\/\/x.com\/eldiario_net"]},{"@type":"Person","@id":"https:\/\/www.eldiario.net\/portal\/#\/schema\/person\/f46445640444750d7d753ccd04ae01b7","name":"Jeanette","image":{"@type":"ImageObject","inLanguage":"es","@id":"https:\/\/secure.gravatar.com\/avatar\/3ea2118a5f7dad2b7138b1187a6b7ee55f160b9968b66013c3a3ef39dd7e5798?s=96&d=mm&r=g","url":"https:\/\/secure.gravatar.com\/avatar\/3ea2118a5f7dad2b7138b1187a6b7ee55f160b9968b66013c3a3ef39dd7e5798?s=96&d=mm&r=g","contentUrl":"https:\/\/secure.gravatar.com\/avatar\/3ea2118a5f7dad2b7138b1187a6b7ee55f160b9968b66013c3a3ef39dd7e5798?s=96&d=mm&r=g","caption":"Jeanette"},"sameAs":["https:\/\/www.eldiario.net\/portal"],"url":"https:\/\/www.eldiario.net\/portal\/author\/jeanette\/"}]}},"_links":{"self":[{"href":"https:\/\/www.eldiario.net\/portal\/wp-json\/wp\/v2\/posts\/138458","targetHints":{"allow":["GET"]}}],"collection":[{"href":"https:\/\/www.eldiario.net\/portal\/wp-json\/wp\/v2\/posts"}],"about":[{"href":"https:\/\/www.eldiario.net\/portal\/wp-json\/wp\/v2\/types\/post"}],"author":[{"embeddable":true,"href":"https:\/\/www.eldiario.net\/portal\/wp-json\/wp\/v2\/users\/1"}],"replies":[{"embeddable":true,"href":"https:\/\/www.eldiario.net\/portal\/wp-json\/wp\/v2\/comments?post=138458"}],"version-history":[{"count":0,"href":"https:\/\/www.eldiario.net\/portal\/wp-json\/wp\/v2\/posts\/138458\/revisions"}],"wp:attachment":[{"href":"https:\/\/www.eldiario.net\/portal\/wp-json\/wp\/v2\/media?parent=138458"}],"wp:term":[{"taxonomy":"category","embeddable":true,"href":"https:\/\/www.eldiario.net\/portal\/wp-json\/wp\/v2\/categories?post=138458"},{"taxonomy":"post_tag","embeddable":true,"href":"https:\/\/www.eldiario.net\/portal\/wp-json\/wp\/v2\/tags?post=138458"}],"curies":[{"name":"wp","href":"https:\/\/api.w.org\/{rel}","templated":true}]}}