{"id":138452,"date":"2023-02-16T06:21:29","date_gmt":"2023-02-16T10:21:29","guid":{"rendered":"https:\/\/www.eldiario.net\/portal\/?p=138452"},"modified":"2023-02-16T06:21:29","modified_gmt":"2023-02-16T10:21:29","slug":"aplazan-hasta-octubre-interpelacion-a-del-castillo","status":"publish","type":"post","link":"https:\/\/www.eldiario.net\/portal\/2023\/02\/16\/aplazan-hasta-octubre-interpelacion-a-del-castillo\/","title":{"rendered":"Aplazan hasta octubre interpelaci\u00f3n a Del Castillo"},"content":{"rendered":"<p>Asamble\u00edstas de Comunidad Ciudadana (CC) informaron ayer que la interpelaci\u00f3n al ministro de Gobierno, Eduardo del Castillo, sobre el cerco a Santa Cruz, fijada para esta jornada, fue aplazada hasta el 11 de octubre de este a\u00f1o, denunciaron que el vicepresidente David Choquehuanca protege a Del Castillo.<\/p>\n<p>Las diputadas Mar\u00eda Jos\u00e9 Salazar y Lissa Claros, ambas de CC, se\u00f1alaron que el Ministro de Gobierno deb\u00eda ser interpelado por los excesos y violencia policial en el paro c\u00edvico por el censo y por el cerco a la ciudad de Santa Cruz que tuvo lugar en octubre de 2022.<\/p>\n<p>\u201cHoy deb\u00eda haberse llevado la interpelaci\u00f3n al Ministro de Gobierno por el cerco de Santa Cruz en el paro de 36 d\u00eda y, adem\u00e1s, el abuso y la represi\u00f3n policial a ciudadanos, periodistas y autoridades\u2026 nos parece contradictorio que el presidente nato de la Asamblea, David Choquehuanca, que deb\u00eda obligar al ministro a que responda al pueblo boliviano, postergue para el 11 de octubre (la interpelaci\u00f3n)\u201d, denunci\u00f3 Salazar.<\/p>\n<p>La asamble\u00edsta observ\u00f3 el documento enviado por Del Castillo para justificar su ausencia, debido a que la carta que present\u00f3 lleva la fecha de 13 de febrero, mientras que el documento que justifica su actividad en el extranjero tiene la fecha de 14 de febrero. En ese sentido, anunci\u00f3 que pedir\u00e1 una explicaci\u00f3n sobre esta irregularidad.<\/p>\n<p>\u201cEste se\u00f1or Del Castillo goza de impunidad, de protecci\u00f3n y de descaro. El presidente Luis Arce y David Choquehuanca son c\u00f3mplices de este ni\u00f1o mimado y por eso el se\u00f1or Ministro de Gobierno hace lo que le da la gana, viola la ley, hemos visto que en Santa Cruz se ha utilizado gases t\u00f3xicos y todas estas interrogantes tendr\u00eda que haber respondido en la sesi\u00f3n\u201d, sostuvo, por su lado Claros.<\/p>\n<p>Salazar advirti\u00f3 que insistir\u00e1n en que la interpelaci\u00f3n a Del Castillo se lleve a cabo en la siguiente reuni\u00f3n de la Asamblea Legislativa, seg\u00fan el reglamento interno, para no esperar hasta octubre, mes en el que se cumplir\u00e1 un a\u00f1o de la solicitud de este acto de fiscalizaci\u00f3n. (Br\u00fajula Digital)<\/p>\n","protected":false},"excerpt":{"rendered":"<p>Asamble\u00edstas de Comunidad Ciudadana (CC) informaron ayer que la interpelaci\u00f3n al ministro de Gobierno, Eduardo del Castillo, sobre el cerco a Santa Cruz, fijada para esta jornada, fue aplazada hasta el 11 de octubre de este a\u00f1o, denunciaron que el vicepresidente David Choquehuanca protege a Del Castillo. Las diputadas Mar\u00eda Jos\u00e9 Salazar y Lissa Claros, [&hellip;]<\/p>\n","protected":false},"author":1,"featured_media":138453,"comment_status":"closed","ping_status":"closed","sticky":false,"template":"","format":"standard","meta":{"_acf_changed":false,"footnotes":""},"categories":[14],"tags":[],"class_list":["post-138452","post","type-post","status-publish","format-standard","has-post-thumbnail","category-politica"],"acf":{"antetitulo":""},"yoast_head":"<!-- This site is optimized with the Yoast SEO plugin v28.4 - https:\/\/yoast.com\/product\/yoast-seo-wordpress\/ -->\n<title>Aplazan hasta octubre interpelaci\u00f3n a Del Castillo - El Diario - Bolivia<\/title>\n<meta name=\"robots\" content=\"index, follow, max-snippet:-1, max-image-preview:large, max-video-preview:-1\" \/>\n<link rel=\"canonical\" href=\"https:\/\/www.eldiario.net\/portal\/2023\/02\/16\/aplazan-hasta-octubre-interpelacion-a-del-castillo\/\" \/>\n<meta property=\"og:locale\" content=\"es_ES\" \/>\n<meta property=\"og:type\" content=\"article\" \/>\n<meta property=\"og:title\" content=\"Aplazan hasta octubre interpelaci\u00f3n a Del Castillo - El Diario - Bolivia\" \/>\n<meta property=\"og:description\" content=\"Asamble\u00edstas de Comunidad Ciudadana (CC) informaron ayer que la interpelaci\u00f3n al ministro de Gobierno, Eduardo del Castillo, sobre el cerco a Santa Cruz, fijada para esta jornada, fue aplazada hasta el 11 de octubre de este a\u00f1o, denunciaron que el vicepresidente David Choquehuanca protege a Del Castillo. Las diputadas Mar\u00eda Jos\u00e9 Salazar y Lissa Claros, [&hellip;]\" \/>\n<meta property=\"og:url\" content=\"https:\/\/www.eldiario.net\/portal\/2023\/02\/16\/aplazan-hasta-octubre-interpelacion-a-del-castillo\/\" \/>\n<meta property=\"og:site_name\" content=\"El Diario - Bolivia\" \/>\n<meta property=\"article:publisher\" content=\"https:\/\/www.facebook.com\/eldiario.bolivia\/\" \/>\n<meta property=\"article:published_time\" content=\"2023-02-16T10:21:29+00:00\" \/>\n<meta name=\"author\" content=\"Jeanette\" \/>\n<meta name=\"twitter:card\" content=\"summary_large_image\" \/>\n<meta name=\"twitter:creator\" content=\"@eldiario_net\" \/>\n<meta name=\"twitter:site\" content=\"@eldiario_net\" \/>\n<meta name=\"twitter:label1\" content=\"Escrito por\" \/>\n\t<meta name=\"twitter:data1\" content=\"Jeanette\" \/>\n\t<meta name=\"twitter:label2\" content=\"Tiempo de lectura\" \/>\n\t<meta name=\"twitter:data2\" content=\"2 minutos\" \/>\n<script type=\"application\/ld+json\" class=\"yoast-schema-graph\">{\"@context\":\"https:\\\/\\\/schema.org\",\"@graph\":[{\"@type\":\"Article\",\"@id\":\"https:\\\/\\\/www.eldiario.net\\\/portal\\\/2023\\\/02\\\/16\\\/aplazan-hasta-octubre-interpelacion-a-del-castillo\\\/#article\",\"isPartOf\":{\"@id\":\"https:\\\/\\\/www.eldiario.net\\\/portal\\\/2023\\\/02\\\/16\\\/aplazan-hasta-octubre-interpelacion-a-del-castillo\\\/\"},\"author\":{\"name\":\"Jeanette\",\"@id\":\"https:\\\/\\\/www.eldiario.net\\\/portal\\\/#\\\/schema\\\/person\\\/f46445640444750d7d753ccd04ae01b7\"},\"headline\":\"Aplazan hasta octubre interpelaci\u00f3n a Del Castillo\",\"datePublished\":\"2023-02-16T10:21:29+00:00\",\"mainEntityOfPage\":{\"@id\":\"https:\\\/\\\/www.eldiario.net\\\/portal\\\/2023\\\/02\\\/16\\\/aplazan-hasta-octubre-interpelacion-a-del-castillo\\\/\"},\"wordCount\":374,\"publisher\":{\"@id\":\"https:\\\/\\\/www.eldiario.net\\\/portal\\\/#organization\"},\"image\":{\"@id\":\"https:\\\/\\\/www.eldiario.net\\\/portal\\\/2023\\\/02\\\/16\\\/aplazan-hasta-octubre-interpelacion-a-del-castillo\\\/#primaryimage\"},\"thumbnailUrl\":\"\",\"articleSection\":[\"Pol\u00edtica\"],\"inLanguage\":\"es\"},{\"@type\":\"WebPage\",\"@id\":\"https:\\\/\\\/www.eldiario.net\\\/portal\\\/2023\\\/02\\\/16\\\/aplazan-hasta-octubre-interpelacion-a-del-castillo\\\/\",\"url\":\"https:\\\/\\\/www.eldiario.net\\\/portal\\\/2023\\\/02\\\/16\\\/aplazan-hasta-octubre-interpelacion-a-del-castillo\\\/\",\"name\":\"Aplazan hasta octubre interpelaci\u00f3n a Del Castillo - El Diario - Bolivia\",\"isPartOf\":{\"@id\":\"https:\\\/\\\/www.eldiario.net\\\/portal\\\/#website\"},\"primaryImageOfPage\":{\"@id\":\"https:\\\/\\\/www.eldiario.net\\\/portal\\\/2023\\\/02\\\/16\\\/aplazan-hasta-octubre-interpelacion-a-del-castillo\\\/#primaryimage\"},\"image\":{\"@id\":\"https:\\\/\\\/www.eldiario.net\\\/portal\\\/2023\\\/02\\\/16\\\/aplazan-hasta-octubre-interpelacion-a-del-castillo\\\/#primaryimage\"},\"thumbnailUrl\":\"\",\"datePublished\":\"2023-02-16T10:21:29+00:00\",\"breadcrumb\":{\"@id\":\"https:\\\/\\\/www.eldiario.net\\\/portal\\\/2023\\\/02\\\/16\\\/aplazan-hasta-octubre-interpelacion-a-del-castillo\\\/#breadcrumb\"},\"inLanguage\":\"es\",\"potentialAction\":[{\"@type\":\"ReadAction\",\"target\":[\"https:\\\/\\\/www.eldiario.net\\\/portal\\\/2023\\\/02\\\/16\\\/aplazan-hasta-octubre-interpelacion-a-del-castillo\\\/\"]}]},{\"@type\":\"ImageObject\",\"inLanguage\":\"es\",\"@id\":\"https:\\\/\\\/www.eldiario.net\\\/portal\\\/2023\\\/02\\\/16\\\/aplazan-hasta-octubre-interpelacion-a-del-castillo\\\/#primaryimage\",\"url\":\"\",\"contentUrl\":\"\"},{\"@type\":\"BreadcrumbList\",\"@id\":\"https:\\\/\\\/www.eldiario.net\\\/portal\\\/2023\\\/02\\\/16\\\/aplazan-hasta-octubre-interpelacion-a-del-castillo\\\/#breadcrumb\",\"itemListElement\":[{\"@type\":\"ListItem\",\"position\":1,\"name\":\"Portada\",\"item\":\"https:\\\/\\\/www.eldiario.net\\\/portal\\\/\"},{\"@type\":\"ListItem\",\"position\":2,\"name\":\"Aplazan hasta octubre interpelaci\u00f3n a Del Castillo\"}]},{\"@type\":\"WebSite\",\"@id\":\"https:\\\/\\\/www.eldiario.net\\\/portal\\\/#website\",\"url\":\"https:\\\/\\\/www.eldiario.net\\\/portal\\\/\",\"name\":\"El Diario - Decano de la prensa nacional\",\"description\":\"El Diario - Decano de la prensa nacional\",\"publisher\":{\"@id\":\"https:\\\/\\\/www.eldiario.net\\\/portal\\\/#organization\"},\"potentialAction\":[{\"@type\":\"SearchAction\",\"target\":{\"@type\":\"EntryPoint\",\"urlTemplate\":\"https:\\\/\\\/www.eldiario.net\\\/portal\\\/?s={search_term_string}\"},\"query-input\":{\"@type\":\"PropertyValueSpecification\",\"valueRequired\":true,\"valueName\":\"search_term_string\"}}],\"inLanguage\":\"es\"},{\"@type\":\"Organization\",\"@id\":\"https:\\\/\\\/www.eldiario.net\\\/portal\\\/#organization\",\"name\":\"El Diario - Decano de la prensa nacional\",\"url\":\"https:\\\/\\\/www.eldiario.net\\\/portal\\\/\",\"logo\":{\"@type\":\"ImageObject\",\"inLanguage\":\"es\",\"@id\":\"https:\\\/\\\/www.eldiario.net\\\/portal\\\/#\\\/schema\\\/logo\\\/image\\\/\",\"url\":\"https:\\\/\\\/www.eldiario.net\\\/portal\\\/wp-content\\\/uploads\\\/2023\\\/07\\\/logo_ED.jpg\",\"contentUrl\":\"https:\\\/\\\/www.eldiario.net\\\/portal\\\/wp-content\\\/uploads\\\/2023\\\/07\\\/logo_ED.jpg\",\"width\":272,\"height\":52,\"caption\":\"El Diario - Decano de la prensa nacional\"},\"image\":{\"@id\":\"https:\\\/\\\/www.eldiario.net\\\/portal\\\/#\\\/schema\\\/logo\\\/image\\\/\"},\"sameAs\":[\"https:\\\/\\\/www.facebook.com\\\/eldiario.bolivia\\\/\",\"https:\\\/\\\/x.com\\\/eldiario_net\"]},{\"@type\":\"Person\",\"@id\":\"https:\\\/\\\/www.eldiario.net\\\/portal\\\/#\\\/schema\\\/person\\\/f46445640444750d7d753ccd04ae01b7\",\"name\":\"Jeanette\",\"image\":{\"@type\":\"ImageObject\",\"inLanguage\":\"es\",\"@id\":\"https:\\\/\\\/secure.gravatar.com\\\/avatar\\\/3ea2118a5f7dad2b7138b1187a6b7ee55f160b9968b66013c3a3ef39dd7e5798?s=96&d=mm&r=g\",\"url\":\"https:\\\/\\\/secure.gravatar.com\\\/avatar\\\/3ea2118a5f7dad2b7138b1187a6b7ee55f160b9968b66013c3a3ef39dd7e5798?s=96&d=mm&r=g\",\"contentUrl\":\"https:\\\/\\\/secure.gravatar.com\\\/avatar\\\/3ea2118a5f7dad2b7138b1187a6b7ee55f160b9968b66013c3a3ef39dd7e5798?s=96&d=mm&r=g\",\"caption\":\"Jeanette\"},\"sameAs\":[\"https:\\\/\\\/www.eldiario.net\\\/portal\"],\"url\":\"https:\\\/\\\/www.eldiario.net\\\/portal\\\/author\\\/jeanette\\\/\"}]}<\/script>\n<!-- \/ Yoast SEO plugin. -->","yoast_head_json":{"title":"Aplazan hasta octubre interpelaci\u00f3n a Del Castillo - El Diario - Bolivia","robots":{"index":"index","follow":"follow","max-snippet":"max-snippet:-1","max-image-preview":"max-image-preview:large","max-video-preview":"max-video-preview:-1"},"canonical":"https:\/\/www.eldiario.net\/portal\/2023\/02\/16\/aplazan-hasta-octubre-interpelacion-a-del-castillo\/","og_locale":"es_ES","og_type":"article","og_title":"Aplazan hasta octubre interpelaci\u00f3n a Del Castillo - El Diario - Bolivia","og_description":"Asamble\u00edstas de Comunidad Ciudadana (CC) informaron ayer que la interpelaci\u00f3n al ministro de Gobierno, Eduardo del Castillo, sobre el cerco a Santa Cruz, fijada para esta jornada, fue aplazada hasta el 11 de octubre de este a\u00f1o, denunciaron que el vicepresidente David Choquehuanca protege a Del Castillo. Las diputadas Mar\u00eda Jos\u00e9 Salazar y Lissa Claros, [&hellip;]","og_url":"https:\/\/www.eldiario.net\/portal\/2023\/02\/16\/aplazan-hasta-octubre-interpelacion-a-del-castillo\/","og_site_name":"El Diario - Bolivia","article_publisher":"https:\/\/www.facebook.com\/eldiario.bolivia\/","article_published_time":"2023-02-16T10:21:29+00:00","author":"Jeanette","twitter_card":"summary_large_image","twitter_creator":"@eldiario_net","twitter_site":"@eldiario_net","twitter_misc":{"Escrito por":"Jeanette","Tiempo de lectura":"2 minutos"},"schema":{"@context":"https:\/\/schema.org","@graph":[{"@type":"Article","@id":"https:\/\/www.eldiario.net\/portal\/2023\/02\/16\/aplazan-hasta-octubre-interpelacion-a-del-castillo\/#article","isPartOf":{"@id":"https:\/\/www.eldiario.net\/portal\/2023\/02\/16\/aplazan-hasta-octubre-interpelacion-a-del-castillo\/"},"author":{"name":"Jeanette","@id":"https:\/\/www.eldiario.net\/portal\/#\/schema\/person\/f46445640444750d7d753ccd04ae01b7"},"headline":"Aplazan hasta octubre interpelaci\u00f3n a Del Castillo","datePublished":"2023-02-16T10:21:29+00:00","mainEntityOfPage":{"@id":"https:\/\/www.eldiario.net\/portal\/2023\/02\/16\/aplazan-hasta-octubre-interpelacion-a-del-castillo\/"},"wordCount":374,"publisher":{"@id":"https:\/\/www.eldiario.net\/portal\/#organization"},"image":{"@id":"https:\/\/www.eldiario.net\/portal\/2023\/02\/16\/aplazan-hasta-octubre-interpelacion-a-del-castillo\/#primaryimage"},"thumbnailUrl":"","articleSection":["Pol\u00edtica"],"inLanguage":"es"},{"@type":"WebPage","@id":"https:\/\/www.eldiario.net\/portal\/2023\/02\/16\/aplazan-hasta-octubre-interpelacion-a-del-castillo\/","url":"https:\/\/www.eldiario.net\/portal\/2023\/02\/16\/aplazan-hasta-octubre-interpelacion-a-del-castillo\/","name":"Aplazan hasta octubre interpelaci\u00f3n a Del Castillo - El Diario - Bolivia","isPartOf":{"@id":"https:\/\/www.eldiario.net\/portal\/#website"},"primaryImageOfPage":{"@id":"https:\/\/www.eldiario.net\/portal\/2023\/02\/16\/aplazan-hasta-octubre-interpelacion-a-del-castillo\/#primaryimage"},"image":{"@id":"https:\/\/www.eldiario.net\/portal\/2023\/02\/16\/aplazan-hasta-octubre-interpelacion-a-del-castillo\/#primaryimage"},"thumbnailUrl":"","datePublished":"2023-02-16T10:21:29+00:00","breadcrumb":{"@id":"https:\/\/www.eldiario.net\/portal\/2023\/02\/16\/aplazan-hasta-octubre-interpelacion-a-del-castillo\/#breadcrumb"},"inLanguage":"es","potentialAction":[{"@type":"ReadAction","target":["https:\/\/www.eldiario.net\/portal\/2023\/02\/16\/aplazan-hasta-octubre-interpelacion-a-del-castillo\/"]}]},{"@type":"ImageObject","inLanguage":"es","@id":"https:\/\/www.eldiario.net\/portal\/2023\/02\/16\/aplazan-hasta-octubre-interpelacion-a-del-castillo\/#primaryimage","url":"","contentUrl":""},{"@type":"BreadcrumbList","@id":"https:\/\/www.eldiario.net\/portal\/2023\/02\/16\/aplazan-hasta-octubre-interpelacion-a-del-castillo\/#breadcrumb","itemListElement":[{"@type":"ListItem","position":1,"name":"Portada","item":"https:\/\/www.eldiario.net\/portal\/"},{"@type":"ListItem","position":2,"name":"Aplazan hasta octubre interpelaci\u00f3n a Del Castillo"}]},{"@type":"WebSite","@id":"https:\/\/www.eldiario.net\/portal\/#website","url":"https:\/\/www.eldiario.net\/portal\/","name":"El Diario - Decano de la prensa nacional","description":"El Diario - Decano de la prensa nacional","publisher":{"@id":"https:\/\/www.eldiario.net\/portal\/#organization"},"potentialAction":[{"@type":"SearchAction","target":{"@type":"EntryPoint","urlTemplate":"https:\/\/www.eldiario.net\/portal\/?s={search_term_string}"},"query-input":{"@type":"PropertyValueSpecification","valueRequired":true,"valueName":"search_term_string"}}],"inLanguage":"es"},{"@type":"Organization","@id":"https:\/\/www.eldiario.net\/portal\/#organization","name":"El Diario - Decano de la prensa nacional","url":"https:\/\/www.eldiario.net\/portal\/","logo":{"@type":"ImageObject","inLanguage":"es","@id":"https:\/\/www.eldiario.net\/portal\/#\/schema\/logo\/image\/","url":"https:\/\/www.eldiario.net\/portal\/wp-content\/uploads\/2023\/07\/logo_ED.jpg","contentUrl":"https:\/\/www.eldiario.net\/portal\/wp-content\/uploads\/2023\/07\/logo_ED.jpg","width":272,"height":52,"caption":"El Diario - Decano de la prensa nacional"},"image":{"@id":"https:\/\/www.eldiario.net\/portal\/#\/schema\/logo\/image\/"},"sameAs":["https:\/\/www.facebook.com\/eldiario.bolivia\/","https:\/\/x.com\/eldiario_net"]},{"@type":"Person","@id":"https:\/\/www.eldiario.net\/portal\/#\/schema\/person\/f46445640444750d7d753ccd04ae01b7","name":"Jeanette","image":{"@type":"ImageObject","inLanguage":"es","@id":"https:\/\/secure.gravatar.com\/avatar\/3ea2118a5f7dad2b7138b1187a6b7ee55f160b9968b66013c3a3ef39dd7e5798?s=96&d=mm&r=g","url":"https:\/\/secure.gravatar.com\/avatar\/3ea2118a5f7dad2b7138b1187a6b7ee55f160b9968b66013c3a3ef39dd7e5798?s=96&d=mm&r=g","contentUrl":"https:\/\/secure.gravatar.com\/avatar\/3ea2118a5f7dad2b7138b1187a6b7ee55f160b9968b66013c3a3ef39dd7e5798?s=96&d=mm&r=g","caption":"Jeanette"},"sameAs":["https:\/\/www.eldiario.net\/portal"],"url":"https:\/\/www.eldiario.net\/portal\/author\/jeanette\/"}]}},"_links":{"self":[{"href":"https:\/\/www.eldiario.net\/portal\/wp-json\/wp\/v2\/posts\/138452","targetHints":{"allow":["GET"]}}],"collection":[{"href":"https:\/\/www.eldiario.net\/portal\/wp-json\/wp\/v2\/posts"}],"about":[{"href":"https:\/\/www.eldiario.net\/portal\/wp-json\/wp\/v2\/types\/post"}],"author":[{"embeddable":true,"href":"https:\/\/www.eldiario.net\/portal\/wp-json\/wp\/v2\/users\/1"}],"replies":[{"embeddable":true,"href":"https:\/\/www.eldiario.net\/portal\/wp-json\/wp\/v2\/comments?post=138452"}],"version-history":[{"count":0,"href":"https:\/\/www.eldiario.net\/portal\/wp-json\/wp\/v2\/posts\/138452\/revisions"}],"wp:attachment":[{"href":"https:\/\/www.eldiario.net\/portal\/wp-json\/wp\/v2\/media?parent=138452"}],"wp:term":[{"taxonomy":"category","embeddable":true,"href":"https:\/\/www.eldiario.net\/portal\/wp-json\/wp\/v2\/categories?post=138452"},{"taxonomy":"post_tag","embeddable":true,"href":"https:\/\/www.eldiario.net\/portal\/wp-json\/wp\/v2\/tags?post=138452"}],"curies":[{"name":"wp","href":"https:\/\/api.w.org\/{rel}","templated":true}]}}