{"id":138449,"date":"2023-02-16T06:20:38","date_gmt":"2023-02-16T10:20:38","guid":{"rendered":"https:\/\/www.eldiario.net\/portal\/?p=138449"},"modified":"2023-02-16T06:20:38","modified_gmt":"2023-02-16T10:20:38","slug":"pedidos-de-procurador-a-la-fiscalia-demuestran-necesidad-de-reformas","status":"publish","type":"post","link":"https:\/\/www.eldiario.net\/portal\/2023\/02\/16\/pedidos-de-procurador-a-la-fiscalia-demuestran-necesidad-de-reformas\/","title":{"rendered":"Pedidos de Procurador a la Fiscal\u00eda  demuestran necesidad de reformas"},"content":{"rendered":"<p>Advirtiendo una \u201cmanipulaci\u00f3n grosera del sistema judicial\u201d, la senadora Andrea Barrientos de Comunidad Ciudadana (CC), asegur\u00f3 que los pedidos de la Procuradur\u00eda General del Estado (PGE) al Ministerio P\u00fablico para convocar a miembros de la Iglesia Cat\u00f3lica para declarar por el caso \u201cgolpe I\u201d, es una muestra m\u00e1s de la urgente necesidad de reformar la justicia.<\/p>\n<p>En conferencia de prensa, Barrientos afirm\u00f3 que desde las fuerzas de oposici\u00f3n se rechaza de forma contundente cualquier intento de persecuci\u00f3n contra la Iglesia, asegurando que la postura de la Conferencia Episcopal ha sido muy clara con respecto a los hechos de 2019 y su importante rol en la pacificaci\u00f3n del pa\u00eds.<\/p>\n<p>En este sentido, sostuvo que los pedidos de la Procuradur\u00eda son un claro ejemplo de que el caso por el supuesto golpe es un invento que se sostiene mediante la manipulaci\u00f3n del sistema de justicia nacional. \u201cHabr\u00e1 que ver si la Fiscal\u00eda se presta a seguir actuando en este caso que es un montaje absurdo que adem\u00e1s demuestra un manipuleo grosero del sistema judicial\u201d, dijo.<\/p>\n<p>Para Barrientos, la forma en que se est\u00e1 llevando el proceso y los intentos por implicar a opositores, exautoridades, ciudadanos y ahora miembros de la Iglesia Cat\u00f3lica, son prueba suficiente de la urgente necesidad de reformar la justicia.<\/p>\n<p>\u201cA m\u00ed me parece que se debe respetar el Estado de Derecho y este es un indicador m\u00e1s de que necesitamos una verdadera reforma de justicia, y para ello la elecci\u00f3n judicial va ser importante\u201d, expres\u00f3.<\/p>\n<p>El lunes, el procurador general del Estado, Wilfredo Ch\u00e1vez, sostuvo que los miembros de la Iglesia Cat\u00f3lica llamados a declarar por el caso \u201cGolpe I\u201d, lo har\u00edan en calidad de testigos, rechazando que se trate de persecuci\u00f3n pol\u00edtica.<\/p>\n","protected":false},"excerpt":{"rendered":"<p>Advirtiendo una \u201cmanipulaci\u00f3n grosera del sistema judicial\u201d, la senadora Andrea Barrientos de Comunidad Ciudadana (CC), asegur\u00f3 que los pedidos de la Procuradur\u00eda General del Estado (PGE) al Ministerio P\u00fablico para convocar a miembros de la Iglesia Cat\u00f3lica para declarar por el caso \u201cgolpe I\u201d, es una muestra m\u00e1s de la urgente necesidad de reformar la [&hellip;]<\/p>\n","protected":false},"author":1,"featured_media":138450,"comment_status":"closed","ping_status":"closed","sticky":false,"template":"","format":"standard","meta":{"_acf_changed":false,"footnotes":""},"categories":[14],"tags":[],"class_list":["post-138449","post","type-post","status-publish","format-standard","has-post-thumbnail","category-politica"],"acf":{"antetitulo":""},"yoast_head":"<!-- This site is optimized with the Yoast SEO plugin v28.4 - https:\/\/yoast.com\/product\/yoast-seo-wordpress\/ -->\n<title>Pedidos de Procurador a la Fiscal\u00eda demuestran necesidad de reformas - El Diario - Bolivia<\/title>\n<meta name=\"robots\" content=\"index, follow, max-snippet:-1, max-image-preview:large, max-video-preview:-1\" \/>\n<link rel=\"canonical\" href=\"https:\/\/www.eldiario.net\/portal\/2023\/02\/16\/pedidos-de-procurador-a-la-fiscalia-demuestran-necesidad-de-reformas\/\" \/>\n<meta property=\"og:locale\" content=\"es_ES\" \/>\n<meta property=\"og:type\" content=\"article\" \/>\n<meta property=\"og:title\" content=\"Pedidos de Procurador a la Fiscal\u00eda demuestran necesidad de reformas - El Diario - Bolivia\" \/>\n<meta property=\"og:description\" content=\"Advirtiendo una \u201cmanipulaci\u00f3n grosera del sistema judicial\u201d, la senadora Andrea Barrientos de Comunidad Ciudadana (CC), asegur\u00f3 que los pedidos de la Procuradur\u00eda General del Estado (PGE) al Ministerio P\u00fablico para convocar a miembros de la Iglesia Cat\u00f3lica para declarar por el caso \u201cgolpe I\u201d, es una muestra m\u00e1s de la urgente necesidad de reformar la [&hellip;]\" \/>\n<meta property=\"og:url\" content=\"https:\/\/www.eldiario.net\/portal\/2023\/02\/16\/pedidos-de-procurador-a-la-fiscalia-demuestran-necesidad-de-reformas\/\" \/>\n<meta property=\"og:site_name\" content=\"El Diario - Bolivia\" \/>\n<meta property=\"article:publisher\" content=\"https:\/\/www.facebook.com\/eldiario.bolivia\/\" \/>\n<meta property=\"article:published_time\" content=\"2023-02-16T10:20:38+00:00\" \/>\n<meta name=\"author\" content=\"Jeanette\" \/>\n<meta name=\"twitter:card\" content=\"summary_large_image\" \/>\n<meta name=\"twitter:creator\" content=\"@eldiario_net\" \/>\n<meta name=\"twitter:site\" content=\"@eldiario_net\" \/>\n<meta name=\"twitter:label1\" content=\"Escrito por\" \/>\n\t<meta name=\"twitter:data1\" content=\"Jeanette\" \/>\n\t<meta name=\"twitter:label2\" content=\"Tiempo de lectura\" \/>\n\t<meta name=\"twitter:data2\" content=\"2 minutos\" \/>\n<script type=\"application\/ld+json\" class=\"yoast-schema-graph\">{\"@context\":\"https:\\\/\\\/schema.org\",\"@graph\":[{\"@type\":\"Article\",\"@id\":\"https:\\\/\\\/www.eldiario.net\\\/portal\\\/2023\\\/02\\\/16\\\/pedidos-de-procurador-a-la-fiscalia-demuestran-necesidad-de-reformas\\\/#article\",\"isPartOf\":{\"@id\":\"https:\\\/\\\/www.eldiario.net\\\/portal\\\/2023\\\/02\\\/16\\\/pedidos-de-procurador-a-la-fiscalia-demuestran-necesidad-de-reformas\\\/\"},\"author\":{\"name\":\"Jeanette\",\"@id\":\"https:\\\/\\\/www.eldiario.net\\\/portal\\\/#\\\/schema\\\/person\\\/f46445640444750d7d753ccd04ae01b7\"},\"headline\":\"Pedidos de Procurador a la Fiscal\u00eda demuestran necesidad de reformas\",\"datePublished\":\"2023-02-16T10:20:38+00:00\",\"mainEntityOfPage\":{\"@id\":\"https:\\\/\\\/www.eldiario.net\\\/portal\\\/2023\\\/02\\\/16\\\/pedidos-de-procurador-a-la-fiscalia-demuestran-necesidad-de-reformas\\\/\"},\"wordCount\":316,\"publisher\":{\"@id\":\"https:\\\/\\\/www.eldiario.net\\\/portal\\\/#organization\"},\"image\":{\"@id\":\"https:\\\/\\\/www.eldiario.net\\\/portal\\\/2023\\\/02\\\/16\\\/pedidos-de-procurador-a-la-fiscalia-demuestran-necesidad-de-reformas\\\/#primaryimage\"},\"thumbnailUrl\":\"\",\"articleSection\":[\"Pol\u00edtica\"],\"inLanguage\":\"es\"},{\"@type\":\"WebPage\",\"@id\":\"https:\\\/\\\/www.eldiario.net\\\/portal\\\/2023\\\/02\\\/16\\\/pedidos-de-procurador-a-la-fiscalia-demuestran-necesidad-de-reformas\\\/\",\"url\":\"https:\\\/\\\/www.eldiario.net\\\/portal\\\/2023\\\/02\\\/16\\\/pedidos-de-procurador-a-la-fiscalia-demuestran-necesidad-de-reformas\\\/\",\"name\":\"Pedidos de Procurador a la Fiscal\u00eda demuestran necesidad de reformas - El Diario - Bolivia\",\"isPartOf\":{\"@id\":\"https:\\\/\\\/www.eldiario.net\\\/portal\\\/#website\"},\"primaryImageOfPage\":{\"@id\":\"https:\\\/\\\/www.eldiario.net\\\/portal\\\/2023\\\/02\\\/16\\\/pedidos-de-procurador-a-la-fiscalia-demuestran-necesidad-de-reformas\\\/#primaryimage\"},\"image\":{\"@id\":\"https:\\\/\\\/www.eldiario.net\\\/portal\\\/2023\\\/02\\\/16\\\/pedidos-de-procurador-a-la-fiscalia-demuestran-necesidad-de-reformas\\\/#primaryimage\"},\"thumbnailUrl\":\"\",\"datePublished\":\"2023-02-16T10:20:38+00:00\",\"breadcrumb\":{\"@id\":\"https:\\\/\\\/www.eldiario.net\\\/portal\\\/2023\\\/02\\\/16\\\/pedidos-de-procurador-a-la-fiscalia-demuestran-necesidad-de-reformas\\\/#breadcrumb\"},\"inLanguage\":\"es\",\"potentialAction\":[{\"@type\":\"ReadAction\",\"target\":[\"https:\\\/\\\/www.eldiario.net\\\/portal\\\/2023\\\/02\\\/16\\\/pedidos-de-procurador-a-la-fiscalia-demuestran-necesidad-de-reformas\\\/\"]}]},{\"@type\":\"ImageObject\",\"inLanguage\":\"es\",\"@id\":\"https:\\\/\\\/www.eldiario.net\\\/portal\\\/2023\\\/02\\\/16\\\/pedidos-de-procurador-a-la-fiscalia-demuestran-necesidad-de-reformas\\\/#primaryimage\",\"url\":\"\",\"contentUrl\":\"\"},{\"@type\":\"BreadcrumbList\",\"@id\":\"https:\\\/\\\/www.eldiario.net\\\/portal\\\/2023\\\/02\\\/16\\\/pedidos-de-procurador-a-la-fiscalia-demuestran-necesidad-de-reformas\\\/#breadcrumb\",\"itemListElement\":[{\"@type\":\"ListItem\",\"position\":1,\"name\":\"Portada\",\"item\":\"https:\\\/\\\/www.eldiario.net\\\/portal\\\/\"},{\"@type\":\"ListItem\",\"position\":2,\"name\":\"Pedidos de Procurador a la Fiscal\u00eda demuestran necesidad de reformas\"}]},{\"@type\":\"WebSite\",\"@id\":\"https:\\\/\\\/www.eldiario.net\\\/portal\\\/#website\",\"url\":\"https:\\\/\\\/www.eldiario.net\\\/portal\\\/\",\"name\":\"El Diario - Decano de la prensa nacional\",\"description\":\"El Diario - Decano de la prensa nacional\",\"publisher\":{\"@id\":\"https:\\\/\\\/www.eldiario.net\\\/portal\\\/#organization\"},\"potentialAction\":[{\"@type\":\"SearchAction\",\"target\":{\"@type\":\"EntryPoint\",\"urlTemplate\":\"https:\\\/\\\/www.eldiario.net\\\/portal\\\/?s={search_term_string}\"},\"query-input\":{\"@type\":\"PropertyValueSpecification\",\"valueRequired\":true,\"valueName\":\"search_term_string\"}}],\"inLanguage\":\"es\"},{\"@type\":\"Organization\",\"@id\":\"https:\\\/\\\/www.eldiario.net\\\/portal\\\/#organization\",\"name\":\"El Diario - Decano de la prensa nacional\",\"url\":\"https:\\\/\\\/www.eldiario.net\\\/portal\\\/\",\"logo\":{\"@type\":\"ImageObject\",\"inLanguage\":\"es\",\"@id\":\"https:\\\/\\\/www.eldiario.net\\\/portal\\\/#\\\/schema\\\/logo\\\/image\\\/\",\"url\":\"https:\\\/\\\/www.eldiario.net\\\/portal\\\/wp-content\\\/uploads\\\/2023\\\/07\\\/logo_ED.jpg\",\"contentUrl\":\"https:\\\/\\\/www.eldiario.net\\\/portal\\\/wp-content\\\/uploads\\\/2023\\\/07\\\/logo_ED.jpg\",\"width\":272,\"height\":52,\"caption\":\"El Diario - Decano de la prensa nacional\"},\"image\":{\"@id\":\"https:\\\/\\\/www.eldiario.net\\\/portal\\\/#\\\/schema\\\/logo\\\/image\\\/\"},\"sameAs\":[\"https:\\\/\\\/www.facebook.com\\\/eldiario.bolivia\\\/\",\"https:\\\/\\\/x.com\\\/eldiario_net\"]},{\"@type\":\"Person\",\"@id\":\"https:\\\/\\\/www.eldiario.net\\\/portal\\\/#\\\/schema\\\/person\\\/f46445640444750d7d753ccd04ae01b7\",\"name\":\"Jeanette\",\"image\":{\"@type\":\"ImageObject\",\"inLanguage\":\"es\",\"@id\":\"https:\\\/\\\/secure.gravatar.com\\\/avatar\\\/3ea2118a5f7dad2b7138b1187a6b7ee55f160b9968b66013c3a3ef39dd7e5798?s=96&d=mm&r=g\",\"url\":\"https:\\\/\\\/secure.gravatar.com\\\/avatar\\\/3ea2118a5f7dad2b7138b1187a6b7ee55f160b9968b66013c3a3ef39dd7e5798?s=96&d=mm&r=g\",\"contentUrl\":\"https:\\\/\\\/secure.gravatar.com\\\/avatar\\\/3ea2118a5f7dad2b7138b1187a6b7ee55f160b9968b66013c3a3ef39dd7e5798?s=96&d=mm&r=g\",\"caption\":\"Jeanette\"},\"sameAs\":[\"https:\\\/\\\/www.eldiario.net\\\/portal\"],\"url\":\"https:\\\/\\\/www.eldiario.net\\\/portal\\\/author\\\/jeanette\\\/\"}]}<\/script>\n<!-- \/ Yoast SEO plugin. -->","yoast_head_json":{"title":"Pedidos de Procurador a la Fiscal\u00eda demuestran necesidad de reformas - El Diario - Bolivia","robots":{"index":"index","follow":"follow","max-snippet":"max-snippet:-1","max-image-preview":"max-image-preview:large","max-video-preview":"max-video-preview:-1"},"canonical":"https:\/\/www.eldiario.net\/portal\/2023\/02\/16\/pedidos-de-procurador-a-la-fiscalia-demuestran-necesidad-de-reformas\/","og_locale":"es_ES","og_type":"article","og_title":"Pedidos de Procurador a la Fiscal\u00eda demuestran necesidad de reformas - El Diario - Bolivia","og_description":"Advirtiendo una \u201cmanipulaci\u00f3n grosera del sistema judicial\u201d, la senadora Andrea Barrientos de Comunidad Ciudadana (CC), asegur\u00f3 que los pedidos de la Procuradur\u00eda General del Estado (PGE) al Ministerio P\u00fablico para convocar a miembros de la Iglesia Cat\u00f3lica para declarar por el caso \u201cgolpe I\u201d, es una muestra m\u00e1s de la urgente necesidad de reformar la [&hellip;]","og_url":"https:\/\/www.eldiario.net\/portal\/2023\/02\/16\/pedidos-de-procurador-a-la-fiscalia-demuestran-necesidad-de-reformas\/","og_site_name":"El Diario - Bolivia","article_publisher":"https:\/\/www.facebook.com\/eldiario.bolivia\/","article_published_time":"2023-02-16T10:20:38+00:00","author":"Jeanette","twitter_card":"summary_large_image","twitter_creator":"@eldiario_net","twitter_site":"@eldiario_net","twitter_misc":{"Escrito por":"Jeanette","Tiempo de lectura":"2 minutos"},"schema":{"@context":"https:\/\/schema.org","@graph":[{"@type":"Article","@id":"https:\/\/www.eldiario.net\/portal\/2023\/02\/16\/pedidos-de-procurador-a-la-fiscalia-demuestran-necesidad-de-reformas\/#article","isPartOf":{"@id":"https:\/\/www.eldiario.net\/portal\/2023\/02\/16\/pedidos-de-procurador-a-la-fiscalia-demuestran-necesidad-de-reformas\/"},"author":{"name":"Jeanette","@id":"https:\/\/www.eldiario.net\/portal\/#\/schema\/person\/f46445640444750d7d753ccd04ae01b7"},"headline":"Pedidos de Procurador a la Fiscal\u00eda demuestran necesidad de reformas","datePublished":"2023-02-16T10:20:38+00:00","mainEntityOfPage":{"@id":"https:\/\/www.eldiario.net\/portal\/2023\/02\/16\/pedidos-de-procurador-a-la-fiscalia-demuestran-necesidad-de-reformas\/"},"wordCount":316,"publisher":{"@id":"https:\/\/www.eldiario.net\/portal\/#organization"},"image":{"@id":"https:\/\/www.eldiario.net\/portal\/2023\/02\/16\/pedidos-de-procurador-a-la-fiscalia-demuestran-necesidad-de-reformas\/#primaryimage"},"thumbnailUrl":"","articleSection":["Pol\u00edtica"],"inLanguage":"es"},{"@type":"WebPage","@id":"https:\/\/www.eldiario.net\/portal\/2023\/02\/16\/pedidos-de-procurador-a-la-fiscalia-demuestran-necesidad-de-reformas\/","url":"https:\/\/www.eldiario.net\/portal\/2023\/02\/16\/pedidos-de-procurador-a-la-fiscalia-demuestran-necesidad-de-reformas\/","name":"Pedidos de Procurador a la Fiscal\u00eda demuestran necesidad de reformas - El Diario - Bolivia","isPartOf":{"@id":"https:\/\/www.eldiario.net\/portal\/#website"},"primaryImageOfPage":{"@id":"https:\/\/www.eldiario.net\/portal\/2023\/02\/16\/pedidos-de-procurador-a-la-fiscalia-demuestran-necesidad-de-reformas\/#primaryimage"},"image":{"@id":"https:\/\/www.eldiario.net\/portal\/2023\/02\/16\/pedidos-de-procurador-a-la-fiscalia-demuestran-necesidad-de-reformas\/#primaryimage"},"thumbnailUrl":"","datePublished":"2023-02-16T10:20:38+00:00","breadcrumb":{"@id":"https:\/\/www.eldiario.net\/portal\/2023\/02\/16\/pedidos-de-procurador-a-la-fiscalia-demuestran-necesidad-de-reformas\/#breadcrumb"},"inLanguage":"es","potentialAction":[{"@type":"ReadAction","target":["https:\/\/www.eldiario.net\/portal\/2023\/02\/16\/pedidos-de-procurador-a-la-fiscalia-demuestran-necesidad-de-reformas\/"]}]},{"@type":"ImageObject","inLanguage":"es","@id":"https:\/\/www.eldiario.net\/portal\/2023\/02\/16\/pedidos-de-procurador-a-la-fiscalia-demuestran-necesidad-de-reformas\/#primaryimage","url":"","contentUrl":""},{"@type":"BreadcrumbList","@id":"https:\/\/www.eldiario.net\/portal\/2023\/02\/16\/pedidos-de-procurador-a-la-fiscalia-demuestran-necesidad-de-reformas\/#breadcrumb","itemListElement":[{"@type":"ListItem","position":1,"name":"Portada","item":"https:\/\/www.eldiario.net\/portal\/"},{"@type":"ListItem","position":2,"name":"Pedidos de Procurador a la Fiscal\u00eda demuestran necesidad de reformas"}]},{"@type":"WebSite","@id":"https:\/\/www.eldiario.net\/portal\/#website","url":"https:\/\/www.eldiario.net\/portal\/","name":"El Diario - Decano de la prensa nacional","description":"El Diario - Decano de la prensa nacional","publisher":{"@id":"https:\/\/www.eldiario.net\/portal\/#organization"},"potentialAction":[{"@type":"SearchAction","target":{"@type":"EntryPoint","urlTemplate":"https:\/\/www.eldiario.net\/portal\/?s={search_term_string}"},"query-input":{"@type":"PropertyValueSpecification","valueRequired":true,"valueName":"search_term_string"}}],"inLanguage":"es"},{"@type":"Organization","@id":"https:\/\/www.eldiario.net\/portal\/#organization","name":"El Diario - Decano de la prensa nacional","url":"https:\/\/www.eldiario.net\/portal\/","logo":{"@type":"ImageObject","inLanguage":"es","@id":"https:\/\/www.eldiario.net\/portal\/#\/schema\/logo\/image\/","url":"https:\/\/www.eldiario.net\/portal\/wp-content\/uploads\/2023\/07\/logo_ED.jpg","contentUrl":"https:\/\/www.eldiario.net\/portal\/wp-content\/uploads\/2023\/07\/logo_ED.jpg","width":272,"height":52,"caption":"El Diario - Decano de la prensa nacional"},"image":{"@id":"https:\/\/www.eldiario.net\/portal\/#\/schema\/logo\/image\/"},"sameAs":["https:\/\/www.facebook.com\/eldiario.bolivia\/","https:\/\/x.com\/eldiario_net"]},{"@type":"Person","@id":"https:\/\/www.eldiario.net\/portal\/#\/schema\/person\/f46445640444750d7d753ccd04ae01b7","name":"Jeanette","image":{"@type":"ImageObject","inLanguage":"es","@id":"https:\/\/secure.gravatar.com\/avatar\/3ea2118a5f7dad2b7138b1187a6b7ee55f160b9968b66013c3a3ef39dd7e5798?s=96&d=mm&r=g","url":"https:\/\/secure.gravatar.com\/avatar\/3ea2118a5f7dad2b7138b1187a6b7ee55f160b9968b66013c3a3ef39dd7e5798?s=96&d=mm&r=g","contentUrl":"https:\/\/secure.gravatar.com\/avatar\/3ea2118a5f7dad2b7138b1187a6b7ee55f160b9968b66013c3a3ef39dd7e5798?s=96&d=mm&r=g","caption":"Jeanette"},"sameAs":["https:\/\/www.eldiario.net\/portal"],"url":"https:\/\/www.eldiario.net\/portal\/author\/jeanette\/"}]}},"_links":{"self":[{"href":"https:\/\/www.eldiario.net\/portal\/wp-json\/wp\/v2\/posts\/138449","targetHints":{"allow":["GET"]}}],"collection":[{"href":"https:\/\/www.eldiario.net\/portal\/wp-json\/wp\/v2\/posts"}],"about":[{"href":"https:\/\/www.eldiario.net\/portal\/wp-json\/wp\/v2\/types\/post"}],"author":[{"embeddable":true,"href":"https:\/\/www.eldiario.net\/portal\/wp-json\/wp\/v2\/users\/1"}],"replies":[{"embeddable":true,"href":"https:\/\/www.eldiario.net\/portal\/wp-json\/wp\/v2\/comments?post=138449"}],"version-history":[{"count":0,"href":"https:\/\/www.eldiario.net\/portal\/wp-json\/wp\/v2\/posts\/138449\/revisions"}],"wp:attachment":[{"href":"https:\/\/www.eldiario.net\/portal\/wp-json\/wp\/v2\/media?parent=138449"}],"wp:term":[{"taxonomy":"category","embeddable":true,"href":"https:\/\/www.eldiario.net\/portal\/wp-json\/wp\/v2\/categories?post=138449"},{"taxonomy":"post_tag","embeddable":true,"href":"https:\/\/www.eldiario.net\/portal\/wp-json\/wp\/v2\/tags?post=138449"}],"curies":[{"name":"wp","href":"https:\/\/api.w.org\/{rel}","templated":true}]}}