{"id":138446,"date":"2023-02-16T06:19:09","date_gmt":"2023-02-16T10:19:09","guid":{"rendered":"https:\/\/www.eldiario.net\/portal\/?p=138446"},"modified":"2023-02-16T06:19:09","modified_gmt":"2023-02-16T10:19:09","slug":"renovadores-exigen-a-diputado-arce-retractarse-y-medir-sus-palabras","status":"publish","type":"post","link":"https:\/\/www.eldiario.net\/portal\/2023\/02\/16\/renovadores-exigen-a-diputado-arce-retractarse-y-medir-sus-palabras\/","title":{"rendered":"Renovadores exigen a diputado Arce retractarse y medir sus palabras"},"content":{"rendered":"<p>Tras las acusaciones vertidas por el diputado H\u00e9ctor Arce, del Movimiento al Socialismo (MAS), contra el hijo del presidente Luis Arce Catacora, por un supuesto negociado en la adjudicaci\u00f3n de contratos para la explotaci\u00f3n de litio, el senador oficialista, Rub\u00e9n Guti\u00e9rrez, exigi\u00f3 a su colega parlamentario, retractarse y medir sus palabras para no mellar la dignidad del primer mandatario.<\/p>\n<p>En conferencia de prensa, parlamentarios oficialistas del ala renovadora, cuestionaron a su colega parlamentario H\u00e9ctor Arce por, supuestamente, haber vertido acusaciones infundadas y carentes de pruebas objetivas y documentales que permitan sostener sus aseveraciones. \u201cNo es posible que un diputado conocedor de las normas denuncie sin fundamento, sin pruebas, es una calumnia\u201d, indic\u00f3 Guti\u00e9rrez.<\/p>\n<p>Por ello, exigieron al cuestionado legislador retractarse y reflexionar sobre su accionar para, en el futuro, no incurrir en posibles calumnias contra altas autoridades.<\/p>\n<p>\u201cNosotros exigimos al diputado H\u00e9ctor Arce que pueda retractarse y consecuentemente de aqu\u00ed en adelante medir sus palabras porque no es posible mellar la dignidad de una primera autoridad de Estado\u201d, afirm\u00f3 el parlamentario, apuntando que el pa\u00eds es consciente de los esfuerzos que se realizan para alcanzar la anhelada industrializaci\u00f3n de los recursos evapor\u00edticos con los que cuenta Bolivia.<\/p>\n<p>En las \u00faltimas horas, el dirigente cocalero, Evo Morales, invit\u00f3 al diputado Arce a exponer las pruebas de sus denuncias ante las federaciones del tr\u00f3pico, responsabilizando a autoridades de Gobierno por posibles amedrentamientos contra el legislador. \u201cHacemos responsables a las autoridades de cualquier atentado\u201d, expreso la exautoridad desde sus redes sociales.<\/p>\n","protected":false},"excerpt":{"rendered":"<p>Tras las acusaciones vertidas por el diputado H\u00e9ctor Arce, del Movimiento al Socialismo (MAS), contra el hijo del presidente Luis Arce Catacora, por un supuesto negociado en la adjudicaci\u00f3n de contratos para la explotaci\u00f3n de litio, el senador oficialista, Rub\u00e9n Guti\u00e9rrez, exigi\u00f3 a su colega parlamentario, retractarse y medir sus palabras para no mellar la [&hellip;]<\/p>\n","protected":false},"author":1,"featured_media":138447,"comment_status":"closed","ping_status":"closed","sticky":false,"template":"","format":"standard","meta":{"_acf_changed":false,"footnotes":""},"categories":[14],"tags":[],"class_list":["post-138446","post","type-post","status-publish","format-standard","has-post-thumbnail","category-politica"],"acf":{"antetitulo":""},"yoast_head":"<!-- This site is optimized with the Yoast SEO plugin v28.4 - https:\/\/yoast.com\/product\/yoast-seo-wordpress\/ -->\n<title>Renovadores exigen a diputado Arce retractarse y medir sus palabras - El Diario - Bolivia<\/title>\n<meta name=\"robots\" content=\"index, follow, max-snippet:-1, max-image-preview:large, max-video-preview:-1\" \/>\n<link rel=\"canonical\" href=\"https:\/\/www.eldiario.net\/portal\/2023\/02\/16\/renovadores-exigen-a-diputado-arce-retractarse-y-medir-sus-palabras\/\" \/>\n<meta property=\"og:locale\" content=\"es_ES\" \/>\n<meta property=\"og:type\" content=\"article\" \/>\n<meta property=\"og:title\" content=\"Renovadores exigen a diputado Arce retractarse y medir sus palabras - El Diario - Bolivia\" \/>\n<meta property=\"og:description\" content=\"Tras las acusaciones vertidas por el diputado H\u00e9ctor Arce, del Movimiento al Socialismo (MAS), contra el hijo del presidente Luis Arce Catacora, por un supuesto negociado en la adjudicaci\u00f3n de contratos para la explotaci\u00f3n de litio, el senador oficialista, Rub\u00e9n Guti\u00e9rrez, exigi\u00f3 a su colega parlamentario, retractarse y medir sus palabras para no mellar la [&hellip;]\" \/>\n<meta property=\"og:url\" content=\"https:\/\/www.eldiario.net\/portal\/2023\/02\/16\/renovadores-exigen-a-diputado-arce-retractarse-y-medir-sus-palabras\/\" \/>\n<meta property=\"og:site_name\" content=\"El Diario - Bolivia\" \/>\n<meta property=\"article:publisher\" content=\"https:\/\/www.facebook.com\/eldiario.bolivia\/\" \/>\n<meta property=\"article:published_time\" content=\"2023-02-16T10:19:09+00:00\" \/>\n<meta name=\"author\" content=\"Jeanette\" \/>\n<meta name=\"twitter:card\" content=\"summary_large_image\" \/>\n<meta name=\"twitter:creator\" content=\"@eldiario_net\" \/>\n<meta name=\"twitter:site\" content=\"@eldiario_net\" \/>\n<meta name=\"twitter:label1\" content=\"Escrito por\" \/>\n\t<meta name=\"twitter:data1\" content=\"Jeanette\" \/>\n\t<meta name=\"twitter:label2\" content=\"Tiempo de lectura\" \/>\n\t<meta name=\"twitter:data2\" content=\"2 minutos\" \/>\n<script type=\"application\/ld+json\" class=\"yoast-schema-graph\">{\"@context\":\"https:\\\/\\\/schema.org\",\"@graph\":[{\"@type\":\"Article\",\"@id\":\"https:\\\/\\\/www.eldiario.net\\\/portal\\\/2023\\\/02\\\/16\\\/renovadores-exigen-a-diputado-arce-retractarse-y-medir-sus-palabras\\\/#article\",\"isPartOf\":{\"@id\":\"https:\\\/\\\/www.eldiario.net\\\/portal\\\/2023\\\/02\\\/16\\\/renovadores-exigen-a-diputado-arce-retractarse-y-medir-sus-palabras\\\/\"},\"author\":{\"name\":\"Jeanette\",\"@id\":\"https:\\\/\\\/www.eldiario.net\\\/portal\\\/#\\\/schema\\\/person\\\/f46445640444750d7d753ccd04ae01b7\"},\"headline\":\"Renovadores exigen a diputado Arce retractarse y medir sus palabras\",\"datePublished\":\"2023-02-16T10:19:09+00:00\",\"mainEntityOfPage\":{\"@id\":\"https:\\\/\\\/www.eldiario.net\\\/portal\\\/2023\\\/02\\\/16\\\/renovadores-exigen-a-diputado-arce-retractarse-y-medir-sus-palabras\\\/\"},\"wordCount\":270,\"publisher\":{\"@id\":\"https:\\\/\\\/www.eldiario.net\\\/portal\\\/#organization\"},\"image\":{\"@id\":\"https:\\\/\\\/www.eldiario.net\\\/portal\\\/2023\\\/02\\\/16\\\/renovadores-exigen-a-diputado-arce-retractarse-y-medir-sus-palabras\\\/#primaryimage\"},\"thumbnailUrl\":\"\",\"articleSection\":[\"Pol\u00edtica\"],\"inLanguage\":\"es\"},{\"@type\":\"WebPage\",\"@id\":\"https:\\\/\\\/www.eldiario.net\\\/portal\\\/2023\\\/02\\\/16\\\/renovadores-exigen-a-diputado-arce-retractarse-y-medir-sus-palabras\\\/\",\"url\":\"https:\\\/\\\/www.eldiario.net\\\/portal\\\/2023\\\/02\\\/16\\\/renovadores-exigen-a-diputado-arce-retractarse-y-medir-sus-palabras\\\/\",\"name\":\"Renovadores exigen a diputado Arce retractarse y medir sus palabras - El Diario - Bolivia\",\"isPartOf\":{\"@id\":\"https:\\\/\\\/www.eldiario.net\\\/portal\\\/#website\"},\"primaryImageOfPage\":{\"@id\":\"https:\\\/\\\/www.eldiario.net\\\/portal\\\/2023\\\/02\\\/16\\\/renovadores-exigen-a-diputado-arce-retractarse-y-medir-sus-palabras\\\/#primaryimage\"},\"image\":{\"@id\":\"https:\\\/\\\/www.eldiario.net\\\/portal\\\/2023\\\/02\\\/16\\\/renovadores-exigen-a-diputado-arce-retractarse-y-medir-sus-palabras\\\/#primaryimage\"},\"thumbnailUrl\":\"\",\"datePublished\":\"2023-02-16T10:19:09+00:00\",\"breadcrumb\":{\"@id\":\"https:\\\/\\\/www.eldiario.net\\\/portal\\\/2023\\\/02\\\/16\\\/renovadores-exigen-a-diputado-arce-retractarse-y-medir-sus-palabras\\\/#breadcrumb\"},\"inLanguage\":\"es\",\"potentialAction\":[{\"@type\":\"ReadAction\",\"target\":[\"https:\\\/\\\/www.eldiario.net\\\/portal\\\/2023\\\/02\\\/16\\\/renovadores-exigen-a-diputado-arce-retractarse-y-medir-sus-palabras\\\/\"]}]},{\"@type\":\"ImageObject\",\"inLanguage\":\"es\",\"@id\":\"https:\\\/\\\/www.eldiario.net\\\/portal\\\/2023\\\/02\\\/16\\\/renovadores-exigen-a-diputado-arce-retractarse-y-medir-sus-palabras\\\/#primaryimage\",\"url\":\"\",\"contentUrl\":\"\"},{\"@type\":\"BreadcrumbList\",\"@id\":\"https:\\\/\\\/www.eldiario.net\\\/portal\\\/2023\\\/02\\\/16\\\/renovadores-exigen-a-diputado-arce-retractarse-y-medir-sus-palabras\\\/#breadcrumb\",\"itemListElement\":[{\"@type\":\"ListItem\",\"position\":1,\"name\":\"Portada\",\"item\":\"https:\\\/\\\/www.eldiario.net\\\/portal\\\/\"},{\"@type\":\"ListItem\",\"position\":2,\"name\":\"Renovadores exigen a diputado Arce retractarse y medir sus palabras\"}]},{\"@type\":\"WebSite\",\"@id\":\"https:\\\/\\\/www.eldiario.net\\\/portal\\\/#website\",\"url\":\"https:\\\/\\\/www.eldiario.net\\\/portal\\\/\",\"name\":\"El Diario - Decano de la prensa nacional\",\"description\":\"El Diario - Decano de la prensa nacional\",\"publisher\":{\"@id\":\"https:\\\/\\\/www.eldiario.net\\\/portal\\\/#organization\"},\"potentialAction\":[{\"@type\":\"SearchAction\",\"target\":{\"@type\":\"EntryPoint\",\"urlTemplate\":\"https:\\\/\\\/www.eldiario.net\\\/portal\\\/?s={search_term_string}\"},\"query-input\":{\"@type\":\"PropertyValueSpecification\",\"valueRequired\":true,\"valueName\":\"search_term_string\"}}],\"inLanguage\":\"es\"},{\"@type\":\"Organization\",\"@id\":\"https:\\\/\\\/www.eldiario.net\\\/portal\\\/#organization\",\"name\":\"El Diario - Decano de la prensa nacional\",\"url\":\"https:\\\/\\\/www.eldiario.net\\\/portal\\\/\",\"logo\":{\"@type\":\"ImageObject\",\"inLanguage\":\"es\",\"@id\":\"https:\\\/\\\/www.eldiario.net\\\/portal\\\/#\\\/schema\\\/logo\\\/image\\\/\",\"url\":\"https:\\\/\\\/www.eldiario.net\\\/portal\\\/wp-content\\\/uploads\\\/2023\\\/07\\\/logo_ED.jpg\",\"contentUrl\":\"https:\\\/\\\/www.eldiario.net\\\/portal\\\/wp-content\\\/uploads\\\/2023\\\/07\\\/logo_ED.jpg\",\"width\":272,\"height\":52,\"caption\":\"El Diario - Decano de la prensa nacional\"},\"image\":{\"@id\":\"https:\\\/\\\/www.eldiario.net\\\/portal\\\/#\\\/schema\\\/logo\\\/image\\\/\"},\"sameAs\":[\"https:\\\/\\\/www.facebook.com\\\/eldiario.bolivia\\\/\",\"https:\\\/\\\/x.com\\\/eldiario_net\"]},{\"@type\":\"Person\",\"@id\":\"https:\\\/\\\/www.eldiario.net\\\/portal\\\/#\\\/schema\\\/person\\\/f46445640444750d7d753ccd04ae01b7\",\"name\":\"Jeanette\",\"image\":{\"@type\":\"ImageObject\",\"inLanguage\":\"es\",\"@id\":\"https:\\\/\\\/secure.gravatar.com\\\/avatar\\\/3ea2118a5f7dad2b7138b1187a6b7ee55f160b9968b66013c3a3ef39dd7e5798?s=96&d=mm&r=g\",\"url\":\"https:\\\/\\\/secure.gravatar.com\\\/avatar\\\/3ea2118a5f7dad2b7138b1187a6b7ee55f160b9968b66013c3a3ef39dd7e5798?s=96&d=mm&r=g\",\"contentUrl\":\"https:\\\/\\\/secure.gravatar.com\\\/avatar\\\/3ea2118a5f7dad2b7138b1187a6b7ee55f160b9968b66013c3a3ef39dd7e5798?s=96&d=mm&r=g\",\"caption\":\"Jeanette\"},\"sameAs\":[\"https:\\\/\\\/www.eldiario.net\\\/portal\"],\"url\":\"https:\\\/\\\/www.eldiario.net\\\/portal\\\/author\\\/jeanette\\\/\"}]}<\/script>\n<!-- \/ Yoast SEO plugin. -->","yoast_head_json":{"title":"Renovadores exigen a diputado Arce retractarse y medir sus palabras - El Diario - Bolivia","robots":{"index":"index","follow":"follow","max-snippet":"max-snippet:-1","max-image-preview":"max-image-preview:large","max-video-preview":"max-video-preview:-1"},"canonical":"https:\/\/www.eldiario.net\/portal\/2023\/02\/16\/renovadores-exigen-a-diputado-arce-retractarse-y-medir-sus-palabras\/","og_locale":"es_ES","og_type":"article","og_title":"Renovadores exigen a diputado Arce retractarse y medir sus palabras - El Diario - Bolivia","og_description":"Tras las acusaciones vertidas por el diputado H\u00e9ctor Arce, del Movimiento al Socialismo (MAS), contra el hijo del presidente Luis Arce Catacora, por un supuesto negociado en la adjudicaci\u00f3n de contratos para la explotaci\u00f3n de litio, el senador oficialista, Rub\u00e9n Guti\u00e9rrez, exigi\u00f3 a su colega parlamentario, retractarse y medir sus palabras para no mellar la [&hellip;]","og_url":"https:\/\/www.eldiario.net\/portal\/2023\/02\/16\/renovadores-exigen-a-diputado-arce-retractarse-y-medir-sus-palabras\/","og_site_name":"El Diario - Bolivia","article_publisher":"https:\/\/www.facebook.com\/eldiario.bolivia\/","article_published_time":"2023-02-16T10:19:09+00:00","author":"Jeanette","twitter_card":"summary_large_image","twitter_creator":"@eldiario_net","twitter_site":"@eldiario_net","twitter_misc":{"Escrito por":"Jeanette","Tiempo de lectura":"2 minutos"},"schema":{"@context":"https:\/\/schema.org","@graph":[{"@type":"Article","@id":"https:\/\/www.eldiario.net\/portal\/2023\/02\/16\/renovadores-exigen-a-diputado-arce-retractarse-y-medir-sus-palabras\/#article","isPartOf":{"@id":"https:\/\/www.eldiario.net\/portal\/2023\/02\/16\/renovadores-exigen-a-diputado-arce-retractarse-y-medir-sus-palabras\/"},"author":{"name":"Jeanette","@id":"https:\/\/www.eldiario.net\/portal\/#\/schema\/person\/f46445640444750d7d753ccd04ae01b7"},"headline":"Renovadores exigen a diputado Arce retractarse y medir sus palabras","datePublished":"2023-02-16T10:19:09+00:00","mainEntityOfPage":{"@id":"https:\/\/www.eldiario.net\/portal\/2023\/02\/16\/renovadores-exigen-a-diputado-arce-retractarse-y-medir-sus-palabras\/"},"wordCount":270,"publisher":{"@id":"https:\/\/www.eldiario.net\/portal\/#organization"},"image":{"@id":"https:\/\/www.eldiario.net\/portal\/2023\/02\/16\/renovadores-exigen-a-diputado-arce-retractarse-y-medir-sus-palabras\/#primaryimage"},"thumbnailUrl":"","articleSection":["Pol\u00edtica"],"inLanguage":"es"},{"@type":"WebPage","@id":"https:\/\/www.eldiario.net\/portal\/2023\/02\/16\/renovadores-exigen-a-diputado-arce-retractarse-y-medir-sus-palabras\/","url":"https:\/\/www.eldiario.net\/portal\/2023\/02\/16\/renovadores-exigen-a-diputado-arce-retractarse-y-medir-sus-palabras\/","name":"Renovadores exigen a diputado Arce retractarse y medir sus palabras - El Diario - Bolivia","isPartOf":{"@id":"https:\/\/www.eldiario.net\/portal\/#website"},"primaryImageOfPage":{"@id":"https:\/\/www.eldiario.net\/portal\/2023\/02\/16\/renovadores-exigen-a-diputado-arce-retractarse-y-medir-sus-palabras\/#primaryimage"},"image":{"@id":"https:\/\/www.eldiario.net\/portal\/2023\/02\/16\/renovadores-exigen-a-diputado-arce-retractarse-y-medir-sus-palabras\/#primaryimage"},"thumbnailUrl":"","datePublished":"2023-02-16T10:19:09+00:00","breadcrumb":{"@id":"https:\/\/www.eldiario.net\/portal\/2023\/02\/16\/renovadores-exigen-a-diputado-arce-retractarse-y-medir-sus-palabras\/#breadcrumb"},"inLanguage":"es","potentialAction":[{"@type":"ReadAction","target":["https:\/\/www.eldiario.net\/portal\/2023\/02\/16\/renovadores-exigen-a-diputado-arce-retractarse-y-medir-sus-palabras\/"]}]},{"@type":"ImageObject","inLanguage":"es","@id":"https:\/\/www.eldiario.net\/portal\/2023\/02\/16\/renovadores-exigen-a-diputado-arce-retractarse-y-medir-sus-palabras\/#primaryimage","url":"","contentUrl":""},{"@type":"BreadcrumbList","@id":"https:\/\/www.eldiario.net\/portal\/2023\/02\/16\/renovadores-exigen-a-diputado-arce-retractarse-y-medir-sus-palabras\/#breadcrumb","itemListElement":[{"@type":"ListItem","position":1,"name":"Portada","item":"https:\/\/www.eldiario.net\/portal\/"},{"@type":"ListItem","position":2,"name":"Renovadores exigen a diputado Arce retractarse y medir sus palabras"}]},{"@type":"WebSite","@id":"https:\/\/www.eldiario.net\/portal\/#website","url":"https:\/\/www.eldiario.net\/portal\/","name":"El Diario - Decano de la prensa nacional","description":"El Diario - Decano de la prensa nacional","publisher":{"@id":"https:\/\/www.eldiario.net\/portal\/#organization"},"potentialAction":[{"@type":"SearchAction","target":{"@type":"EntryPoint","urlTemplate":"https:\/\/www.eldiario.net\/portal\/?s={search_term_string}"},"query-input":{"@type":"PropertyValueSpecification","valueRequired":true,"valueName":"search_term_string"}}],"inLanguage":"es"},{"@type":"Organization","@id":"https:\/\/www.eldiario.net\/portal\/#organization","name":"El Diario - Decano de la prensa nacional","url":"https:\/\/www.eldiario.net\/portal\/","logo":{"@type":"ImageObject","inLanguage":"es","@id":"https:\/\/www.eldiario.net\/portal\/#\/schema\/logo\/image\/","url":"https:\/\/www.eldiario.net\/portal\/wp-content\/uploads\/2023\/07\/logo_ED.jpg","contentUrl":"https:\/\/www.eldiario.net\/portal\/wp-content\/uploads\/2023\/07\/logo_ED.jpg","width":272,"height":52,"caption":"El Diario - Decano de la prensa nacional"},"image":{"@id":"https:\/\/www.eldiario.net\/portal\/#\/schema\/logo\/image\/"},"sameAs":["https:\/\/www.facebook.com\/eldiario.bolivia\/","https:\/\/x.com\/eldiario_net"]},{"@type":"Person","@id":"https:\/\/www.eldiario.net\/portal\/#\/schema\/person\/f46445640444750d7d753ccd04ae01b7","name":"Jeanette","image":{"@type":"ImageObject","inLanguage":"es","@id":"https:\/\/secure.gravatar.com\/avatar\/3ea2118a5f7dad2b7138b1187a6b7ee55f160b9968b66013c3a3ef39dd7e5798?s=96&d=mm&r=g","url":"https:\/\/secure.gravatar.com\/avatar\/3ea2118a5f7dad2b7138b1187a6b7ee55f160b9968b66013c3a3ef39dd7e5798?s=96&d=mm&r=g","contentUrl":"https:\/\/secure.gravatar.com\/avatar\/3ea2118a5f7dad2b7138b1187a6b7ee55f160b9968b66013c3a3ef39dd7e5798?s=96&d=mm&r=g","caption":"Jeanette"},"sameAs":["https:\/\/www.eldiario.net\/portal"],"url":"https:\/\/www.eldiario.net\/portal\/author\/jeanette\/"}]}},"_links":{"self":[{"href":"https:\/\/www.eldiario.net\/portal\/wp-json\/wp\/v2\/posts\/138446","targetHints":{"allow":["GET"]}}],"collection":[{"href":"https:\/\/www.eldiario.net\/portal\/wp-json\/wp\/v2\/posts"}],"about":[{"href":"https:\/\/www.eldiario.net\/portal\/wp-json\/wp\/v2\/types\/post"}],"author":[{"embeddable":true,"href":"https:\/\/www.eldiario.net\/portal\/wp-json\/wp\/v2\/users\/1"}],"replies":[{"embeddable":true,"href":"https:\/\/www.eldiario.net\/portal\/wp-json\/wp\/v2\/comments?post=138446"}],"version-history":[{"count":0,"href":"https:\/\/www.eldiario.net\/portal\/wp-json\/wp\/v2\/posts\/138446\/revisions"}],"wp:attachment":[{"href":"https:\/\/www.eldiario.net\/portal\/wp-json\/wp\/v2\/media?parent=138446"}],"wp:term":[{"taxonomy":"category","embeddable":true,"href":"https:\/\/www.eldiario.net\/portal\/wp-json\/wp\/v2\/categories?post=138446"},{"taxonomy":"post_tag","embeddable":true,"href":"https:\/\/www.eldiario.net\/portal\/wp-json\/wp\/v2\/tags?post=138446"}],"curies":[{"name":"wp","href":"https:\/\/api.w.org\/{rel}","templated":true}]}}