{"id":138443,"date":"2023-02-16T06:18:11","date_gmt":"2023-02-16T10:18:11","guid":{"rendered":"https:\/\/www.eldiario.net\/portal\/?p=138443"},"modified":"2023-02-16T06:18:11","modified_gmt":"2023-02-16T10:18:11","slug":"crucenos-no-permitiran-que-el-mas-consolide-un-golpe-en-su-gobernacion","status":"publish","type":"post","link":"https:\/\/www.eldiario.net\/portal\/2023\/02\/16\/crucenos-no-permitiran-que-el-mas-consolide-un-golpe-en-su-gobernacion\/","title":{"rendered":"Cruce\u00f1os no permitir\u00e1n que el MAS consolide un golpe en su gobernaci\u00f3n"},"content":{"rendered":"<p>Se\u00f1alando que el Gobierno pretende tomar la gobernaci\u00f3n de Santa Cruz mediante una acci\u00f3n de cumplimiento \u201ctenebrosa\u201d con influjo pol\u00edtico, el senador por Creemos, Erik Mor\u00f3n, afirm\u00f3 que los cruce\u00f1os no permitir\u00e1n que dos vocales, entre cuatro paredes, arrebaten el voto del 55% de la poblaci\u00f3n cruce\u00f1a, que eligi\u00f3 a Luis Fernando Camacho como su Gobernador hasta el a\u00f1o 2025.<\/p>\n<p>En rueda de prensa, Mor\u00f3n enfatiz\u00f3 que Santa Cruz tiene un gobernador electo que \u201cno est\u00e1 muerto, que no tiene sentencia ejecutoriada y que no ha renunciado\u201d, que se encuentra en la ciudad de La Paz secuestrado con un proceso injusto y ahora pretenden dar un golpe funesto quit\u00e1ndole la Gobernaci\u00f3n al departamento de Santa Cruz y al propio Camacho,<\/p>\n<p>\u201cNo nos vamos a dejar quitar la gobernaci\u00f3n, no nos vamos a dejar defenestrar ni que perpet\u00faen y consoliden el golpe que han querido dar\u201d, dijo.<\/p>\n<p>Asimismo, indic\u00f3 Santa Cruz tiene una Asamblea Legislativa Departamental, que es respetuosa de su Estatuto Auton\u00f3mico, que se pronunci\u00f3 en reiteradas ocasiones sobre el tema y con esta acci\u00f3n de cumplimiento se evidencia que, no conformes con la resoluci\u00f3n de la Asamblea Departamental y tampoco con la legitimidad del voto obtenido.<\/p>\n<p>\u201cSe pretende desconocer y deslegitimizar la votaci\u00f3n del departamento de Santa Cruz y el Estatuto Auton\u00f3mico cruce\u00f1o\u201d, sostuvo el legislador.<\/p>\n<p>La audiencia de Acci\u00f3n de Cumplimiento en la que se definir\u00e1 si el vicegobernador, Mario Aguilera, asume la suplencia temporal como gobernador del departamento de Santa Cruz, en sustituci\u00f3n de Fernando Camacho, est\u00e1 prevista para esta jornada.<\/p>\n","protected":false},"excerpt":{"rendered":"<p>Se\u00f1alando que el Gobierno pretende tomar la gobernaci\u00f3n de Santa Cruz mediante una acci\u00f3n de cumplimiento \u201ctenebrosa\u201d con influjo pol\u00edtico, el senador por Creemos, Erik Mor\u00f3n, afirm\u00f3 que los cruce\u00f1os no permitir\u00e1n que dos vocales, entre cuatro paredes, arrebaten el voto del 55% de la poblaci\u00f3n cruce\u00f1a, que eligi\u00f3 a Luis Fernando Camacho como su [&hellip;]<\/p>\n","protected":false},"author":1,"featured_media":138444,"comment_status":"closed","ping_status":"closed","sticky":false,"template":"","format":"standard","meta":{"_acf_changed":false,"footnotes":""},"categories":[14],"tags":[],"class_list":["post-138443","post","type-post","status-publish","format-standard","has-post-thumbnail","category-politica"],"acf":{"antetitulo":""},"yoast_head":"<!-- This site is optimized with the Yoast SEO plugin v28.4 - https:\/\/yoast.com\/product\/yoast-seo-wordpress\/ -->\n<title>Cruce\u00f1os no permitir\u00e1n que el MAS consolide un golpe en su gobernaci\u00f3n - El Diario - Bolivia<\/title>\n<meta name=\"robots\" content=\"index, follow, max-snippet:-1, max-image-preview:large, max-video-preview:-1\" \/>\n<link rel=\"canonical\" href=\"https:\/\/www.eldiario.net\/portal\/2023\/02\/16\/crucenos-no-permitiran-que-el-mas-consolide-un-golpe-en-su-gobernacion\/\" \/>\n<meta property=\"og:locale\" content=\"es_ES\" \/>\n<meta property=\"og:type\" content=\"article\" \/>\n<meta property=\"og:title\" content=\"Cruce\u00f1os no permitir\u00e1n que el MAS consolide un golpe en su gobernaci\u00f3n - El Diario - Bolivia\" \/>\n<meta property=\"og:description\" content=\"Se\u00f1alando que el Gobierno pretende tomar la gobernaci\u00f3n de Santa Cruz mediante una acci\u00f3n de cumplimiento \u201ctenebrosa\u201d con influjo pol\u00edtico, el senador por Creemos, Erik Mor\u00f3n, afirm\u00f3 que los cruce\u00f1os no permitir\u00e1n que dos vocales, entre cuatro paredes, arrebaten el voto del 55% de la poblaci\u00f3n cruce\u00f1a, que eligi\u00f3 a Luis Fernando Camacho como su [&hellip;]\" \/>\n<meta property=\"og:url\" content=\"https:\/\/www.eldiario.net\/portal\/2023\/02\/16\/crucenos-no-permitiran-que-el-mas-consolide-un-golpe-en-su-gobernacion\/\" \/>\n<meta property=\"og:site_name\" content=\"El Diario - Bolivia\" \/>\n<meta property=\"article:publisher\" content=\"https:\/\/www.facebook.com\/eldiario.bolivia\/\" \/>\n<meta property=\"article:published_time\" content=\"2023-02-16T10:18:11+00:00\" \/>\n<meta name=\"author\" content=\"Jeanette\" \/>\n<meta name=\"twitter:card\" content=\"summary_large_image\" \/>\n<meta name=\"twitter:creator\" content=\"@eldiario_net\" \/>\n<meta name=\"twitter:site\" content=\"@eldiario_net\" \/>\n<meta name=\"twitter:label1\" content=\"Escrito por\" \/>\n\t<meta name=\"twitter:data1\" content=\"Jeanette\" \/>\n\t<meta name=\"twitter:label2\" content=\"Tiempo de lectura\" \/>\n\t<meta name=\"twitter:data2\" content=\"2 minutos\" \/>\n<script type=\"application\/ld+json\" class=\"yoast-schema-graph\">{\"@context\":\"https:\\\/\\\/schema.org\",\"@graph\":[{\"@type\":\"Article\",\"@id\":\"https:\\\/\\\/www.eldiario.net\\\/portal\\\/2023\\\/02\\\/16\\\/crucenos-no-permitiran-que-el-mas-consolide-un-golpe-en-su-gobernacion\\\/#article\",\"isPartOf\":{\"@id\":\"https:\\\/\\\/www.eldiario.net\\\/portal\\\/2023\\\/02\\\/16\\\/crucenos-no-permitiran-que-el-mas-consolide-un-golpe-en-su-gobernacion\\\/\"},\"author\":{\"name\":\"Jeanette\",\"@id\":\"https:\\\/\\\/www.eldiario.net\\\/portal\\\/#\\\/schema\\\/person\\\/f46445640444750d7d753ccd04ae01b7\"},\"headline\":\"Cruce\u00f1os no permitir\u00e1n que el MAS consolide un golpe en su gobernaci\u00f3n\",\"datePublished\":\"2023-02-16T10:18:11+00:00\",\"mainEntityOfPage\":{\"@id\":\"https:\\\/\\\/www.eldiario.net\\\/portal\\\/2023\\\/02\\\/16\\\/crucenos-no-permitiran-que-el-mas-consolide-un-golpe-en-su-gobernacion\\\/\"},\"wordCount\":290,\"publisher\":{\"@id\":\"https:\\\/\\\/www.eldiario.net\\\/portal\\\/#organization\"},\"image\":{\"@id\":\"https:\\\/\\\/www.eldiario.net\\\/portal\\\/2023\\\/02\\\/16\\\/crucenos-no-permitiran-que-el-mas-consolide-un-golpe-en-su-gobernacion\\\/#primaryimage\"},\"thumbnailUrl\":\"\",\"articleSection\":[\"Pol\u00edtica\"],\"inLanguage\":\"es\"},{\"@type\":\"WebPage\",\"@id\":\"https:\\\/\\\/www.eldiario.net\\\/portal\\\/2023\\\/02\\\/16\\\/crucenos-no-permitiran-que-el-mas-consolide-un-golpe-en-su-gobernacion\\\/\",\"url\":\"https:\\\/\\\/www.eldiario.net\\\/portal\\\/2023\\\/02\\\/16\\\/crucenos-no-permitiran-que-el-mas-consolide-un-golpe-en-su-gobernacion\\\/\",\"name\":\"Cruce\u00f1os no permitir\u00e1n que el MAS consolide un golpe en su gobernaci\u00f3n - El Diario - Bolivia\",\"isPartOf\":{\"@id\":\"https:\\\/\\\/www.eldiario.net\\\/portal\\\/#website\"},\"primaryImageOfPage\":{\"@id\":\"https:\\\/\\\/www.eldiario.net\\\/portal\\\/2023\\\/02\\\/16\\\/crucenos-no-permitiran-que-el-mas-consolide-un-golpe-en-su-gobernacion\\\/#primaryimage\"},\"image\":{\"@id\":\"https:\\\/\\\/www.eldiario.net\\\/portal\\\/2023\\\/02\\\/16\\\/crucenos-no-permitiran-que-el-mas-consolide-un-golpe-en-su-gobernacion\\\/#primaryimage\"},\"thumbnailUrl\":\"\",\"datePublished\":\"2023-02-16T10:18:11+00:00\",\"breadcrumb\":{\"@id\":\"https:\\\/\\\/www.eldiario.net\\\/portal\\\/2023\\\/02\\\/16\\\/crucenos-no-permitiran-que-el-mas-consolide-un-golpe-en-su-gobernacion\\\/#breadcrumb\"},\"inLanguage\":\"es\",\"potentialAction\":[{\"@type\":\"ReadAction\",\"target\":[\"https:\\\/\\\/www.eldiario.net\\\/portal\\\/2023\\\/02\\\/16\\\/crucenos-no-permitiran-que-el-mas-consolide-un-golpe-en-su-gobernacion\\\/\"]}]},{\"@type\":\"ImageObject\",\"inLanguage\":\"es\",\"@id\":\"https:\\\/\\\/www.eldiario.net\\\/portal\\\/2023\\\/02\\\/16\\\/crucenos-no-permitiran-que-el-mas-consolide-un-golpe-en-su-gobernacion\\\/#primaryimage\",\"url\":\"\",\"contentUrl\":\"\"},{\"@type\":\"BreadcrumbList\",\"@id\":\"https:\\\/\\\/www.eldiario.net\\\/portal\\\/2023\\\/02\\\/16\\\/crucenos-no-permitiran-que-el-mas-consolide-un-golpe-en-su-gobernacion\\\/#breadcrumb\",\"itemListElement\":[{\"@type\":\"ListItem\",\"position\":1,\"name\":\"Portada\",\"item\":\"https:\\\/\\\/www.eldiario.net\\\/portal\\\/\"},{\"@type\":\"ListItem\",\"position\":2,\"name\":\"Cruce\u00f1os no permitir\u00e1n que el MAS consolide un golpe en su gobernaci\u00f3n\"}]},{\"@type\":\"WebSite\",\"@id\":\"https:\\\/\\\/www.eldiario.net\\\/portal\\\/#website\",\"url\":\"https:\\\/\\\/www.eldiario.net\\\/portal\\\/\",\"name\":\"El Diario - Decano de la prensa nacional\",\"description\":\"El Diario - Decano de la prensa nacional\",\"publisher\":{\"@id\":\"https:\\\/\\\/www.eldiario.net\\\/portal\\\/#organization\"},\"potentialAction\":[{\"@type\":\"SearchAction\",\"target\":{\"@type\":\"EntryPoint\",\"urlTemplate\":\"https:\\\/\\\/www.eldiario.net\\\/portal\\\/?s={search_term_string}\"},\"query-input\":{\"@type\":\"PropertyValueSpecification\",\"valueRequired\":true,\"valueName\":\"search_term_string\"}}],\"inLanguage\":\"es\"},{\"@type\":\"Organization\",\"@id\":\"https:\\\/\\\/www.eldiario.net\\\/portal\\\/#organization\",\"name\":\"El Diario - Decano de la prensa nacional\",\"url\":\"https:\\\/\\\/www.eldiario.net\\\/portal\\\/\",\"logo\":{\"@type\":\"ImageObject\",\"inLanguage\":\"es\",\"@id\":\"https:\\\/\\\/www.eldiario.net\\\/portal\\\/#\\\/schema\\\/logo\\\/image\\\/\",\"url\":\"https:\\\/\\\/www.eldiario.net\\\/portal\\\/wp-content\\\/uploads\\\/2023\\\/07\\\/logo_ED.jpg\",\"contentUrl\":\"https:\\\/\\\/www.eldiario.net\\\/portal\\\/wp-content\\\/uploads\\\/2023\\\/07\\\/logo_ED.jpg\",\"width\":272,\"height\":52,\"caption\":\"El Diario - Decano de la prensa nacional\"},\"image\":{\"@id\":\"https:\\\/\\\/www.eldiario.net\\\/portal\\\/#\\\/schema\\\/logo\\\/image\\\/\"},\"sameAs\":[\"https:\\\/\\\/www.facebook.com\\\/eldiario.bolivia\\\/\",\"https:\\\/\\\/x.com\\\/eldiario_net\"]},{\"@type\":\"Person\",\"@id\":\"https:\\\/\\\/www.eldiario.net\\\/portal\\\/#\\\/schema\\\/person\\\/f46445640444750d7d753ccd04ae01b7\",\"name\":\"Jeanette\",\"image\":{\"@type\":\"ImageObject\",\"inLanguage\":\"es\",\"@id\":\"https:\\\/\\\/secure.gravatar.com\\\/avatar\\\/3ea2118a5f7dad2b7138b1187a6b7ee55f160b9968b66013c3a3ef39dd7e5798?s=96&d=mm&r=g\",\"url\":\"https:\\\/\\\/secure.gravatar.com\\\/avatar\\\/3ea2118a5f7dad2b7138b1187a6b7ee55f160b9968b66013c3a3ef39dd7e5798?s=96&d=mm&r=g\",\"contentUrl\":\"https:\\\/\\\/secure.gravatar.com\\\/avatar\\\/3ea2118a5f7dad2b7138b1187a6b7ee55f160b9968b66013c3a3ef39dd7e5798?s=96&d=mm&r=g\",\"caption\":\"Jeanette\"},\"sameAs\":[\"https:\\\/\\\/www.eldiario.net\\\/portal\"],\"url\":\"https:\\\/\\\/www.eldiario.net\\\/portal\\\/author\\\/jeanette\\\/\"}]}<\/script>\n<!-- \/ Yoast SEO plugin. -->","yoast_head_json":{"title":"Cruce\u00f1os no permitir\u00e1n que el MAS consolide un golpe en su gobernaci\u00f3n - El Diario - Bolivia","robots":{"index":"index","follow":"follow","max-snippet":"max-snippet:-1","max-image-preview":"max-image-preview:large","max-video-preview":"max-video-preview:-1"},"canonical":"https:\/\/www.eldiario.net\/portal\/2023\/02\/16\/crucenos-no-permitiran-que-el-mas-consolide-un-golpe-en-su-gobernacion\/","og_locale":"es_ES","og_type":"article","og_title":"Cruce\u00f1os no permitir\u00e1n que el MAS consolide un golpe en su gobernaci\u00f3n - El Diario - Bolivia","og_description":"Se\u00f1alando que el Gobierno pretende tomar la gobernaci\u00f3n de Santa Cruz mediante una acci\u00f3n de cumplimiento \u201ctenebrosa\u201d con influjo pol\u00edtico, el senador por Creemos, Erik Mor\u00f3n, afirm\u00f3 que los cruce\u00f1os no permitir\u00e1n que dos vocales, entre cuatro paredes, arrebaten el voto del 55% de la poblaci\u00f3n cruce\u00f1a, que eligi\u00f3 a Luis Fernando Camacho como su [&hellip;]","og_url":"https:\/\/www.eldiario.net\/portal\/2023\/02\/16\/crucenos-no-permitiran-que-el-mas-consolide-un-golpe-en-su-gobernacion\/","og_site_name":"El Diario - Bolivia","article_publisher":"https:\/\/www.facebook.com\/eldiario.bolivia\/","article_published_time":"2023-02-16T10:18:11+00:00","author":"Jeanette","twitter_card":"summary_large_image","twitter_creator":"@eldiario_net","twitter_site":"@eldiario_net","twitter_misc":{"Escrito por":"Jeanette","Tiempo de lectura":"2 minutos"},"schema":{"@context":"https:\/\/schema.org","@graph":[{"@type":"Article","@id":"https:\/\/www.eldiario.net\/portal\/2023\/02\/16\/crucenos-no-permitiran-que-el-mas-consolide-un-golpe-en-su-gobernacion\/#article","isPartOf":{"@id":"https:\/\/www.eldiario.net\/portal\/2023\/02\/16\/crucenos-no-permitiran-que-el-mas-consolide-un-golpe-en-su-gobernacion\/"},"author":{"name":"Jeanette","@id":"https:\/\/www.eldiario.net\/portal\/#\/schema\/person\/f46445640444750d7d753ccd04ae01b7"},"headline":"Cruce\u00f1os no permitir\u00e1n que el MAS consolide un golpe en su gobernaci\u00f3n","datePublished":"2023-02-16T10:18:11+00:00","mainEntityOfPage":{"@id":"https:\/\/www.eldiario.net\/portal\/2023\/02\/16\/crucenos-no-permitiran-que-el-mas-consolide-un-golpe-en-su-gobernacion\/"},"wordCount":290,"publisher":{"@id":"https:\/\/www.eldiario.net\/portal\/#organization"},"image":{"@id":"https:\/\/www.eldiario.net\/portal\/2023\/02\/16\/crucenos-no-permitiran-que-el-mas-consolide-un-golpe-en-su-gobernacion\/#primaryimage"},"thumbnailUrl":"","articleSection":["Pol\u00edtica"],"inLanguage":"es"},{"@type":"WebPage","@id":"https:\/\/www.eldiario.net\/portal\/2023\/02\/16\/crucenos-no-permitiran-que-el-mas-consolide-un-golpe-en-su-gobernacion\/","url":"https:\/\/www.eldiario.net\/portal\/2023\/02\/16\/crucenos-no-permitiran-que-el-mas-consolide-un-golpe-en-su-gobernacion\/","name":"Cruce\u00f1os no permitir\u00e1n que el MAS consolide un golpe en su gobernaci\u00f3n - El Diario - Bolivia","isPartOf":{"@id":"https:\/\/www.eldiario.net\/portal\/#website"},"primaryImageOfPage":{"@id":"https:\/\/www.eldiario.net\/portal\/2023\/02\/16\/crucenos-no-permitiran-que-el-mas-consolide-un-golpe-en-su-gobernacion\/#primaryimage"},"image":{"@id":"https:\/\/www.eldiario.net\/portal\/2023\/02\/16\/crucenos-no-permitiran-que-el-mas-consolide-un-golpe-en-su-gobernacion\/#primaryimage"},"thumbnailUrl":"","datePublished":"2023-02-16T10:18:11+00:00","breadcrumb":{"@id":"https:\/\/www.eldiario.net\/portal\/2023\/02\/16\/crucenos-no-permitiran-que-el-mas-consolide-un-golpe-en-su-gobernacion\/#breadcrumb"},"inLanguage":"es","potentialAction":[{"@type":"ReadAction","target":["https:\/\/www.eldiario.net\/portal\/2023\/02\/16\/crucenos-no-permitiran-que-el-mas-consolide-un-golpe-en-su-gobernacion\/"]}]},{"@type":"ImageObject","inLanguage":"es","@id":"https:\/\/www.eldiario.net\/portal\/2023\/02\/16\/crucenos-no-permitiran-que-el-mas-consolide-un-golpe-en-su-gobernacion\/#primaryimage","url":"","contentUrl":""},{"@type":"BreadcrumbList","@id":"https:\/\/www.eldiario.net\/portal\/2023\/02\/16\/crucenos-no-permitiran-que-el-mas-consolide-un-golpe-en-su-gobernacion\/#breadcrumb","itemListElement":[{"@type":"ListItem","position":1,"name":"Portada","item":"https:\/\/www.eldiario.net\/portal\/"},{"@type":"ListItem","position":2,"name":"Cruce\u00f1os no permitir\u00e1n que el MAS consolide un golpe en su gobernaci\u00f3n"}]},{"@type":"WebSite","@id":"https:\/\/www.eldiario.net\/portal\/#website","url":"https:\/\/www.eldiario.net\/portal\/","name":"El Diario - Decano de la prensa nacional","description":"El Diario - Decano de la prensa nacional","publisher":{"@id":"https:\/\/www.eldiario.net\/portal\/#organization"},"potentialAction":[{"@type":"SearchAction","target":{"@type":"EntryPoint","urlTemplate":"https:\/\/www.eldiario.net\/portal\/?s={search_term_string}"},"query-input":{"@type":"PropertyValueSpecification","valueRequired":true,"valueName":"search_term_string"}}],"inLanguage":"es"},{"@type":"Organization","@id":"https:\/\/www.eldiario.net\/portal\/#organization","name":"El Diario - Decano de la prensa nacional","url":"https:\/\/www.eldiario.net\/portal\/","logo":{"@type":"ImageObject","inLanguage":"es","@id":"https:\/\/www.eldiario.net\/portal\/#\/schema\/logo\/image\/","url":"https:\/\/www.eldiario.net\/portal\/wp-content\/uploads\/2023\/07\/logo_ED.jpg","contentUrl":"https:\/\/www.eldiario.net\/portal\/wp-content\/uploads\/2023\/07\/logo_ED.jpg","width":272,"height":52,"caption":"El Diario - Decano de la prensa nacional"},"image":{"@id":"https:\/\/www.eldiario.net\/portal\/#\/schema\/logo\/image\/"},"sameAs":["https:\/\/www.facebook.com\/eldiario.bolivia\/","https:\/\/x.com\/eldiario_net"]},{"@type":"Person","@id":"https:\/\/www.eldiario.net\/portal\/#\/schema\/person\/f46445640444750d7d753ccd04ae01b7","name":"Jeanette","image":{"@type":"ImageObject","inLanguage":"es","@id":"https:\/\/secure.gravatar.com\/avatar\/3ea2118a5f7dad2b7138b1187a6b7ee55f160b9968b66013c3a3ef39dd7e5798?s=96&d=mm&r=g","url":"https:\/\/secure.gravatar.com\/avatar\/3ea2118a5f7dad2b7138b1187a6b7ee55f160b9968b66013c3a3ef39dd7e5798?s=96&d=mm&r=g","contentUrl":"https:\/\/secure.gravatar.com\/avatar\/3ea2118a5f7dad2b7138b1187a6b7ee55f160b9968b66013c3a3ef39dd7e5798?s=96&d=mm&r=g","caption":"Jeanette"},"sameAs":["https:\/\/www.eldiario.net\/portal"],"url":"https:\/\/www.eldiario.net\/portal\/author\/jeanette\/"}]}},"_links":{"self":[{"href":"https:\/\/www.eldiario.net\/portal\/wp-json\/wp\/v2\/posts\/138443","targetHints":{"allow":["GET"]}}],"collection":[{"href":"https:\/\/www.eldiario.net\/portal\/wp-json\/wp\/v2\/posts"}],"about":[{"href":"https:\/\/www.eldiario.net\/portal\/wp-json\/wp\/v2\/types\/post"}],"author":[{"embeddable":true,"href":"https:\/\/www.eldiario.net\/portal\/wp-json\/wp\/v2\/users\/1"}],"replies":[{"embeddable":true,"href":"https:\/\/www.eldiario.net\/portal\/wp-json\/wp\/v2\/comments?post=138443"}],"version-history":[{"count":0,"href":"https:\/\/www.eldiario.net\/portal\/wp-json\/wp\/v2\/posts\/138443\/revisions"}],"wp:attachment":[{"href":"https:\/\/www.eldiario.net\/portal\/wp-json\/wp\/v2\/media?parent=138443"}],"wp:term":[{"taxonomy":"category","embeddable":true,"href":"https:\/\/www.eldiario.net\/portal\/wp-json\/wp\/v2\/categories?post=138443"},{"taxonomy":"post_tag","embeddable":true,"href":"https:\/\/www.eldiario.net\/portal\/wp-json\/wp\/v2\/tags?post=138443"}],"curies":[{"name":"wp","href":"https:\/\/api.w.org\/{rel}","templated":true}]}}